{"id":1640,"date":"2018-09-01T06:11:29","date_gmt":"2018-09-01T04:11:29","guid":{"rendered":"https:\/\/fiaf.net\/regioni\/abruzzo\/?p=1640"},"modified":"2018-09-01T06:11:29","modified_gmt":"2018-09-01T04:11:29","slug":"xvii-concorso-fotografico-nazionale-la-genziana-fiaf-uif","status":"publish","type":"post","link":"https:\/\/fiaf.net\/abruzzo\/xvii-concorso-fotografico-nazionale-la-genziana-fiaf-uif\/","title":{"rendered":"XVII Concorso Fotografico Nazionale La Genziana FIAF \/ UIF"},"content":{"rendered":"<p style=\"text-align: center\"><img loading=\"lazy\" decoding=\"async\" class=\"aligncenter  wp-image-1641\" alt=\"17mo concorso fotografico nazionale La Genziana Bando Regolamento Iscrizione\" src=\"https:\/\/fiaf.net\/abruzzo\/wp-content\/uploads\/sites\/14\/2018\/09\/17mo-concorso-fotografico-nazionale-La-Genziana-Bando-Regolamento-Iscrizione-723x1024.png\" width=\"565\" height=\"800\" \/><\/p>\n<p><strong>XVII Concorso Fotografico Nazionale 2018<\/strong><\/p>\n<p>Gruppo Fotografico \u201cLa Genziana****\u201d<\/p>\n<p>Consegna opere entro il 30\/09\/2018<\/p>\n<p><em>Estratto dal Regolamento<\/em><\/p>\n<p>1) Il gruppo fotografico \u201cLa Genziana\u201d indice per l&#8217;anno 2018 il XVII concorso fotografico nazionale strutturato nel seguente modo: Tema libero colore e Tema B\/N; Tema obbligato \u201cNatura\u201d .<br \/>\n2) Le tre sezioni sono valide per la statistica UIF<\/p>\n<p>Per la statistica FIAF sono valide solo le sezioni dei Temi libero colore e Natura.<br \/>\nIl concorso fotografico \u00e8 aperto a tutti i fotoamatori residenti in Italia e all&#8217;estero, Citt\u00e0 di SanMarino e Citt\u00e0 del Vaticano iscritti o no alla UIF o alla FIAF sia per dilettanti che professionisti e ogni autore pu\u00f2 partecipare con un massimo di 4 opere per sezione, sia per il tema libero colore e B\/N che per il tema obbligato (Max 12).<br \/>\n* <a href=\"https:\/\/fiaf.net\/abruzzo\/wp-content\/uploads\/sites\/14\/2018\/09\/17mo-concorso-fotografico-nazionale-La-Genziana-Bando-Regolamento-Iscrizione.pdf\">Bando Regolamento Iscrizione<\/a> pdf<\/p>\n<p><strong>Calendario<\/strong><br \/>\n30 setttembre 2018 &#8211; scadenza invio opere<br \/>\n6 ottobre 2018 &#8211; Giurie<br \/>\n15 ottobre 2018 &#8211; Comunicazione risultati anche online sul sito www.lagenziana.net<br \/>\n20 ottobre 2018 Premiazione e mostra foto naturalistiche<br \/>\ncatalogo inviato entro gennaio 2019<\/p>\n<p><strong>Giuria tema libero<\/strong><br \/>\n* Azelio Magini AFIAP<br \/>\n* Michele Buonanni<br \/>\n* Paolo Stuppazzoni AFI<br \/>\n* Enrico Maddalena SemFIAF BFI<br \/>\n* Bruno Colalongo AFI ESFIAP SemFIAF<br \/>\n* riserva Antonio Buzzelli<\/p>\n<p><strong>Giuria Natura<\/strong><br \/>\n* Pierluigi Rizzato MFIAP EFIAP d\/2<br \/>\n* Alessio Cipollini AFI AFIAP<br \/>\n* Silvio Tavolaro<\/p>\n\n    <div class=\"xs_social_share_widget xs_share_url after_content \t\tmain_content  wslu-style-1 wslu-share-box-shaped wslu-fill-colored wslu-none wslu-share-horizontal wslu-theme-font-no wslu-main_content\">\n\n\t\t\n        <ul>\n\t\t\t        <\/ul>\n    <\/div> \n","protected":false},"excerpt":{"rendered":"<p>XVII Concorso Fotografico Nazionale 2018 Gruppo Fotografico \u201cLa Genziana****\u201d Consegna opere entro il 30\/09\/2018 Estratto dal Regolamento 1) Il gruppo &hellip;<\/p>\n","protected":false},"author":3,"featured_media":1641,"comment_status":"closed","ping_status":"closed","sticky":false,"template":"","format":"standard","meta":{"_acf_changed":false,"footnotes":""},"categories":[4],"tags":[29],"class_list":["post-1640","post","type-post","status-publish","format-standard","has-post-thumbnail","hentry","category-concorsi-fotografici","tag-patrocinio-fiaf"],"acf":[],"_links":{"self":[{"href":"https:\/\/fiaf.net\/abruzzo\/wp-json\/wp\/v2\/posts\/1640","targetHints":{"allow":["GET"]}}],"collection":[{"href":"https:\/\/fiaf.net\/abruzzo\/wp-json\/wp\/v2\/posts"}],"about":[{"href":"https:\/\/fiaf.net\/abruzzo\/wp-json\/wp\/v2\/types\/post"}],"author":[{"embeddable":true,"href":"https:\/\/fiaf.net\/abruzzo\/wp-json\/wp\/v2\/users\/3"}],"replies":[{"embeddable":true,"href":"https:\/\/fiaf.net\/abruzzo\/wp-json\/wp\/v2\/comments?post=1640"}],"version-history":[{"count":0,"href":"https:\/\/fiaf.net\/abruzzo\/wp-json\/wp\/v2\/posts\/1640\/revisions"}],"wp:featuredmedia":[{"embeddable":true,"href":"https:\/\/fiaf.net\/abruzzo\/wp-json\/wp\/v2\/media\/1641"}],"wp:attachment":[{"href":"https:\/\/fiaf.net\/abruzzo\/wp-json\/wp\/v2\/media?parent=1640"}],"wp:term":[{"taxonomy":"category","embeddable":true,"href":"https:\/\/fiaf.net\/abruzzo\/wp-json\/wp\/v2\/categories?post=1640"},{"taxonomy":"post_tag","embeddable":true,"href":"https:\/\/fiaf.net\/abruzzo\/wp-json\/wp\/v2\/tags?post=1640"}],"curies":[{"name":"wp","href":"https:\/\/api.w.org\/{rel}","templated":true}]}}