{"id":2401,"date":"2023-02-11T08:37:14","date_gmt":"2023-02-11T07:37:14","guid":{"rendered":"https:\/\/fiaf.net\/abruzzo\/?p=2401"},"modified":"2023-06-21T14:29:49","modified_gmt":"2023-06-21T12:29:49","slug":"inaugurazione-mostra-ambiente-clima-futuro-a-pennapiedimonte","status":"publish","type":"post","link":"https:\/\/fiaf.net\/abruzzo\/inaugurazione-mostra-ambiente-clima-futuro-a-pennapiedimonte\/","title":{"rendered":"Inaugurazione mostra Ambiente Clima Futuro a Pennapiedimonte"},"content":{"rendered":"<p><img loading=\"lazy\" decoding=\"async\" class=\"alignnone size-medium wp-image-2403\" src=\"https:\/\/fiaf.net\/abruzzo\/wp-content\/uploads\/sites\/14\/2023\/02\/locandina-mostra-ambiente-Clima-Futuro_page-0001-212x300.jpg\" alt=\"\" width=\"212\" height=\"300\" srcset=\"https:\/\/fiaf.net\/abruzzo\/wp-content\/uploads\/sites\/14\/2023\/02\/locandina-mostra-ambiente-Clima-Futuro_page-0001-212x300.jpg 212w, https:\/\/fiaf.net\/abruzzo\/wp-content\/uploads\/sites\/14\/2023\/02\/locandina-mostra-ambiente-Clima-Futuro_page-0001-724x1024.jpg 724w, https:\/\/fiaf.net\/abruzzo\/wp-content\/uploads\/sites\/14\/2023\/02\/locandina-mostra-ambiente-Clima-Futuro_page-0001-768x1086.jpg 768w, https:\/\/fiaf.net\/abruzzo\/wp-content\/uploads\/sites\/14\/2023\/02\/locandina-mostra-ambiente-Clima-Futuro_page-0001-1086x1536.jpg 1086w, https:\/\/fiaf.net\/abruzzo\/wp-content\/uploads\/sites\/14\/2023\/02\/locandina-mostra-ambiente-Clima-Futuro_page-0001.jpg 1241w\" sizes=\"auto, (max-width: 212px) 100vw, 212px\" \/><img loading=\"lazy\" decoding=\"async\" class=\"alignnone size-medium wp-image-2402\" src=\"https:\/\/fiaf.net\/abruzzo\/wp-content\/uploads\/sites\/14\/2023\/02\/confini-locandina_page-0001-212x300.jpg\" alt=\"\" width=\"212\" height=\"300\" srcset=\"https:\/\/fiaf.net\/abruzzo\/wp-content\/uploads\/sites\/14\/2023\/02\/confini-locandina_page-0001-212x300.jpg 212w, https:\/\/fiaf.net\/abruzzo\/wp-content\/uploads\/sites\/14\/2023\/02\/confini-locandina_page-0001-724x1024.jpg 724w, https:\/\/fiaf.net\/abruzzo\/wp-content\/uploads\/sites\/14\/2023\/02\/confini-locandina_page-0001-768x1086.jpg 768w, https:\/\/fiaf.net\/abruzzo\/wp-content\/uploads\/sites\/14\/2023\/02\/confini-locandina_page-0001-1086x1536.jpg 1086w, https:\/\/fiaf.net\/abruzzo\/wp-content\/uploads\/sites\/14\/2023\/02\/confini-locandina_page-0001.jpg 1241w\" sizes=\"auto, (max-width: 212px) 100vw, 212px\" \/> Domenica 12 febbraio a Pennapiedimonte, in provincia di Chieti, verr\u00e0 inaugurata la 9\u00b0 mostra itinerante di Ambiente Clima Futuro, partita da Pescara il 18 giugno 2022, in contemporanea con le 100 citt\u00e0 italiane che hanno aderito al progetto nazionale FIAF, per poi collocarsi in varie localit\u00e0 delle province abruzzesi e molisane. Nella stessa giornata verr\u00e0 presentato il Lab di Cult 149 Fiaf. Il secondo laboratorio abruzzese aperto per produrre lavori sul progetto &#8220;Confini&#8221;.<\/p>\n\n    <div class=\"xs_social_share_widget xs_share_url after_content \t\tmain_content  wslu-style-1 wslu-share-box-shaped wslu-fill-colored wslu-none wslu-share-horizontal wslu-theme-font-no wslu-main_content\">\n\n\t\t\n        <ul>\n\t\t\t        <\/ul>\n    <\/div> \n","protected":false},"excerpt":{"rendered":"<p>Domenica 12 febbraio a Pennapiedimonte, in provincia di Chieti, verr\u00e0 inaugurata la 9\u00b0 mostra itinerante di Ambiente Clima Futuro, partita &hellip;<\/p>\n","protected":false},"author":73,"featured_media":2403,"comment_status":"closed","ping_status":"closed","sticky":false,"template":"","format":"standard","meta":{"_acf_changed":false,"footnotes":""},"categories":[1],"tags":[],"class_list":["post-2401","post","type-post","status-publish","format-standard","has-post-thumbnail","hentry","category-senza-categoria"],"acf":[],"_links":{"self":[{"href":"https:\/\/fiaf.net\/abruzzo\/wp-json\/wp\/v2\/posts\/2401","targetHints":{"allow":["GET"]}}],"collection":[{"href":"https:\/\/fiaf.net\/abruzzo\/wp-json\/wp\/v2\/posts"}],"about":[{"href":"https:\/\/fiaf.net\/abruzzo\/wp-json\/wp\/v2\/types\/post"}],"author":[{"embeddable":true,"href":"https:\/\/fiaf.net\/abruzzo\/wp-json\/wp\/v2\/users\/73"}],"replies":[{"embeddable":true,"href":"https:\/\/fiaf.net\/abruzzo\/wp-json\/wp\/v2\/comments?post=2401"}],"version-history":[{"count":1,"href":"https:\/\/fiaf.net\/abruzzo\/wp-json\/wp\/v2\/posts\/2401\/revisions"}],"predecessor-version":[{"id":2404,"href":"https:\/\/fiaf.net\/abruzzo\/wp-json\/wp\/v2\/posts\/2401\/revisions\/2404"}],"wp:featuredmedia":[{"embeddable":true,"href":"https:\/\/fiaf.net\/abruzzo\/wp-json\/wp\/v2\/media\/2403"}],"wp:attachment":[{"href":"https:\/\/fiaf.net\/abruzzo\/wp-json\/wp\/v2\/media?parent=2401"}],"wp:term":[{"taxonomy":"category","embeddable":true,"href":"https:\/\/fiaf.net\/abruzzo\/wp-json\/wp\/v2\/categories?post=2401"},{"taxonomy":"post_tag","embeddable":true,"href":"https:\/\/fiaf.net\/abruzzo\/wp-json\/wp\/v2\/tags?post=2401"}],"curies":[{"name":"wp","href":"https:\/\/api.w.org\/{rel}","templated":true}]}}