{"id":2799,"date":"2025-04-13T10:10:05","date_gmt":"2025-04-13T08:10:05","guid":{"rendered":"https:\/\/fiaf.net\/abruzzo\/?p=2799"},"modified":"2025-11-23T21:56:11","modified_gmt":"2025-11-23T20:56:11","slug":"inaugurazione-centro-espositivo-fiap-a-sulmona-aq","status":"publish","type":"post","link":"https:\/\/fiaf.net\/abruzzo\/inaugurazione-centro-espositivo-fiap-a-sulmona-aq\/","title":{"rendered":"Inaugurazione Centro espositivo FIAP a Sulmona (AQ)"},"content":{"rendered":"<p><img loading=\"lazy\" decoding=\"async\" class=\"alignnone size-medium wp-image-2800\" src=\"https:\/\/fiaf.net\/abruzzo\/wp-content\/uploads\/sites\/14\/2025\/04\/mostra-La-Settimana-Santa-212x300.jpg\" alt=\"\" width=\"212\" height=\"300\" srcset=\"https:\/\/fiaf.net\/abruzzo\/wp-content\/uploads\/sites\/14\/2025\/04\/mostra-La-Settimana-Santa-212x300.jpg 212w, https:\/\/fiaf.net\/abruzzo\/wp-content\/uploads\/sites\/14\/2025\/04\/mostra-La-Settimana-Santa-724x1024.jpg 724w, https:\/\/fiaf.net\/abruzzo\/wp-content\/uploads\/sites\/14\/2025\/04\/mostra-La-Settimana-Santa-768x1086.jpg 768w, https:\/\/fiaf.net\/abruzzo\/wp-content\/uploads\/sites\/14\/2025\/04\/mostra-La-Settimana-Santa-1086x1536.jpg 1086w, https:\/\/fiaf.net\/abruzzo\/wp-content\/uploads\/sites\/14\/2025\/04\/mostra-La-Settimana-Santa.jpg 1131w\" sizes=\"auto, (max-width: 212px) 100vw, 212px\" \/> <b>Venerd\u00ec 18 aprile 2025 alle ore 10,30<\/b> presso i locali della Casa delle Culture in piazza della SS. Annunziata 13 avverr\u00e0 l\u2019inaugurazione della sede in Sulmona (AQ) del <b>Centro Espositivo Internazionale \u2013 FIAP. <\/b>Il Presidente FIAP, Riccardo Busi, insieme allo staff dirigenziale sar\u00e0 presente all&#8217;inaugurazione e durante le festivit\u00e0 pasquali dove ci saranno tante occasioni per fotografare. Il Centro si chiamer\u00e0 &#8220;Abruzzo&#8221; e sar\u00e0 a disposizione di fotografi FIAP e FIAF. Con l&#8217;occasione ci sar\u00e0 la possibilit\u00e0 di vistare un&#8217;esposizione di fotografie della Settimana Santa di Sulmona, caratterizzata da eventi importanti della Processione del Venerd\u00ec Santo e della Madonna che scappa la domenica Pasqua.<\/p>\n\n    <div class=\"xs_social_share_widget xs_share_url after_content \t\tmain_content  wslu-style-1 wslu-share-box-shaped wslu-fill-colored wslu-none wslu-share-horizontal wslu-theme-font-no wslu-main_content\">\n\n\t\t\n        <ul>\n\t\t\t        <\/ul>\n    <\/div> \n","protected":false},"excerpt":{"rendered":"<p>Venerd\u00ec 18 aprile 2025 alle ore 10,30 presso i locali della Casa delle Culture in piazza della SS. Annunziata 13 &hellip;<\/p>\n","protected":false},"author":73,"featured_media":2800,"comment_status":"closed","ping_status":"closed","sticky":false,"template":"","format":"standard","meta":{"_acf_changed":false,"footnotes":""},"categories":[1],"tags":[],"class_list":["post-2799","post","type-post","status-publish","format-standard","has-post-thumbnail","hentry","category-senza-categoria"],"acf":[],"_links":{"self":[{"href":"https:\/\/fiaf.net\/abruzzo\/wp-json\/wp\/v2\/posts\/2799","targetHints":{"allow":["GET"]}}],"collection":[{"href":"https:\/\/fiaf.net\/abruzzo\/wp-json\/wp\/v2\/posts"}],"about":[{"href":"https:\/\/fiaf.net\/abruzzo\/wp-json\/wp\/v2\/types\/post"}],"author":[{"embeddable":true,"href":"https:\/\/fiaf.net\/abruzzo\/wp-json\/wp\/v2\/users\/73"}],"replies":[{"embeddable":true,"href":"https:\/\/fiaf.net\/abruzzo\/wp-json\/wp\/v2\/comments?post=2799"}],"version-history":[{"count":2,"href":"https:\/\/fiaf.net\/abruzzo\/wp-json\/wp\/v2\/posts\/2799\/revisions"}],"predecessor-version":[{"id":2802,"href":"https:\/\/fiaf.net\/abruzzo\/wp-json\/wp\/v2\/posts\/2799\/revisions\/2802"}],"wp:featuredmedia":[{"embeddable":true,"href":"https:\/\/fiaf.net\/abruzzo\/wp-json\/wp\/v2\/media\/2800"}],"wp:attachment":[{"href":"https:\/\/fiaf.net\/abruzzo\/wp-json\/wp\/v2\/media?parent=2799"}],"wp:term":[{"taxonomy":"category","embeddable":true,"href":"https:\/\/fiaf.net\/abruzzo\/wp-json\/wp\/v2\/categories?post=2799"},{"taxonomy":"post_tag","embeddable":true,"href":"https:\/\/fiaf.net\/abruzzo\/wp-json\/wp\/v2\/tags?post=2799"}],"curies":[{"name":"wp","href":"https:\/\/api.w.org\/{rel}","templated":true}]}}