{"id":10015,"date":"2015-07-16T21:00:31","date_gmt":"2015-07-16T19:00:31","guid":{"rendered":"https:\/\/fiaf.net\/agoradicult\/?p=10015"},"modified":"2015-07-16T21:00:31","modified_gmt":"2015-07-16T19:00:31","slug":"eyes-365-photoclub-eyes-bfi-a-cura-di-luca-monelli","status":"publish","type":"post","link":"https:\/\/fiaf.net\/agoradicult\/2015\/07\/16\/eyes-365-photoclub-eyes-bfi-a-cura-di-luca-monelli\/","title":{"rendered":"EYES-365 &#8211; PhotoClub EYES BFI, a cura di Luca Monelli"},"content":{"rendered":"<p style=\"text-align: center\"><strong>EYES-365 \u2013 PhotoClub EYES BFI, a cura di Luca Monelli<\/strong><\/p>\n<p style=\"text-align: justify\">Cronache di Agor\u00e0 Di Cult : EYES-365 \u2013 progetto fotografico del PhotoClub EYES BFI a cura di Luca Monelli<\/p>\n<p style=\"text-align: justify\">Il 15 novembre del 2014 abbiamo pubblicato un post dove presentavamo questo progetto del PhotoClub EYES BFI che allora era iniziato da 3 mesi.<\/p>\n<p style=\"text-align: justify\">Oggi siamo ormai a un mese dai fatidici 365 giorni di concorso giornaliero su WHATSAPP, e vediamo come sta funzionando questa straordinaria maratona:<\/p>\n<p style=\"text-align: justify\"><em>Ciao Silvano, effettivamente siamo quasi a &#8220;dama&#8221;, manca un mese!!!\u00a0<\/em><\/p>\n<p style=\"text-align: justify\"><em>Siamo davvero felici di essere riusciti a compiere quanto prefissato, un concorso al giorno per un anno intero.<\/em><\/p>\n<p style=\"text-align: justify\"><em>Devo confessare che ci sono stati anche temi la cui\u00a0partecipazione \u00e8 stata pi\u00f9 scarsa rispetto alla media giornaliera. Forse non capiti oppure la giornata non era quella giusta per quel tema.\u00a0<\/em><\/p>\n<p style=\"text-align: justify\"><em>Ultimamente la cosa pi\u00f9 difficile \u00e8 quella di trovare un tema che non sia stato precedentemente trattato.<\/em><\/p>\n<p style=\"text-align: justify\"><em>Sono stati 60 i diversi vincitori, chi ne ha vinto uno solo e chi \u00e9 arrivato a 22 vittorie e che quindi avr\u00e0 22 foto esposte nella grande mostra di 365 fotografie.\u00a0<\/em><\/p>\n<p style=\"text-align: justify\"><em>Abbiamo anche gi\u00e0 deciso di realizzare una pubblicazione della collana della FIAF, non con tutte le foto vincenti ma con una selezione anche fra le altre\u00a0foto pi\u00f9 meritevoli.<\/em><\/p>\n<p style=\"text-align: justify\"><em>Se pensiamo che tutte le foto dovevano essere &#8220;fresche di giornata&#8221; e che dovevano essere realizzate con un&#8221;telefonino&#8221; la quantit\u00e0 e soprattutto le idee fotografiche che si sono viste sono state davvero spettacolari. Sicuramente il fatto di dover fotografare con un cellulare \u00e8 stato limitativo dal lato qualitativo ma sicuramente vincente per la\u00a0partecipazione dei soci. Francamente chi ha il tempo e la voglia di &#8220;tirarsi dietro&#8221; tutti i giorni la reflex.<\/em><\/p>\n<p style=\"text-align: justify\"><em>La cosa spettacolare di questo contest \u00e8 stata innanzitutto la sana competizione che si \u00e8 creata e, allo stesso modo, il rafforzamento dell&#8217;amicizia e dell&#8217;affiatamento fra tutti i partecipanti. Tanti i commenti alle varie immagini e sempre i complimenti ai vincitori da parte di tutti con un vero spirito di amicizia.<\/em><\/p>\n<p style=\"text-align: justify\"><em>\u00a0Finito questo nostro concorso ci sar\u00e0 una piccola pausa e poi ripartiremo con un altro concorso. La formula sar\u00e0 leggermente diversa. Il tema sar\u00e0 settimanale con la possibilit\u00e0 di scattare anche con altri mezzi ma con la regola tassativa rimane quella di fare foto &#8220;fresche&#8221;.<\/em><\/p>\n<p style=\"text-align: justify\"><em>\u00a0Buona luce.<\/em><\/p>\n<p style=\"text-align: justify\"><em>Luca Monelli<\/em><\/p>\n<div id='gallery-1' class='gallery galleryid-10015 gallery-columns-3 gallery-size-thumbnail'><figure class='gallery-item'>\n\t\t\t<div class='gallery-icon portrait'>\n\t\t\t\t<a href='https:\/\/fiaf.net\/agoradicult\/wp-content\/uploads\/sites\/23\/2015\/07\/2014-08-14-_LARTE-DEL-CIBO_-MICHELE-DE-BIASE.jpg'><img loading=\"lazy\" decoding=\"async\" width=\"150\" height=\"150\" src=\"https:\/\/fiaf.net\/agoradicult\/wp-content\/uploads\/sites\/23\/2015\/07\/2014-08-14-_LARTE-DEL-CIBO_-MICHELE-DE-BIASE-150x150.jpg\" class=\"attachment-thumbnail size-thumbnail\" alt=\"\" \/><\/a>\n\t\t\t<\/div><\/figure><figure class='gallery-item'>\n\t\t\t<div class='gallery-icon landscape'>\n\t\t\t\t<a href='https:\/\/fiaf.net\/agoradicult\/wp-content\/uploads\/sites\/23\/2015\/07\/2014-08-15-_IL-COLORE_-VALENTINA-LUPPI.jpg'><img loading=\"lazy\" decoding=\"async\" width=\"150\" height=\"150\" src=\"https:\/\/fiaf.net\/agoradicult\/wp-content\/uploads\/sites\/23\/2015\/07\/2014-08-15-_IL-COLORE_-VALENTINA-LUPPI-150x150.jpg\" class=\"attachment-thumbnail size-thumbnail\" alt=\"\" \/><\/a>\n\t\t\t<\/div><\/figure><figure class='gallery-item'>\n\t\t\t<div class='gallery-icon landscape'>\n\t\t\t\t<a href='https:\/\/fiaf.net\/agoradicult\/wp-content\/uploads\/sites\/23\/2015\/07\/2014-08-16-_LA-LUCE_-LUCA-MONELLI.jpg'><img loading=\"lazy\" decoding=\"async\" width=\"150\" height=\"150\" src=\"https:\/\/fiaf.net\/agoradicult\/wp-content\/uploads\/sites\/23\/2015\/07\/2014-08-16-_LA-LUCE_-LUCA-MONELLI-150x150.jpg\" class=\"attachment-thumbnail size-thumbnail\" alt=\"\" \/><\/a>\n\t\t\t<\/div><\/figure><figure class='gallery-item'>\n\t\t\t<div class='gallery-icon landscape'>\n\t\t\t\t<a href='https:\/\/fiaf.net\/agoradicult\/wp-content\/uploads\/sites\/23\/2015\/07\/2014-08-17-_COGLI-LATTIMO_-ANDREA-SCACCHETTI.jpg'><img loading=\"lazy\" decoding=\"async\" width=\"150\" height=\"150\" src=\"https:\/\/fiaf.net\/agoradicult\/wp-content\/uploads\/sites\/23\/2015\/07\/2014-08-17-_COGLI-LATTIMO_-ANDREA-SCACCHETTI-150x150.jpg\" class=\"attachment-thumbnail size-thumbnail\" alt=\"\" \/><\/a>\n\t\t\t<\/div><\/figure><figure class='gallery-item'>\n\t\t\t<div class='gallery-icon portrait'>\n\t\t\t\t<a href='https:\/\/fiaf.net\/agoradicult\/wp-content\/uploads\/sites\/23\/2015\/07\/2014-08-19-_PET_-FABIO-BERTOLI.jpg'><img loading=\"lazy\" decoding=\"async\" width=\"150\" height=\"150\" src=\"https:\/\/fiaf.net\/agoradicult\/wp-content\/uploads\/sites\/23\/2015\/07\/2014-08-19-_PET_-FABIO-BERTOLI-150x150.jpg\" class=\"attachment-thumbnail size-thumbnail\" alt=\"\" \/><\/a>\n\t\t\t<\/div><\/figure><figure class='gallery-item'>\n\t\t\t<div class='gallery-icon portrait'>\n\t\t\t\t<a href='https:\/\/fiaf.net\/agoradicult\/wp-content\/uploads\/sites\/23\/2015\/07\/2014-08-20-_DETTAGLI-DEL-CORPO_-GIULIANO-REGGIANI.jpg'><img loading=\"lazy\" decoding=\"async\" width=\"150\" height=\"150\" src=\"https:\/\/fiaf.net\/agoradicult\/wp-content\/uploads\/sites\/23\/2015\/07\/2014-08-20-_DETTAGLI-DEL-CORPO_-GIULIANO-REGGIANI-150x150.jpg\" class=\"attachment-thumbnail size-thumbnail\" alt=\"\" \/><\/a>\n\t\t\t<\/div><\/figure><figure class='gallery-item'>\n\t\t\t<div class='gallery-icon landscape'>\n\t\t\t\t<a href='https:\/\/fiaf.net\/agoradicult\/wp-content\/uploads\/sites\/23\/2015\/07\/2014-08-21-_STREET-PHOTOGRAPY_-FIORENZO-AMADELLI.jpg'><img loading=\"lazy\" decoding=\"async\" width=\"150\" height=\"150\" src=\"https:\/\/fiaf.net\/agoradicult\/wp-content\/uploads\/sites\/23\/2015\/07\/2014-08-21-_STREET-PHOTOGRAPY_-FIORENZO-AMADELLI-150x150.jpg\" class=\"attachment-thumbnail size-thumbnail\" alt=\"\" \/><\/a>\n\t\t\t<\/div><\/figure><figure class='gallery-item'>\n\t\t\t<div class='gallery-icon landscape'>\n\t\t\t\t<a href='https:\/\/fiaf.net\/agoradicult\/wp-content\/uploads\/sites\/23\/2015\/07\/2014-08-22-_PIANETA-DONNA_-VALENTINA-LUPPI.jpg'><img loading=\"lazy\" decoding=\"async\" width=\"150\" height=\"150\" src=\"https:\/\/fiaf.net\/agoradicult\/wp-content\/uploads\/sites\/23\/2015\/07\/2014-08-22-_PIANETA-DONNA_-VALENTINA-LUPPI-150x150.jpg\" class=\"attachment-thumbnail size-thumbnail\" alt=\"\" srcset=\"https:\/\/fiaf.net\/agoradicult\/wp-content\/uploads\/sites\/23\/2015\/07\/2014-08-22-_PIANETA-DONNA_-VALENTINA-LUPPI-150x150.jpg 150w, https:\/\/fiaf.net\/agoradicult\/wp-content\/uploads\/sites\/23\/2015\/07\/2014-08-22-_PIANETA-DONNA_-VALENTINA-LUPPI-300x300.jpg 300w, https:\/\/fiaf.net\/agoradicult\/wp-content\/uploads\/sites\/23\/2015\/07\/2014-08-22-_PIANETA-DONNA_-VALENTINA-LUPPI.jpg 580w\" sizes=\"auto, (max-width: 150px) 100vw, 150px\" \/><\/a>\n\t\t\t<\/div><\/figure><figure class='gallery-item'>\n\t\t\t<div class='gallery-icon portrait'>\n\t\t\t\t<a href='https:\/\/fiaf.net\/agoradicult\/wp-content\/uploads\/sites\/23\/2015\/07\/2014-08-29-_GIOCARE-CON-LE-OMBRE_-ERICA-FERIOLI.jpg'><img loading=\"lazy\" decoding=\"async\" width=\"150\" height=\"150\" src=\"https:\/\/fiaf.net\/agoradicult\/wp-content\/uploads\/sites\/23\/2015\/07\/2014-08-29-_GIOCARE-CON-LE-OMBRE_-ERICA-FERIOLI-150x150.jpg\" class=\"attachment-thumbnail size-thumbnail\" alt=\"\" \/><\/a>\n\t\t\t<\/div><\/figure><figure class='gallery-item'>\n\t\t\t<div class='gallery-icon portrait'>\n\t\t\t\t<a href='https:\/\/fiaf.net\/agoradicult\/wp-content\/uploads\/sites\/23\/2015\/07\/2014-08-30-_IL-MOVIMENTO_-FIORENZO-AMADELLI.jpg'><img loading=\"lazy\" decoding=\"async\" width=\"150\" height=\"150\" src=\"https:\/\/fiaf.net\/agoradicult\/wp-content\/uploads\/sites\/23\/2015\/07\/2014-08-30-_IL-MOVIMENTO_-FIORENZO-AMADELLI-150x150.jpg\" class=\"attachment-thumbnail size-thumbnail\" alt=\"\" \/><\/a>\n\t\t\t<\/div><\/figure><figure class='gallery-item'>\n\t\t\t<div class='gallery-icon landscape'>\n\t\t\t\t<a href='https:\/\/fiaf.net\/agoradicult\/wp-content\/uploads\/sites\/23\/2015\/07\/2014-09-30-_ATMOSFERE-PADANE_-GIORGIO-BOCCHI.jpg'><img loading=\"lazy\" decoding=\"async\" width=\"150\" height=\"150\" src=\"https:\/\/fiaf.net\/agoradicult\/wp-content\/uploads\/sites\/23\/2015\/07\/2014-09-30-_ATMOSFERE-PADANE_-GIORGIO-BOCCHI-150x150.jpg\" class=\"attachment-thumbnail size-thumbnail\" alt=\"\" \/><\/a>\n\t\t\t<\/div><\/figure><figure class='gallery-item'>\n\t\t\t<div class='gallery-icon landscape'>\n\t\t\t\t<a href='https:\/\/fiaf.net\/agoradicult\/wp-content\/uploads\/sites\/23\/2015\/07\/2014-10-04-_INCONTRI_-ELENA-MARTINI.jpg'><img loading=\"lazy\" decoding=\"async\" width=\"150\" height=\"150\" src=\"https:\/\/fiaf.net\/agoradicult\/wp-content\/uploads\/sites\/23\/2015\/07\/2014-10-04-_INCONTRI_-ELENA-MARTINI-150x150.jpg\" class=\"attachment-thumbnail size-thumbnail\" alt=\"\" \/><\/a>\n\t\t\t<\/div><\/figure><figure class='gallery-item'>\n\t\t\t<div class='gallery-icon landscape'>\n\t\t\t\t<a href='https:\/\/fiaf.net\/agoradicult\/wp-content\/uploads\/sites\/23\/2015\/07\/2014-10-06-_QUALSIASI-COSA-IN-QUALSIASI-POSTO_-LUCA-MONELLI.jpg'><img loading=\"lazy\" decoding=\"async\" width=\"150\" height=\"150\" src=\"https:\/\/fiaf.net\/agoradicult\/wp-content\/uploads\/sites\/23\/2015\/07\/2014-10-06-_QUALSIASI-COSA-IN-QUALSIASI-POSTO_-LUCA-MONELLI-150x150.jpg\" class=\"attachment-thumbnail size-thumbnail\" alt=\"\" srcset=\"https:\/\/fiaf.net\/agoradicult\/wp-content\/uploads\/sites\/23\/2015\/07\/2014-10-06-_QUALSIASI-COSA-IN-QUALSIASI-POSTO_-LUCA-MONELLI-150x150.jpg 150w, https:\/\/fiaf.net\/agoradicult\/wp-content\/uploads\/sites\/23\/2015\/07\/2014-10-06-_QUALSIASI-COSA-IN-QUALSIASI-POSTO_-LUCA-MONELLI-300x300.jpg 300w, https:\/\/fiaf.net\/agoradicult\/wp-content\/uploads\/sites\/23\/2015\/07\/2014-10-06-_QUALSIASI-COSA-IN-QUALSIASI-POSTO_-LUCA-MONELLI.jpg 580w\" sizes=\"auto, (max-width: 150px) 100vw, 150px\" \/><\/a>\n\t\t\t<\/div><\/figure><figure class='gallery-item'>\n\t\t\t<div class='gallery-icon landscape'>\n\t\t\t\t<a href='https:\/\/fiaf.net\/agoradicult\/wp-content\/uploads\/sites\/23\/2015\/07\/2014-10-08-_SCALE_-PASQUALE-SISTENTI.jpg'><img loading=\"lazy\" decoding=\"async\" width=\"150\" height=\"150\" src=\"https:\/\/fiaf.net\/agoradicult\/wp-content\/uploads\/sites\/23\/2015\/07\/2014-10-08-_SCALE_-PASQUALE-SISTENTI-150x150.jpg\" class=\"attachment-thumbnail size-thumbnail\" alt=\"\" \/><\/a>\n\t\t\t<\/div><\/figure><figure class='gallery-item'>\n\t\t\t<div class='gallery-icon portrait'>\n\t\t\t\t<a href='https:\/\/fiaf.net\/agoradicult\/wp-content\/uploads\/sites\/23\/2015\/07\/2014-10-10-_IN-MY-HAND_-GIULIANO-REGGIANI.jpg'><img loading=\"lazy\" decoding=\"async\" width=\"150\" height=\"150\" src=\"https:\/\/fiaf.net\/agoradicult\/wp-content\/uploads\/sites\/23\/2015\/07\/2014-10-10-_IN-MY-HAND_-GIULIANO-REGGIANI-150x150.jpg\" class=\"attachment-thumbnail size-thumbnail\" alt=\"\" \/><\/a>\n\t\t\t<\/div><\/figure><figure class='gallery-item'>\n\t\t\t<div class='gallery-icon landscape'>\n\t\t\t\t<a href='https:\/\/fiaf.net\/agoradicult\/wp-content\/uploads\/sites\/23\/2015\/07\/2014-10-12-_FUORI-E-DENTRO-LE-MIE-SCARPE_-ALESSIO-GOVONI.jpg'><img loading=\"lazy\" decoding=\"async\" width=\"150\" height=\"150\" src=\"https:\/\/fiaf.net\/agoradicult\/wp-content\/uploads\/sites\/23\/2015\/07\/2014-10-12-_FUORI-E-DENTRO-LE-MIE-SCARPE_-ALESSIO-GOVONI-150x150.jpg\" class=\"attachment-thumbnail size-thumbnail\" alt=\"\" \/><\/a>\n\t\t\t<\/div><\/figure><figure class='gallery-item'>\n\t\t\t<div class='gallery-icon landscape'>\n\t\t\t\t<a href='https:\/\/fiaf.net\/agoradicult\/wp-content\/uploads\/sites\/23\/2015\/07\/2014-10-21-_LEGGEREZZA_-DANIELE-BARBIERI.jpg'><img loading=\"lazy\" decoding=\"async\" width=\"150\" height=\"150\" src=\"https:\/\/fiaf.net\/agoradicult\/wp-content\/uploads\/sites\/23\/2015\/07\/2014-10-21-_LEGGEREZZA_-DANIELE-BARBIERI-150x150.jpg\" class=\"attachment-thumbnail size-thumbnail\" alt=\"\" \/><\/a>\n\t\t\t<\/div><\/figure><figure class='gallery-item'>\n\t\t\t<div class='gallery-icon portrait'>\n\t\t\t\t<a href='https:\/\/fiaf.net\/agoradicult\/wp-content\/uploads\/sites\/23\/2015\/07\/2014-10-26-_MODA_-DANIELA-CALANCA.jpg'><img loading=\"lazy\" decoding=\"async\" width=\"150\" height=\"150\" src=\"https:\/\/fiaf.net\/agoradicult\/wp-content\/uploads\/sites\/23\/2015\/07\/2014-10-26-_MODA_-DANIELA-CALANCA-150x150.jpg\" class=\"attachment-thumbnail size-thumbnail\" alt=\"\" \/><\/a>\n\t\t\t<\/div><\/figure><figure class='gallery-item'>\n\t\t\t<div class='gallery-icon landscape'>\n\t\t\t\t<a href='https:\/\/fiaf.net\/agoradicult\/wp-content\/uploads\/sites\/23\/2015\/07\/2014-11-28-_CONTRO-LA-VIOLENZA-SULLE-DONNE_-GIULIA-PASSERINI.jpg'><img loading=\"lazy\" decoding=\"async\" width=\"150\" height=\"150\" src=\"https:\/\/fiaf.net\/agoradicult\/wp-content\/uploads\/sites\/23\/2015\/07\/2014-11-28-_CONTRO-LA-VIOLENZA-SULLE-DONNE_-GIULIA-PASSERINI-150x150.jpg\" class=\"attachment-thumbnail size-thumbnail\" alt=\"\" srcset=\"https:\/\/fiaf.net\/agoradicult\/wp-content\/uploads\/sites\/23\/2015\/07\/2014-11-28-_CONTRO-LA-VIOLENZA-SULLE-DONNE_-GIULIA-PASSERINI-150x150.jpg 150w, https:\/\/fiaf.net\/agoradicult\/wp-content\/uploads\/sites\/23\/2015\/07\/2014-11-28-_CONTRO-LA-VIOLENZA-SULLE-DONNE_-GIULIA-PASSERINI-300x300.jpg 300w, https:\/\/fiaf.net\/agoradicult\/wp-content\/uploads\/sites\/23\/2015\/07\/2014-11-28-_CONTRO-LA-VIOLENZA-SULLE-DONNE_-GIULIA-PASSERINI.jpg 326w\" sizes=\"auto, (max-width: 150px) 100vw, 150px\" \/><\/a>\n\t\t\t<\/div><\/figure><figure class='gallery-item'>\n\t\t\t<div class='gallery-icon portrait'>\n\t\t\t\t<a href='https:\/\/fiaf.net\/agoradicult\/wp-content\/uploads\/sites\/23\/2015\/07\/2015-03-06-_LUCI-DELLA-CITTA\u00a6C_-ENZO-BELLONI.jpg'><img loading=\"lazy\" decoding=\"async\" width=\"150\" height=\"150\" src=\"https:\/\/fiaf.net\/agoradicult\/wp-content\/uploads\/sites\/23\/2015\/07\/2015-03-06-_LUCI-DELLA-CITTA\u00a6C_-ENZO-BELLONI-150x150.jpg\" class=\"attachment-thumbnail size-thumbnail\" alt=\"\" \/><\/a>\n\t\t\t<\/div><\/figure><figure class='gallery-item'>\n\t\t\t<div class='gallery-icon landscape'>\n\t\t\t\t<a href='https:\/\/fiaf.net\/agoradicult\/wp-content\/uploads\/sites\/23\/2015\/07\/2015-03-23-_COMUNICAZIONE_-PAOLO-FERRARI.jpg'><img loading=\"lazy\" decoding=\"async\" width=\"150\" height=\"150\" src=\"https:\/\/fiaf.net\/agoradicult\/wp-content\/uploads\/sites\/23\/2015\/07\/2015-03-23-_COMUNICAZIONE_-PAOLO-FERRARI-150x150.jpg\" class=\"attachment-thumbnail size-thumbnail\" alt=\"\" \/><\/a>\n\t\t\t<\/div><\/figure><figure class='gallery-item'>\n\t\t\t<div class='gallery-icon landscape'>\n\t\t\t\t<a href='https:\/\/fiaf.net\/agoradicult\/wp-content\/uploads\/sites\/23\/2015\/07\/2015-04-02-_AUTOMOBILI_-MARCO-LODI.jpg'><img loading=\"lazy\" decoding=\"async\" width=\"150\" height=\"150\" src=\"https:\/\/fiaf.net\/agoradicult\/wp-content\/uploads\/sites\/23\/2015\/07\/2015-04-02-_AUTOMOBILI_-MARCO-LODI-150x150.jpg\" class=\"attachment-thumbnail size-thumbnail\" alt=\"\" \/><\/a>\n\t\t\t<\/div><\/figure><figure class='gallery-item'>\n\t\t\t<div class='gallery-icon landscape'>\n\t\t\t\t<a href='https:\/\/fiaf.net\/agoradicult\/wp-content\/uploads\/sites\/23\/2015\/07\/2015-04-06-_ERRORI_-ALESSANDRO-BOVO.jpg'><img loading=\"lazy\" decoding=\"async\" width=\"150\" height=\"150\" src=\"https:\/\/fiaf.net\/agoradicult\/wp-content\/uploads\/sites\/23\/2015\/07\/2015-04-06-_ERRORI_-ALESSANDRO-BOVO-150x150.jpg\" class=\"attachment-thumbnail size-thumbnail\" alt=\"\" \/><\/a>\n\t\t\t<\/div><\/figure><figure class='gallery-item'>\n\t\t\t<div class='gallery-icon landscape'>\n\t\t\t\t<a href='https:\/\/fiaf.net\/agoradicult\/wp-content\/uploads\/sites\/23\/2015\/07\/2015-04-12-_FACCE-DA-PHOTOCLUB_-PAOLO-FERRARI.jpg'><img loading=\"lazy\" decoding=\"async\" width=\"150\" height=\"150\" src=\"https:\/\/fiaf.net\/agoradicult\/wp-content\/uploads\/sites\/23\/2015\/07\/2015-04-12-_FACCE-DA-PHOTOCLUB_-PAOLO-FERRARI-150x150.jpg\" class=\"attachment-thumbnail size-thumbnail\" alt=\"\" srcset=\"https:\/\/fiaf.net\/agoradicult\/wp-content\/uploads\/sites\/23\/2015\/07\/2015-04-12-_FACCE-DA-PHOTOCLUB_-PAOLO-FERRARI-150x150.jpg 150w, https:\/\/fiaf.net\/agoradicult\/wp-content\/uploads\/sites\/23\/2015\/07\/2015-04-12-_FACCE-DA-PHOTOCLUB_-PAOLO-FERRARI-300x300.jpg 300w, https:\/\/fiaf.net\/agoradicult\/wp-content\/uploads\/sites\/23\/2015\/07\/2015-04-12-_FACCE-DA-PHOTOCLUB_-PAOLO-FERRARI.jpg 580w\" sizes=\"auto, (max-width: 150px) 100vw, 150px\" \/><\/a>\n\t\t\t<\/div><\/figure><figure class='gallery-item'>\n\t\t\t<div class='gallery-icon portrait'>\n\t\t\t\t<a href='https:\/\/fiaf.net\/agoradicult\/wp-content\/uploads\/sites\/23\/2015\/07\/2015-05-15-_VASCO-ROSSI-E-LE-SUE-CANZONI_-CLAUDIA-TAFFURELLI.jpg'><img loading=\"lazy\" decoding=\"async\" width=\"150\" height=\"150\" src=\"https:\/\/fiaf.net\/agoradicult\/wp-content\/uploads\/sites\/23\/2015\/07\/2015-05-15-_VASCO-ROSSI-E-LE-SUE-CANZONI_-CLAUDIA-TAFFURELLI-150x150.jpg\" class=\"attachment-thumbnail size-thumbnail\" alt=\"\" \/><\/a>\n\t\t\t<\/div><\/figure><figure class='gallery-item'>\n\t\t\t<div class='gallery-icon portrait'>\n\t\t\t\t<a href='https:\/\/fiaf.net\/agoradicult\/wp-content\/uploads\/sites\/23\/2015\/07\/2015-05-18-_COLLEGHI_-GIULIANO-REGGIANI.jpg'><img loading=\"lazy\" decoding=\"async\" width=\"150\" height=\"150\" src=\"https:\/\/fiaf.net\/agoradicult\/wp-content\/uploads\/sites\/23\/2015\/07\/2015-05-18-_COLLEGHI_-GIULIANO-REGGIANI-150x150.jpg\" class=\"attachment-thumbnail size-thumbnail\" alt=\"\" \/><\/a>\n\t\t\t<\/div><\/figure><figure class='gallery-item'>\n\t\t\t<div class='gallery-icon landscape'>\n\t\t\t\t<a href='https:\/\/fiaf.net\/agoradicult\/wp-content\/uploads\/sites\/23\/2015\/07\/2015-05-31-_B-COME-..._-FILIPPO-GALLERANI.jpg'><img loading=\"lazy\" decoding=\"async\" width=\"150\" height=\"150\" src=\"https:\/\/fiaf.net\/agoradicult\/wp-content\/uploads\/sites\/23\/2015\/07\/2015-05-31-_B-COME-..._-FILIPPO-GALLERANI-150x150.jpg\" class=\"attachment-thumbnail size-thumbnail\" alt=\"\" \/><\/a>\n\t\t\t<\/div><\/figure><figure class='gallery-item'>\n\t\t\t<div class='gallery-icon landscape'>\n\t\t\t\t<a href='https:\/\/fiaf.net\/agoradicult\/wp-content\/uploads\/sites\/23\/2015\/07\/2015-06-04-_FORME-E-COLORI_-FIORENZO-AMADELLI.jpg'><img loading=\"lazy\" decoding=\"async\" width=\"150\" height=\"150\" src=\"https:\/\/fiaf.net\/agoradicult\/wp-content\/uploads\/sites\/23\/2015\/07\/2015-06-04-_FORME-E-COLORI_-FIORENZO-AMADELLI-150x150.jpg\" class=\"attachment-thumbnail size-thumbnail\" alt=\"\" \/><\/a>\n\t\t\t<\/div><\/figure><figure class='gallery-item'>\n\t\t\t<div class='gallery-icon landscape'>\n\t\t\t\t<a href='https:\/\/fiaf.net\/agoradicult\/wp-content\/uploads\/sites\/23\/2015\/07\/2015-06-15-_ACCESSORI_-SIMONA-BERTARELLI.jpg'><img loading=\"lazy\" decoding=\"async\" width=\"150\" height=\"150\" src=\"https:\/\/fiaf.net\/agoradicult\/wp-content\/uploads\/sites\/23\/2015\/07\/2015-06-15-_ACCESSORI_-SIMONA-BERTARELLI-150x150.jpg\" class=\"attachment-thumbnail size-thumbnail\" alt=\"\" \/><\/a>\n\t\t\t<\/div><\/figure><figure class='gallery-item'>\n\t\t\t<div class='gallery-icon portrait'>\n\t\t\t\t<a href='https:\/\/fiaf.net\/agoradicult\/wp-content\/uploads\/sites\/23\/2015\/07\/2015-06-20-_IL-MIO-SABATO_-PAOLO-REBECCHI.jpg'><img loading=\"lazy\" decoding=\"async\" width=\"150\" height=\"150\" src=\"https:\/\/fiaf.net\/agoradicult\/wp-content\/uploads\/sites\/23\/2015\/07\/2015-06-20-_IL-MIO-SABATO_-PAOLO-REBECCHI-150x150.jpg\" class=\"attachment-thumbnail size-thumbnail\" alt=\"\" \/><\/a>\n\t\t\t<\/div><\/figure>\n\t\t<\/div>\n\n<p style=\"text-align: justify\">Per vostra comodit\u00e0 allego anche la spiegazione del progetto gi\u00e0 pubblicata a novembre del 2014:<\/p>\n<p style=\"text-align: justify\">Avete presente l&#8217;applicazione WHATSAPP?<\/p>\n<p style=\"text-align: justify\">Noi del Photoclub Eyes abbiamo creato un gruppo\u00a0che, con i limiti numerici dell\u2019applicazione, \u00e8\u00a0formato\u00a0da 50\u00a0soci iscritti al nostro circolo fotografico.<\/p>\n<p style=\"text-align: justify\">Ogni giorno nel gruppo viene lanciato un tema fotografico al quale i soci possono partecipare\u00a0postando un massimo tre immagini.<\/p>\n<p style=\"text-align: justify\">Le foto devono essere &#8220;fresche di giornata&#8221; e devono essere realizzate con uno smartphone e postate nell\u2019applicazione entro le ore 24 del giorno stesso.<\/p>\n<p style=\"text-align: justify\">E&#8217; ammessa anche post-prodotte con le varie APP che si possono scaricare dagli stessi &#8220;telefonini&#8221;.<\/p>\n<p style=\"text-align: justify\">Chi vince il concorso giornaliero deve poi scegliere il tema del giorno successivo, comunicandolo entro le 9 del mattino, poi sar\u00e0 giudice delle foto pervenute e dovr\u00e0 proclamare la foto vincitrice tra tutte quelle postate, esprimendo le motivazioni della scelta.<\/p>\n<p style=\"text-align: justify\">Dal 7 agosto ogni giorno abbiamo scelto un tema e un vincitore, quando arriveremo al 6 agosto del prossimo anno, dopo 365 temi.<\/p>\n<p style=\"text-align: justify\">Realizzeremo una grande mostra fotografica di un anno di concorsi giornalieri con un particolare allestimento.<\/p>\n<p style=\"text-align: justify\">Un progetto ambizioso ma, grazie alla partecipazione di davvero tanti soci, \u00e8 davvero realizzabile. Fra i partecipanti sta crescendo la consapevolezza che si sta prendendo parte ad un progetto ambizioso e tutti sono impegnati, con la partecipazione e la proposizione di temi e idee, alla realizzazione di questo straordinario obiettivo.<\/p>\n<p style=\"text-align: justify\">Questa attivit\u00e0 di gruppo sta portando ad una crescita personale di tutti i partecipanti che sono impegnati nella realizzazione di foto e che trovano stimoli nella condivisione delle immagini e dei commenti e nel giornaliero esercizio di valutazione.<\/p>\n\n    <div class=\"xs_social_share_widget xs_share_url after_content \t\tmain_content  wslu-style-1 wslu-share-box-shaped wslu-fill-colored wslu-none wslu-share-horizontal wslu-theme-font-no wslu-main_content\">\n\n\t\t\n        <ul>\n\t\t\t        <\/ul>\n    <\/div> \n","protected":false},"excerpt":{"rendered":"<p>EYES-365 \u2013 PhotoClub EYES BFI, a cura di Luca Monelli Cronache di Agor\u00e0 Di Cult : EYES-365 \u2013 progetto fotografico &hellip;<\/p>\n","protected":false},"author":15,"featured_media":10025,"comment_status":"open","ping_status":"open","sticky":false,"template":"","format":"standard","meta":{"_acf_changed":false,"footnotes":""},"categories":[],"tags":[],"class_list":["post-10015","post","type-post","status-publish","format-standard","has-post-thumbnail","hentry"],"acf":[],"_links":{"self":[{"href":"https:\/\/fiaf.net\/agoradicult\/wp-json\/wp\/v2\/posts\/10015","targetHints":{"allow":["GET"]}}],"collection":[{"href":"https:\/\/fiaf.net\/agoradicult\/wp-json\/wp\/v2\/posts"}],"about":[{"href":"https:\/\/fiaf.net\/agoradicult\/wp-json\/wp\/v2\/types\/post"}],"author":[{"embeddable":true,"href":"https:\/\/fiaf.net\/agoradicult\/wp-json\/wp\/v2\/users\/15"}],"replies":[{"embeddable":true,"href":"https:\/\/fiaf.net\/agoradicult\/wp-json\/wp\/v2\/comments?post=10015"}],"version-history":[{"count":0,"href":"https:\/\/fiaf.net\/agoradicult\/wp-json\/wp\/v2\/posts\/10015\/revisions"}],"wp:featuredmedia":[{"embeddable":true,"href":"https:\/\/fiaf.net\/agoradicult\/wp-json\/wp\/v2\/media\/10025"}],"wp:attachment":[{"href":"https:\/\/fiaf.net\/agoradicult\/wp-json\/wp\/v2\/media?parent=10015"}],"wp:term":[{"taxonomy":"category","embeddable":true,"href":"https:\/\/fiaf.net\/agoradicult\/wp-json\/wp\/v2\/categories?post=10015"},{"taxonomy":"post_tag","embeddable":true,"href":"https:\/\/fiaf.net\/agoradicult\/wp-json\/wp\/v2\/tags?post=10015"}],"curies":[{"name":"wp","href":"https:\/\/api.w.org\/{rel}","templated":true}]}}