{"id":10691,"date":"2015-11-08T20:32:19","date_gmt":"2015-11-08T18:32:19","guid":{"rendered":"https:\/\/fiaf.net\/agoradicult\/?p=10691"},"modified":"2015-11-08T20:32:19","modified_gmt":"2015-11-08T18:32:19","slug":"marino-sonnati-talent-scout","status":"publish","type":"post","link":"https:\/\/fiaf.net\/agoradicult\/2015\/11\/08\/marino-sonnati-talent-scout\/","title":{"rendered":"MARINO SONNATI &#8211; Talent Scout"},"content":{"rendered":"<h2 style=\"text-align: center\"><strong>TALENT SCOUT<\/strong><\/h2>\n<p>Agor\u00e0 Di Cult sar\u00e0 il percorso di visibilit\u00e0 dei 17Autori della Sezione Senior e 5 Autori della Sezione Giovani &#8220;Segnalati&#8221; dalla Commissione selezionatrice del Progetto FIAF &#8220;Talent Scout&#8221; che riunita il 12\/04\/2015 ha esaminato le opere pervenute da 87 autori (di cui 18 appartenenti alla sezione GIOVANI e 69 appartenenti alla sezione SENIOR).<br \/>\nLe finalit\u00e0 di questo Progetto sono quelle di dare ai Presidenti di Circolo Affiliato FIAF l\u2019occasione di far conoscere il lavoro di quei soci che, pur distinguendosi per capacit\u00e0 e passione, non hanno mai provato a confrontarsi con la platea nazionale della fotografia italiana. Ogni Presidente ha avuto la possibilit\u00e0 di proporre un socio della categoria GIOVANI (di et\u00e0 inferiore a 30 anni) e un socio della categoria SENIOR (di et\u00e0 superiore a 30 anni).<br \/>\n&nbsp;<\/p>\n<p style=\"text-align: justify\"><strong>MARINO SONNATI Socio (Senior) del FOTO CLUB A. NEYRONE \u2013 TROFARELLO BFI di Trofarello(TO)<\/strong><\/p>\n<p style=\"text-align: justify\">Autore segnalato al progetto Talent Scout della FIAF.<\/p>\n<p><a href=\"https:\/\/fiaf.net\/agoradicult\/wp-content\/uploads\/sites\/23\/2015\/11\/Logo_Talent_Scout_1c05.jpg\"><img loading=\"lazy\" decoding=\"async\" class=\"aligncenter wp-image-10692 size-medium\" src=\"https:\/\/fiaf.net\/agoradicult\/wp-content\/uploads\/sites\/23\/2015\/11\/Logo_Talent_Scout_1c05-300x185.jpg\" alt=\"Logo_Talent_Scout_1c05\" width=\"300\" height=\"185\" srcset=\"https:\/\/fiaf.net\/agoradicult\/wp-content\/uploads\/sites\/23\/2015\/11\/Logo_Talent_Scout_1c05-300x185.jpg 300w, https:\/\/fiaf.net\/agoradicult\/wp-content\/uploads\/sites\/23\/2015\/11\/Logo_Talent_Scout_1c05.jpg 580w\" sizes=\"auto, (max-width: 300px) 100vw, 300px\" \/><\/a><\/p>\n<p style=\"text-align: justify\">Marino Sonnati fotografa da anni. Gi\u00e0 nei suoi primi lavori si poteva individuare il carattere peculiare delle sue creazioni: una sorprendente capacit\u00e0 di \u201cvedere\u201d, anche nei soggetti pi\u00f9 comuni, aspetti del tutto inconsueti.<\/p>\n<p style=\"text-align: justify\">Questo innato talento si associa ad una costante perfezione formale nell\u2019offerta di \u201cracconti\u201d, il cui senso e significato sono spesso raggiungibili solo attraverso un percorso surreale.<\/p>\n<p style=\"text-align: justify\">Pur dotato di carattere aperto e generoso, forse per una sorta di pudore, Sonnati si \u00e8 limitato a far conoscere le sue fotografie ad un ristretto numero di amici.<\/p>\n<p style=\"text-align: justify\">Credo che Sonnati sia fotografo di importante caratura, sia concettuale che stilistica e mi \u00e8 sempre dispiaciuto che tanti fotoamatori non avessero mai avuto la possibilit\u00e0 di conoscerlo.<\/p>\n<p style=\"text-align: justify\">Questa \u00e8 una opportunit\u00e0 di riparare a tale mancanza.<\/p>\n<p style=\"text-align: justify\">Pieremilio Ladetto<br \/>\nPresidente Foto Club Trofarello<\/p>\n<h2 style=\"text-align: center\"><\/h2>\n<h2 style=\"text-align: center\"><strong>Le Opere<\/strong><\/h2>\n<h3 style=\"text-align: justify\"><\/h3>\n<h3 style=\"text-align: justify\"><strong>Bassa marea <\/strong><\/h3>\n<p style=\"text-align: justify\">(10 fotografie B\/N)<\/p>\n<p style=\"text-align: justify\">Acqua e sabbia, qualche alga, una conchiglia. Poco, molto poco. Eppure quel \u201cpoco\u201d diventa tanto nell\u2019intuizione del fotografo, che vi scorge e ci propone seducenti visioni: una maschera di Pulcinella; mostri delle profondit\u00e0 marine; spettrali figure di saghe nordiche; alberi sotto cieli corrucciati oppure alti e solitari a raccogliere il sussurro del vento; volti nascosti in una oscura teoria di incappucciati; linee e forme che condividono bellezza e sorpresa.<\/p>\n<p style=\"text-align: justify\">La capacit\u00e0 visiva \u00e8 cos\u00ec coinvolgente che il processo creativo quasi si nasconde dietro all\u2019immagine: sembra che una volont\u00e0 autonoma abbia creato quelle effimere composizioni solo per regalarle al nostro sguardo.<\/p>\n<div id='gallery-1' class='gallery galleryid-10691 gallery-columns-5 gallery-size-thumbnail'><figure class='gallery-item'>\n\t\t\t<div class='gallery-icon portrait'>\n\t\t\t\t<a href='https:\/\/fiaf.net\/agoradicult\/wp-content\/uploads\/sites\/23\/2015\/11\/M.Sonnati.Bassa_.marea_.10.jpg'><img loading=\"lazy\" decoding=\"async\" width=\"150\" height=\"150\" src=\"https:\/\/fiaf.net\/agoradicult\/wp-content\/uploads\/sites\/23\/2015\/11\/M.Sonnati.Bassa_.marea_.10-150x150.jpg\" class=\"attachment-thumbnail size-thumbnail\" alt=\"\" \/><\/a>\n\t\t\t<\/div><\/figure><figure class='gallery-item'>\n\t\t\t<div class='gallery-icon portrait'>\n\t\t\t\t<a href='https:\/\/fiaf.net\/agoradicult\/wp-content\/uploads\/sites\/23\/2015\/11\/M.Sonnati.Bassa_.marea_.09.jpg'><img loading=\"lazy\" decoding=\"async\" width=\"150\" height=\"150\" src=\"https:\/\/fiaf.net\/agoradicult\/wp-content\/uploads\/sites\/23\/2015\/11\/M.Sonnati.Bassa_.marea_.09-150x150.jpg\" class=\"attachment-thumbnail size-thumbnail\" alt=\"\" \/><\/a>\n\t\t\t<\/div><\/figure><figure class='gallery-item'>\n\t\t\t<div class='gallery-icon portrait'>\n\t\t\t\t<a href='https:\/\/fiaf.net\/agoradicult\/wp-content\/uploads\/sites\/23\/2015\/11\/M.Sonnati.Bassa_.marea_.08.jpg'><img loading=\"lazy\" decoding=\"async\" width=\"150\" height=\"150\" src=\"https:\/\/fiaf.net\/agoradicult\/wp-content\/uploads\/sites\/23\/2015\/11\/M.Sonnati.Bassa_.marea_.08-150x150.jpg\" class=\"attachment-thumbnail size-thumbnail\" alt=\"\" \/><\/a>\n\t\t\t<\/div><\/figure><figure class='gallery-item'>\n\t\t\t<div class='gallery-icon portrait'>\n\t\t\t\t<a href='https:\/\/fiaf.net\/agoradicult\/wp-content\/uploads\/sites\/23\/2015\/11\/M.Sonnati.Bassa_.marea_.07.jpg'><img loading=\"lazy\" decoding=\"async\" width=\"150\" height=\"150\" src=\"https:\/\/fiaf.net\/agoradicult\/wp-content\/uploads\/sites\/23\/2015\/11\/M.Sonnati.Bassa_.marea_.07-150x150.jpg\" class=\"attachment-thumbnail size-thumbnail\" alt=\"\" \/><\/a>\n\t\t\t<\/div><\/figure><figure class='gallery-item'>\n\t\t\t<div class='gallery-icon portrait'>\n\t\t\t\t<a href='https:\/\/fiaf.net\/agoradicult\/wp-content\/uploads\/sites\/23\/2015\/11\/M.Sonnati.Bassa_.marea_.06.jpg'><img loading=\"lazy\" decoding=\"async\" width=\"150\" height=\"150\" src=\"https:\/\/fiaf.net\/agoradicult\/wp-content\/uploads\/sites\/23\/2015\/11\/M.Sonnati.Bassa_.marea_.06-150x150.jpg\" class=\"attachment-thumbnail size-thumbnail\" alt=\"\" \/><\/a>\n\t\t\t<\/div><\/figure><figure class='gallery-item'>\n\t\t\t<div class='gallery-icon landscape'>\n\t\t\t\t<a href='https:\/\/fiaf.net\/agoradicult\/wp-content\/uploads\/sites\/23\/2015\/11\/M.Sonnati.Bassa_.marea_.01.jpg'><img loading=\"lazy\" decoding=\"async\" width=\"150\" height=\"150\" src=\"https:\/\/fiaf.net\/agoradicult\/wp-content\/uploads\/sites\/23\/2015\/11\/M.Sonnati.Bassa_.marea_.01-150x150.jpg\" class=\"attachment-thumbnail size-thumbnail\" alt=\"\" \/><\/a>\n\t\t\t<\/div><\/figure><figure class='gallery-item'>\n\t\t\t<div class='gallery-icon portrait'>\n\t\t\t\t<a href='https:\/\/fiaf.net\/agoradicult\/wp-content\/uploads\/sites\/23\/2015\/11\/M.Sonnati.Bassa_.marea_.03.jpg'><img loading=\"lazy\" decoding=\"async\" width=\"150\" height=\"150\" src=\"https:\/\/fiaf.net\/agoradicult\/wp-content\/uploads\/sites\/23\/2015\/11\/M.Sonnati.Bassa_.marea_.03-150x150.jpg\" class=\"attachment-thumbnail size-thumbnail\" alt=\"\" \/><\/a>\n\t\t\t<\/div><\/figure><figure class='gallery-item'>\n\t\t\t<div class='gallery-icon portrait'>\n\t\t\t\t<a href='https:\/\/fiaf.net\/agoradicult\/wp-content\/uploads\/sites\/23\/2015\/11\/M.Sonnati.Bassa_.marea_.02.jpg'><img loading=\"lazy\" decoding=\"async\" width=\"150\" height=\"150\" src=\"https:\/\/fiaf.net\/agoradicult\/wp-content\/uploads\/sites\/23\/2015\/11\/M.Sonnati.Bassa_.marea_.02-150x150.jpg\" class=\"attachment-thumbnail size-thumbnail\" alt=\"\" \/><\/a>\n\t\t\t<\/div><\/figure><figure class='gallery-item'>\n\t\t\t<div class='gallery-icon landscape'>\n\t\t\t\t<a href='https:\/\/fiaf.net\/agoradicult\/wp-content\/uploads\/sites\/23\/2015\/11\/M.Sonnati.Bassa_.marea_.04.jpg'><img loading=\"lazy\" decoding=\"async\" width=\"150\" height=\"150\" src=\"https:\/\/fiaf.net\/agoradicult\/wp-content\/uploads\/sites\/23\/2015\/11\/M.Sonnati.Bassa_.marea_.04-150x150.jpg\" class=\"attachment-thumbnail size-thumbnail\" alt=\"\" \/><\/a>\n\t\t\t<\/div><\/figure><figure class='gallery-item'>\n\t\t\t<div class='gallery-icon portrait'>\n\t\t\t\t<a href='https:\/\/fiaf.net\/agoradicult\/wp-content\/uploads\/sites\/23\/2015\/11\/M.Sonnati.Bassa_.marea_.05.jpg'><img loading=\"lazy\" decoding=\"async\" width=\"150\" height=\"150\" src=\"https:\/\/fiaf.net\/agoradicult\/wp-content\/uploads\/sites\/23\/2015\/11\/M.Sonnati.Bassa_.marea_.05-150x150.jpg\" class=\"attachment-thumbnail size-thumbnail\" alt=\"\" \/><\/a>\n\t\t\t<\/div><\/figure>\n\t\t<\/div>\n\n<h3 style=\"text-align: justify\"><\/h3>\n<h3 style=\"text-align: justify\"><\/h3>\n<h3 style=\"text-align: justify\"><strong>Monumentali ironie <\/strong><\/h3>\n<p style=\"text-align: justify\">(8 fotografie a colori)<\/p>\n<p style=\"text-align: justify\">La statua, il monumento, il palazzo rappresentano il paradigma stesso dell\u2019immobilit\u00e0. Eppure \u00e8 sufficiente un frullo d\u2019ali, un taglio obliquo, il passaggio discreto di una pallida nuvola e anche l\u2019ovvio viene smentito.<\/p>\n<p style=\"text-align: justify\">Con l\u2019accostamento di differenti elementi l\u2019atarassia della statua, l\u2019imperturbabilit\u00e0 seriosa del monumento vengono superate dall\u2019immaginazione, dalla intelligenza, sottile e un po\u2019 irriverente, del fotografo.<\/p>\n<p style=\"text-align: justify\">Scopriamo che anche quello che \u00e8 apparentemente indifferente al flusso delle umane cose, come per sortilegio, vive momenti a noi ignoti, ingaggia battaglie all\u2019arma bianca, si trasforma da ruggente leone a tenero clown, sospinge pericolanti palazzi.<\/p>\n<p style=\"text-align: justify\">Marino Sonnati ama la sua citt\u00e0, Torino, con tenera assiduit\u00e0 e pare che per questo amore Torino sia disposta, talora, ad abbandonare la sua proverbiale riservatezza.<\/p>\n<p style=\"text-align: justify\">Sono convinto che l\u2019ironia sia una componente importante dell\u2019intelligenza: Sonnati crea garbate immagini, fragili ed indispensabili come un sorriso.<\/p>\n<div id='gallery-2' class='gallery galleryid-10691 gallery-columns-4 gallery-size-thumbnail'><figure class='gallery-item'>\n\t\t\t<div class='gallery-icon portrait'>\n\t\t\t\t<a href='https:\/\/fiaf.net\/agoradicult\/wp-content\/uploads\/sites\/23\/2015\/11\/M.Sonnati.Ironie-Monumentali.01.jpg'><img loading=\"lazy\" decoding=\"async\" width=\"150\" height=\"150\" src=\"https:\/\/fiaf.net\/agoradicult\/wp-content\/uploads\/sites\/23\/2015\/11\/M.Sonnati.Ironie-Monumentali.01-150x150.jpg\" class=\"attachment-thumbnail size-thumbnail\" alt=\"\" \/><\/a>\n\t\t\t<\/div><\/figure><figure class='gallery-item'>\n\t\t\t<div class='gallery-icon portrait'>\n\t\t\t\t<a href='https:\/\/fiaf.net\/agoradicult\/wp-content\/uploads\/sites\/23\/2015\/11\/M.Sonnati.Ironie-Monumentali.02.jpg'><img loading=\"lazy\" decoding=\"async\" width=\"150\" height=\"150\" src=\"https:\/\/fiaf.net\/agoradicult\/wp-content\/uploads\/sites\/23\/2015\/11\/M.Sonnati.Ironie-Monumentali.02-150x150.jpg\" class=\"attachment-thumbnail size-thumbnail\" alt=\"\" \/><\/a>\n\t\t\t<\/div><\/figure><figure class='gallery-item'>\n\t\t\t<div class='gallery-icon portrait'>\n\t\t\t\t<a href='https:\/\/fiaf.net\/agoradicult\/wp-content\/uploads\/sites\/23\/2015\/11\/M.Sonnati.Ironie-Monumentali.03.jpg'><img loading=\"lazy\" decoding=\"async\" width=\"150\" height=\"150\" src=\"https:\/\/fiaf.net\/agoradicult\/wp-content\/uploads\/sites\/23\/2015\/11\/M.Sonnati.Ironie-Monumentali.03-150x150.jpg\" class=\"attachment-thumbnail size-thumbnail\" alt=\"\" \/><\/a>\n\t\t\t<\/div><\/figure><figure class='gallery-item'>\n\t\t\t<div class='gallery-icon landscape'>\n\t\t\t\t<a href='https:\/\/fiaf.net\/agoradicult\/wp-content\/uploads\/sites\/23\/2015\/11\/M.Sonnati.Ironie-Monumentali.04.jpg'><img loading=\"lazy\" decoding=\"async\" width=\"150\" height=\"150\" src=\"https:\/\/fiaf.net\/agoradicult\/wp-content\/uploads\/sites\/23\/2015\/11\/M.Sonnati.Ironie-Monumentali.04-150x150.jpg\" class=\"attachment-thumbnail size-thumbnail\" alt=\"\" \/><\/a>\n\t\t\t<\/div><\/figure><figure class='gallery-item'>\n\t\t\t<div class='gallery-icon landscape'>\n\t\t\t\t<a href='https:\/\/fiaf.net\/agoradicult\/wp-content\/uploads\/sites\/23\/2015\/11\/M.Sonnati.Ironie-Monumentali.05.jpg'><img loading=\"lazy\" decoding=\"async\" width=\"150\" height=\"150\" src=\"https:\/\/fiaf.net\/agoradicult\/wp-content\/uploads\/sites\/23\/2015\/11\/M.Sonnati.Ironie-Monumentali.05-150x150.jpg\" class=\"attachment-thumbnail size-thumbnail\" alt=\"\" \/><\/a>\n\t\t\t<\/div><\/figure><figure class='gallery-item'>\n\t\t\t<div class='gallery-icon portrait'>\n\t\t\t\t<a href='https:\/\/fiaf.net\/agoradicult\/wp-content\/uploads\/sites\/23\/2015\/11\/M.Sonnati.Ironie-Monumentali.06.jpg'><img loading=\"lazy\" decoding=\"async\" width=\"150\" height=\"150\" src=\"https:\/\/fiaf.net\/agoradicult\/wp-content\/uploads\/sites\/23\/2015\/11\/M.Sonnati.Ironie-Monumentali.06-150x150.jpg\" class=\"attachment-thumbnail size-thumbnail\" alt=\"\" \/><\/a>\n\t\t\t<\/div><\/figure><figure class='gallery-item'>\n\t\t\t<div class='gallery-icon landscape'>\n\t\t\t\t<a href='https:\/\/fiaf.net\/agoradicult\/wp-content\/uploads\/sites\/23\/2015\/11\/M.Sonnati.Ironie-Monumentali.07.jpg'><img loading=\"lazy\" decoding=\"async\" width=\"150\" height=\"150\" src=\"https:\/\/fiaf.net\/agoradicult\/wp-content\/uploads\/sites\/23\/2015\/11\/M.Sonnati.Ironie-Monumentali.07-150x150.jpg\" class=\"attachment-thumbnail size-thumbnail\" alt=\"\" \/><\/a>\n\t\t\t<\/div><\/figure><figure class='gallery-item'>\n\t\t\t<div class='gallery-icon landscape'>\n\t\t\t\t<a href='https:\/\/fiaf.net\/agoradicult\/wp-content\/uploads\/sites\/23\/2015\/11\/M.Sonnati.Ironie-Monumentali.08.jpg'><img loading=\"lazy\" decoding=\"async\" width=\"150\" height=\"150\" src=\"https:\/\/fiaf.net\/agoradicult\/wp-content\/uploads\/sites\/23\/2015\/11\/M.Sonnati.Ironie-Monumentali.08-150x150.jpg\" class=\"attachment-thumbnail size-thumbnail\" alt=\"\" \/><\/a>\n\t\t\t<\/div><\/figure>\n\t\t<\/div>\n\n<h3 style=\"text-align: justify\"><\/h3>\n<h3 style=\"text-align: justify\"><\/h3>\n<h3 style=\"text-align: justify\"><strong>Geometrie sospese <\/strong><\/h3>\n<p style=\"text-align: justify\">(8 fotografie B\/N)<\/p>\n<p style=\"text-align: justify\">La proposta di Marino Sonnati apparentemente vive di una prevalenza formale.\u2028Pali e fili dialogano in un equilibrio di rara coerenza stilistica: il soggetto, strutturalmente povero, viene g<em>iocato <\/em>con sensibile abilit\u00e0 senza giungere ad un prevedibile estetismo monocorde.\u2028La citt\u00e0, appena evocata, di fatto \u00e8 presenza immanente e solo un abile ritaglio della creativit\u00e0 ci permette di non venirne sommersi.<\/p>\n<p style=\"text-align: justify\">Il fascino dell&#8217;opera di Sonnati \u00e8 in quel cielo: \u00e8 difficile ricordarsi che le citt\u00e0 hanno un cielo, anche se impigliato tra i fili, anche se privato di nuvole e colore, l&#8217;autore ci ricorda che al di sopra di tutto c\u2019\u00e8 la sua cava vastit\u00e0.<\/p>\n<div id='gallery-3' class='gallery galleryid-10691 gallery-columns-4 gallery-size-thumbnail'><figure class='gallery-item'>\n\t\t\t<div class='gallery-icon portrait'>\n\t\t\t\t<a href='https:\/\/fiaf.net\/agoradicult\/wp-content\/uploads\/sites\/23\/2015\/11\/M.Sonnati.Geometrie.sospese.01.jpg'><img loading=\"lazy\" decoding=\"async\" width=\"150\" height=\"150\" src=\"https:\/\/fiaf.net\/agoradicult\/wp-content\/uploads\/sites\/23\/2015\/11\/M.Sonnati.Geometrie.sospese.01-150x150.jpg\" class=\"attachment-thumbnail size-thumbnail\" alt=\"\" \/><\/a>\n\t\t\t<\/div><\/figure><figure class='gallery-item'>\n\t\t\t<div class='gallery-icon landscape'>\n\t\t\t\t<a href='https:\/\/fiaf.net\/agoradicult\/wp-content\/uploads\/sites\/23\/2015\/11\/M.Sonnati.Geometrie.sospese.03.jpg'><img loading=\"lazy\" decoding=\"async\" width=\"150\" height=\"150\" src=\"https:\/\/fiaf.net\/agoradicult\/wp-content\/uploads\/sites\/23\/2015\/11\/M.Sonnati.Geometrie.sospese.03-150x150.jpg\" class=\"attachment-thumbnail size-thumbnail\" alt=\"\" \/><\/a>\n\t\t\t<\/div><\/figure><figure class='gallery-item'>\n\t\t\t<div class='gallery-icon landscape'>\n\t\t\t\t<a href='https:\/\/fiaf.net\/agoradicult\/wp-content\/uploads\/sites\/23\/2015\/11\/M.Sonnati.Geometrie.sospese.04.jpg'><img loading=\"lazy\" decoding=\"async\" width=\"150\" height=\"150\" src=\"https:\/\/fiaf.net\/agoradicult\/wp-content\/uploads\/sites\/23\/2015\/11\/M.Sonnati.Geometrie.sospese.04-150x150.jpg\" class=\"attachment-thumbnail size-thumbnail\" alt=\"\" \/><\/a>\n\t\t\t<\/div><\/figure><figure class='gallery-item'>\n\t\t\t<div class='gallery-icon portrait'>\n\t\t\t\t<a href='https:\/\/fiaf.net\/agoradicult\/wp-content\/uploads\/sites\/23\/2015\/11\/M.Sonnati.Geometrie.sospese.05.jpg'><img loading=\"lazy\" decoding=\"async\" width=\"150\" height=\"150\" src=\"https:\/\/fiaf.net\/agoradicult\/wp-content\/uploads\/sites\/23\/2015\/11\/M.Sonnati.Geometrie.sospese.05-150x150.jpg\" class=\"attachment-thumbnail size-thumbnail\" alt=\"\" \/><\/a>\n\t\t\t<\/div><\/figure><figure class='gallery-item'>\n\t\t\t<div class='gallery-icon portrait'>\n\t\t\t\t<a href='https:\/\/fiaf.net\/agoradicult\/wp-content\/uploads\/sites\/23\/2015\/11\/M.Sonnati.Geometrie.sospese.06.jpg'><img loading=\"lazy\" decoding=\"async\" width=\"150\" height=\"150\" src=\"https:\/\/fiaf.net\/agoradicult\/wp-content\/uploads\/sites\/23\/2015\/11\/M.Sonnati.Geometrie.sospese.06-150x150.jpg\" class=\"attachment-thumbnail size-thumbnail\" alt=\"\" \/><\/a>\n\t\t\t<\/div><\/figure><figure class='gallery-item'>\n\t\t\t<div class='gallery-icon landscape'>\n\t\t\t\t<a href='https:\/\/fiaf.net\/agoradicult\/wp-content\/uploads\/sites\/23\/2015\/11\/M.Sonnati.Geometrie.sospese.07.jpg'><img loading=\"lazy\" decoding=\"async\" width=\"150\" height=\"150\" src=\"https:\/\/fiaf.net\/agoradicult\/wp-content\/uploads\/sites\/23\/2015\/11\/M.Sonnati.Geometrie.sospese.07-150x150.jpg\" class=\"attachment-thumbnail size-thumbnail\" alt=\"\" \/><\/a>\n\t\t\t<\/div><\/figure><figure class='gallery-item'>\n\t\t\t<div class='gallery-icon landscape'>\n\t\t\t\t<a href='https:\/\/fiaf.net\/agoradicult\/wp-content\/uploads\/sites\/23\/2015\/11\/M.Sonnati.Geometrie.sospese.08.jpg'><img loading=\"lazy\" decoding=\"async\" width=\"150\" height=\"150\" src=\"https:\/\/fiaf.net\/agoradicult\/wp-content\/uploads\/sites\/23\/2015\/11\/M.Sonnati.Geometrie.sospese.08-150x150.jpg\" class=\"attachment-thumbnail size-thumbnail\" alt=\"\" \/><\/a>\n\t\t\t<\/div><\/figure><figure class='gallery-item'>\n\t\t\t<div class='gallery-icon landscape'>\n\t\t\t\t<a href='https:\/\/fiaf.net\/agoradicult\/wp-content\/uploads\/sites\/23\/2015\/11\/M.Sonnati.Geometrie.sospese.09.jpg'><img loading=\"lazy\" decoding=\"async\" width=\"150\" height=\"150\" src=\"https:\/\/fiaf.net\/agoradicult\/wp-content\/uploads\/sites\/23\/2015\/11\/M.Sonnati.Geometrie.sospese.09-150x150.jpg\" class=\"attachment-thumbnail size-thumbnail\" alt=\"\" \/><\/a>\n\t\t\t<\/div><\/figure>\n\t\t<\/div>\n\n\n    <div class=\"xs_social_share_widget xs_share_url after_content \t\tmain_content  wslu-style-1 wslu-share-box-shaped wslu-fill-colored wslu-none wslu-share-horizontal wslu-theme-font-no wslu-main_content\">\n\n\t\t\n        <ul>\n\t\t\t        <\/ul>\n    <\/div> \n","protected":false},"excerpt":{"rendered":"<p>TALENT SCOUT Agor\u00e0 Di Cult sar\u00e0 il percorso di visibilit\u00e0 dei 17Autori della Sezione Senior e 5 Autori della Sezione &hellip;<\/p>\n","protected":false},"author":15,"featured_media":10692,"comment_status":"open","ping_status":"open","sticky":false,"template":"","format":"standard","meta":{"_acf_changed":false,"footnotes":""},"categories":[],"tags":[],"class_list":["post-10691","post","type-post","status-publish","format-standard","has-post-thumbnail","hentry"],"acf":[],"_links":{"self":[{"href":"https:\/\/fiaf.net\/agoradicult\/wp-json\/wp\/v2\/posts\/10691","targetHints":{"allow":["GET"]}}],"collection":[{"href":"https:\/\/fiaf.net\/agoradicult\/wp-json\/wp\/v2\/posts"}],"about":[{"href":"https:\/\/fiaf.net\/agoradicult\/wp-json\/wp\/v2\/types\/post"}],"author":[{"embeddable":true,"href":"https:\/\/fiaf.net\/agoradicult\/wp-json\/wp\/v2\/users\/15"}],"replies":[{"embeddable":true,"href":"https:\/\/fiaf.net\/agoradicult\/wp-json\/wp\/v2\/comments?post=10691"}],"version-history":[{"count":0,"href":"https:\/\/fiaf.net\/agoradicult\/wp-json\/wp\/v2\/posts\/10691\/revisions"}],"wp:featuredmedia":[{"embeddable":true,"href":"https:\/\/fiaf.net\/agoradicult\/wp-json\/wp\/v2\/media\/10692"}],"wp:attachment":[{"href":"https:\/\/fiaf.net\/agoradicult\/wp-json\/wp\/v2\/media?parent=10691"}],"wp:term":[{"taxonomy":"category","embeddable":true,"href":"https:\/\/fiaf.net\/agoradicult\/wp-json\/wp\/v2\/categories?post=10691"},{"taxonomy":"post_tag","embeddable":true,"href":"https:\/\/fiaf.net\/agoradicult\/wp-json\/wp\/v2\/tags?post=10691"}],"curies":[{"name":"wp","href":"https:\/\/api.w.org\/{rel}","templated":true}]}}