{"id":109,"date":"2012-01-31T11:23:54","date_gmt":"2012-01-31T11:23:54","guid":{"rendered":"https:\/\/fiaf.net\/agoradicult\/?p=109"},"modified":"2012-01-31T11:23:54","modified_gmt":"2012-01-31T11:23:54","slug":"cose-il-critico-fotografico","status":"publish","type":"post","link":"https:\/\/fiaf.net\/agoradicult\/2012\/01\/31\/cose-il-critico-fotografico\/","title":{"rendered":"Cos&#039;\u00e8 il Lettore della Fotografia FIAF."},"content":{"rendered":"<p style=\"text-align: center\"><strong>Il \u201cLettore della Fotografia FIAF\u201d<\/strong><\/p>\n<p style=\"text-align: justify\">L\u2019autocandidatura a <strong>Lettore della Fotografia<\/strong><strong>\u00a0FIAF<\/strong>, non comporta il ricevimento di alcun titolo, ma semplicemente sigla l\u2019inizio di un percorso culturale insieme a chi ha compiuto la medesima scelta.<\/p>\n<p>L\u2019attribuzione del titolo di <strong>Lettore della Fotografia<\/strong><strong>\u00a0FIAF<\/strong>\u00a0 \u00e8 ovviamente la meta del percorso personale, intrapreso dal socio FIAF, che verr\u00e0 definita su base meritocratica in una fase pi\u00f9 matura del nostro Dipartimento Cultura.<br \/>\nLa FIAF offre ai propri soci iscritti al <strong>Dipartimento Cultura<\/strong> una meta da raggiungere, ma l\u2019itinerario rester\u00e0 in gran parte libero agli orientamenti personali perch\u00e8 tanti possono essere le provenienze e quindi gli itinerari per giungere alla stessa meta.<br \/>\nLa direzione del <strong>Dipartimento Cultura<\/strong> delineer\u00e0 alcune linee guida per guidare il corretto orientamento del lavoro di ricerca di gruppo che \u00e8 alla base del nostro metodo di studio.<br \/>\nIl tempo necessario per essere nominato <strong>Lettore della Fotografia<\/strong><strong>\u00a0FIAF<\/strong> sar\u00e0 diverso da socio a socio, in base al livello di preparazione gi\u00e0 maturata all\u2019atto dell\u2019iscrizione al Dipartimento.<br \/>\nE\u2019 stato naturale porre nel <strong>Dipartimento Cultura<\/strong> questa figura, per le seguenti ragioni:<br \/>\nIn seguito alla mia esperienza di collaborazione alla rivista \u201cIl fotoamatore\u201d , l\u2019organo ufficiale della FIAF, poi diventata \u201cFOTOIT\u201d, e a tanti anni di tavoli di Lettura di Portfolio ho visto che la FIAF \u00e8 chiamata ad avere un ruolo nella Critica fotografica.<br \/>\nLa prerogativa di una capacit\u00e0 d\u2019esprimere un giudizio di valore sull\u2019immagine fotografica, per mezzo delle Giurie dei Concorsi, \u00e8 connaturale alla Federazione stessa.<br \/>\nL\u2019inizio del percorso verso la lettura della fotografia\u00a0la FIAF l\u2019ha iniziata proprio nelle Giurie. Nel 1993 la FIAF pubblica \u201cLeggere fotografia\u201d il libro che ha sancito il suo passaggio dal \u201cGiudizio di valore\u201d alla \u201cLettura della fotografia\u201d. Il testo, che \u00e8 caratterizzato da un pluralismo di idee, ha diffuso in tutta la Federazione la riflessione su questo affascinante esercizio. E\u2019 notevolissima la cultura di lettura della fotografia che la FIAF ha formato nei suoi 63\u00a0 anni di storia.<br \/>\nIl nuovo passaggio a cui oggi siamo chiamati a farle compiere \u00e8 quello che dalla \u201cLettura della fotografia\u201d conduce alla \u201cCritica fotografica\u201d.<br \/>\nMentre la \u201cStoria della fotografia\u201d studia le storie di autori gi\u00e0 compiuti attraverso i complessi antologici delle loro opere, la \u201cCritica fotografica\u201d si interessa dell\u2019analisi delle singole opere fotografiche nel momento in cui vengono presentate al pubblico.<br \/>\nIl <strong>Lettore della Fotografia<\/strong><strong>\u00a0FIAF<\/strong> \u00e8 il percorso ideale per chi ama vivere la fotografia nel suo evolversi. Il successo di partecipazione ai tavoli di Lettura di Portfolio dimostra che i fotografi hanno bisogno di un momento di verifica, della propria coerenza espressiva e del risultato raggiunto con le loro opere, che spieghi loro le ragioni sia del successo che dell\u2019insuccesso e come si collocano nel contesto della fotografia contemporanea.<br \/>\nCon internet le influenze e le storie non sono pi\u00f9 solo nazionali ma internazionali, \u00e8 quindi complesso delineare, com\u2019\u00e8 avvenuto in passato, il percorso della fotografia italiana. La Critica pu\u00f2 essere una sincera e competente compagna nell\u2019accompagnare i fotografi nella loro personale evoluzione perch\u00e9 le opere pregnanti nascono dalla profonda consapevolezza delle poetiche, non dalle effimere tendenze alla moda.<br \/>\nIn base alla mia esperienza, il percorso del <strong>Lettore della Fotografia<\/strong><strong>\u00a0FIAF<\/strong> deve portare gli iscritti a maturare le seguenti caratteristiche:<br \/>\n&#8211; Innanzitutto \u00e8 un <strong>Animatore Culturale FIAF<\/strong> nei termini in cui \u00e8 gi\u00e0 stato delineato.<br \/>\n&#8211; E\u2019 un fotografo di maturata esperienza, sia in ripresa che in post-produzione.<br \/>\n&#8211; Conosce i tratti fondamentali della storia della fotografia italiana e internazionale, soprattutto \u00e8 appassionato alle biografie degli autori del passato e contemporanei, e pone sensibile attenzione ai processi creativi (l\u2019intreccio tra vita e fotografia) con i quali gli autori hanno realizzato o attualmente realizzano le loro opere.<br \/>\n-Dato che \u201cl\u2019occhio vede ci\u00f2 che sa\u201d, potenzia continuamente la propria percezione estetica e la sua sensibilit\u00e0 tematica, interessandosi a tutte le espressioni artistiche e vivendo intensamente l\u2019attualit\u00e0 della propria terra con l\u2019occhio sempre rivolto all\u2019ampio orizzonte nazionale e internazionale.<br \/>\n&#8211; Sa leggere nelle immagini fotografiche l\u2019applicazione del meccanismo espressivo della fotografia e dei principi del linguaggio iconico, giungendo alla lettura oltre che del significante anche del significato in esse espresso. Sente la misteriosa complessit\u00e0 dell\u2019espressione fotografica e mette in gioco tutto il proprio essere, intellettuale e psichico, per giungere alla lettura profonda dell\u2019opera fotografica.<br \/>\n&#8211; Studia per accrescere i propri strumenti di analisi con letture interdisciplinari pi\u00f9 ampie possibili (arte, estetica, storia, letteratura, semiotica, antropologia, filosofia, ecc\u2026) e contribuisce alla loro divulgazione nell\u2019ambiente fotografico locale e nazionale con interventi e saggi.<br \/>\n&#8211; Attraverso il proprio intuito e la sua sensibile lettura soggettiva cerca la lettura pi\u00f9 fedele all\u2019identit\u00e0 artistica dell\u2019autore. Analizza l\u2019opera comprendendone il Concept fotografico che la distingue, la poetica che l\u2019anima, l\u2019idea centrale che riesce a comunicare. Colloca il genere dell\u2019opera nel contesto della fotografia contemporanea.<br \/>\n&#8211; Studia il fenomeno fotografico contemporaneo valutandone le novit\u00e0 tematiche e poetiche. Al riconoscimento dell\u2019avvento delle nuove tendenze fotografiche, presenta le proprie riflessioni, in forma verbale o scritta, solo dopo aver trovato con appassionato rigore scientifico la loro giustificazione documentaria.<br \/>\n&#8211; L\u2019azione che il <strong>Lettore della Fotografia<\/strong><strong>\u00a0FIAF<\/strong> svolge sia nell\u2019ambito di attivit\u00e0 locali che nazionali, \u00e8 volta a spiegare l\u2019opera al pubblico e a rendere l\u2019autore consapevole del proprio atto creativo. Egli pone la stessa attenzione verso l\u2019autore affermato che a quello sconosciuto, in particolare pone la sua attivit\u00e0 al servizio della valorizzazione e alla diffusione della fotografia della sua terra.<br \/>\n-Nel gruppo di lavoro operante sul Blog \u201cAgor\u00e0 Di Cult\u201d, partecipa anche con propri contributi sugli argomenti trattati e ne propone di propri.<br \/>\nOvviamente si diventa <strong>Lettore della Fotografia<\/strong><strong>\u00a0FIA<\/strong>F attraverso il percorso compiuto nello specifico gruppo del Dipartimento Cultura che trova nel Blog <strong>\u201cAgor\u00e0 Di Cult\u201d<\/strong> il centro della comunicazione e nella \u201cCommunity Di Cult\u201d la platea di riferimento.<br \/>\nNel gruppo dello <strong>Lettore della Fotografia<\/strong><strong>\u00a0FIAF<\/strong> si potranno iscrivere sia gli appassionati fotografi esperti che i fotografi di ogni et\u00e0 desiderosi di diventare esperti.<br \/>\nIl loro operare insieme produrr\u00e0 un fenomeno di cultura fotografica importante per il singolo e per la FIAF.<br \/>\n<strong>Silvano Bicocchi<\/strong><br \/>\nIl Direttore del<strong> Dipartimento Cultura FIAF<\/strong><\/p>\n\n    <div class=\"xs_social_share_widget xs_share_url after_content \t\tmain_content  wslu-style-1 wslu-share-box-shaped wslu-fill-colored wslu-none wslu-share-horizontal wslu-theme-font-no wslu-main_content\">\n\n\t\t\n        <ul>\n\t\t\t        <\/ul>\n    <\/div> \n","protected":false},"excerpt":{"rendered":"<p>Il \u201cLettore della Fotografia FIAF\u201d L\u2019autocandidatura a Lettore della Fotografia\u00a0FIAF, non comporta il ricevimento di alcun titolo, ma semplicemente sigla &hellip;<\/p>\n","protected":false},"author":64,"featured_media":238,"comment_status":"open","ping_status":"open","sticky":false,"template":"","format":"standard","meta":{"_acf_changed":false,"footnotes":""},"categories":[5,36],"tags":[],"class_list":["post-109","post","type-post","status-publish","format-standard","has-post-thumbnail","hentry","category-critico-della-fotografia","category-cose-il-critico"],"acf":[],"_links":{"self":[{"href":"https:\/\/fiaf.net\/agoradicult\/wp-json\/wp\/v2\/posts\/109","targetHints":{"allow":["GET"]}}],"collection":[{"href":"https:\/\/fiaf.net\/agoradicult\/wp-json\/wp\/v2\/posts"}],"about":[{"href":"https:\/\/fiaf.net\/agoradicult\/wp-json\/wp\/v2\/types\/post"}],"author":[{"embeddable":true,"href":"https:\/\/fiaf.net\/agoradicult\/wp-json\/wp\/v2\/users\/64"}],"replies":[{"embeddable":true,"href":"https:\/\/fiaf.net\/agoradicult\/wp-json\/wp\/v2\/comments?post=109"}],"version-history":[{"count":0,"href":"https:\/\/fiaf.net\/agoradicult\/wp-json\/wp\/v2\/posts\/109\/revisions"}],"wp:featuredmedia":[{"embeddable":true,"href":"https:\/\/fiaf.net\/agoradicult\/wp-json\/wp\/v2\/media\/238"}],"wp:attachment":[{"href":"https:\/\/fiaf.net\/agoradicult\/wp-json\/wp\/v2\/media?parent=109"}],"wp:term":[{"taxonomy":"category","embeddable":true,"href":"https:\/\/fiaf.net\/agoradicult\/wp-json\/wp\/v2\/categories?post=109"},{"taxonomy":"post_tag","embeddable":true,"href":"https:\/\/fiaf.net\/agoradicult\/wp-json\/wp\/v2\/tags?post=109"}],"curies":[{"name":"wp","href":"https:\/\/api.w.org\/{rel}","templated":true}]}}