{"id":113,"date":"2012-01-31T11:33:17","date_gmt":"2012-01-31T11:33:17","guid":{"rendered":"https:\/\/fiaf.net\/agoradicult\/?p=113"},"modified":"2012-01-31T11:33:17","modified_gmt":"2012-01-31T11:33:17","slug":"cose-il-coordinatore-artistico","status":"publish","type":"post","link":"https:\/\/fiaf.net\/agoradicult\/2012\/01\/31\/cose-il-coordinatore-artistico\/","title":{"rendered":"Cos\u2019\u00e8 il Coordinatore artistico"},"content":{"rendered":"<p style=\"text-align: center\"><strong>Il \u201cCoordinatore artistico FIAF\u201d<\/strong><\/p>\n<p>L\u2019autocandidatura a <strong>Coordinatore artistico FIAF<\/strong>, non comporta il ricevimento di alcun titolo, ma semplicemente sigla l\u2019inizio di un percorso culturale insieme a chi ha compiuto la medesima scelta.<br \/>\nL\u2019attribuzione del titolo di <strong>Coordinatore artistico FIAF<\/strong> \u00e8 ovviamente la meta del percorso personale, intrapreso dal socio FIAF, che verr\u00e0 definita su base meritocratica in una fase pi\u00f9 matura del nostro <strong>Dipartimento Cultura<\/strong>.<br \/>\nLa FIAF offre ai propri soci iscritti al <strong>Dipartimento Cultura<\/strong> una meta da raggiungere, ma l\u2019itinerario rester\u00e0 in gran parte libero agli orientamenti personali perch\u00e8 tanti possono essere le provenienze e quindi gli itinerari per giungere alla stessa meta.<br \/>\nLa direzione del Dipartimento Cultura delineer\u00e0 alcune linee guida per guidare il corretto orientamento del lavoro di ricerca di gruppo che \u00e8 alla base del nostro metodo di studio.<br \/>\nIl tempo necessario per essere nominato <strong>Coordinatore artistico FIAF<\/strong> sar\u00e0 diverso da socio a socio, in base al livello di preparazione gi\u00e0 maturata all\u2019atto dell\u2019iscrizione al Dipartimento.<br \/>\nPerch\u00e9 ho pensato a un ruolo nel Dipartimento Cultura di questa figura dirigente?<br \/>\n<strong>Perch\u00e9 qualsiasi attivit\u00e0 fotografica si svolge, consapevolmente o no, secondo un modello culturale!<\/strong><br \/>\nIl modello culturale \u00e8 dato dai valori culturali che vengono perseguiti nello svolgimento di un\u2019attivit\u00e0 fotografica.<br \/>\nPerch\u00e8 il Coordinatore artistico e non il Direttore artistico?<br \/>\nNella presentazione del libro \u201c10\/12\/2008 \u2013 Una giornata particolare nelle Marche\u201d (maggio 2009), realizzato dai Circoli fotografici marchigiani della FIAF, cos\u00ec chiarivo questa scelta:<br \/>\n<em>\u201cA differenza del Direttore artistico che definisce in ogni dettaglio un\u2019opera e quindi ne diventa l\u2019unico creatore, il Coordinatore artistico affianca gli autori nella realizzazione <\/em><br \/>\n<em>delle loro opere, in questo modo l\u2019unico autore resta il fotografo.-\u2026- Se vogliamo fare un esempio: mentre il Direttore artistico \u00e8 l\u2019architetto che realizza il progetto in ogni dettaglio che altri costruiranno; il Coordinatore artistico \u00e8 il contadino che coltiva la pianta, la quale grazie al proprio patrimonio genetico dar\u00e0 il suo frutto. Se sapr\u00e0 coltivarla bene il frutto sar\u00e0 migliore in forma e contenuto.\u201d<\/em><br \/>\nA parte la specifica attivit\u00e0 del progetto fotografico a tema, la stessa mentalit\u00e0 di Coordinatore artistico, appena espressa, io ritengo che sia quella giusta nell\u2019ideare e condurre ogni altra attivit\u00e0 fotografica FIAF: dalla serata al Circolo, al Concorso fotografico, al Workshop, alla mostra fotografica e a tutte le tante attivit\u00e0 che coinvolgono gruppi di fotografi, fino al Festival fotografico; questo semplicemente perch\u00e9 operiamo in un ambiente di autori, non a caso il CIFA \u00e8 il Centro Italiano della Fotografia d\u2019Autore.<br \/>\nIl <strong>Coordinatore artistico FIAF<\/strong> \u00e8 il percorso ideale per chi ama organizzare attivit\u00e0 fotografiche, cio\u00e8 vivere e\u00a0 celebrare pubblicamente la cultura fotografica, sia nel suo farsi che nel momento della sua valorizzazione.<br \/>\nIn base alla mia esperienza, il percorso del <strong>Coordinatore artistico FIAF<\/strong> deve portare gli iscritti a maturare le seguenti caratteristiche:<br \/>\n&#8211; Innanzitutto \u00e8 un <strong>Animatore Culturale FIAF<\/strong> nei termini in cui \u00e8 gi\u00e0 stato delineato.<br \/>\n&#8211; E\u2019, o \u00e8 stato, un fotografo di maturata esperienza, sia in ripresa che in post-produzione.<br \/>\n-Dato che \u201cl\u2019occhio vede ci\u00f2 che sa\u201d, egli potenzia continuamente la propria percezione estetica e la sua sensibilit\u00e0 tematica, interessandosi a tutte le espressioni artistiche e vivendo intensamente l\u2019attualit\u00e0 della propria terra con l\u2019occhio sempre rivolto all\u2019ampio orizzonte nazionale e internazionale.<br \/>\n&#8211; Non necessariamente deve essere un Tutor fotografico FIAF, uno Storico della fotografia FIAF o un Critico fotografico FIAF, ma conosce profondamente i valori culturali che queste figure perseguono ed il ruolo che possono impersonare nelle attivit\u00e0 fotografiche.<br \/>\n&#8211; Conosce gli elementi della lettura dell\u2019opera fotografica e le valenze espressive dei diversi generi d\u2019opera: l\u2019immagine singola, il portfolio, l\u2019audiovisivo.<br \/>\n&#8211; La sua competenza \u00e8 su due aree: le attivit\u00e0 che promuovono il fotografare e quelle che valorizzano l\u2019opera fotografica. In entrambi gli scenari \u00e8 impegnato nel perfezionare le attivit\u00e0 gi\u00e0 consolidate ed a idearne di nuove.<br \/>\n&#8211; Nel fare fotografia: \u00e8 attento all\u2019evoluzione delle mentalit\u00e0 e dei bisogni dei fotografi e studia le attivit\u00e0 che possano stimolare l\u2019evoluzione espressiva ed offrire nuove opportunit\u00e0 applicative a chi desidera fotografare.<br \/>\n&#8211; Nel valorizzare l\u2019opera fotografica: \u00e8 consapevole che la fotografia, a differenza di quanto la gente pensa, non \u00e8 mai di immediata comprensione e di conseguenza si pone il problema di progettare le giuste modalit\u00e0 di comunicazione con le quali divulgarla. A tal fine \u00e8 aperto all\u2019interazione tra la fotografia e gli altri linguaggi espressivi.<br \/>\n&#8211; In particolare orienta il proprio agire secondo gli \u201cScopi della FIAF\u201d espressi nell\u2019Art. 2 del proprio Statuto (<a href=\"http:\/\/www.fiaf-net.it\/index2.html\" target=\"_blank\" rel=\"noopener\">http:\/\/www.fiaf-net.it\/index2.html<\/a>) che si propone \u201c Incrementare e diffondere la fotografia in tutte le sue forme\u201d; quindi fa propri i valori culturali FIAF della libert\u00e0 espressiva, della crescita culturale accessibile a tutti, della valorizzazione della fotografia contemporanea e del passato.<br \/>\n&#8211; Studia la struttura di ogni attivit\u00e0 fotografica comprendendone il modello culturale da essa espresso, cio\u00e8 riconosce dalle forme ed i contenuti quali valori culturali essa promuove. Ritiene che la qualit\u00e0, l\u2019innovazione e l\u2019efficace comunicazione siano gli elementi essenziali delle attivit\u00e0 fotografiche nel mantenere vivo l\u2019interesse per la fotografia.<br \/>\n&#8211; L\u2019azione che il <strong>Coordinatore artistico FIAF<\/strong> svolge, sia nell\u2019ambito di attivit\u00e0 locali che nazionali, \u00e8 volta a promuovere la fotografia in tutte le sue forme. Egli pone la stessa attenzione verso l\u2019autore affermato che a quello sconosciuto, in particolare pone la sua attivit\u00e0 al servizio della valorizzazione e alla diffusione della fotografia della sua terra.<br \/>\n-Nel gruppo di lavoro operante sul Blog <strong>\u201cAgor\u00e0 Di Cult\u201d<\/strong>, partecipa anche con propri contributi sugli argomenti trattati e ne propone di propri.<br \/>\nOvviamente si diventa <strong>Coordinatore artistico FIAF<\/strong> attraverso il percorso compiuto nello specifico gruppo del Dipartimento Cultura che trova nel Blog <strong>\u201cAgor\u00e0 Di Cult\u201d<\/strong> il centro della comunicazione e nella <strong>\u201cCommunity Di Cult\u201d<\/strong> la platea di riferimento.<br \/>\nNel gruppo dello <strong>Coordinatore artistico FIAF<\/strong> si potranno iscrivere sia gli appassionati fotografi esperti che i fotografi di ogni et\u00e0 desiderosi di diventare esperti.<br \/>\nIl loro operare insieme produrr\u00e0 un fenomeno di cultura fotografica importante per il singolo e per la FIAF.<br \/>\n<strong>Silvano Bicocchi<\/strong><br \/>\n<strong>Il Direttore del Dipartimento Cultura<\/strong><\/p>\n\n    <div class=\"xs_social_share_widget xs_share_url after_content \t\tmain_content  wslu-style-1 wslu-share-box-shaped wslu-fill-colored wslu-none wslu-share-horizontal wslu-theme-font-no wslu-main_content\">\n\n\t\t\n        <ul>\n\t\t\t        <\/ul>\n    <\/div> \n","protected":false},"excerpt":{"rendered":"<p>Il \u201cCoordinatore artistico FIAF\u201d L\u2019autocandidatura a Coordinatore artistico FIAF, non comporta il ricevimento di alcun titolo, ma semplicemente sigla l\u2019inizio &hellip;<\/p>\n","protected":false},"author":64,"featured_media":242,"comment_status":"open","ping_status":"open","sticky":false,"template":"","format":"standard","meta":{"_acf_changed":false,"footnotes":""},"categories":[6,35],"tags":[],"class_list":["post-113","post","type-post","status-publish","format-standard","has-post-thumbnail","hentry","category-coordinatore-artistico","category-cose-il-coordinatore"],"acf":[],"_links":{"self":[{"href":"https:\/\/fiaf.net\/agoradicult\/wp-json\/wp\/v2\/posts\/113","targetHints":{"allow":["GET"]}}],"collection":[{"href":"https:\/\/fiaf.net\/agoradicult\/wp-json\/wp\/v2\/posts"}],"about":[{"href":"https:\/\/fiaf.net\/agoradicult\/wp-json\/wp\/v2\/types\/post"}],"author":[{"embeddable":true,"href":"https:\/\/fiaf.net\/agoradicult\/wp-json\/wp\/v2\/users\/64"}],"replies":[{"embeddable":true,"href":"https:\/\/fiaf.net\/agoradicult\/wp-json\/wp\/v2\/comments?post=113"}],"version-history":[{"count":0,"href":"https:\/\/fiaf.net\/agoradicult\/wp-json\/wp\/v2\/posts\/113\/revisions"}],"wp:featuredmedia":[{"embeddable":true,"href":"https:\/\/fiaf.net\/agoradicult\/wp-json\/wp\/v2\/media\/242"}],"wp:attachment":[{"href":"https:\/\/fiaf.net\/agoradicult\/wp-json\/wp\/v2\/media?parent=113"}],"wp:term":[{"taxonomy":"category","embeddable":true,"href":"https:\/\/fiaf.net\/agoradicult\/wp-json\/wp\/v2\/categories?post=113"},{"taxonomy":"post_tag","embeddable":true,"href":"https:\/\/fiaf.net\/agoradicult\/wp-json\/wp\/v2\/tags?post=113"}],"curies":[{"name":"wp","href":"https:\/\/api.w.org\/{rel}","templated":true}]}}