{"id":11691,"date":"2016-11-14T23:00:17","date_gmt":"2016-11-14T21:00:17","guid":{"rendered":"https:\/\/fiaf.net\/agoradicult\/?p=11691"},"modified":"2016-11-14T23:00:17","modified_gmt":"2016-11-14T21:00:17","slug":"agenda-di-cult-2016","status":"publish","type":"post","link":"https:\/\/fiaf.net\/agoradicult\/2016\/11\/14\/agenda-di-cult-2016\/","title":{"rendered":"Agenda Di Cult 2016"},"content":{"rendered":"<h2 style=\"text-align: center\"><\/h2>\n<h2 style=\"text-align: center\"><\/h2>\n<h2 style=\"text-align: center\"><strong>Agenda Di Cult 2016<\/strong><\/h2>\n<p>&nbsp;<br \/>\nLe attivit\u00e0 culturali promosse dalle Associazioni aderenti alla FIAF sono un momento prezioso per dare anche relazione fisica allo scambio dei messaggi che manteniamo accesi tra noi sui social e sui blog durante tutto l\u2019anno.<br \/>\nLa relazione fisica \u00e8 un momento magnifico, denso di attese e di rilancio concreto del nostro livello di comunicazione verso maggiori estensioni tematiche e profondit\u00e0 d\u2019analisi. Se guardo all\u2019indietro mi accorgo che la mia vita \u00e8 fatta di incontri con persone della mia stessa et\u00e0, o pi\u00f9 giovani ma pi\u00f9 spesso con quelle pi\u00f9 anziane di me. Questi ultimi amici mi hanno donato risposte a domande ancora irrisolte o addirittura hanno posto alla mia coscienza quesiti che avevo latenti e non conoscevo ancora nella loro importanza.<br \/>\nNel 2015 ci hanno lasciato Lanfranco Colombo, Sergio Magni e ultimamente, a sorpresa, anche Cesare Colombo. Sono state tre figure che in vario modo hanno dato le fondamenta alla cultura fotografica italiana di oggi; a breve rifletteremo sul prezioso operato di Cesare Colombo.<br \/>\nNelle attivit\u00e0 il conoscere \u00a0i percorsi di chi ci ha preceduto, di chi gi\u00e0 da un po\u2019 sta camminando insieme a noi e di chi pi\u00f9 giovane e si \u00e8 appena accostato, diventer\u00e0 il sapore della nostra vita. Questa dell\u2019incontro, della conoscenza dell\u2019altro deve essere la prima necessit\u00e0 a giustificare la partecipazione alle nostre attivit\u00e0.<br \/>\nFrequentiamo quindi i nostri momenti con questo spirito di apertura all\u2019incontro. Mettiamo per scontato che chi \u00e8 presente ad un\u2019attivit\u00e0 \u00e8 l\u00ec per conoscere e farsi conoscere, al di l\u00e0 della timidezza che a volte ci blocca e del tempo che \u00e8 sempre tiranno. Mettiamo in circolo le nostre immagini e proviamo a pronunciare parole che possano comunicare quei sentimenti e concetti da noi trovati nel leggerle.<br \/>\nLa comunicazione con l\u2019immagine \u00e8 uno dei pi\u00f9 potenti mezzi che abbiamo per manifestarci; tra le tante occasioni che l\u2019Agenda Di Cult presenta scegliamo quelle per noi imperdibili, per non mancare di vivere quegli incontri che a volte cambiamo la vita!<br \/>\n&nbsp;<br \/>\n<a href=\"https:\/\/fiaf.net\/agoradicult\/wp-content\/uploads\/sites\/23\/2016\/02\/Agenda-DC-160.jpg\"><img loading=\"lazy\" decoding=\"async\" class=\"aligncenter size-full wp-image-11692\" src=\"https:\/\/fiaf.net\/agoradicult\/wp-content\/uploads\/sites\/23\/2016\/02\/Agenda-DC-160.jpg\" alt=\"Agenda DC 160\" width=\"580\" height=\"435\" srcset=\"https:\/\/fiaf.net\/agoradicult\/wp-content\/uploads\/sites\/23\/2016\/02\/Agenda-DC-160.jpg 580w, https:\/\/fiaf.net\/agoradicult\/wp-content\/uploads\/sites\/23\/2016\/02\/Agenda-DC-160-300x225.jpg 300w\" sizes=\"auto, (max-width: 580px) 100vw, 580px\" \/><\/a><br \/>\n&nbsp;<\/p>\n<h2 style=\"text-align: center\"><strong>Agenda Di Cult delle attivit\u00e0 2016<\/strong><\/h2>\n<p>Questo\u00a0elenco \u00e8 solo una piccola parte delle attivit\u00e0 FIAF e ancora in fase di completamento. In esso sono elencate quelle promosse dalla FIAF Nazionale e quelle in cui hanno parte attiva iscritti al <strong>Dipartimento Cultura FIAF.<\/strong><br \/>\n&#8211; \u00a0 \u00a0 \u00a0 \u00a0<strong>15\/01\/2016, Garbagnate,\u00a0Gruppo Fotografico Garbagnatese<\/strong>, conferenza <b>\u201cCriteri di lettura e valutazione dell&#8217;immagine\u201d<\/b>\u00a0(singola) di Walter Turcato.<br \/>\n<span style=\"color: #000000\">&#8211;\u00a0\u00a0\u00a0\u00a0\u00a0\u00a0\u00a0\u00a0 <strong>27\/02\/2016, Bovolone. AVV Arti Visive Bovolone (VR),<\/strong> venerd\u00ec 27 \u201c<strong>I linguaggi della fotografia<\/strong>\u201d, segue lettura delle immagini dei partecipanti, attivit\u00e0 condotta da Silvano Bicocchi. Auditorio della biblioteca di via Vescovado, Bovolone (VR) inizio ore 14:30.<\/span><br \/>\n<span style=\"color: #000000\">&#8211; \u00a0 \u00a0 \u00a0 \u00a0 \u00a0<strong>05 e 06\/03\/2016. Taranto, Circolo Fotografico &#8220;Il Castello&#8221;,\u00a0<\/strong>mostra\u00a0&#8220;Shooting my religion&#8221; presentazione di Orietta Bay che \u00a0 \u00a0nella mattinata del o6\/03, conferenza &#8220;Donne e fotografia &#8211; L&#8217;intensit\u00e0 dello sguardo&#8221;.<\/span><br \/>\n&#8211; \u00a0 \u00a0 \u00a0 \u00a0 \u00a0<strong>15\/03, Legnano,\u00a0Famiglia Legnanese<\/strong>\u00a0conferenza tenuta da Walter Turcato\u00a0<b>\u201cPORTFOLIO FOTOGRAFICO: Capire un Racconto\u201d, s<\/b>uggerimenti per una corretta realizzazione.<br \/>\n&#8211; \u00a0 \u00a0 \u00a0 \u00a0 \u00a0\u00a0<strong>02 e 03\/04\/2016, Sestri Levante (GE) \u2013 Organizzato da \u201cCARPE DIEM\u201d, PhotoHappening &#8211; SetSimposio. <\/strong>Riflessioni sulla fotografia, lettura opere, realizzazione in estemporanea di opere a Portfolio.<br \/>\n<span style=\"color: #000000\">&#8211;\u00a0\u00a0\u00a0\u00a0\u00a0\u00a0\u00a0\u00a0\u00a0\u00a0 <strong>09\/04\/2016, CIFA Bibbiena (AR), \u201cAutoritratto in assenza\u201d<\/strong><\/span><br \/>\n<span style=\"color: #000000\">&#8211; \u00a0 \u00a0 \u00a0 \u00a0 \u00a0 \u00a0 <strong>17\/04\/2016, Ghedi (BS) \u2013 presso il \u201cC.F. LAMBDA\u201d con il 6\u00b0 \u201cPortfolio Tornado Ghedi\u201d &#8211; <\/strong>con la lettura <strong>\u201cFace to Face\u201d con Orietta Bay, Silvano Bicocchi. Tavoli di lettura di portfolio con Lino Aldi e Walter Turcato.\u00a0<\/strong><\/span><br \/>\n<span style=\"color: #000000\">&#8211; \u00a0 \u00a0 \u00a0 \u00a0 \u00a0 \u00a0<strong>06 , 07 e 08\/05\/2016, Merano (BZ), 68\u00b0 Congresso Nazionale FIAF. 1\u00b0 tappa del circuito Portfolio Italia 2016.<\/strong> <strong>1\u00b0 Tappa di Portfolio Italia 2106<\/strong><\/span><br \/>\n<span style=\"color: #000000\"><strong>&#8211;\u00a0\u00a0\u00a0\u00a0\u00a0\u00a0\u00a0\u00a0\u00a0\u00a0\u00a0\u00a0 21\/05\/2016, Gigi Montali, personale Palazzo dei Principi Correggio (RE)<\/strong><\/span><br \/>\n<span style=\"color: #000000\">&#8211;\u00a0\u00a0\u00a0\u00a0\u00a0\u00a0\u00a0\u00a0\u00a0\u00a0\u00a0\u00a0 <strong>28 e 29\/05\/2016, Taranto, 13\u00b0 Foto Arte. 2\u00b0 Tappa di Portfolio Italia 2106<\/strong><\/span><br \/>\n<span style=\"color: #000000\"><strong>&#8211;\u00a0\u00a0\u00a0\u00a0\u00a0\u00a0\u00a0\u00a0\u00a0\u00a0\u00a0\u00a0 11\/06\/2016, CIFA Bibbiena Inaugurazione del progetto nazionale \u201cTANTI per TUTTI\u201d il Volontariato in Italia. <\/strong><\/span><br \/>\n<span style=\"color: #000000\"><strong>&#8211;\u00a0\u00a0\u00a0\u00a0\u00a0\u00a0\u00a0\u00a0\u00a0\u00a0\u00a0\u00a0 24, 25 e 26\/06\/2016, Sassoferrato (AN)<\/strong>, durante <strong>\u201c7\u00b0 FacePhotoNews\u201d<\/strong> con lettura di Portfolio, <strong>Face to Face.<\/strong>\u00a0<strong>3\u00b0 Tappa di Portfolio Italia 2106<\/strong><\/span><br \/>\n<span style=\"color: #000000\"><strong>&#8211;\u00a0\u00a0\u00a0\u00a0\u00a0\u00a0\u00a0\u00a0\u00a0\u00a0\u00a0\u00a0 01, 02 e 03\/07\/2016, Sestri Levante (GE)<\/strong> \u2013 durante il\u00a0 <strong>\u201c10\u00b0 Portfolio al mare\u201d <\/strong>con lettura di portfolio, <strong>Face to Face<\/strong>. 4\u00b0 Tappa di Portfolio Italia 2106<\/span><br \/>\n<span style=\"color: #000000\">&#8211;\u00a0\u00a0\u00a0\u00a0\u00a0\u00a0\u00a0\u00a0\u00a0\u00a0\u00a0\u00a0 <strong>16 e 17\/07\/2016, Corigliano Calabro, 14\u00b0 Festival Corigliano Calabro Fotografia.<\/strong> 5\u00b0 Tappa di Portfolio Italia 2106<\/span><br \/>\n<span style=\"color: #000000\">&#8211;\u00a0\u00a0\u00a0\u00a0\u00a0\u00a0\u00a0\u00a0\u00a0\u00a0\u00a0\u00a0 <strong>06 e 07\/08\/2016, Castelnuovo di Garfagnana, 17\u00b0 Garfagnana fotografia.<\/strong> 6\u00b0 Tappa di Portfolio Italia 2106<\/span><br \/>\n<span style=\"color: #000000\">&#8211;\u00a0\u00a0\u00a0\u00a0\u00a0\u00a0\u00a0\u00a0\u00a0\u00a0\u00a0\u00a0\u00a0\u00a0 <strong>27 e 28\/08\/2016, Trieste, C.F. Fincantieri Wersila, 14\u00b0 Trieste fotografia<\/strong>, 7\u00b0 Tappa di Portfolio Italia 2105<\/span><br \/>\n<span style=\"color: #000000\">&#8211;\u00a0\u00a0\u00a0\u00a0\u00a0\u00a0\u00a0\u00a0\u00a0\u00a0\u00a0\u00a0 <strong>10 e 11\/09\/2016, Savignano sul Rubicone, 25\u00b0 SI Fest Savignano Immagini Festival<\/strong> 8\u00b0 Tappa di Portfolio Italia 2106<\/span><br \/>\n<span style=\"color: #000000\">&#8211; \u00a0 \u00a0 \u00a0 \u00a0 \u00a0 \u00a0 <strong>17 e 18\/09\/2016, Bibbiena<\/strong>, durante <strong>\u201c17\u00b0 Fotoconfronti\u201d.\u00a0BIENNALE GIOVANI \u00a0tema &#8220;Contaminazioni&#8221; &#8211; 9\u00b0<\/strong> <strong>Tappa di Portfolio Italia 2106.<\/strong><\/span><br \/>\n<span style=\"color: #000000\">&#8211; \u00a0 \u00a0 \u00a0 \u00a0 \u00a0 \u00a0<strong>24 e 25\/09\/2016, Inverigo, Circolo Fotografico Inverigo.<\/strong> Sabato presentazione libro &#8220;Uno scatto dopo l&#8217;altro&#8221; di Luigi Erba, conferenza &#8220;Messaggi penetranti &#8211; perch\u00e9 le immagini ci parlano&#8221; di Silvano Bicocchi. Domenica &#8220;Portfolio Brigantia&#8221;, modalit\u00e0 Face to Face con Chiara Ratti (Comunication Manager) e Silvano Bicocchi, lettura al tavolo con Luigi Erba. Informazioni e prenotazioni:\u00a0segreteria@circolofotograficoinverigo.it .\u00a0<\/span><br \/>\n<span style=\"color: #000000\">&#8211;\u00a0\u00a0\u00a0\u00a0\u00a0\u00a0\u00a0\u00a0\u00a0\u00a0\u00a0\u00a0 <strong>01 e 02\/10\/2016, Rosignano Marittimo, 5\u00b0 RosignanoFotoFestival<\/strong>, 10\u00b0 Tappa di Portfolio Italia 2016.<\/span><br \/>\n<span style=\"color: #ff0000\"><strong><span style=\"color: #000000\">&#8211; \u00a0<\/span> \u00a0 <span style=\"color: #000000\">\u00a0 \u00a0 \u00a0 \u00a0 22 e 23\/10\/2016, Carpi (Mo), CARPI FOTO FEST 2016 &#8211; G.F. Grandangolo<\/span><\/strong><\/span><br \/>\n<span style=\"color: #000000\">&#8211;\u00a0\u00a0\u00a0\u00a0\u00a0\u00a0\u00a0\u00a0\u00a0\u00a0 <strong>29 e 30\/10\/2016, CIFA di Bibbiena, PhotoHappening \u2013 CIFA,<\/strong> attivit\u00e0 a cura del <strong>Dipartimento Cultura FIAF<\/strong> . Attivit\u00e0 a numero chiuso.<\/span><br \/>\n<span style=\"color: #000000\"><strong>&#8211;\u00a0\u00a0\u00a0\u00a0\u00a0\u00a0\u00a0\u00a0\u00a0\u00a0\u00a0\u00a0 04 , 05 e 06\/11\/2016, Colorno (PR), COLORNO PHOTO LIFE Festival.<\/strong><\/span><br \/>\n<span style=\"color: #000000\">&#8211; \u00a0 \u00a0 \u00a0 \u00a0 <strong>\u00a0 \u00a0 26\/11\/2016, CIFA Bibbiena, Premiazione di &#8220;Portfolio Italia 2016&#8221;, vedi il\u00a0programma &#8211;\u00a0http:\/\/www.centrofotografia.org\u00a0&#8211;<\/strong><\/span><br \/>\nNel programma troverete in anteprima le nuove date delle attivit\u00e0 del CIFA di Bibbiena e delle manifestazioni del Portfolio Italia, coordinato dal Dipartimento Manifestazioni FIAF diretto dal Presidente d\u2019Onore Fulvio Merlak.<br \/>\nInvito tutti gli iscritti ad <strong>Agor\u00e0 Di Cult<\/strong> a segnalarmi le attivit\u00e0, piccole o grandi che siano, nelle quali daranno il loro contributo, in modo da dare loro visibilit\u00e0.<br \/>\nSilvano Bicocchi<br \/>\nDirettore del <strong>Dipartimento Cultura FIAF<\/strong><br \/>\n&nbsp;<br \/>\n&nbsp;<\/p>\n\n    <div class=\"xs_social_share_widget xs_share_url after_content \t\tmain_content  wslu-style-1 wslu-share-box-shaped wslu-fill-colored wslu-none wslu-share-horizontal wslu-theme-font-no wslu-main_content\">\n\n\t\t\n        <ul>\n\t\t\t        <\/ul>\n    <\/div> \n","protected":false},"excerpt":{"rendered":"<p>Agenda Di Cult 2016 &nbsp; Le attivit\u00e0 culturali promosse dalle Associazioni aderenti alla FIAF sono un momento prezioso per dare &hellip;<\/p>\n","protected":false},"author":3,"featured_media":11692,"comment_status":"open","ping_status":"open","sticky":false,"template":"","format":"standard","meta":{"_acf_changed":false,"footnotes":""},"categories":[],"tags":[],"class_list":["post-11691","post","type-post","status-publish","format-standard","has-post-thumbnail","hentry"],"acf":[],"_links":{"self":[{"href":"https:\/\/fiaf.net\/agoradicult\/wp-json\/wp\/v2\/posts\/11691","targetHints":{"allow":["GET"]}}],"collection":[{"href":"https:\/\/fiaf.net\/agoradicult\/wp-json\/wp\/v2\/posts"}],"about":[{"href":"https:\/\/fiaf.net\/agoradicult\/wp-json\/wp\/v2\/types\/post"}],"author":[{"embeddable":true,"href":"https:\/\/fiaf.net\/agoradicult\/wp-json\/wp\/v2\/users\/3"}],"replies":[{"embeddable":true,"href":"https:\/\/fiaf.net\/agoradicult\/wp-json\/wp\/v2\/comments?post=11691"}],"version-history":[{"count":0,"href":"https:\/\/fiaf.net\/agoradicult\/wp-json\/wp\/v2\/posts\/11691\/revisions"}],"wp:featuredmedia":[{"embeddable":true,"href":"https:\/\/fiaf.net\/agoradicult\/wp-json\/wp\/v2\/media\/11692"}],"wp:attachment":[{"href":"https:\/\/fiaf.net\/agoradicult\/wp-json\/wp\/v2\/media?parent=11691"}],"wp:term":[{"taxonomy":"category","embeddable":true,"href":"https:\/\/fiaf.net\/agoradicult\/wp-json\/wp\/v2\/categories?post=11691"},{"taxonomy":"post_tag","embeddable":true,"href":"https:\/\/fiaf.net\/agoradicult\/wp-json\/wp\/v2\/tags?post=11691"}],"curies":[{"name":"wp","href":"https:\/\/api.w.org\/{rel}","templated":true}]}}