{"id":1190,"date":"2012-02-28T20:00:33","date_gmt":"2012-02-28T20:00:33","guid":{"rendered":"https:\/\/fiaf.net\/agoradicult\/?p=1190"},"modified":"2012-02-28T20:00:33","modified_gmt":"2012-02-28T20:00:33","slug":"bernard-plossu-taccuini-di-viaggio","status":"publish","type":"post","link":"https:\/\/fiaf.net\/agoradicult\/2012\/02\/28\/bernard-plossu-taccuini-di-viaggio\/","title":{"rendered":"Bernard Plossu: Taccuini di viaggio"},"content":{"rendered":"<p style=\"text-align: center\"><strong>BERNARD PLOSSU: TACCUINI DI VIAGGIO <\/strong><\/p>\n<p style=\"text-align: center\"><strong>\u201cLetture ermeneutiche\u201d I\u00b0 parte<\/strong><\/p>\n<p><strong>\u00a0<\/strong><\/p>\n<p style=\"text-align: justify\">\u00a0Bernard Plossu (1945) ha iniziato a fotografare giovanissimo raccontando il suo peregrinare attraverso \u00a0deserti, citt\u00e0, isole, spostandosi in aereo, macchina, autobus, a piedi; non a caso lo hanno definito \u201cfotografo nomade\u201d e lui stesso afferma \u201cla mia valigia \u00e8 sempre pronta\u201d.<\/p>\n<p style=\"text-align: justify\">E come ogni viaggiatore che si rispetti, Plossu ha il suo viatico: uno stile inconfondibile frutto di un\u2019impareggiabile senso della poetica dovuto alle feconde frequentazioni con il mondo della letteratura : Henry Miller, Allen Ginsberg e Michel Butor per citare alcuni nomi; tutti scrittori in qualche modo legati al tema del viaggio.<\/p>\n<figure id=\"attachment_1192\" aria-describedby=\"caption-attachment-1192\" style=\"width: 600px\" class=\"wp-caption aligncenter\"><a href=\"https:\/\/fiaf.net\/agoradicult\/wp-content\/uploads\/sites\/23\/2012\/02\/01-Plossu_01.jpg\"><img loading=\"lazy\" decoding=\"async\" class=\" wp-image-1192\" title=\"01 Plossu_01\" src=\"https:\/\/fiaf.net\/agoradicult\/wp-content\/uploads\/sites\/23\/2012\/02\/01-Plossu_01.jpg\" alt=\"\" width=\"600\" height=\"403\" srcset=\"https:\/\/fiaf.net\/agoradicult\/wp-content\/uploads\/sites\/23\/2012\/02\/01-Plossu_01.jpg 600w, https:\/\/fiaf.net\/agoradicult\/wp-content\/uploads\/sites\/23\/2012\/02\/01-Plossu_01-300x202.jpg 300w\" sizes=\"auto, (max-width: 600px) 100vw, 600px\" \/><\/a><figcaption id=\"caption-attachment-1192\" class=\"wp-caption-text\">Bordeaux 1994<\/figcaption><\/figure>\n&nbsp;<\/p>\n<p style=\"text-align: justify\">Quello di Plossu \u00e8 un reportage se con questo termine si intende il racconto di un viaggio non didascalico n\u00e9 retorico; Plossu non desidera documentare ne\u2019 spiegare, \u00a0ma narrare utilizzando un suo stile e una sua grammatica. I volti, i paesaggi, gli oggetti che incontra sono parole che ricompone mirabilmente in un \u00a0racconto che \u00e8 insieme la sua visione interiore ed esteriore.<\/p>\n<p style=\"text-align: justify\">Un doppio registro il suo: paesaggi reali che si intersecano con paesaggi dell\u2019anima, non luoghi. Gli attimi\u00a0 ripresi sono fuori dal tempo inteso come entit\u00e0 misurabile e ne comunicano una percezione interiore.\u00a0 I dettagli, le sfumature, le immagini mosse sono echi piuttosto che momenti fissati e rigidamente impressi, come egli stesso afferma \u201c Ce que j\u2019espere realiser dans mes photographies est le non-temp, au lieu du temps arret\u00e8. Comme le brefs moments de silence dans la musique du Moyen-Orient.(\u2026) Un \u00e9cho plutot qu\u2019un moment\u201d\u00a0 (Ci\u00f2 che spero di realizzare con le mie fotografie \u00e8 il non-tempo invece di un tempo che si \u00e8 fermato. Come i brevi momenti di silenzio della musica mediorientale. Un eco piuttosto che un attimo).<\/p>\n<figure id=\"attachment_1193\" aria-describedby=\"caption-attachment-1193\" style=\"width: 418px\" class=\"wp-caption aligncenter\"><a href=\"https:\/\/fiaf.net\/agoradicult\/wp-content\/uploads\/sites\/23\/2012\/02\/01-Plossu_02.jpg\"><img loading=\"lazy\" decoding=\"async\" class=\"size-full wp-image-1193\" title=\"01 Plossu_02\" src=\"https:\/\/fiaf.net\/agoradicult\/wp-content\/uploads\/sites\/23\/2012\/02\/01-Plossu_02.jpg\" alt=\"\" width=\"418\" height=\"632\" srcset=\"https:\/\/fiaf.net\/agoradicult\/wp-content\/uploads\/sites\/23\/2012\/02\/01-Plossu_02.jpg 418w, https:\/\/fiaf.net\/agoradicult\/wp-content\/uploads\/sites\/23\/2012\/02\/01-Plossu_02-198x300.jpg 198w\" sizes=\"auto, (max-width: 418px) 100vw, 418px\" \/><\/a><figcaption id=\"caption-attachment-1193\" class=\"wp-caption-text\">Messico 1965<\/figcaption><\/figure>\n<p style=\"text-align: justify\">Ci\u00f2 che davvero lo interessa \u00e8 condividere la sua visione della realt\u00e0 al di l\u00e0 di ogni clich\u00e8 e prova ne \u00e8 il fatto che pur raccontando prevalentemente in bianco nero ha utilizzato il colore in tempi in cui non era consueto declinandolo per\u00f2 in maniera mai sfacciata ne\u2019 aggressiva: la poesia sussurra, non urla.<\/p>\n<figure id=\"attachment_1194\" aria-describedby=\"caption-attachment-1194\" style=\"width: 600px\" class=\"wp-caption aligncenter\"><a href=\"https:\/\/fiaf.net\/agoradicult\/wp-content\/uploads\/sites\/23\/2012\/02\/01-Plossu_03.jpg\"><img loading=\"lazy\" decoding=\"async\" class=\"size-full wp-image-1194\" title=\"01 Plossu_03\" src=\"https:\/\/fiaf.net\/agoradicult\/wp-content\/uploads\/sites\/23\/2012\/02\/01-Plossu_03.jpg\" alt=\"\" width=\"600\" height=\"398\" srcset=\"https:\/\/fiaf.net\/agoradicult\/wp-content\/uploads\/sites\/23\/2012\/02\/01-Plossu_03.jpg 600w, https:\/\/fiaf.net\/agoradicult\/wp-content\/uploads\/sites\/23\/2012\/02\/01-Plossu_03-300x199.jpg 300w\" sizes=\"auto, (max-width: 600px) 100vw, 600px\" \/><\/a><figcaption id=\"caption-attachment-1194\" class=\"wp-caption-text\">Nuovo Messico 1981. Stampa metodo Fresson<\/figcaption><\/figure>\n&nbsp;<br \/>\nHa iniziato a scattare con una Brownie Flash oggi predilige l\u2019obiettivo 50 mm ed a chi gli chiede se occorra una buona macchina per fare una buona foto risponde \u201c\u00e8 questione di sensibilit\u00e0, di intelligenza visiva\u201d. Ci\u00f2 non faccia per\u00f2 concludere che le sue immagini siano poco attente alle forma o frutto del caso; neppure le composizioni che potrebbero essere ritenute fuori target fotografico o\u00a0 le inquadrature che tradiscono inclinazioni bizzarre, lo sono: \u201cnon sempre il rapporto del corpo con il mondo \u00e8 in equilibrio\u201d<a title=\"\" href=\"#_ftn1\">[1]<\/a> sembra dire, questo fotografo\/scrittore di viaggi.<br \/>\nTutto, proprio tutto nelle sue immagini ha una sua ragione di esistere ed \u00e8 necessario intrattenersi per lungo tempo con esse per poter intuire, azzardare ipotesi, capire. Plossu racconta, suggerisce, ammicca, prende per mano lo spettatore accompagnandolo dentro immagini che sono pura resa visiva del suo amore per la letteratura e il cinema.<br \/>\n<figure id=\"attachment_1195\" aria-describedby=\"caption-attachment-1195\" style=\"width: 402px\" class=\"wp-caption aligncenter\"><a href=\"https:\/\/fiaf.net\/agoradicult\/wp-content\/uploads\/sites\/23\/2012\/02\/01-Plossu_04.jpg\"><img loading=\"lazy\" decoding=\"async\" class=\" wp-image-1195\" title=\"01 Plossu_04\" src=\"https:\/\/fiaf.net\/agoradicult\/wp-content\/uploads\/sites\/23\/2012\/02\/01-Plossu_04.jpg\" alt=\"\" width=\"402\" height=\"600\" srcset=\"https:\/\/fiaf.net\/agoradicult\/wp-content\/uploads\/sites\/23\/2012\/02\/01-Plossu_04.jpg 402w, https:\/\/fiaf.net\/agoradicult\/wp-content\/uploads\/sites\/23\/2012\/02\/01-Plossu_04-201x300.jpg 201w\" sizes=\"auto, (max-width: 402px) 100vw, 402px\" \/><\/a><figcaption id=\"caption-attachment-1195\" class=\"wp-caption-text\">Marsiglia 1991<\/figcaption><\/figure>\n&nbsp;<br \/>\nNon si pu\u00f2 avere fretta se davvero si vuole afferrare il valore di questo complesso \u2013 per ampio respiro &#8211; e al tempo stesso semplice \u2013 per\u00a0 delicatezza ispirativa \u2013 fotografo. Per guardare le sue immagini lasciando che ci parlino e ci raccontino del suo occhio interiore ed esteriore occorrono pari strumenti: una visione interiore per creare un legame empatico e una visione esteriore che consenta di abbracciare il suo mondo intriso di arte e poesia.<br \/>\nNessuna frase potrebbe essere pi\u00f9 appropriata per chiosare e chiudere : \u201cI viaggi sono i viaggiatori\u201d<a title=\"\" href=\"#_ftn1\">[2]<\/a> \u00a0e ogni immagine \u00a0di Plossu \u00e8 davvero Plossu.<br \/>\n&nbsp;<br \/>\n<strong>Alessia Lombardi<\/strong>.<br \/>\nFirenze, 26 febbraio 2012<\/p>\n<div><\/div>\n<div><\/div>\n<hr align=\"left\" size=\"1\" width=\"33%\" \/>\n<div>\n<a title=\"\" href=\"#_ftnref1\">[1]<\/a> Bernard Plossu Mimmo Iodice. Sguardi gardesani. Silvana Editoriale 2007 &#8211; \u00a0<a href=\"http:\/\/www.unilibro.it\/libro\/zanot-francesco-dazieri-sandrone\/bernard-plossu-attraverso-milano-catalogo-della-mostra-milano-16-aprile-25-maggio-2008-\/9788837062651\" target=\"_blank\" rel=\"noopener\">Bernard Plossu. Attraverso Milano. Catalogo della mostra (Milano, 16 aprile-25 maggio 2008)<\/a>. Mondadori Electa, 2008<br \/>\n<a title=\"\" href=\"#_ftnref1\">[2]<\/a> Fernando Pessoa. Il libro dell\u2019inquietudine.\n<\/div>\n\n    <div class=\"xs_social_share_widget xs_share_url after_content \t\tmain_content  wslu-style-1 wslu-share-box-shaped wslu-fill-colored wslu-none wslu-share-horizontal wslu-theme-font-no wslu-main_content\">\n\n\t\t\n        <ul>\n\t\t\t        <\/ul>\n    <\/div> \n","protected":false},"excerpt":{"rendered":"<p>BERNARD PLOSSU: TACCUINI DI VIAGGIO \u201cLetture ermeneutiche\u201d I\u00b0 parte \u00a0 \u00a0Bernard Plossu (1945) ha iniziato a fotografare giovanissimo raccontando il &hellip;<\/p>\n","protected":false},"author":15,"featured_media":1198,"comment_status":"open","ping_status":"open","sticky":false,"template":"","format":"standard","meta":{"_acf_changed":false,"footnotes":""},"categories":[8],"tags":[],"class_list":["post-1190","post","type-post","status-publish","format-standard","has-post-thumbnail","hentry","category-biblioteca-autori"],"acf":[],"_links":{"self":[{"href":"https:\/\/fiaf.net\/agoradicult\/wp-json\/wp\/v2\/posts\/1190","targetHints":{"allow":["GET"]}}],"collection":[{"href":"https:\/\/fiaf.net\/agoradicult\/wp-json\/wp\/v2\/posts"}],"about":[{"href":"https:\/\/fiaf.net\/agoradicult\/wp-json\/wp\/v2\/types\/post"}],"author":[{"embeddable":true,"href":"https:\/\/fiaf.net\/agoradicult\/wp-json\/wp\/v2\/users\/15"}],"replies":[{"embeddable":true,"href":"https:\/\/fiaf.net\/agoradicult\/wp-json\/wp\/v2\/comments?post=1190"}],"version-history":[{"count":0,"href":"https:\/\/fiaf.net\/agoradicult\/wp-json\/wp\/v2\/posts\/1190\/revisions"}],"wp:featuredmedia":[{"embeddable":true,"href":"https:\/\/fiaf.net\/agoradicult\/wp-json\/wp\/v2\/media\/1198"}],"wp:attachment":[{"href":"https:\/\/fiaf.net\/agoradicult\/wp-json\/wp\/v2\/media?parent=1190"}],"wp:term":[{"taxonomy":"category","embeddable":true,"href":"https:\/\/fiaf.net\/agoradicult\/wp-json\/wp\/v2\/categories?post=1190"},{"taxonomy":"post_tag","embeddable":true,"href":"https:\/\/fiaf.net\/agoradicult\/wp-json\/wp\/v2\/tags?post=1190"}],"curies":[{"name":"wp","href":"https:\/\/api.w.org\/{rel}","templated":true}]}}