{"id":12180,"date":"2016-03-13T19:10:13","date_gmt":"2016-03-13T17:10:13","guid":{"rendered":"https:\/\/fiaf.net\/agoradicult\/?p=12180"},"modified":"2016-03-13T19:10:13","modified_gmt":"2016-03-13T17:10:13","slug":"6photohappening-set-simposio","status":"publish","type":"post","link":"https:\/\/fiaf.net\/agoradicult\/2016\/03\/13\/6photohappening-set-simposio\/","title":{"rendered":"6\u00b0PhotoHappening \u2013 Set &amp; Simposio"},"content":{"rendered":"<p>&nbsp;<br \/>\n<a href=\"https:\/\/fiaf.net\/agoradicult\/wp-content\/uploads\/sites\/23\/2016\/03\/Logo-Photo-Happening_2016-ridotto.jpg\"><img loading=\"lazy\" decoding=\"async\" class=\"aligncenter size-full wp-image-12195\" src=\"https:\/\/fiaf.net\/agoradicult\/wp-content\/uploads\/sites\/23\/2016\/03\/Logo-Photo-Happening_2016-ridotto.jpg\" alt=\"Logo Photo Happening_2016 ridotto\" width=\"580\" height=\"382\" srcset=\"https:\/\/fiaf.net\/agoradicult\/wp-content\/uploads\/sites\/23\/2016\/03\/Logo-Photo-Happening_2016-ridotto.jpg 580w, https:\/\/fiaf.net\/agoradicult\/wp-content\/uploads\/sites\/23\/2016\/03\/Logo-Photo-Happening_2016-ridotto-300x198.jpg 300w\" sizes=\"auto, (max-width: 580px) 100vw, 580px\" \/><\/a><br \/>\nNon lo avremmo mai detto nel 2011, quando con gli amici del CARPE DIEM di Sestri Levante, abbiamo ideato il PhotoHappening: l\u2019evento di apertura delle attivit\u00e0 annuali interregionali per l\u2019area ligure.<br \/>\nAlla prima edizione\u00a0del 2011 al &#8220;Papagajo&#8221;,\u00a0fu l&#8217;alta l&#8217;adesione, oltre l\u2019immaginabile, di circa settanta fotografi, contro i trenta\u00a0attesi, che ci fece capire che non era pi\u00f9 un work shop ci\u00f2 che ci veniva chiesto ma qualcos\u2019altro; da l\u00ec il nuovo nome PhotoHappening. Allora si pu\u00f2 dire che abbiamo \u201cpreso l\u2019onda\u201d per il verso giusto e gi\u00e0 alla seconda\u00a0edizione del 2012 alla &#8220;Madonnina del Grappa&#8221; la partecipazione raddoppi\u00f2 a oltre 140 partecipanti.<br \/>\n&nbsp;<br \/>\n<a href=\"https:\/\/fiaf.net\/agoradicult\/wp-content\/uploads\/sites\/23\/2016\/03\/10_conferenza.jpg\"><img loading=\"lazy\" decoding=\"async\" class=\"aligncenter size-full wp-image-12203\" src=\"https:\/\/fiaf.net\/agoradicult\/wp-content\/uploads\/sites\/23\/2016\/03\/10_conferenza.jpg\" alt=\"10_conferenza\" width=\"580\" height=\"386\" srcset=\"https:\/\/fiaf.net\/agoradicult\/wp-content\/uploads\/sites\/23\/2016\/03\/10_conferenza.jpg 580w, https:\/\/fiaf.net\/agoradicult\/wp-content\/uploads\/sites\/23\/2016\/03\/10_conferenza-300x200.jpg 300w\" sizes=\"auto, (max-width: 580px) 100vw, 580px\" \/><\/a><br \/>\n&nbsp;<br \/>\nIl perch\u00e9 di questo successo \u00e8 dovuto alla modalit\u00e0 Set che CARPE DIEM mette a disposizione con la collaborazione del territorio e dell\u2019Amministrazione Comunale di Sestri Levante, facendo aprire le porte tantissime realt\u00e0 che normalmente sono inaccessibili ai fotografi. Nel nostro mondo della privacy avere delle location dove si possono fotografare liberamente persone e cose, evidentemente \u00e8 una opportunit\u00e0 imperdibile.<br \/>\nCon la nascita del Dipartimento Cultura FIAF, il PhotoHappening \u00e8 divenuto un laboratorio in cui si sperimentano nuovi modelli di condivisione della cultura fotografica e avviene l\u2019esordio di nuovi protagonisti della cultura fotografica italina.<br \/>\nDa qui lo strutturarsi della parte Simposio che \u00e8 l\u2019alternarsi piacevole di presentazione di lavori fotografici e riflessioni di cultura fotografica.<br \/>\n&nbsp;<br \/>\n<figure id=\"attachment_12196\" aria-describedby=\"caption-attachment-12196\" style=\"width: 580px\" class=\"wp-caption aligncenter\"><a href=\"https:\/\/fiaf.net\/agoradicult\/wp-content\/uploads\/sites\/23\/2016\/03\/PH2015_sala_fotogruppo_sabato_sera_1.jpg\"><img loading=\"lazy\" decoding=\"async\" class=\"size-full wp-image-12196\" src=\"https:\/\/fiaf.net\/agoradicult\/wp-content\/uploads\/sites\/23\/2016\/03\/PH2015_sala_fotogruppo_sabato_sera_1.jpg\" alt=\"Tavola Rotonda sul valore sociale della Cultura artistica. 2015\" width=\"580\" height=\"445\" srcset=\"https:\/\/fiaf.net\/agoradicult\/wp-content\/uploads\/sites\/23\/2016\/03\/PH2015_sala_fotogruppo_sabato_sera_1.jpg 580w, https:\/\/fiaf.net\/agoradicult\/wp-content\/uploads\/sites\/23\/2016\/03\/PH2015_sala_fotogruppo_sabato_sera_1-300x230.jpg 300w\" sizes=\"auto, (max-width: 580px) 100vw, 580px\" \/><\/a><figcaption id=\"caption-attachment-12196\" class=\"wp-caption-text\">Tavola Rotonda sul valore sociale della Cultura artistica. 2015<\/figcaption><\/figure>\n&nbsp;<br \/>\n<a href=\"https:\/\/fiaf.net\/agoradicult\/wp-content\/uploads\/sites\/23\/2016\/03\/PH2015_serata_benente_1.jpg\"><img loading=\"lazy\" decoding=\"async\" class=\"aligncenter size-full wp-image-12202\" src=\"https:\/\/fiaf.net\/agoradicult\/wp-content\/uploads\/sites\/23\/2016\/03\/PH2015_serata_benente_1.jpg\" alt=\"PH2015_serata_benente_1\" width=\"580\" height=\"386\" srcset=\"https:\/\/fiaf.net\/agoradicult\/wp-content\/uploads\/sites\/23\/2016\/03\/PH2015_serata_benente_1.jpg 580w, https:\/\/fiaf.net\/agoradicult\/wp-content\/uploads\/sites\/23\/2016\/03\/PH2015_serata_benente_1-300x200.jpg 300w\" sizes=\"auto, (max-width: 580px) 100vw, 580px\" \/><\/a><br \/>\n&nbsp;<br \/>\nLa formula Set e quella Simposio si completano a vicenda, dando la possibilit\u00e0 al partecipante di arricchire le sue conoscenze, affinare la sua sensibilit\u00e0 nelle sedute di studio e poi di scaricare la sua urgenza creativa nel realizzare in poche ore del sabato pomeriggio un portfolio di 10 foto che verr\u00e0 poi visto pubblicamente la domenica e valutato dalla giuria popolare formata dai partecipanti stessi.<br \/>\nAlla 4\u00b0 edizione, a sorpresa vennero presentati oltre 110 portfolio e con esemplare coerenza rimanemmo a guardarli tutti dalla mattina al pomeriggio inoltrato. Da allora si \u00e8 fissato il numero chiuso di 50 partecipanti in modo di mantenere nell\u2019ambito del piacevole i due giorni di attivit\u00e0.<br \/>\n&nbsp;<br \/>\n<figure id=\"attachment_12199\" aria-describedby=\"caption-attachment-12199\" style=\"width: 580px\" class=\"wp-caption aligncenter\"><a href=\"https:\/\/fiaf.net\/agoradicult\/wp-content\/uploads\/sites\/23\/2016\/03\/PH2015_sala_la_visione_dei_lavori_1.jpg\"><img loading=\"lazy\" decoding=\"async\" class=\"size-full wp-image-12199\" src=\"https:\/\/fiaf.net\/agoradicult\/wp-content\/uploads\/sites\/23\/2016\/03\/PH2015_sala_la_visione_dei_lavori_1.jpg\" alt=\"Visione pubblica dei portfolio fatti alle location\" width=\"580\" height=\"171\" srcset=\"https:\/\/fiaf.net\/agoradicult\/wp-content\/uploads\/sites\/23\/2016\/03\/PH2015_sala_la_visione_dei_lavori_1.jpg 580w, https:\/\/fiaf.net\/agoradicult\/wp-content\/uploads\/sites\/23\/2016\/03\/PH2015_sala_la_visione_dei_lavori_1-300x88.jpg 300w\" sizes=\"auto, (max-width: 580px) 100vw, 580px\" \/><\/a><figcaption id=\"caption-attachment-12199\" class=\"wp-caption-text\">Visione pubblica dei portfolio fatti alle location<\/figcaption><\/figure>\n&nbsp;<br \/>\n<a href=\"https:\/\/fiaf.net\/agoradicult\/wp-content\/uploads\/sites\/23\/2016\/03\/PH2015_sala_il_direttore_1.jpg\"><img loading=\"lazy\" decoding=\"async\" class=\"aligncenter size-full wp-image-12198\" src=\"https:\/\/fiaf.net\/agoradicult\/wp-content\/uploads\/sites\/23\/2016\/03\/PH2015_sala_il_direttore_1.jpg\" alt=\"PH2015_sala_il_direttore_1\" width=\"580\" height=\"386\" srcset=\"https:\/\/fiaf.net\/agoradicult\/wp-content\/uploads\/sites\/23\/2016\/03\/PH2015_sala_il_direttore_1.jpg 580w, https:\/\/fiaf.net\/agoradicult\/wp-content\/uploads\/sites\/23\/2016\/03\/PH2015_sala_il_direttore_1-300x200.jpg 300w\" sizes=\"auto, (max-width: 580px) 100vw, 580px\" \/><\/a><br \/>\n&nbsp;<br \/>\n<a href=\"https:\/\/fiaf.net\/agoradicult\/wp-content\/uploads\/sites\/23\/2016\/03\/PH2015_sala_la_votazione_1.jpg\"><img loading=\"lazy\" decoding=\"async\" class=\"aligncenter size-full wp-image-12200\" src=\"https:\/\/fiaf.net\/agoradicult\/wp-content\/uploads\/sites\/23\/2016\/03\/PH2015_sala_la_votazione_1.jpg\" alt=\"PH2015_sala_la_votazione_1\" width=\"580\" height=\"386\" srcset=\"https:\/\/fiaf.net\/agoradicult\/wp-content\/uploads\/sites\/23\/2016\/03\/PH2015_sala_la_votazione_1.jpg 580w, https:\/\/fiaf.net\/agoradicult\/wp-content\/uploads\/sites\/23\/2016\/03\/PH2015_sala_la_votazione_1-300x200.jpg 300w\" sizes=\"auto, (max-width: 580px) 100vw, 580px\" \/><\/a><br \/>\n&nbsp;<br \/>\nLa novit\u00e0 di quest\u2019anno \u00e8 che il PhotoHappening \u00e8 anche tematico sul tema del \u201cIl Silenzio\u201d ma non solo!<br \/>\nQuesto tema \u00e8 comune anche a tre festival Nazionali di cui due inseriti in portfolio Italia. Questo \u00e8 un risultato molto importante perch\u00e9 un progetto tematico che ha la possibilit\u00e0 di essere goduto in tre Concorsi a portfolio e con la possibilit\u00e0 di poter partecipare alle esposizioni \u00e8 molto motivante per chi si impegna nella realizzazione di un proprio lavoro fotografico.<br \/>\n&nbsp;<br \/>\n<figure id=\"attachment_12187\" aria-describedby=\"caption-attachment-12187\" style=\"width: 580px\" class=\"wp-caption aligncenter\"><a href=\"https:\/\/fiaf.net\/agoradicult\/wp-content\/uploads\/sites\/23\/2016\/03\/GiovannaPicceri_IlBagnun.jpg\"><img loading=\"lazy\" decoding=\"async\" class=\"size-full wp-image-12187\" src=\"https:\/\/fiaf.net\/agoradicult\/wp-content\/uploads\/sites\/23\/2016\/03\/GiovannaPicceri_IlBagnun.jpg\" alt=\"Giovanni Picceri\" width=\"580\" height=\"387\" srcset=\"https:\/\/fiaf.net\/agoradicult\/wp-content\/uploads\/sites\/23\/2016\/03\/GiovannaPicceri_IlBagnun.jpg 580w, https:\/\/fiaf.net\/agoradicult\/wp-content\/uploads\/sites\/23\/2016\/03\/GiovannaPicceri_IlBagnun-300x200.jpg 300w\" sizes=\"auto, (max-width: 580px) 100vw, 580px\" \/><\/a><figcaption id=\"caption-attachment-12187\" class=\"wp-caption-text\">Giovanni Picceri<\/figcaption><\/figure>\n&nbsp;<br \/>\n<figure id=\"attachment_12189\" aria-describedby=\"caption-attachment-12189\" style=\"width: 580px\" class=\"wp-caption aligncenter\"><a href=\"https:\/\/fiaf.net\/agoradicult\/wp-content\/uploads\/sites\/23\/2016\/03\/LuigiFogliati_Madonnina.jpg\"><img loading=\"lazy\" decoding=\"async\" class=\"size-full wp-image-12189\" src=\"https:\/\/fiaf.net\/agoradicult\/wp-content\/uploads\/sites\/23\/2016\/03\/LuigiFogliati_Madonnina.jpg\" alt=\"Luigi Fogliati\" width=\"580\" height=\"387\" srcset=\"https:\/\/fiaf.net\/agoradicult\/wp-content\/uploads\/sites\/23\/2016\/03\/LuigiFogliati_Madonnina.jpg 580w, https:\/\/fiaf.net\/agoradicult\/wp-content\/uploads\/sites\/23\/2016\/03\/LuigiFogliati_Madonnina-300x200.jpg 300w\" sizes=\"auto, (max-width: 580px) 100vw, 580px\" \/><\/a><figcaption id=\"caption-attachment-12189\" class=\"wp-caption-text\">Luigi Fogliati<\/figcaption><\/figure>\n&nbsp;<br \/>\n<figure id=\"attachment_12191\" aria-describedby=\"caption-attachment-12191\" style=\"width: 580px\" class=\"wp-caption aligncenter\"><a href=\"https:\/\/fiaf.net\/agoradicult\/wp-content\/uploads\/sites\/23\/2016\/03\/MonicaDeMas_Madonnina.jpg\"><img loading=\"lazy\" decoding=\"async\" class=\"size-full wp-image-12191\" src=\"https:\/\/fiaf.net\/agoradicult\/wp-content\/uploads\/sites\/23\/2016\/03\/MonicaDeMas_Madonnina.jpg\" alt=\"Monica De Mas\" width=\"580\" height=\"387\" srcset=\"https:\/\/fiaf.net\/agoradicult\/wp-content\/uploads\/sites\/23\/2016\/03\/MonicaDeMas_Madonnina.jpg 580w, https:\/\/fiaf.net\/agoradicult\/wp-content\/uploads\/sites\/23\/2016\/03\/MonicaDeMas_Madonnina-300x200.jpg 300w\" sizes=\"auto, (max-width: 580px) 100vw, 580px\" \/><\/a><figcaption id=\"caption-attachment-12191\" class=\"wp-caption-text\">Monica De Mas<\/figcaption><\/figure>\nLeggete il programma del PhotoHappening \u2013 Set&amp; Simposio, dal pdf scaricabile:<br \/>\n<a href=\"https:\/\/fiaf.net\/agoradicult\/wp-content\/uploads\/sites\/23\/2016\/03\/Comunicato-6-Marzo-.pdf\">Comunicato 6 Marzo<\/a>\u00a0(pdf scaricabile della presentazione del 6\u00b0 PhotoHappening- Set &amp; Simposio 2016)<br \/>\n<a href=\"https:\/\/fiaf.net\/agoradicult\/wp-content\/uploads\/sites\/23\/2016\/03\/Programma-Happening-Agg-6-Marzo.pdf\">Programma Happening Agg 6 Marzo<\/a>\u00a0 (pdf scaricabile del Programma del 6\u00b0 PhotoHappening- Set &amp; Simposio 2016)<br \/>\n&nbsp;<br \/>\n<figure id=\"attachment_12188\" aria-describedby=\"caption-attachment-12188\" style=\"width: 580px\" class=\"wp-caption aligncenter\"><a href=\"https:\/\/fiaf.net\/agoradicult\/wp-content\/uploads\/sites\/23\/2016\/03\/GiuseppeGandolfo_Filarmonica.jpg\"><img loading=\"lazy\" decoding=\"async\" class=\"size-full wp-image-12188\" src=\"https:\/\/fiaf.net\/agoradicult\/wp-content\/uploads\/sites\/23\/2016\/03\/GiuseppeGandolfo_Filarmonica.jpg\" alt=\"Giuseppe Gandolfo\" width=\"580\" height=\"580\" srcset=\"https:\/\/fiaf.net\/agoradicult\/wp-content\/uploads\/sites\/23\/2016\/03\/GiuseppeGandolfo_Filarmonica.jpg 580w, https:\/\/fiaf.net\/agoradicult\/wp-content\/uploads\/sites\/23\/2016\/03\/GiuseppeGandolfo_Filarmonica-300x300.jpg 300w, https:\/\/fiaf.net\/agoradicult\/wp-content\/uploads\/sites\/23\/2016\/03\/GiuseppeGandolfo_Filarmonica-150x150.jpg 150w\" sizes=\"auto, (max-width: 580px) 100vw, 580px\" \/><\/a><figcaption id=\"caption-attachment-12188\" class=\"wp-caption-text\">Giuseppe Gandolfo<\/figcaption><\/figure>\n&nbsp;<br \/>\n<figure id=\"attachment_12190\" aria-describedby=\"caption-attachment-12190\" style=\"width: 580px\" class=\"wp-caption aligncenter\"><a href=\"https:\/\/fiaf.net\/agoradicult\/wp-content\/uploads\/sites\/23\/2016\/03\/MarcellaGiorgetti_Anffass_Tassani.jpg\"><img loading=\"lazy\" decoding=\"async\" class=\"size-full wp-image-12190\" src=\"https:\/\/fiaf.net\/agoradicult\/wp-content\/uploads\/sites\/23\/2016\/03\/MarcellaGiorgetti_Anffass_Tassani.jpg\" alt=\"Marcella Giorgetti\" width=\"580\" height=\"385\" srcset=\"https:\/\/fiaf.net\/agoradicult\/wp-content\/uploads\/sites\/23\/2016\/03\/MarcellaGiorgetti_Anffass_Tassani.jpg 580w, https:\/\/fiaf.net\/agoradicult\/wp-content\/uploads\/sites\/23\/2016\/03\/MarcellaGiorgetti_Anffass_Tassani-300x199.jpg 300w\" sizes=\"auto, (max-width: 580px) 100vw, 580px\" \/><\/a><figcaption id=\"caption-attachment-12190\" class=\"wp-caption-text\">Marcella Giorgetti<\/figcaption><\/figure>\n&nbsp;<\/p>\n<h3 style=\"text-align: center\">Le attivit\u00e0 e i festival che hanno il tema &#8220;Il Silenzio&#8221; sono i seguenti:<\/h3>\n<p>&nbsp;<\/p>\n<h4>&#8211; 2 e 3 aprile &#8211; Sestri Levante PhotoHappening &#8211; Set &amp; Simposio<\/h4>\n<h4>&#8211; 14 Maggio \u2013 Carpi (MO) C.F. Il Grandangolo<\/h4>\n<h4>&#8211; 24, 25 e 26 giugno &#8211; Sassoferrato FacePhotoNews con &#8220;Portfolio dello Strega&#8221;<\/h4>\n<h4>\u00a0&#8211; 1, 2 e 3 luglio &#8211; Sestri Levante &#8220;Una Penisola di luce&#8221; con &#8220;Portfolio al mare&#8221;<\/h4>\n<h4>\u00a0&#8211; 4, 5 e 6 novembre &#8211; Colorno &#8220;ColornoPhotoLife&#8221; con &#8220;Portfolio Maria Luigia&#8221;<\/h4>\n<h4><\/h4>\n<p>Ho ritenuto opportuno fissare alcuni cenni storici di quest\u2019attivit\u00e0 che facciamo crescere con la collaborazione di tanti, come deve accadere per ogni processo culturale vivo e vivificante.<br \/>\n&nbsp;<\/p>\n<h2 style=\"text-align: center\">Il tema dell&#8217;anno:\u00a0\u201cIl Silenzio\u201d<\/h2>\n<p><em>Concept iniziale<\/em><\/p>\n<h5><em>Il Silenzio, come condizione e sentimento esistenziale di libert\u00e0 nell\u2019orientare il nostro essere a scoprire la verit\u00e0 del percorso nel quale stiamo conducendo la nostra vita, come individui e come collettivit\u00e0.<\/em><\/h5>\n<figure id=\"attachment_12207\" aria-describedby=\"caption-attachment-12207\" style=\"width: 575px\" class=\"wp-caption aligncenter\"><a href=\"https:\/\/fiaf.net\/agoradicult\/wp-content\/uploads\/sites\/23\/2016\/03\/autoritratto.jpg\"><img loading=\"lazy\" decoding=\"async\" class=\"size-full wp-image-12207\" src=\"https:\/\/fiaf.net\/agoradicult\/wp-content\/uploads\/sites\/23\/2016\/03\/autoritratto.jpg\" alt=\"Omar Lorenzoni &quot;Autoritratto&quot;\" width=\"575\" height=\"464\" srcset=\"https:\/\/fiaf.net\/agoradicult\/wp-content\/uploads\/sites\/23\/2016\/03\/autoritratto.jpg 575w, https:\/\/fiaf.net\/agoradicult\/wp-content\/uploads\/sites\/23\/2016\/03\/autoritratto-300x242.jpg 300w\" sizes=\"auto, (max-width: 575px) 100vw, 575px\" \/><\/a><figcaption id=\"caption-attachment-12207\" class=\"wp-caption-text\">Omar Lorenzoni &#8220;Autoritratto&#8221;<\/figcaption><\/figure>\n&nbsp;<br \/>\nIl progetto fotografico a tema dato, trova nel momento dell\u2019elaborazione del Concept una delle fasi pi\u00f9 coinvolgenti perch\u00e9 tutti possono concorrere a produrre dei contenuti, studiando a 360\u00b0 di quanto al mondo \u00e8 stato fatto sul tema.<br \/>\n&nbsp;<br \/>\n<figure id=\"attachment_12208\" aria-describedby=\"caption-attachment-12208\" style=\"width: 580px\" class=\"wp-caption aligncenter\"><a href=\"https:\/\/fiaf.net\/agoradicult\/wp-content\/uploads\/sites\/23\/2016\/03\/EVANESCENZE-BN2.jpg\"><img loading=\"lazy\" decoding=\"async\" class=\"size-full wp-image-12208\" src=\"https:\/\/fiaf.net\/agoradicult\/wp-content\/uploads\/sites\/23\/2016\/03\/EVANESCENZE-BN2.jpg\" alt=\"Cinzia Battagliola &quot;Evanescenze&quot;\" width=\"580\" height=\"718\" srcset=\"https:\/\/fiaf.net\/agoradicult\/wp-content\/uploads\/sites\/23\/2016\/03\/EVANESCENZE-BN2.jpg 580w, https:\/\/fiaf.net\/agoradicult\/wp-content\/uploads\/sites\/23\/2016\/03\/EVANESCENZE-BN2-242x300.jpg 242w\" sizes=\"auto, (max-width: 580px) 100vw, 580px\" \/><\/a><figcaption id=\"caption-attachment-12208\" class=\"wp-caption-text\">Cinzia Battagliola &#8220;Evanescenze&#8221;<\/figcaption><\/figure>\n&nbsp;<br \/>\nEccoci dunque a presentare l\u2019evoluzione del concept ad oggi, con i contributi del C.F. Il Grandangolo e CARPE DIEM, il suo studio continua per tutto l\u2019anno e chi ha contributi personale li mandi a me che cos\u00ec li inserir\u00f2 a suo nome sotto gli altri gi\u00e0 esistenti:<\/p>\n<h3 style=\"text-align: center\"><\/h3>\n<figure id=\"attachment_12206\" aria-describedby=\"caption-attachment-12206\" style=\"width: 580px\" class=\"wp-caption aligncenter\"><a href=\"https:\/\/fiaf.net\/agoradicult\/wp-content\/uploads\/sites\/23\/2016\/03\/010_5.jpg\"><img loading=\"lazy\" decoding=\"async\" class=\"size-full wp-image-12206\" src=\"https:\/\/fiaf.net\/agoradicult\/wp-content\/uploads\/sites\/23\/2016\/03\/010_5.jpg\" alt=\"Denis Giusti &quot;Presente passante&quot;\" width=\"580\" height=\"464\" srcset=\"https:\/\/fiaf.net\/agoradicult\/wp-content\/uploads\/sites\/23\/2016\/03\/010_5.jpg 580w, https:\/\/fiaf.net\/agoradicult\/wp-content\/uploads\/sites\/23\/2016\/03\/010_5-300x240.jpg 300w\" sizes=\"auto, (max-width: 580px) 100vw, 580px\" \/><\/a><figcaption id=\"caption-attachment-12206\" class=\"wp-caption-text\">Denis Giusti &#8220;Presente passante&#8221;<\/figcaption><\/figure>\nSe desiderate approfondire leggete i \u201cContributi d\u2019approfondimento\u201d, dal pdf scaricabile:<br \/>\n<a href=\"https:\/\/fiaf.net\/agoradicult\/wp-content\/uploads\/sites\/23\/2016\/03\/Contributi-di-appr.-concept.pdf\">Contributi di appr. concept<\/a>\u00a0 (pdf scaricabile dell&#8217;elaborazione del Concept &#8220;Il Silenzio&#8221;)<br \/>\n&nbsp;<br \/>\n<figure id=\"attachment_12205\" aria-describedby=\"caption-attachment-12205\" style=\"width: 580px\" class=\"wp-caption aligncenter\"><a href=\"https:\/\/fiaf.net\/agoradicult\/wp-content\/uploads\/sites\/23\/2016\/03\/0-55-2.jpg\"><img loading=\"lazy\" decoding=\"async\" class=\"size-full wp-image-12205\" src=\"https:\/\/fiaf.net\/agoradicult\/wp-content\/uploads\/sites\/23\/2016\/03\/0-55-2.jpg\" alt=\"Flavio Castellani\" width=\"580\" height=\"580\" srcset=\"https:\/\/fiaf.net\/agoradicult\/wp-content\/uploads\/sites\/23\/2016\/03\/0-55-2.jpg 580w, https:\/\/fiaf.net\/agoradicult\/wp-content\/uploads\/sites\/23\/2016\/03\/0-55-2-300x300.jpg 300w, https:\/\/fiaf.net\/agoradicult\/wp-content\/uploads\/sites\/23\/2016\/03\/0-55-2-150x150.jpg 150w\" sizes=\"auto, (max-width: 580px) 100vw, 580px\" \/><\/a><figcaption id=\"caption-attachment-12205\" class=\"wp-caption-text\">Flavio Castellani<\/figcaption><\/figure>\n&nbsp;<br \/>\nAuguro a tutti \u201cbuona luce\u201d nel mettersi alla ricerca del proprio silenzio!<br \/>\n&nbsp;<br \/>\nUn cordialissimo saluto a tutti<br \/>\nSilvano Bicocchi<br \/>\nDirettore del <strong>Dipartimento Cultura FIAF<\/strong><\/p>\n\n    <div class=\"xs_social_share_widget xs_share_url after_content \t\tmain_content  wslu-style-1 wslu-share-box-shaped wslu-fill-colored wslu-none wslu-share-horizontal wslu-theme-font-no wslu-main_content\">\n\n\t\t\n        <ul>\n\t\t\t        <\/ul>\n    <\/div> \n","protected":false},"excerpt":{"rendered":"<p>&nbsp; Non lo avremmo mai detto nel 2011, quando con gli amici del CARPE DIEM di Sestri Levante, abbiamo ideato &hellip;<\/p>\n","protected":false},"author":3,"featured_media":12196,"comment_status":"open","ping_status":"open","sticky":false,"template":"","format":"standard","meta":{"_acf_changed":false,"footnotes":""},"categories":[],"tags":[],"class_list":["post-12180","post","type-post","status-publish","format-standard","has-post-thumbnail","hentry"],"acf":[],"_links":{"self":[{"href":"https:\/\/fiaf.net\/agoradicult\/wp-json\/wp\/v2\/posts\/12180","targetHints":{"allow":["GET"]}}],"collection":[{"href":"https:\/\/fiaf.net\/agoradicult\/wp-json\/wp\/v2\/posts"}],"about":[{"href":"https:\/\/fiaf.net\/agoradicult\/wp-json\/wp\/v2\/types\/post"}],"author":[{"embeddable":true,"href":"https:\/\/fiaf.net\/agoradicult\/wp-json\/wp\/v2\/users\/3"}],"replies":[{"embeddable":true,"href":"https:\/\/fiaf.net\/agoradicult\/wp-json\/wp\/v2\/comments?post=12180"}],"version-history":[{"count":0,"href":"https:\/\/fiaf.net\/agoradicult\/wp-json\/wp\/v2\/posts\/12180\/revisions"}],"wp:featuredmedia":[{"embeddable":true,"href":"https:\/\/fiaf.net\/agoradicult\/wp-json\/wp\/v2\/media\/12196"}],"wp:attachment":[{"href":"https:\/\/fiaf.net\/agoradicult\/wp-json\/wp\/v2\/media?parent=12180"}],"wp:term":[{"taxonomy":"category","embeddable":true,"href":"https:\/\/fiaf.net\/agoradicult\/wp-json\/wp\/v2\/categories?post=12180"},{"taxonomy":"post_tag","embeddable":true,"href":"https:\/\/fiaf.net\/agoradicult\/wp-json\/wp\/v2\/tags?post=12180"}],"curies":[{"name":"wp","href":"https:\/\/api.w.org\/{rel}","templated":true}]}}