{"id":1241,"date":"2012-03-04T17:38:19","date_gmt":"2012-03-04T17:38:19","guid":{"rendered":"https:\/\/fiaf.net\/agoradicult\/?p=1241"},"modified":"2012-03-04T17:38:19","modified_gmt":"2012-03-04T17:38:19","slug":"il-photohappening","status":"publish","type":"post","link":"https:\/\/fiaf.net\/agoradicult\/2012\/03\/04\/il-photohappening\/","title":{"rendered":"Il \u201cPhotoHappening\u201d"},"content":{"rendered":"<p>&nbsp;<\/p>\n<div class=\"mceTemp mceIEcenter\">\n<figure id=\"attachment_1258\" aria-describedby=\"caption-attachment-1258\" style=\"width: 580px\" class=\"wp-caption aligncenter\"><a href=\"https:\/\/fiaf.net\/agoradicult\/wp-content\/uploads\/sites\/23\/2012\/03\/SestriPH1122.jpg\"><img loading=\"lazy\" decoding=\"async\" class=\"size-full wp-image-1258\" title=\"SestriPH112\" src=\"https:\/\/fiaf.net\/agoradicult\/wp-content\/uploads\/sites\/23\/2012\/03\/SestriPH1122.jpg\" alt=\"\" width=\"580\" height=\"387\" srcset=\"https:\/\/fiaf.net\/agoradicult\/wp-content\/uploads\/sites\/23\/2012\/03\/SestriPH1122.jpg 580w, https:\/\/fiaf.net\/agoradicult\/wp-content\/uploads\/sites\/23\/2012\/03\/SestriPH1122-300x200.jpg 300w\" sizes=\"auto, (max-width: 580px) 100vw, 580px\" \/><\/a><figcaption id=\"caption-attachment-1258\" class=\"wp-caption-text\">Sestri Levante (GE), 19 e 20\/03\/2011- i\u00b0 PhotoHappening<\/figcaption><\/figure>\n<\/div>\n<p align=\"center\"><strong><br \/>\nIl \u201cPhotoHappening\u201d<\/strong><\/p>\n<p style=\"text-align: justify\">Con l\u2019avvento della legge sulla \u201cPrivacy\u201d fotografare la realt\u00e0 \u00e8 diventato molto complesso, perch\u00e9 l\u2019imposizione della liberatoria\u00a0ostacola la necessit\u00e0 espressiva dei fotografi\u2026 ecco perch\u00e9 \u00e8 nato il \u201c<strong>PhotoHappening\u201d<\/strong>!<\/p>\n<p style=\"text-align: justify\">Il <strong>PhotoHappening<\/strong> \u00e8 un\u2019attivit\u00e0 di esercizio fotografico volto a produrre delle opere a Portfolio in estemporanea, aventi come soggetto una o pi\u00f9 location fotografiche prestabilite dall\u2019organizzazione. Non \u00e8 una fiction ma ambienti e persone reali del quotidiano che grazie alla fiducia riposta nell\u2019Associazione organizzatrice aprono le porte delle loro case, laboratori o istituzioni ai fotografi. In questo modo si offre la possibilit\u00e0 ai partecipanti di fotografare liberamente perch\u00e9 si riprendono soggetti disponibili a rilasciare liberatorie, quindi non \u00e8 un workshop ma una reale occasione per realizzare opere fotografiche.<\/p>\n<p style=\"text-align: justify\">E\u2019 un\u2019attivit\u00e0\u00a0ideata per un\u00a0&#8220;Grande gruppo&#8221; che pu\u00f2 essere condivisa anche da\u00a0 100 fotografi, naturalmente occorre prevedere un numero di location proporzionato a quello dei partecipanti.<\/p>\n<p style=\"text-align: justify\">Esso ha la durata dal sabato alla domenica e si compone di quattro momenti distinti:<\/p>\n<p style=\"text-align: justify\">&#8211;\u00a0\u00a0\u00a0\u00a0\u00a0\u00a0\u00a0\u00a0 <strong>La riflessione di cultura fotografica. <\/strong>(vedi la &#8220;Giornata di cultura fotografica&#8221;)<\/p>\n<p style=\"text-align: justify\">&#8211;\u00a0\u00a0\u00a0\u00a0\u00a0\u00a0\u00a0\u00a0 <strong>Le location e la ripresa fotografica.<\/strong><\/p>\n<p style=\"text-align: justify\">&#8211;\u00a0\u00a0\u00a0\u00a0\u00a0\u00a0\u00a0\u00a0 <strong>La post-produzione e l\u2019editing delle opere.<\/strong><\/p>\n<p style=\"text-align: justify\">&#8211;\u00a0\u00a0\u00a0\u00a0\u00a0\u00a0\u00a0\u00a0 <strong>La proiezione delle opere realizzate con l\u2019analisi critica e l\u2019attribuzione del giudizio di valore da parte dei partecipanti.<\/strong><\/p>\n<p style=\"text-align: justify\"><strong><\/strong><\/p>\n<p style=\"text-align: justify\" align=\"center\"><strong>Il modello culturale del PhotoHappening <\/strong>(in forma sintetica)<strong><\/strong><\/p>\n<p style=\"text-align: justify\">&#8211;\u00a0\u00a0\u00a0\u00a0\u00a0\u00a0\u00a0\u00a0Offrire a tutti i partecipanti la possibilit\u00e0 di fotografare ambienti privati e persone di una determinata localit\u00e0.<\/p>\n<p style=\"text-align: justify\">&#8211;\u00a0\u00a0\u00a0\u00a0\u00a0\u00a0\u00a0 Offrire\u00a0la possibilit\u00e0 ad una localit\u00e0 di avviare dei progetti fotografici per lo studio della propria realt\u00e0 locale, accogliendo i fotografi in location fotografiche che propongono le tipicit\u00e0 locali in campo: antropologico, paesaggistico, artistico, culturale, ecc\u2026<\/p>\n<p style=\"text-align: justify\">&#8211;\u00a0\u00a0\u00a0\u00a0\u00a0\u00a0\u00a0 Permettere di viaggiare godendo di convezioni economicamente convenienti per soggiornare nella localit\u00e0 organizzatrice.<\/p>\n<p style=\"text-align: justify\">&#8211;\u00a0\u00a0\u00a0\u00a0\u00a0\u00a0\u00a0 Permettere\u00a0di viaggiare e fotografare non dall&#8217;esterno come\u00a0il\u00a0turista ma, con le location fotografiche,\u00a0entrando a contatto diretto con gli aspetti identitari della localit\u00e0, quindi consentire\u00a0al partecipante la possibilit\u00e0 di una conoscenza profonda del territorio visitato.<\/p>\n<p style=\"text-align: justify\">&#8211;\u00a0\u00a0\u00a0\u00a0\u00a0\u00a0\u00a0\u00a0 Offrire un\u2019occasione per fare Portfolio con urgenza e farlo insieme ad altri fotografi sia in ripresa che in post-produzione.<\/p>\n<p style=\"text-align: justify\">&#8211;\u00a0\u00a0\u00a0\u00a0\u00a0\u00a0\u00a0\u00a0 Dare l\u2019analisi critica di ogni lavoro svolto (di circa 10 immagini).<\/p>\n<p style=\"text-align: justify\">&#8211;\u00a0\u00a0\u00a0\u00a0\u00a0\u00a0 Godere in sereno spirito di amicizia dell\u2019attribuzione del Giudizio di valore dell\u2019opera realizzata attraverso la votazione espressa dai partecipanti.<\/p>\n<p style=\"text-align: justify\">Il I\u00b0 <strong>PhotoHappening<\/strong> \u00e8 nato casualmente a Sestri Levante (GE) il 19\/03\/2011 da un workshop al quale parteciparono sorprendentemente circa 70 iscritti (contro i 30 attesi), un numero troppo elevato per fare un workshop che con prontezza di riflessi \u00e8 stato trasformato in ci\u00f2 che era diventato: un <strong>PhotoHappening<\/strong>.<\/p>\n<p style=\"text-align: justify\">\u00a0Il <strong>II\u00b0 PhotoHappening<\/strong> <strong>CARPE DIEM<\/strong> a Sestri Levante (GE) si terr\u00e0 dal 31\/03 al 01\/04\/2012, chi fosse interessato pu\u00f2 contattare il Circolo organizzatore CARPE DIEM al seguente link:<\/p>\n<p style=\"text-align: justify\">\u00a0<a href=\"http:\/\/www.associazionecarpediem.org\/carpe_diem.html\" target=\"_blank\" rel=\"noopener\">http:\/\/www.associazionecarpediem.org\/carpe_diem.html<\/a><\/p>\n<p style=\"text-align: justify\">\n<p style=\"text-align: justify\">\u00a0<strong>Riflessioni sul percorso comune<\/strong><strong>\u00a0<\/strong><\/p>\n<p style=\"text-align: justify\"><strong>Questa settimana<\/strong> abbiamo iniziato a pubblicare i progetti realizzati dagli iscritti al <strong>Dipartimento Cultura<\/strong>, con un buon risultato anche nei commenti. Se per un Blog di relazione \u00a0questo sarebbe un punto di arrivo, per <strong>Agor\u00e0 Di Cult,<\/strong> che \u00e8 un Blog di studio \u00e8 il punto di partenza, perch\u00e9\u00a0si elaboreranno i contenuti emersi e si rilancer\u00e0 l&#8217;attivit\u00e0 per promuovere in qualit\u00e0 e quantit\u00e0 il nostro livello di scambio culturale.<\/p>\n<p style=\"text-align: justify\">Ricordiamo che il Blog <strong>Agor\u00e0 Di Cult<\/strong> ha un archivio che attende ci\u00f2 che avete gi\u00e0 realizzato e i vostri nuovi progetti. Rilancio alcune idee sulle quali potete lavorare:<\/p>\n<p style=\"text-align: justify\">\u00a0&#8211;\u00a0\u00a0\u00a0\u00a0\u00a0\u00a0\u00a0\u00a0 Presentate gli autori che amate, contemporanei o del passato, pi\u00f9 o meno noti.<\/p>\n<p style=\"text-align: justify\">&#8211;\u00a0\u00a0\u00a0\u00a0\u00a0\u00a0\u00a0\u00a0 Presentate il vostro percorso fotografico, come a hanno gi\u00e0 fatto Marco Nicolini e Massimo Bardelli, ponendo in <strong>Galleria<\/strong> le vostre fotografie pi\u00f9 significative.<\/p>\n<p style=\"text-align: justify\">&#8211;\u00a0\u00a0\u00a0\u00a0\u00a0\u00a0\u00a0\u00a0 Esponete con vostre foto e riflessioni il genere fotografico che pi\u00f9 amate.<\/p>\n<p style=\"text-align: justify\">&#8211;\u00a0\u00a0\u00a0\u00a0\u00a0\u00a0\u00a0\u00a0 Presentate riflessioni su brani di testi che ritenete per voi importanti.<\/p>\n<p style=\"text-align: justify\">&#8211;\u00a0\u00a0\u00a0\u00a0\u00a0\u00a0\u00a0\u00a0 Proponente riflessioni su eventi di cultura contemporanea.<\/p>\n<p style=\"text-align: justify\">&#8211;\u00a0\u00a0\u00a0\u00a0\u00a0\u00a0\u00a0\u00a0 Ecc\u2026<\/p>\n<p style=\"text-align: justify\">Proponetemi i vostri progetti e diventeremo i compagni di viaggio gli uni degli altri!<\/p>\n<p style=\"text-align: justify\">Silvano Bicocchi<br \/>\nDirettore del <strong>Dipartimento Cultura <\/strong><\/p>\n<p style=\"text-align: justify\">Nonantola, 04\/03\/2012<\/p>\n\n    <div class=\"xs_social_share_widget xs_share_url after_content \t\tmain_content  wslu-style-1 wslu-share-box-shaped wslu-fill-colored wslu-none wslu-share-horizontal wslu-theme-font-no wslu-main_content\">\n\n\t\t\n        <ul>\n\t\t\t        <\/ul>\n    <\/div> \n","protected":false},"excerpt":{"rendered":"<p>&nbsp; Il \u201cPhotoHappening\u201d Con l\u2019avvento della legge sulla \u201cPrivacy\u201d fotografare la realt\u00e0 \u00e8 diventato molto complesso, perch\u00e9 l\u2019imposizione della liberatoria\u00a0ostacola &hellip;<\/p>\n","protected":false},"author":3,"featured_media":1282,"comment_status":"open","ping_status":"open","sticky":false,"template":"","format":"standard","meta":{"_acf_changed":false,"footnotes":""},"categories":[7,24],"tags":[],"class_list":["post-1241","post","type-post","status-publish","format-standard","has-post-thumbnail","hentry","category-archivio","category-i-post-di-silvano-bicocchi"],"acf":[],"_links":{"self":[{"href":"https:\/\/fiaf.net\/agoradicult\/wp-json\/wp\/v2\/posts\/1241","targetHints":{"allow":["GET"]}}],"collection":[{"href":"https:\/\/fiaf.net\/agoradicult\/wp-json\/wp\/v2\/posts"}],"about":[{"href":"https:\/\/fiaf.net\/agoradicult\/wp-json\/wp\/v2\/types\/post"}],"author":[{"embeddable":true,"href":"https:\/\/fiaf.net\/agoradicult\/wp-json\/wp\/v2\/users\/3"}],"replies":[{"embeddable":true,"href":"https:\/\/fiaf.net\/agoradicult\/wp-json\/wp\/v2\/comments?post=1241"}],"version-history":[{"count":0,"href":"https:\/\/fiaf.net\/agoradicult\/wp-json\/wp\/v2\/posts\/1241\/revisions"}],"wp:featuredmedia":[{"embeddable":true,"href":"https:\/\/fiaf.net\/agoradicult\/wp-json\/wp\/v2\/media\/1282"}],"wp:attachment":[{"href":"https:\/\/fiaf.net\/agoradicult\/wp-json\/wp\/v2\/media?parent=1241"}],"wp:term":[{"taxonomy":"category","embeddable":true,"href":"https:\/\/fiaf.net\/agoradicult\/wp-json\/wp\/v2\/categories?post=1241"},{"taxonomy":"post_tag","embeddable":true,"href":"https:\/\/fiaf.net\/agoradicult\/wp-json\/wp\/v2\/tags?post=1241"}],"curies":[{"name":"wp","href":"https:\/\/api.w.org\/{rel}","templated":true}]}}