{"id":13240,"date":"2016-06-12T16:08:45","date_gmt":"2016-06-12T14:08:45","guid":{"rendered":"https:\/\/fiaf.net\/agoradicult\/?p=13240"},"modified":"2016-06-12T16:08:45","modified_gmt":"2016-06-12T14:08:45","slug":"tanti-per-tutti-inaugurazione-mostra-nazionale-al-cifa-di-bibbiena","status":"publish","type":"post","link":"https:\/\/fiaf.net\/agoradicult\/2016\/06\/12\/tanti-per-tutti-inaugurazione-mostra-nazionale-al-cifa-di-bibbiena\/","title":{"rendered":"TANTI per TUTTI &#8211; Inaugurazione Mostra Nazionale al CIFA di Bibbiena"},"content":{"rendered":"<p>&nbsp;<br \/>\n&nbsp;<br \/>\n&nbsp;<br \/>\n&nbsp;<br \/>\n&nbsp;<br \/>\n&nbsp;<br \/>\n.<\/p>\n<p style=\"text-align: center\"><a href=\"https:\/\/fiaf.net\/agoradicult\/wp-content\/uploads\/sites\/23\/2016\/06\/TxT_inaugurazione001.jpg\"><img loading=\"lazy\" decoding=\"async\" class=\"aligncenter size-full wp-image-13241\" src=\"https:\/\/fiaf.net\/agoradicult\/wp-content\/uploads\/sites\/23\/2016\/06\/TxT_inaugurazione001.jpg\" alt=\"TxT_inaugurazione001\" width=\"580\" height=\"580\" srcset=\"https:\/\/fiaf.net\/agoradicult\/wp-content\/uploads\/sites\/23\/2016\/06\/TxT_inaugurazione001.jpg 580w, https:\/\/fiaf.net\/agoradicult\/wp-content\/uploads\/sites\/23\/2016\/06\/TxT_inaugurazione001-300x300.jpg 300w, https:\/\/fiaf.net\/agoradicult\/wp-content\/uploads\/sites\/23\/2016\/06\/TxT_inaugurazione001-150x150.jpg 150w\" sizes=\"auto, (max-width: 580px) 100vw, 580px\" \/><\/a>Stefania Adami<\/p>\n<p>&nbsp;<br \/>\n&nbsp;<br \/>\n&nbsp;<\/p>\n<h2 style=\"text-align: center\">INAUGURAZIONE della MOSTRA NAZIONALE di TANTI per TUTTI<br \/>\nCIFA &#8211; Bibbiena (AR)<\/h2>\n<p>&nbsp;<br \/>\n&nbsp;<\/p>\n<h3 style=\"text-align: center\">Metafore del Volontariato FIAF<\/h3>\n<p>Le immagini, come ci \u00e8 naturale, racconteranno com&#8217;\u00e8 andata l&#8217;Inaugurazione di Tanti per Tutti!<br \/>\nDispiace che il maltempo abbia avuto l&#8217;ultima parola nel regolare la partecipazione alla grande festa di TANTI per TUTTI perch\u00e9 tutto era pronto in modo impeccabile per dare vita ad un evento dai numeri insoliti per l&#8217;inaugurazione delle mostre di un progetto fotografico.<br \/>\nL&#8217;immagine di Stefania Adami \u00e8 la metafora dell&#8217;atmosfera in cui si sono avviate le attivit\u00e0 dell&#8217;Inaugurazione: i volontari della FIAF non si fanno abbattere dalla pioggia. E cos\u00ec&#8230; \u00e8 stato!<br \/>\nNonostante le oltre 150 Mostre Locali aperte in contemporanea, numerosissima \u00e8 stata la presenza dei fotografi FIAF che, pur profondamente dispiaciuti delle condizioni atmosferiche, non hanno spento il loro entusiasmo nel vivere questo momento straordinario.<br \/>\nLa vedrete nelle fotografie questa atmosfera di calda umanit\u00e0!<br \/>\nLe due mostre imponenti raccontano il Volontariato Italiano e lo fanno con una fotografia di alta qualit\u00e0 in tutto lo scenario che raccoglie oltre 1500 immagini. Dai Testimonial Samsung, ai partecipanti, tutti hanno dato il meglio di s\u00e9, in particolare i testimonial hanno preso questa esperienza come occasione di evoluzione del proprio linguaggio fotografico.<br \/>\nOra le mostre resteranno aperte per oltre 2 mesi e i libri, straordinariamente realizzati, saranno a disposizione di chi vorr\u00e0 conoscere la parte migliore del popolo italiano (si parla di 3.ooo.ooo di Volontari) e leggere della buona fotografia.<br \/>\nPenso che ora sia il momento anche delle Associazioni di Volontariato d&#8217;andare al CIFA di Bibbiena perch\u00e9 scopriranno il loro mondo in tutta la sua straordinaria ampiezza e bellezza!<br \/>\nComplimenti a tutti coloro che a vario titolo hanno costruito questo incredibile nuovo evento FIAF!<br \/>\nSilvano Bicocchi<br \/>\nDirettore del Dipartimento Cultura FIAF<br \/>\n(per dovere di trasparenza: Le fotografie sono state in stragrande maggioranza prodotte da componenti del DiCult, in parte riprese dai social network)<br \/>\n&nbsp;<br \/>\n&nbsp;<br \/>\n&nbsp;<\/p>\n<h4 style=\"text-align: center\">Prima parte: Bibbiena in festa accoglie TANTI per TUTTI<\/h4>\n<p><a href=\"https:\/\/fiaf.net\/agoradicult\/wp-content\/uploads\/sites\/23\/2016\/06\/TxT_inaugurazione002.jpg\"><img loading=\"lazy\" decoding=\"async\" class=\"aligncenter size-full wp-image-13242\" src=\"https:\/\/fiaf.net\/agoradicult\/wp-content\/uploads\/sites\/23\/2016\/06\/TxT_inaugurazione002.jpg\" alt=\"TxT_inaugurazione002\" width=\"580\" height=\"326\" srcset=\"https:\/\/fiaf.net\/agoradicult\/wp-content\/uploads\/sites\/23\/2016\/06\/TxT_inaugurazione002.jpg 580w, https:\/\/fiaf.net\/agoradicult\/wp-content\/uploads\/sites\/23\/2016\/06\/TxT_inaugurazione002-300x169.jpg 300w\" sizes=\"auto, (max-width: 580px) 100vw, 580px\" \/><\/a><br \/>\n<a href=\"https:\/\/fiaf.net\/agoradicult\/wp-content\/uploads\/sites\/23\/2016\/06\/TxT_inaugurazione003.jpg\"><img loading=\"lazy\" decoding=\"async\" class=\"aligncenter size-full wp-image-13243\" src=\"https:\/\/fiaf.net\/agoradicult\/wp-content\/uploads\/sites\/23\/2016\/06\/TxT_inaugurazione003.jpg\" alt=\"TxT_inaugurazione003\" width=\"580\" height=\"326\" srcset=\"https:\/\/fiaf.net\/agoradicult\/wp-content\/uploads\/sites\/23\/2016\/06\/TxT_inaugurazione003.jpg 580w, https:\/\/fiaf.net\/agoradicult\/wp-content\/uploads\/sites\/23\/2016\/06\/TxT_inaugurazione003-300x169.jpg 300w\" sizes=\"auto, (max-width: 580px) 100vw, 580px\" \/><\/a><br \/>\n<a href=\"https:\/\/fiaf.net\/agoradicult\/wp-content\/uploads\/sites\/23\/2016\/06\/TxT_inaugurazione004.jpg\"><img loading=\"lazy\" decoding=\"async\" class=\"aligncenter size-full wp-image-13244\" src=\"https:\/\/fiaf.net\/agoradicult\/wp-content\/uploads\/sites\/23\/2016\/06\/TxT_inaugurazione004.jpg\" alt=\"TxT_inaugurazione004\" width=\"435\" height=\"326\" srcset=\"https:\/\/fiaf.net\/agoradicult\/wp-content\/uploads\/sites\/23\/2016\/06\/TxT_inaugurazione004.jpg 435w, https:\/\/fiaf.net\/agoradicult\/wp-content\/uploads\/sites\/23\/2016\/06\/TxT_inaugurazione004-300x225.jpg 300w\" sizes=\"auto, (max-width: 435px) 100vw, 435px\" \/><\/a><br \/>\n<a href=\"https:\/\/fiaf.net\/agoradicult\/wp-content\/uploads\/sites\/23\/2016\/06\/TxT_inaugurazione005.jpg\"><img loading=\"lazy\" decoding=\"async\" class=\"aligncenter size-full wp-image-13245\" src=\"https:\/\/fiaf.net\/agoradicult\/wp-content\/uploads\/sites\/23\/2016\/06\/TxT_inaugurazione005.jpg\" alt=\"TxT_inaugurazione005\" width=\"435\" height=\"326\" srcset=\"https:\/\/fiaf.net\/agoradicult\/wp-content\/uploads\/sites\/23\/2016\/06\/TxT_inaugurazione005.jpg 435w, https:\/\/fiaf.net\/agoradicult\/wp-content\/uploads\/sites\/23\/2016\/06\/TxT_inaugurazione005-300x225.jpg 300w\" sizes=\"auto, (max-width: 435px) 100vw, 435px\" \/><\/a><br \/>\n<a href=\"https:\/\/fiaf.net\/agoradicult\/wp-content\/uploads\/sites\/23\/2016\/06\/TxT_inaugurazione006.jpg\"><img loading=\"lazy\" decoding=\"async\" class=\"aligncenter size-full wp-image-13246\" src=\"https:\/\/fiaf.net\/agoradicult\/wp-content\/uploads\/sites\/23\/2016\/06\/TxT_inaugurazione006.jpg\" alt=\"TxT_inaugurazione006\" width=\"435\" height=\"326\" srcset=\"https:\/\/fiaf.net\/agoradicult\/wp-content\/uploads\/sites\/23\/2016\/06\/TxT_inaugurazione006.jpg 435w, https:\/\/fiaf.net\/agoradicult\/wp-content\/uploads\/sites\/23\/2016\/06\/TxT_inaugurazione006-300x225.jpg 300w\" sizes=\"auto, (max-width: 435px) 100vw, 435px\" \/><\/a><br \/>\n<a href=\"https:\/\/fiaf.net\/agoradicult\/wp-content\/uploads\/sites\/23\/2016\/06\/TxT_inaugurazione007.jpg\"><img loading=\"lazy\" decoding=\"async\" class=\"aligncenter size-full wp-image-13247\" src=\"https:\/\/fiaf.net\/agoradicult\/wp-content\/uploads\/sites\/23\/2016\/06\/TxT_inaugurazione007.jpg\" alt=\"TxT_inaugurazione007\" width=\"435\" height=\"326\" srcset=\"https:\/\/fiaf.net\/agoradicult\/wp-content\/uploads\/sites\/23\/2016\/06\/TxT_inaugurazione007.jpg 435w, https:\/\/fiaf.net\/agoradicult\/wp-content\/uploads\/sites\/23\/2016\/06\/TxT_inaugurazione007-300x225.jpg 300w\" sizes=\"auto, (max-width: 435px) 100vw, 435px\" \/><\/a><br \/>\n<a href=\"https:\/\/fiaf.net\/agoradicult\/wp-content\/uploads\/sites\/23\/2016\/06\/TxT_inaugurazione008.jpg\"><img loading=\"lazy\" decoding=\"async\" class=\"aligncenter size-full wp-image-13248\" src=\"https:\/\/fiaf.net\/agoradicult\/wp-content\/uploads\/sites\/23\/2016\/06\/TxT_inaugurazione008.jpg\" alt=\"TxT_inaugurazione008\" width=\"435\" height=\"326\" srcset=\"https:\/\/fiaf.net\/agoradicult\/wp-content\/uploads\/sites\/23\/2016\/06\/TxT_inaugurazione008.jpg 435w, https:\/\/fiaf.net\/agoradicult\/wp-content\/uploads\/sites\/23\/2016\/06\/TxT_inaugurazione008-300x225.jpg 300w\" sizes=\"auto, (max-width: 435px) 100vw, 435px\" \/><\/a><br \/>\n<a href=\"https:\/\/fiaf.net\/agoradicult\/wp-content\/uploads\/sites\/23\/2016\/06\/TxT_inaugurazione009.jpg\"><img loading=\"lazy\" decoding=\"async\" class=\"aligncenter size-full wp-image-13249\" src=\"https:\/\/fiaf.net\/agoradicult\/wp-content\/uploads\/sites\/23\/2016\/06\/TxT_inaugurazione009.jpg\" alt=\"TxT_inaugurazione009\" width=\"580\" height=\"435\" srcset=\"https:\/\/fiaf.net\/agoradicult\/wp-content\/uploads\/sites\/23\/2016\/06\/TxT_inaugurazione009.jpg 580w, https:\/\/fiaf.net\/agoradicult\/wp-content\/uploads\/sites\/23\/2016\/06\/TxT_inaugurazione009-300x225.jpg 300w\" sizes=\"auto, (max-width: 580px) 100vw, 580px\" \/><\/a><br \/>\n<a href=\"https:\/\/fiaf.net\/agoradicult\/wp-content\/uploads\/sites\/23\/2016\/06\/TxT_inaugurazione010.jpg\"><img loading=\"lazy\" decoding=\"async\" class=\"aligncenter size-full wp-image-13250\" src=\"https:\/\/fiaf.net\/agoradicult\/wp-content\/uploads\/sites\/23\/2016\/06\/TxT_inaugurazione010.jpg\" alt=\"TxT_inaugurazione010\" width=\"580\" height=\"435\" srcset=\"https:\/\/fiaf.net\/agoradicult\/wp-content\/uploads\/sites\/23\/2016\/06\/TxT_inaugurazione010.jpg 580w, https:\/\/fiaf.net\/agoradicult\/wp-content\/uploads\/sites\/23\/2016\/06\/TxT_inaugurazione010-300x225.jpg 300w\" sizes=\"auto, (max-width: 580px) 100vw, 580px\" \/><\/a><br \/>\n<a href=\"https:\/\/fiaf.net\/agoradicult\/wp-content\/uploads\/sites\/23\/2016\/06\/TxT_inaugurazione011.jpg\"><img loading=\"lazy\" decoding=\"async\" class=\"aligncenter size-full wp-image-13251\" src=\"https:\/\/fiaf.net\/agoradicult\/wp-content\/uploads\/sites\/23\/2016\/06\/TxT_inaugurazione011.jpg\" alt=\"TxT_inaugurazione011\" width=\"580\" height=\"435\" srcset=\"https:\/\/fiaf.net\/agoradicult\/wp-content\/uploads\/sites\/23\/2016\/06\/TxT_inaugurazione011.jpg 580w, https:\/\/fiaf.net\/agoradicult\/wp-content\/uploads\/sites\/23\/2016\/06\/TxT_inaugurazione011-300x225.jpg 300w\" sizes=\"auto, (max-width: 580px) 100vw, 580px\" \/><\/a><br \/>\n<a href=\"https:\/\/fiaf.net\/agoradicult\/wp-content\/uploads\/sites\/23\/2016\/06\/TxT_inaugurazione012.jpg\"><img loading=\"lazy\" decoding=\"async\" class=\"aligncenter size-full wp-image-13252\" src=\"https:\/\/fiaf.net\/agoradicult\/wp-content\/uploads\/sites\/23\/2016\/06\/TxT_inaugurazione012.jpg\" alt=\"TxT_inaugurazione012\" width=\"580\" height=\"435\" srcset=\"https:\/\/fiaf.net\/agoradicult\/wp-content\/uploads\/sites\/23\/2016\/06\/TxT_inaugurazione012.jpg 580w, https:\/\/fiaf.net\/agoradicult\/wp-content\/uploads\/sites\/23\/2016\/06\/TxT_inaugurazione012-300x225.jpg 300w\" sizes=\"auto, (max-width: 580px) 100vw, 580px\" \/><\/a><br \/>\n<a href=\"https:\/\/fiaf.net\/agoradicult\/wp-content\/uploads\/sites\/23\/2016\/06\/TxT_inaugurazione013.jpg\"><img loading=\"lazy\" decoding=\"async\" class=\"aligncenter size-full wp-image-13253\" src=\"https:\/\/fiaf.net\/agoradicult\/wp-content\/uploads\/sites\/23\/2016\/06\/TxT_inaugurazione013.jpg\" alt=\"TxT_inaugurazione013\" width=\"580\" height=\"435\" srcset=\"https:\/\/fiaf.net\/agoradicult\/wp-content\/uploads\/sites\/23\/2016\/06\/TxT_inaugurazione013.jpg 580w, https:\/\/fiaf.net\/agoradicult\/wp-content\/uploads\/sites\/23\/2016\/06\/TxT_inaugurazione013-300x225.jpg 300w\" sizes=\"auto, (max-width: 580px) 100vw, 580px\" \/><\/a><br \/>\n<a href=\"https:\/\/fiaf.net\/agoradicult\/wp-content\/uploads\/sites\/23\/2016\/06\/TxT_inaugurazione014.jpg\"><img loading=\"lazy\" decoding=\"async\" class=\"aligncenter size-full wp-image-13254\" src=\"https:\/\/fiaf.net\/agoradicult\/wp-content\/uploads\/sites\/23\/2016\/06\/TxT_inaugurazione014.jpg\" alt=\"TxT_inaugurazione014\" width=\"580\" height=\"773\" srcset=\"https:\/\/fiaf.net\/agoradicult\/wp-content\/uploads\/sites\/23\/2016\/06\/TxT_inaugurazione014.jpg 580w, https:\/\/fiaf.net\/agoradicult\/wp-content\/uploads\/sites\/23\/2016\/06\/TxT_inaugurazione014-225x300.jpg 225w\" sizes=\"auto, (max-width: 580px) 100vw, 580px\" \/><\/a><br \/>\n<a href=\"https:\/\/fiaf.net\/agoradicult\/wp-content\/uploads\/sites\/23\/2016\/06\/TxT_inaugurazione015.jpg\"><img loading=\"lazy\" decoding=\"async\" class=\"aligncenter size-full wp-image-13255\" src=\"https:\/\/fiaf.net\/agoradicult\/wp-content\/uploads\/sites\/23\/2016\/06\/TxT_inaugurazione015.jpg\" alt=\"TxT_inaugurazione015\" width=\"580\" height=\"773\" srcset=\"https:\/\/fiaf.net\/agoradicult\/wp-content\/uploads\/sites\/23\/2016\/06\/TxT_inaugurazione015.jpg 580w, https:\/\/fiaf.net\/agoradicult\/wp-content\/uploads\/sites\/23\/2016\/06\/TxT_inaugurazione015-225x300.jpg 225w\" sizes=\"auto, (max-width: 580px) 100vw, 580px\" \/><\/a><br \/>\n<a href=\"https:\/\/fiaf.net\/agoradicult\/wp-content\/uploads\/sites\/23\/2016\/06\/TxT_inaugurazione016.jpg\"><img loading=\"lazy\" decoding=\"async\" class=\"aligncenter size-full wp-image-13256\" src=\"https:\/\/fiaf.net\/agoradicult\/wp-content\/uploads\/sites\/23\/2016\/06\/TxT_inaugurazione016.jpg\" alt=\"TxT_inaugurazione016\" width=\"580\" height=\"773\" srcset=\"https:\/\/fiaf.net\/agoradicult\/wp-content\/uploads\/sites\/23\/2016\/06\/TxT_inaugurazione016.jpg 580w, https:\/\/fiaf.net\/agoradicult\/wp-content\/uploads\/sites\/23\/2016\/06\/TxT_inaugurazione016-225x300.jpg 225w\" sizes=\"auto, (max-width: 580px) 100vw, 580px\" \/><\/a><br \/>\n<a href=\"https:\/\/fiaf.net\/agoradicult\/wp-content\/uploads\/sites\/23\/2016\/06\/TxT_inaugurazione017.jpg\"><img loading=\"lazy\" decoding=\"async\" class=\"aligncenter size-full wp-image-13257\" src=\"https:\/\/fiaf.net\/agoradicult\/wp-content\/uploads\/sites\/23\/2016\/06\/TxT_inaugurazione017.jpg\" alt=\"TxT_inaugurazione017\" width=\"580\" height=\"773\" srcset=\"https:\/\/fiaf.net\/agoradicult\/wp-content\/uploads\/sites\/23\/2016\/06\/TxT_inaugurazione017.jpg 580w, https:\/\/fiaf.net\/agoradicult\/wp-content\/uploads\/sites\/23\/2016\/06\/TxT_inaugurazione017-225x300.jpg 225w\" sizes=\"auto, (max-width: 580px) 100vw, 580px\" \/><\/a><br \/>\n&nbsp;<br \/>\n&nbsp;<br \/>\n&nbsp;<\/p>\n<h4 style=\"text-align: center\">Seconda parte: il momento delle Autorit\u00e0<\/h4>\n<p><a href=\"https:\/\/fiaf.net\/agoradicult\/wp-content\/uploads\/sites\/23\/2016\/06\/TxT_inaugurazione018.jpg\"><img loading=\"lazy\" decoding=\"async\" class=\"aligncenter size-full wp-image-13258\" src=\"https:\/\/fiaf.net\/agoradicult\/wp-content\/uploads\/sites\/23\/2016\/06\/TxT_inaugurazione018.jpg\" alt=\"TxT_inaugurazione018\" width=\"580\" height=\"774\" srcset=\"https:\/\/fiaf.net\/agoradicult\/wp-content\/uploads\/sites\/23\/2016\/06\/TxT_inaugurazione018.jpg 580w, https:\/\/fiaf.net\/agoradicult\/wp-content\/uploads\/sites\/23\/2016\/06\/TxT_inaugurazione018-225x300.jpg 225w\" sizes=\"auto, (max-width: 580px) 100vw, 580px\" \/><\/a><br \/>\n<a href=\"https:\/\/fiaf.net\/agoradicult\/wp-content\/uploads\/sites\/23\/2016\/06\/TxT_inaugurazione019.jpg\"><img loading=\"lazy\" decoding=\"async\" class=\"aligncenter size-full wp-image-13259\" src=\"https:\/\/fiaf.net\/agoradicult\/wp-content\/uploads\/sites\/23\/2016\/06\/TxT_inaugurazione019.jpg\" alt=\"TxT_inaugurazione019\" width=\"545\" height=\"774\" srcset=\"https:\/\/fiaf.net\/agoradicult\/wp-content\/uploads\/sites\/23\/2016\/06\/TxT_inaugurazione019.jpg 545w, https:\/\/fiaf.net\/agoradicult\/wp-content\/uploads\/sites\/23\/2016\/06\/TxT_inaugurazione019-211x300.jpg 211w\" sizes=\"auto, (max-width: 545px) 100vw, 545px\" \/><\/a><br \/>\n<a href=\"https:\/\/fiaf.net\/agoradicult\/wp-content\/uploads\/sites\/23\/2016\/06\/TxT_inaugurazione020.jpg\"><img loading=\"lazy\" decoding=\"async\" class=\"aligncenter size-full wp-image-13260\" src=\"https:\/\/fiaf.net\/agoradicult\/wp-content\/uploads\/sites\/23\/2016\/06\/TxT_inaugurazione020.jpg\" alt=\"TxT_inaugurazione020\" width=\"580\" height=\"580\" srcset=\"https:\/\/fiaf.net\/agoradicult\/wp-content\/uploads\/sites\/23\/2016\/06\/TxT_inaugurazione020.jpg 580w, https:\/\/fiaf.net\/agoradicult\/wp-content\/uploads\/sites\/23\/2016\/06\/TxT_inaugurazione020-300x300.jpg 300w, https:\/\/fiaf.net\/agoradicult\/wp-content\/uploads\/sites\/23\/2016\/06\/TxT_inaugurazione020-150x150.jpg 150w\" sizes=\"auto, (max-width: 580px) 100vw, 580px\" \/><\/a><\/p>\n<p style=\"text-align: center\"><a href=\"https:\/\/fiaf.net\/agoradicult\/wp-content\/uploads\/sites\/23\/2016\/06\/TxT_inaugurazione021.jpg\"><img loading=\"lazy\" decoding=\"async\" class=\"aligncenter size-full wp-image-13261\" src=\"https:\/\/fiaf.net\/agoradicult\/wp-content\/uploads\/sites\/23\/2016\/06\/TxT_inaugurazione021.jpg\" alt=\"TxT_inaugurazione021\" width=\"580\" height=\"580\" srcset=\"https:\/\/fiaf.net\/agoradicult\/wp-content\/uploads\/sites\/23\/2016\/06\/TxT_inaugurazione021.jpg 580w, https:\/\/fiaf.net\/agoradicult\/wp-content\/uploads\/sites\/23\/2016\/06\/TxT_inaugurazione021-300x300.jpg 300w, https:\/\/fiaf.net\/agoradicult\/wp-content\/uploads\/sites\/23\/2016\/06\/TxT_inaugurazione021-150x150.jpg 150w\" sizes=\"auto, (max-width: 580px) 100vw, 580px\" \/>I<\/a>l Presidente della FIAF Roberto Rossi parla con il Vice Ministro Riccardo Nencini<\/p>\n<p>&nbsp;<br \/>\n&nbsp;<br \/>\n&nbsp;<\/p>\n<h4 style=\"text-align: center\">Terza parte: i nostri incontri<\/h4>\n<p><a href=\"https:\/\/fiaf.net\/agoradicult\/wp-content\/uploads\/sites\/23\/2016\/06\/TxT_inaugurazione022.jpg\"><img loading=\"lazy\" decoding=\"async\" class=\"aligncenter size-full wp-image-13262\" src=\"https:\/\/fiaf.net\/agoradicult\/wp-content\/uploads\/sites\/23\/2016\/06\/TxT_inaugurazione022.jpg\" alt=\"TxT_inaugurazione022\" width=\"580\" height=\"435\" srcset=\"https:\/\/fiaf.net\/agoradicult\/wp-content\/uploads\/sites\/23\/2016\/06\/TxT_inaugurazione022.jpg 580w, https:\/\/fiaf.net\/agoradicult\/wp-content\/uploads\/sites\/23\/2016\/06\/TxT_inaugurazione022-300x225.jpg 300w\" sizes=\"auto, (max-width: 580px) 100vw, 580px\" \/><\/a><br \/>\n<a href=\"https:\/\/fiaf.net\/agoradicult\/wp-content\/uploads\/sites\/23\/2016\/06\/TxT_inaugurazione023.jpg\"><img loading=\"lazy\" decoding=\"async\" class=\"aligncenter size-full wp-image-13263\" src=\"https:\/\/fiaf.net\/agoradicult\/wp-content\/uploads\/sites\/23\/2016\/06\/TxT_inaugurazione023.jpg\" alt=\"TxT_inaugurazione023\" width=\"580\" height=\"435\" srcset=\"https:\/\/fiaf.net\/agoradicult\/wp-content\/uploads\/sites\/23\/2016\/06\/TxT_inaugurazione023.jpg 580w, https:\/\/fiaf.net\/agoradicult\/wp-content\/uploads\/sites\/23\/2016\/06\/TxT_inaugurazione023-300x225.jpg 300w\" sizes=\"auto, (max-width: 580px) 100vw, 580px\" \/><\/a><br \/>\n<a href=\"https:\/\/fiaf.net\/agoradicult\/wp-content\/uploads\/sites\/23\/2016\/06\/TxT_inaugurazione024.jpg\"><img loading=\"lazy\" decoding=\"async\" class=\"aligncenter size-full wp-image-13264\" src=\"https:\/\/fiaf.net\/agoradicult\/wp-content\/uploads\/sites\/23\/2016\/06\/TxT_inaugurazione024.jpg\" alt=\"TxT_inaugurazione024\" width=\"580\" height=\"435\" srcset=\"https:\/\/fiaf.net\/agoradicult\/wp-content\/uploads\/sites\/23\/2016\/06\/TxT_inaugurazione024.jpg 580w, https:\/\/fiaf.net\/agoradicult\/wp-content\/uploads\/sites\/23\/2016\/06\/TxT_inaugurazione024-300x225.jpg 300w\" sizes=\"auto, (max-width: 580px) 100vw, 580px\" \/><\/a><br \/>\n<a href=\"https:\/\/fiaf.net\/agoradicult\/wp-content\/uploads\/sites\/23\/2016\/06\/TxT_inaugurazione025.jpg\"><img loading=\"lazy\" decoding=\"async\" class=\"aligncenter size-full wp-image-13265\" src=\"https:\/\/fiaf.net\/agoradicult\/wp-content\/uploads\/sites\/23\/2016\/06\/TxT_inaugurazione025.jpg\" alt=\"TxT_inaugurazione025\" width=\"580\" height=\"435\" srcset=\"https:\/\/fiaf.net\/agoradicult\/wp-content\/uploads\/sites\/23\/2016\/06\/TxT_inaugurazione025.jpg 580w, https:\/\/fiaf.net\/agoradicult\/wp-content\/uploads\/sites\/23\/2016\/06\/TxT_inaugurazione025-300x225.jpg 300w\" sizes=\"auto, (max-width: 580px) 100vw, 580px\" \/><\/a><br \/>\n<a href=\"https:\/\/fiaf.net\/agoradicult\/wp-content\/uploads\/sites\/23\/2016\/06\/TxT_inaugurazione026.jpg\"><img loading=\"lazy\" decoding=\"async\" class=\"aligncenter size-full wp-image-13266\" src=\"https:\/\/fiaf.net\/agoradicult\/wp-content\/uploads\/sites\/23\/2016\/06\/TxT_inaugurazione026.jpg\" alt=\"TxT_inaugurazione026\" width=\"580\" height=\"435\" srcset=\"https:\/\/fiaf.net\/agoradicult\/wp-content\/uploads\/sites\/23\/2016\/06\/TxT_inaugurazione026.jpg 580w, https:\/\/fiaf.net\/agoradicult\/wp-content\/uploads\/sites\/23\/2016\/06\/TxT_inaugurazione026-300x225.jpg 300w\" sizes=\"auto, (max-width: 580px) 100vw, 580px\" \/><\/a><br \/>\n<a href=\"https:\/\/fiaf.net\/agoradicult\/wp-content\/uploads\/sites\/23\/2016\/06\/TxT_inaugurazione027.jpg\"><img loading=\"lazy\" decoding=\"async\" class=\"aligncenter size-full wp-image-13267\" src=\"https:\/\/fiaf.net\/agoradicult\/wp-content\/uploads\/sites\/23\/2016\/06\/TxT_inaugurazione027.jpg\" alt=\"TxT_inaugurazione027\" width=\"580\" height=\"435\" srcset=\"https:\/\/fiaf.net\/agoradicult\/wp-content\/uploads\/sites\/23\/2016\/06\/TxT_inaugurazione027.jpg 580w, https:\/\/fiaf.net\/agoradicult\/wp-content\/uploads\/sites\/23\/2016\/06\/TxT_inaugurazione027-300x225.jpg 300w\" sizes=\"auto, (max-width: 580px) 100vw, 580px\" \/><\/a><br \/>\n<a href=\"https:\/\/fiaf.net\/agoradicult\/wp-content\/uploads\/sites\/23\/2016\/06\/TxT_inaugurazione028.jpg\"><img loading=\"lazy\" decoding=\"async\" class=\"aligncenter size-full wp-image-13268\" src=\"https:\/\/fiaf.net\/agoradicult\/wp-content\/uploads\/sites\/23\/2016\/06\/TxT_inaugurazione028.jpg\" alt=\"TxT_inaugurazione028\" width=\"580\" height=\"435\" srcset=\"https:\/\/fiaf.net\/agoradicult\/wp-content\/uploads\/sites\/23\/2016\/06\/TxT_inaugurazione028.jpg 580w, https:\/\/fiaf.net\/agoradicult\/wp-content\/uploads\/sites\/23\/2016\/06\/TxT_inaugurazione028-300x225.jpg 300w\" sizes=\"auto, (max-width: 580px) 100vw, 580px\" \/><\/a><\/p>\n<p style=\"text-align: center\"><a href=\"https:\/\/fiaf.net\/agoradicult\/wp-content\/uploads\/sites\/23\/2016\/06\/TxT_inaugurazione048.jpg\"><img loading=\"lazy\" decoding=\"async\" class=\"aligncenter size-full wp-image-13288\" src=\"https:\/\/fiaf.net\/agoradicult\/wp-content\/uploads\/sites\/23\/2016\/06\/TxT_inaugurazione048.jpg\" alt=\"TxT_inaugurazione048\" width=\"580\" height=\"773\" srcset=\"https:\/\/fiaf.net\/agoradicult\/wp-content\/uploads\/sites\/23\/2016\/06\/TxT_inaugurazione048.jpg 580w, https:\/\/fiaf.net\/agoradicult\/wp-content\/uploads\/sites\/23\/2016\/06\/TxT_inaugurazione048-225x300.jpg 225w\" sizes=\"auto, (max-width: 580px) 100vw, 580px\" \/><\/a><\/p>\n<p><a href=\"https:\/\/fiaf.net\/agoradicult\/wp-content\/uploads\/sites\/23\/2016\/06\/TxT_inaugurazione029.jpg\"><img loading=\"lazy\" decoding=\"async\" class=\"aligncenter size-full wp-image-13269\" src=\"https:\/\/fiaf.net\/agoradicult\/wp-content\/uploads\/sites\/23\/2016\/06\/TxT_inaugurazione029.jpg\" alt=\"TxT_inaugurazione029\" width=\"580\" height=\"435\" srcset=\"https:\/\/fiaf.net\/agoradicult\/wp-content\/uploads\/sites\/23\/2016\/06\/TxT_inaugurazione029.jpg 580w, https:\/\/fiaf.net\/agoradicult\/wp-content\/uploads\/sites\/23\/2016\/06\/TxT_inaugurazione029-300x225.jpg 300w\" sizes=\"auto, (max-width: 580px) 100vw, 580px\" \/><\/a><\/p>\n<p style=\"text-align: center\"><a href=\"https:\/\/fiaf.net\/agoradicult\/wp-content\/uploads\/sites\/23\/2016\/06\/TxT_inaugurazione052.jpg\"><img loading=\"lazy\" decoding=\"async\" class=\"aligncenter size-full wp-image-13292\" src=\"https:\/\/fiaf.net\/agoradicult\/wp-content\/uploads\/sites\/23\/2016\/06\/TxT_inaugurazione052.jpg\" alt=\"TxT_inaugurazione052\" width=\"580\" height=\"436\" srcset=\"https:\/\/fiaf.net\/agoradicult\/wp-content\/uploads\/sites\/23\/2016\/06\/TxT_inaugurazione052.jpg 580w, https:\/\/fiaf.net\/agoradicult\/wp-content\/uploads\/sites\/23\/2016\/06\/TxT_inaugurazione052-300x226.jpg 300w\" sizes=\"auto, (max-width: 580px) 100vw, 580px\" \/><\/a><\/p>\n<p><a href=\"https:\/\/fiaf.net\/agoradicult\/wp-content\/uploads\/sites\/23\/2016\/06\/TxT_inaugurazione030.jpg\"><img loading=\"lazy\" decoding=\"async\" class=\"aligncenter size-full wp-image-13270\" src=\"https:\/\/fiaf.net\/agoradicult\/wp-content\/uploads\/sites\/23\/2016\/06\/TxT_inaugurazione030.jpg\" alt=\"TxT_inaugurazione030\" width=\"580\" height=\"435\" srcset=\"https:\/\/fiaf.net\/agoradicult\/wp-content\/uploads\/sites\/23\/2016\/06\/TxT_inaugurazione030.jpg 580w, https:\/\/fiaf.net\/agoradicult\/wp-content\/uploads\/sites\/23\/2016\/06\/TxT_inaugurazione030-300x225.jpg 300w\" sizes=\"auto, (max-width: 580px) 100vw, 580px\" \/><\/a><br \/>\n<a href=\"https:\/\/fiaf.net\/agoradicult\/wp-content\/uploads\/sites\/23\/2016\/06\/TxT_inaugurazione031.jpg\"><img loading=\"lazy\" decoding=\"async\" class=\"aligncenter size-full wp-image-13271\" src=\"https:\/\/fiaf.net\/agoradicult\/wp-content\/uploads\/sites\/23\/2016\/06\/TxT_inaugurazione031.jpg\" alt=\"TxT_inaugurazione031\" width=\"580\" height=\"435\" srcset=\"https:\/\/fiaf.net\/agoradicult\/wp-content\/uploads\/sites\/23\/2016\/06\/TxT_inaugurazione031.jpg 580w, https:\/\/fiaf.net\/agoradicult\/wp-content\/uploads\/sites\/23\/2016\/06\/TxT_inaugurazione031-300x225.jpg 300w\" sizes=\"auto, (max-width: 580px) 100vw, 580px\" \/><\/a><br \/>\n<a href=\"https:\/\/fiaf.net\/agoradicult\/wp-content\/uploads\/sites\/23\/2016\/06\/TxT_inaugurazione032.jpg\"><img loading=\"lazy\" decoding=\"async\" class=\"aligncenter size-full wp-image-13272\" src=\"https:\/\/fiaf.net\/agoradicult\/wp-content\/uploads\/sites\/23\/2016\/06\/TxT_inaugurazione032.jpg\" alt=\"TxT_inaugurazione032\" width=\"580\" height=\"435\" srcset=\"https:\/\/fiaf.net\/agoradicult\/wp-content\/uploads\/sites\/23\/2016\/06\/TxT_inaugurazione032.jpg 580w, https:\/\/fiaf.net\/agoradicult\/wp-content\/uploads\/sites\/23\/2016\/06\/TxT_inaugurazione032-300x225.jpg 300w\" sizes=\"auto, (max-width: 580px) 100vw, 580px\" \/><\/a><br \/>\n<a href=\"https:\/\/fiaf.net\/agoradicult\/wp-content\/uploads\/sites\/23\/2016\/06\/TxT_inaugurazione033.jpg\"><img loading=\"lazy\" decoding=\"async\" class=\"aligncenter size-full wp-image-13273\" src=\"https:\/\/fiaf.net\/agoradicult\/wp-content\/uploads\/sites\/23\/2016\/06\/TxT_inaugurazione033.jpg\" alt=\"TxT_inaugurazione033\" width=\"580\" height=\"435\" srcset=\"https:\/\/fiaf.net\/agoradicult\/wp-content\/uploads\/sites\/23\/2016\/06\/TxT_inaugurazione033.jpg 580w, https:\/\/fiaf.net\/agoradicult\/wp-content\/uploads\/sites\/23\/2016\/06\/TxT_inaugurazione033-300x225.jpg 300w\" sizes=\"auto, (max-width: 580px) 100vw, 580px\" \/><\/a><br \/>\n<a href=\"https:\/\/fiaf.net\/agoradicult\/wp-content\/uploads\/sites\/23\/2016\/06\/TxT_inaugurazione034.jpg\"><img loading=\"lazy\" decoding=\"async\" class=\"aligncenter size-full wp-image-13274\" src=\"https:\/\/fiaf.net\/agoradicult\/wp-content\/uploads\/sites\/23\/2016\/06\/TxT_inaugurazione034.jpg\" alt=\"TxT_inaugurazione034\" width=\"580\" height=\"435\" srcset=\"https:\/\/fiaf.net\/agoradicult\/wp-content\/uploads\/sites\/23\/2016\/06\/TxT_inaugurazione034.jpg 580w, https:\/\/fiaf.net\/agoradicult\/wp-content\/uploads\/sites\/23\/2016\/06\/TxT_inaugurazione034-300x225.jpg 300w\" sizes=\"auto, (max-width: 580px) 100vw, 580px\" \/><\/a><br \/>\n<a href=\"https:\/\/fiaf.net\/agoradicult\/wp-content\/uploads\/sites\/23\/2016\/06\/TxT_inaugurazione035.jpg\"><img loading=\"lazy\" decoding=\"async\" class=\"aligncenter size-full wp-image-13275\" src=\"https:\/\/fiaf.net\/agoradicult\/wp-content\/uploads\/sites\/23\/2016\/06\/TxT_inaugurazione035.jpg\" alt=\"TxT_inaugurazione035\" width=\"580\" height=\"435\" srcset=\"https:\/\/fiaf.net\/agoradicult\/wp-content\/uploads\/sites\/23\/2016\/06\/TxT_inaugurazione035.jpg 580w, https:\/\/fiaf.net\/agoradicult\/wp-content\/uploads\/sites\/23\/2016\/06\/TxT_inaugurazione035-300x225.jpg 300w\" sizes=\"auto, (max-width: 580px) 100vw, 580px\" \/><\/a><br \/>\n<a href=\"https:\/\/fiaf.net\/agoradicult\/wp-content\/uploads\/sites\/23\/2016\/06\/TxT_inaugurazione036.jpg\"><img loading=\"lazy\" decoding=\"async\" class=\"aligncenter size-full wp-image-13276\" src=\"https:\/\/fiaf.net\/agoradicult\/wp-content\/uploads\/sites\/23\/2016\/06\/TxT_inaugurazione036.jpg\" alt=\"TxT_inaugurazione036\" width=\"580\" height=\"435\" srcset=\"https:\/\/fiaf.net\/agoradicult\/wp-content\/uploads\/sites\/23\/2016\/06\/TxT_inaugurazione036.jpg 580w, https:\/\/fiaf.net\/agoradicult\/wp-content\/uploads\/sites\/23\/2016\/06\/TxT_inaugurazione036-300x225.jpg 300w\" sizes=\"auto, (max-width: 580px) 100vw, 580px\" \/><\/a><br \/>\n<a href=\"https:\/\/fiaf.net\/agoradicult\/wp-content\/uploads\/sites\/23\/2016\/06\/TxT_inaugurazione037.jpg\"><img loading=\"lazy\" decoding=\"async\" class=\"aligncenter size-full wp-image-13277\" src=\"https:\/\/fiaf.net\/agoradicult\/wp-content\/uploads\/sites\/23\/2016\/06\/TxT_inaugurazione037.jpg\" alt=\"TxT_inaugurazione037\" width=\"580\" height=\"435\" srcset=\"https:\/\/fiaf.net\/agoradicult\/wp-content\/uploads\/sites\/23\/2016\/06\/TxT_inaugurazione037.jpg 580w, https:\/\/fiaf.net\/agoradicult\/wp-content\/uploads\/sites\/23\/2016\/06\/TxT_inaugurazione037-300x225.jpg 300w\" sizes=\"auto, (max-width: 580px) 100vw, 580px\" \/><\/a><br \/>\n&nbsp;<br \/>\n&nbsp;<br \/>\n&nbsp;<br \/>\n&nbsp;<\/p>\n<h4 style=\"text-align: center\">Quarta parte: la visita alle mostre<\/h4>\n<p><a href=\"https:\/\/fiaf.net\/agoradicult\/wp-content\/uploads\/sites\/23\/2016\/06\/TxT_inaugurazione038.jpg\"><img loading=\"lazy\" decoding=\"async\" class=\"aligncenter size-full wp-image-13278\" src=\"https:\/\/fiaf.net\/agoradicult\/wp-content\/uploads\/sites\/23\/2016\/06\/TxT_inaugurazione038.jpg\" alt=\"TxT_inaugurazione038\" width=\"580\" height=\"435\" srcset=\"https:\/\/fiaf.net\/agoradicult\/wp-content\/uploads\/sites\/23\/2016\/06\/TxT_inaugurazione038.jpg 580w, https:\/\/fiaf.net\/agoradicult\/wp-content\/uploads\/sites\/23\/2016\/06\/TxT_inaugurazione038-300x225.jpg 300w\" sizes=\"auto, (max-width: 580px) 100vw, 580px\" \/><\/a><br \/>\n<a href=\"https:\/\/fiaf.net\/agoradicult\/wp-content\/uploads\/sites\/23\/2016\/06\/TxT_inaugurazione039.jpg\"><img loading=\"lazy\" decoding=\"async\" class=\"aligncenter size-full wp-image-13279\" src=\"https:\/\/fiaf.net\/agoradicult\/wp-content\/uploads\/sites\/23\/2016\/06\/TxT_inaugurazione039.jpg\" alt=\"TxT_inaugurazione039\" width=\"580\" height=\"435\" srcset=\"https:\/\/fiaf.net\/agoradicult\/wp-content\/uploads\/sites\/23\/2016\/06\/TxT_inaugurazione039.jpg 580w, https:\/\/fiaf.net\/agoradicult\/wp-content\/uploads\/sites\/23\/2016\/06\/TxT_inaugurazione039-300x225.jpg 300w\" sizes=\"auto, (max-width: 580px) 100vw, 580px\" \/><\/a><br \/>\n&nbsp;<br \/>\n<a href=\"https:\/\/fiaf.net\/agoradicult\/wp-content\/uploads\/sites\/23\/2016\/06\/TxT_inaugurazione041.jpg\"><img loading=\"lazy\" decoding=\"async\" class=\"aligncenter size-full wp-image-13281\" src=\"https:\/\/fiaf.net\/agoradicult\/wp-content\/uploads\/sites\/23\/2016\/06\/TxT_inaugurazione041.jpg\" alt=\"TxT_inaugurazione041\" width=\"580\" height=\"435\" srcset=\"https:\/\/fiaf.net\/agoradicult\/wp-content\/uploads\/sites\/23\/2016\/06\/TxT_inaugurazione041.jpg 580w, https:\/\/fiaf.net\/agoradicult\/wp-content\/uploads\/sites\/23\/2016\/06\/TxT_inaugurazione041-300x225.jpg 300w\" sizes=\"auto, (max-width: 580px) 100vw, 580px\" \/><\/a><br \/>\n<a href=\"https:\/\/fiaf.net\/agoradicult\/wp-content\/uploads\/sites\/23\/2016\/06\/TxT_inaugurazione042.jpg\"><img loading=\"lazy\" decoding=\"async\" class=\"aligncenter size-full wp-image-13282\" src=\"https:\/\/fiaf.net\/agoradicult\/wp-content\/uploads\/sites\/23\/2016\/06\/TxT_inaugurazione042.jpg\" alt=\"TxT_inaugurazione042\" width=\"580\" height=\"435\" srcset=\"https:\/\/fiaf.net\/agoradicult\/wp-content\/uploads\/sites\/23\/2016\/06\/TxT_inaugurazione042.jpg 580w, https:\/\/fiaf.net\/agoradicult\/wp-content\/uploads\/sites\/23\/2016\/06\/TxT_inaugurazione042-300x225.jpg 300w\" sizes=\"auto, (max-width: 580px) 100vw, 580px\" \/><\/a><br \/>\n<a href=\"https:\/\/fiaf.net\/agoradicult\/wp-content\/uploads\/sites\/23\/2016\/06\/TxT_inaugurazione043.jpg\"><img loading=\"lazy\" decoding=\"async\" class=\"aligncenter size-full wp-image-13283\" src=\"https:\/\/fiaf.net\/agoradicult\/wp-content\/uploads\/sites\/23\/2016\/06\/TxT_inaugurazione043.jpg\" alt=\"TxT_inaugurazione043\" width=\"580\" height=\"435\" srcset=\"https:\/\/fiaf.net\/agoradicult\/wp-content\/uploads\/sites\/23\/2016\/06\/TxT_inaugurazione043.jpg 580w, https:\/\/fiaf.net\/agoradicult\/wp-content\/uploads\/sites\/23\/2016\/06\/TxT_inaugurazione043-300x225.jpg 300w\" sizes=\"auto, (max-width: 580px) 100vw, 580px\" \/><\/a><br \/>\n<a href=\"https:\/\/fiaf.net\/agoradicult\/wp-content\/uploads\/sites\/23\/2016\/06\/TxT_inaugurazione044.jpg\"><img loading=\"lazy\" decoding=\"async\" class=\"aligncenter size-full wp-image-13284\" src=\"https:\/\/fiaf.net\/agoradicult\/wp-content\/uploads\/sites\/23\/2016\/06\/TxT_inaugurazione044.jpg\" alt=\"TxT_inaugurazione044\" width=\"580\" height=\"435\" srcset=\"https:\/\/fiaf.net\/agoradicult\/wp-content\/uploads\/sites\/23\/2016\/06\/TxT_inaugurazione044.jpg 580w, https:\/\/fiaf.net\/agoradicult\/wp-content\/uploads\/sites\/23\/2016\/06\/TxT_inaugurazione044-300x225.jpg 300w\" sizes=\"auto, (max-width: 580px) 100vw, 580px\" \/><\/a><br \/>\n<a href=\"https:\/\/fiaf.net\/agoradicult\/wp-content\/uploads\/sites\/23\/2016\/06\/TxT_inaugurazione045.jpg\"><img loading=\"lazy\" decoding=\"async\" class=\"aligncenter size-full wp-image-13285\" src=\"https:\/\/fiaf.net\/agoradicult\/wp-content\/uploads\/sites\/23\/2016\/06\/TxT_inaugurazione045.jpg\" alt=\"TxT_inaugurazione045\" width=\"580\" height=\"435\" srcset=\"https:\/\/fiaf.net\/agoradicult\/wp-content\/uploads\/sites\/23\/2016\/06\/TxT_inaugurazione045.jpg 580w, https:\/\/fiaf.net\/agoradicult\/wp-content\/uploads\/sites\/23\/2016\/06\/TxT_inaugurazione045-300x225.jpg 300w\" sizes=\"auto, (max-width: 580px) 100vw, 580px\" \/><\/a><br \/>\n<a href=\"https:\/\/fiaf.net\/agoradicult\/wp-content\/uploads\/sites\/23\/2016\/06\/TxT_inaugurazione046.jpg\"><img loading=\"lazy\" decoding=\"async\" class=\"aligncenter size-full wp-image-13286\" src=\"https:\/\/fiaf.net\/agoradicult\/wp-content\/uploads\/sites\/23\/2016\/06\/TxT_inaugurazione046.jpg\" alt=\"TxT_inaugurazione046\" width=\"580\" height=\"435\" srcset=\"https:\/\/fiaf.net\/agoradicult\/wp-content\/uploads\/sites\/23\/2016\/06\/TxT_inaugurazione046.jpg 580w, https:\/\/fiaf.net\/agoradicult\/wp-content\/uploads\/sites\/23\/2016\/06\/TxT_inaugurazione046-300x225.jpg 300w\" sizes=\"auto, (max-width: 580px) 100vw, 580px\" \/><\/a><br \/>\n<a href=\"https:\/\/fiaf.net\/agoradicult\/wp-content\/uploads\/sites\/23\/2016\/06\/TxT_inaugurazione047.jpg\"><img loading=\"lazy\" decoding=\"async\" class=\"aligncenter size-full wp-image-13287\" src=\"https:\/\/fiaf.net\/agoradicult\/wp-content\/uploads\/sites\/23\/2016\/06\/TxT_inaugurazione047.jpg\" alt=\"TxT_inaugurazione047\" width=\"580\" height=\"435\" srcset=\"https:\/\/fiaf.net\/agoradicult\/wp-content\/uploads\/sites\/23\/2016\/06\/TxT_inaugurazione047.jpg 580w, https:\/\/fiaf.net\/agoradicult\/wp-content\/uploads\/sites\/23\/2016\/06\/TxT_inaugurazione047-300x225.jpg 300w\" sizes=\"auto, (max-width: 580px) 100vw, 580px\" \/><\/a><br \/>\n&nbsp;<br \/>\n&nbsp;<br \/>\n&nbsp;<\/p>\n<h4 style=\"text-align: center\">Sesta parte: il fotografo accanto alla sua opera<\/h4>\n<p><a href=\"https:\/\/fiaf.net\/agoradicult\/wp-content\/uploads\/sites\/23\/2016\/06\/TxT_inaugurazione049.jpg\"><img loading=\"lazy\" decoding=\"async\" class=\"aligncenter size-full wp-image-13289\" src=\"https:\/\/fiaf.net\/agoradicult\/wp-content\/uploads\/sites\/23\/2016\/06\/TxT_inaugurazione049.jpg\" alt=\"TxT_inaugurazione049\" width=\"580\" height=\"436\" srcset=\"https:\/\/fiaf.net\/agoradicult\/wp-content\/uploads\/sites\/23\/2016\/06\/TxT_inaugurazione049.jpg 580w, https:\/\/fiaf.net\/agoradicult\/wp-content\/uploads\/sites\/23\/2016\/06\/TxT_inaugurazione049-300x226.jpg 300w\" sizes=\"auto, (max-width: 580px) 100vw, 580px\" \/><\/a><br \/>\n<a href=\"https:\/\/fiaf.net\/agoradicult\/wp-content\/uploads\/sites\/23\/2016\/06\/TxT_inaugurazione050.jpg\"><img loading=\"lazy\" decoding=\"async\" class=\"aligncenter size-full wp-image-13290\" src=\"https:\/\/fiaf.net\/agoradicult\/wp-content\/uploads\/sites\/23\/2016\/06\/TxT_inaugurazione050.jpg\" alt=\"TxT_inaugurazione050\" width=\"580\" height=\"436\" srcset=\"https:\/\/fiaf.net\/agoradicult\/wp-content\/uploads\/sites\/23\/2016\/06\/TxT_inaugurazione050.jpg 580w, https:\/\/fiaf.net\/agoradicult\/wp-content\/uploads\/sites\/23\/2016\/06\/TxT_inaugurazione050-300x226.jpg 300w\" sizes=\"auto, (max-width: 580px) 100vw, 580px\" \/><\/a><br \/>\n<a href=\"https:\/\/fiaf.net\/agoradicult\/wp-content\/uploads\/sites\/23\/2016\/06\/TxT_inaugurazione051.jpg\"><img loading=\"lazy\" decoding=\"async\" class=\"aligncenter size-full wp-image-13291\" src=\"https:\/\/fiaf.net\/agoradicult\/wp-content\/uploads\/sites\/23\/2016\/06\/TxT_inaugurazione051.jpg\" alt=\"TxT_inaugurazione051\" width=\"436\" height=\"436\" srcset=\"https:\/\/fiaf.net\/agoradicult\/wp-content\/uploads\/sites\/23\/2016\/06\/TxT_inaugurazione051.jpg 436w, https:\/\/fiaf.net\/agoradicult\/wp-content\/uploads\/sites\/23\/2016\/06\/TxT_inaugurazione051-300x300.jpg 300w, https:\/\/fiaf.net\/agoradicult\/wp-content\/uploads\/sites\/23\/2016\/06\/TxT_inaugurazione051-150x150.jpg 150w\" sizes=\"auto, (max-width: 436px) 100vw, 436px\" \/><\/a><br \/>\n<a href=\"https:\/\/fiaf.net\/agoradicult\/wp-content\/uploads\/sites\/23\/2016\/06\/TxT_inaugurazione062.jpg\"><img loading=\"lazy\" decoding=\"async\" class=\"aligncenter size-full wp-image-13308\" src=\"https:\/\/fiaf.net\/agoradicult\/wp-content\/uploads\/sites\/23\/2016\/06\/TxT_inaugurazione062.jpg\" alt=\"TxT_inaugurazione062\" width=\"580\" height=\"774\" srcset=\"https:\/\/fiaf.net\/agoradicult\/wp-content\/uploads\/sites\/23\/2016\/06\/TxT_inaugurazione062.jpg 580w, https:\/\/fiaf.net\/agoradicult\/wp-content\/uploads\/sites\/23\/2016\/06\/TxT_inaugurazione062-225x300.jpg 225w\" sizes=\"auto, (max-width: 580px) 100vw, 580px\" \/><\/a><br \/>\n<a href=\"https:\/\/fiaf.net\/agoradicult\/wp-content\/uploads\/sites\/23\/2016\/06\/TxT_inaugurazione053.jpg\"><img loading=\"lazy\" decoding=\"async\" class=\"aligncenter size-full wp-image-13293\" src=\"https:\/\/fiaf.net\/agoradicult\/wp-content\/uploads\/sites\/23\/2016\/06\/TxT_inaugurazione053.jpg\" alt=\"TxT_inaugurazione053\" width=\"580\" height=\"327\" srcset=\"https:\/\/fiaf.net\/agoradicult\/wp-content\/uploads\/sites\/23\/2016\/06\/TxT_inaugurazione053.jpg 580w, https:\/\/fiaf.net\/agoradicult\/wp-content\/uploads\/sites\/23\/2016\/06\/TxT_inaugurazione053-300x169.jpg 300w\" sizes=\"auto, (max-width: 580px) 100vw, 580px\" \/><\/a><br \/>\n<a href=\"https:\/\/fiaf.net\/agoradicult\/wp-content\/uploads\/sites\/23\/2016\/06\/TxT_inaugurazione063.jpg\"><img loading=\"lazy\" decoding=\"async\" class=\"aligncenter size-full wp-image-13309\" src=\"https:\/\/fiaf.net\/agoradicult\/wp-content\/uploads\/sites\/23\/2016\/06\/TxT_inaugurazione063.jpg\" alt=\"TxT_inaugurazione063\" width=\"580\" height=\"774\" srcset=\"https:\/\/fiaf.net\/agoradicult\/wp-content\/uploads\/sites\/23\/2016\/06\/TxT_inaugurazione063.jpg 580w, https:\/\/fiaf.net\/agoradicult\/wp-content\/uploads\/sites\/23\/2016\/06\/TxT_inaugurazione063-225x300.jpg 225w\" sizes=\"auto, (max-width: 580px) 100vw, 580px\" \/><\/a><br \/>\n<a href=\"https:\/\/fiaf.net\/agoradicult\/wp-content\/uploads\/sites\/23\/2016\/06\/TxT_inaugurazione064.jpg\"><img loading=\"lazy\" decoding=\"async\" class=\"aligncenter size-full wp-image-13310\" src=\"https:\/\/fiaf.net\/agoradicult\/wp-content\/uploads\/sites\/23\/2016\/06\/TxT_inaugurazione064.jpg\" alt=\"TxT_inaugurazione064\" width=\"465\" height=\"774\" srcset=\"https:\/\/fiaf.net\/agoradicult\/wp-content\/uploads\/sites\/23\/2016\/06\/TxT_inaugurazione064.jpg 465w, https:\/\/fiaf.net\/agoradicult\/wp-content\/uploads\/sites\/23\/2016\/06\/TxT_inaugurazione064-180x300.jpg 180w\" sizes=\"auto, (max-width: 465px) 100vw, 465px\" \/><\/a><br \/>\n<a href=\"https:\/\/fiaf.net\/agoradicult\/wp-content\/uploads\/sites\/23\/2016\/06\/TxT_inaugurazione054.jpg\"><img loading=\"lazy\" decoding=\"async\" class=\"aligncenter size-full wp-image-13294\" src=\"https:\/\/fiaf.net\/agoradicult\/wp-content\/uploads\/sites\/23\/2016\/06\/TxT_inaugurazione054.jpg\" alt=\"TxT_inaugurazione054\" width=\"580\" height=\"435\" srcset=\"https:\/\/fiaf.net\/agoradicult\/wp-content\/uploads\/sites\/23\/2016\/06\/TxT_inaugurazione054.jpg 580w, https:\/\/fiaf.net\/agoradicult\/wp-content\/uploads\/sites\/23\/2016\/06\/TxT_inaugurazione054-300x225.jpg 300w\" sizes=\"auto, (max-width: 580px) 100vw, 580px\" \/><\/a><br \/>\n<a href=\"https:\/\/fiaf.net\/agoradicult\/wp-content\/uploads\/sites\/23\/2016\/06\/TxT_inaugurazione055.jpg\"><img loading=\"lazy\" decoding=\"async\" class=\"aligncenter size-full wp-image-13295\" src=\"https:\/\/fiaf.net\/agoradicult\/wp-content\/uploads\/sites\/23\/2016\/06\/TxT_inaugurazione055.jpg\" alt=\"TxT_inaugurazione055\" width=\"580\" height=\"435\" srcset=\"https:\/\/fiaf.net\/agoradicult\/wp-content\/uploads\/sites\/23\/2016\/06\/TxT_inaugurazione055.jpg 580w, https:\/\/fiaf.net\/agoradicult\/wp-content\/uploads\/sites\/23\/2016\/06\/TxT_inaugurazione055-300x225.jpg 300w\" sizes=\"auto, (max-width: 580px) 100vw, 580px\" \/><\/a><br \/>\n&nbsp;<br \/>\n&nbsp;<br \/>\n&nbsp;<br \/>\n&nbsp;<\/p>\n<h4 style=\"text-align: center\">Sesta parte: il Percorso Degustativo\/Visivo<\/h4>\n<p><a href=\"https:\/\/fiaf.net\/agoradicult\/wp-content\/uploads\/sites\/23\/2016\/06\/TxT_inaugurazione056.jpg\"><img loading=\"lazy\" decoding=\"async\" class=\"aligncenter size-full wp-image-13296\" src=\"https:\/\/fiaf.net\/agoradicult\/wp-content\/uploads\/sites\/23\/2016\/06\/TxT_inaugurazione056.jpg\" alt=\"TxT_inaugurazione056\" width=\"580\" height=\"435\" srcset=\"https:\/\/fiaf.net\/agoradicult\/wp-content\/uploads\/sites\/23\/2016\/06\/TxT_inaugurazione056.jpg 580w, https:\/\/fiaf.net\/agoradicult\/wp-content\/uploads\/sites\/23\/2016\/06\/TxT_inaugurazione056-300x225.jpg 300w\" sizes=\"auto, (max-width: 580px) 100vw, 580px\" \/><\/a><br \/>\n<a href=\"https:\/\/fiaf.net\/agoradicult\/wp-content\/uploads\/sites\/23\/2016\/06\/TxT_inaugurazione057.jpg\"><img loading=\"lazy\" decoding=\"async\" class=\"aligncenter size-full wp-image-13297\" src=\"https:\/\/fiaf.net\/agoradicult\/wp-content\/uploads\/sites\/23\/2016\/06\/TxT_inaugurazione057.jpg\" alt=\"TxT_inaugurazione057\" width=\"580\" height=\"435\" srcset=\"https:\/\/fiaf.net\/agoradicult\/wp-content\/uploads\/sites\/23\/2016\/06\/TxT_inaugurazione057.jpg 580w, https:\/\/fiaf.net\/agoradicult\/wp-content\/uploads\/sites\/23\/2016\/06\/TxT_inaugurazione057-300x225.jpg 300w\" sizes=\"auto, (max-width: 580px) 100vw, 580px\" \/><\/a><br \/>\n<a href=\"https:\/\/fiaf.net\/agoradicult\/wp-content\/uploads\/sites\/23\/2016\/06\/TxT_inaugurazione058.jpg\"><img loading=\"lazy\" decoding=\"async\" class=\"aligncenter size-full wp-image-13298\" src=\"https:\/\/fiaf.net\/agoradicult\/wp-content\/uploads\/sites\/23\/2016\/06\/TxT_inaugurazione058.jpg\" alt=\"TxT_inaugurazione058\" width=\"580\" height=\"435\" srcset=\"https:\/\/fiaf.net\/agoradicult\/wp-content\/uploads\/sites\/23\/2016\/06\/TxT_inaugurazione058.jpg 580w, https:\/\/fiaf.net\/agoradicult\/wp-content\/uploads\/sites\/23\/2016\/06\/TxT_inaugurazione058-300x225.jpg 300w\" sizes=\"auto, (max-width: 580px) 100vw, 580px\" \/><\/a><br \/>\n<a href=\"https:\/\/fiaf.net\/agoradicult\/wp-content\/uploads\/sites\/23\/2016\/06\/TxT_inaugurazione059.jpg\"><img loading=\"lazy\" decoding=\"async\" class=\"aligncenter size-full wp-image-13299\" src=\"https:\/\/fiaf.net\/agoradicult\/wp-content\/uploads\/sites\/23\/2016\/06\/TxT_inaugurazione059.jpg\" alt=\"TxT_inaugurazione059\" width=\"580\" height=\"435\" srcset=\"https:\/\/fiaf.net\/agoradicult\/wp-content\/uploads\/sites\/23\/2016\/06\/TxT_inaugurazione059.jpg 580w, https:\/\/fiaf.net\/agoradicult\/wp-content\/uploads\/sites\/23\/2016\/06\/TxT_inaugurazione059-300x225.jpg 300w\" sizes=\"auto, (max-width: 580px) 100vw, 580px\" \/><\/a><br \/>\n<a href=\"https:\/\/fiaf.net\/agoradicult\/wp-content\/uploads\/sites\/23\/2016\/06\/TxT_inaugurazione060.jpg\"><img loading=\"lazy\" decoding=\"async\" class=\"aligncenter size-full wp-image-13300\" src=\"https:\/\/fiaf.net\/agoradicult\/wp-content\/uploads\/sites\/23\/2016\/06\/TxT_inaugurazione060.jpg\" alt=\"TxT_inaugurazione060\" width=\"580\" height=\"435\" srcset=\"https:\/\/fiaf.net\/agoradicult\/wp-content\/uploads\/sites\/23\/2016\/06\/TxT_inaugurazione060.jpg 580w, https:\/\/fiaf.net\/agoradicult\/wp-content\/uploads\/sites\/23\/2016\/06\/TxT_inaugurazione060-300x225.jpg 300w\" sizes=\"auto, (max-width: 580px) 100vw, 580px\" \/><\/a><br \/>\n<a href=\"https:\/\/fiaf.net\/agoradicult\/wp-content\/uploads\/sites\/23\/2016\/06\/TxT_inaugurazione061.jpg\"><img loading=\"lazy\" decoding=\"async\" class=\"aligncenter size-full wp-image-13301\" src=\"https:\/\/fiaf.net\/agoradicult\/wp-content\/uploads\/sites\/23\/2016\/06\/TxT_inaugurazione061.jpg\" alt=\"TxT_inaugurazione061\" width=\"580\" height=\"435\" srcset=\"https:\/\/fiaf.net\/agoradicult\/wp-content\/uploads\/sites\/23\/2016\/06\/TxT_inaugurazione061.jpg 580w, https:\/\/fiaf.net\/agoradicult\/wp-content\/uploads\/sites\/23\/2016\/06\/TxT_inaugurazione061-300x225.jpg 300w\" sizes=\"auto, (max-width: 580px) 100vw, 580px\" \/><\/a><\/p>\n<p style=\"text-align: center\"><a href=\"https:\/\/fiaf.net\/agoradicult\/wp-content\/uploads\/sites\/23\/2016\/06\/TxT_inaugurazione066.jpg\"><img loading=\"lazy\" decoding=\"async\" class=\"aligncenter size-full wp-image-13312\" src=\"https:\/\/fiaf.net\/agoradicult\/wp-content\/uploads\/sites\/23\/2016\/06\/TxT_inaugurazione066.jpg\" alt=\"TxT_inaugurazione066\" width=\"580\" height=\"580\" srcset=\"https:\/\/fiaf.net\/agoradicult\/wp-content\/uploads\/sites\/23\/2016\/06\/TxT_inaugurazione066.jpg 580w, https:\/\/fiaf.net\/agoradicult\/wp-content\/uploads\/sites\/23\/2016\/06\/TxT_inaugurazione066-300x300.jpg 300w, https:\/\/fiaf.net\/agoradicult\/wp-content\/uploads\/sites\/23\/2016\/06\/TxT_inaugurazione066-150x150.jpg 150w\" sizes=\"auto, (max-width: 580px) 100vw, 580px\" \/><\/a><\/p>\n<p style=\"text-align: center\"><a href=\"https:\/\/fiaf.net\/agoradicult\/wp-content\/uploads\/sites\/23\/2016\/06\/TxT_inaugurazione065.jpg\"><img loading=\"lazy\" decoding=\"async\" class=\"aligncenter size-full wp-image-13311\" src=\"https:\/\/fiaf.net\/agoradicult\/wp-content\/uploads\/sites\/23\/2016\/06\/TxT_inaugurazione065.jpg\" alt=\"TxT_inaugurazione065\" width=\"580\" height=\"348\" srcset=\"https:\/\/fiaf.net\/agoradicult\/wp-content\/uploads\/sites\/23\/2016\/06\/TxT_inaugurazione065.jpg 580w, https:\/\/fiaf.net\/agoradicult\/wp-content\/uploads\/sites\/23\/2016\/06\/TxT_inaugurazione065-300x180.jpg 300w\" sizes=\"auto, (max-width: 580px) 100vw, 580px\" \/><\/a><\/p>\n<p style=\"text-align: center\"><a href=\"https:\/\/fiaf.net\/agoradicult\/wp-content\/uploads\/sites\/23\/2016\/06\/TxT_inaugurazione067.jpg\"><img loading=\"lazy\" decoding=\"async\" class=\"aligncenter size-full wp-image-13313\" src=\"https:\/\/fiaf.net\/agoradicult\/wp-content\/uploads\/sites\/23\/2016\/06\/TxT_inaugurazione067.jpg\" alt=\"TxT_inaugurazione067\" width=\"580\" height=\"580\" srcset=\"https:\/\/fiaf.net\/agoradicult\/wp-content\/uploads\/sites\/23\/2016\/06\/TxT_inaugurazione067.jpg 580w, https:\/\/fiaf.net\/agoradicult\/wp-content\/uploads\/sites\/23\/2016\/06\/TxT_inaugurazione067-300x300.jpg 300w, https:\/\/fiaf.net\/agoradicult\/wp-content\/uploads\/sites\/23\/2016\/06\/TxT_inaugurazione067-150x150.jpg 150w\" sizes=\"auto, (max-width: 580px) 100vw, 580px\" \/><\/a><\/p>\n<p style=\"text-align: center\"><a href=\"https:\/\/fiaf.net\/agoradicult\/wp-content\/uploads\/sites\/23\/2016\/06\/TxT_inaugurazione068.jpg\"><img loading=\"lazy\" decoding=\"async\" class=\"aligncenter size-full wp-image-13314\" src=\"https:\/\/fiaf.net\/agoradicult\/wp-content\/uploads\/sites\/23\/2016\/06\/TxT_inaugurazione068.jpg\" alt=\"TxT_inaugurazione068\" width=\"580\" height=\"507\" srcset=\"https:\/\/fiaf.net\/agoradicult\/wp-content\/uploads\/sites\/23\/2016\/06\/TxT_inaugurazione068.jpg 580w, https:\/\/fiaf.net\/agoradicult\/wp-content\/uploads\/sites\/23\/2016\/06\/TxT_inaugurazione068-300x262.jpg 300w\" sizes=\"auto, (max-width: 580px) 100vw, 580px\" \/><\/a><\/p>\n<p style=\"text-align: center\"><a href=\"https:\/\/fiaf.net\/agoradicult\/wp-content\/uploads\/sites\/23\/2016\/06\/TxT_inaugurazione070.jpg\"><img loading=\"lazy\" decoding=\"async\" class=\"aligncenter size-full wp-image-13318\" src=\"https:\/\/fiaf.net\/agoradicult\/wp-content\/uploads\/sites\/23\/2016\/06\/TxT_inaugurazione070.jpg\" alt=\"TxT_inaugurazione070\" width=\"580\" height=\"580\" srcset=\"https:\/\/fiaf.net\/agoradicult\/wp-content\/uploads\/sites\/23\/2016\/06\/TxT_inaugurazione070.jpg 580w, https:\/\/fiaf.net\/agoradicult\/wp-content\/uploads\/sites\/23\/2016\/06\/TxT_inaugurazione070-300x300.jpg 300w, https:\/\/fiaf.net\/agoradicult\/wp-content\/uploads\/sites\/23\/2016\/06\/TxT_inaugurazione070-150x150.jpg 150w\" sizes=\"auto, (max-width: 580px) 100vw, 580px\" \/><\/a> <a href=\"https:\/\/fiaf.net\/agoradicult\/wp-content\/uploads\/sites\/23\/2016\/06\/TxT_inaugurazione071.jpg\"><img loading=\"lazy\" decoding=\"async\" class=\"aligncenter size-full wp-image-13319\" src=\"https:\/\/fiaf.net\/agoradicult\/wp-content\/uploads\/sites\/23\/2016\/06\/TxT_inaugurazione071.jpg\" alt=\"TxT_inaugurazione071\" width=\"580\" height=\"580\" srcset=\"https:\/\/fiaf.net\/agoradicult\/wp-content\/uploads\/sites\/23\/2016\/06\/TxT_inaugurazione071.jpg 580w, https:\/\/fiaf.net\/agoradicult\/wp-content\/uploads\/sites\/23\/2016\/06\/TxT_inaugurazione071-300x300.jpg 300w, https:\/\/fiaf.net\/agoradicult\/wp-content\/uploads\/sites\/23\/2016\/06\/TxT_inaugurazione071-150x150.jpg 150w\" sizes=\"auto, (max-width: 580px) 100vw, 580px\" \/><\/a> <a href=\"https:\/\/fiaf.net\/agoradicult\/wp-content\/uploads\/sites\/23\/2016\/06\/TxT_inaugurazione072.jpg\"><img loading=\"lazy\" decoding=\"async\" class=\"aligncenter size-full wp-image-13320\" src=\"https:\/\/fiaf.net\/agoradicult\/wp-content\/uploads\/sites\/23\/2016\/06\/TxT_inaugurazione072.jpg\" alt=\"TxT_inaugurazione072\" width=\"580\" height=\"580\" srcset=\"https:\/\/fiaf.net\/agoradicult\/wp-content\/uploads\/sites\/23\/2016\/06\/TxT_inaugurazione072.jpg 580w, https:\/\/fiaf.net\/agoradicult\/wp-content\/uploads\/sites\/23\/2016\/06\/TxT_inaugurazione072-300x300.jpg 300w, https:\/\/fiaf.net\/agoradicult\/wp-content\/uploads\/sites\/23\/2016\/06\/TxT_inaugurazione072-150x150.jpg 150w\" sizes=\"auto, (max-width: 580px) 100vw, 580px\" \/><\/a> <a href=\"https:\/\/fiaf.net\/agoradicult\/wp-content\/uploads\/sites\/23\/2016\/06\/TxT_inaugurazione073.jpg\"><img loading=\"lazy\" decoding=\"async\" class=\"aligncenter size-full wp-image-13321\" src=\"https:\/\/fiaf.net\/agoradicult\/wp-content\/uploads\/sites\/23\/2016\/06\/TxT_inaugurazione073.jpg\" alt=\"TxT_inaugurazione073\" width=\"580\" height=\"580\" srcset=\"https:\/\/fiaf.net\/agoradicult\/wp-content\/uploads\/sites\/23\/2016\/06\/TxT_inaugurazione073.jpg 580w, https:\/\/fiaf.net\/agoradicult\/wp-content\/uploads\/sites\/23\/2016\/06\/TxT_inaugurazione073-300x300.jpg 300w, https:\/\/fiaf.net\/agoradicult\/wp-content\/uploads\/sites\/23\/2016\/06\/TxT_inaugurazione073-150x150.jpg 150w\" sizes=\"auto, (max-width: 580px) 100vw, 580px\" \/><\/a><\/p>\n<p style=\"text-align: center\"><a href=\"https:\/\/fiaf.net\/agoradicult\/wp-content\/uploads\/sites\/23\/2016\/06\/TxT_inaugurazione069.jpg\"><img loading=\"lazy\" decoding=\"async\" class=\"aligncenter size-full wp-image-13315\" src=\"https:\/\/fiaf.net\/agoradicult\/wp-content\/uploads\/sites\/23\/2016\/06\/TxT_inaugurazione069.jpg\" alt=\"TxT_inaugurazione069\" width=\"580\" height=\"580\" srcset=\"https:\/\/fiaf.net\/agoradicult\/wp-content\/uploads\/sites\/23\/2016\/06\/TxT_inaugurazione069.jpg 580w, https:\/\/fiaf.net\/agoradicult\/wp-content\/uploads\/sites\/23\/2016\/06\/TxT_inaugurazione069-300x300.jpg 300w, https:\/\/fiaf.net\/agoradicult\/wp-content\/uploads\/sites\/23\/2016\/06\/TxT_inaugurazione069-150x150.jpg 150w\" sizes=\"auto, (max-width: 580px) 100vw, 580px\" \/><\/a><\/p>\n<h4 style=\"text-align: center\">SPAZIO APERTO AI VOSTRI CONTRIBUTI<\/h4>\n<p>&nbsp;<br \/>\n<figure id=\"attachment_13331\" aria-describedby=\"caption-attachment-13331\" style=\"width: 580px\" class=\"wp-caption aligncenter\"><a href=\"https:\/\/fiaf.net\/agoradicult\/wp-content\/uploads\/sites\/23\/2016\/06\/TxT_inaugurazione074.jpg\"><img loading=\"lazy\" decoding=\"async\" class=\"size-full wp-image-13331\" src=\"https:\/\/fiaf.net\/agoradicult\/wp-content\/uploads\/sites\/23\/2016\/06\/TxT_inaugurazione074.jpg\" alt=\"Valeria Cremaschi\" width=\"580\" height=\"967\" srcset=\"https:\/\/fiaf.net\/agoradicult\/wp-content\/uploads\/sites\/23\/2016\/06\/TxT_inaugurazione074.jpg 580w, https:\/\/fiaf.net\/agoradicult\/wp-content\/uploads\/sites\/23\/2016\/06\/TxT_inaugurazione074-180x300.jpg 180w\" sizes=\"auto, (max-width: 580px) 100vw, 580px\" \/><\/a><figcaption id=\"caption-attachment-13331\" class=\"wp-caption-text\">Valeria Cremaschi<\/figcaption><\/figure>\n<figure id=\"attachment_13332\" aria-describedby=\"caption-attachment-13332\" style=\"width: 580px\" class=\"wp-caption aligncenter\"><a href=\"https:\/\/fiaf.net\/agoradicult\/wp-content\/uploads\/sites\/23\/2016\/06\/TxT_inaugurazione075.jpg\"><img loading=\"lazy\" decoding=\"async\" class=\"size-full wp-image-13332\" src=\"https:\/\/fiaf.net\/agoradicult\/wp-content\/uploads\/sites\/23\/2016\/06\/TxT_inaugurazione075.jpg\" alt=\"Andrea Moneti\" width=\"580\" height=\"384\" srcset=\"https:\/\/fiaf.net\/agoradicult\/wp-content\/uploads\/sites\/23\/2016\/06\/TxT_inaugurazione075.jpg 580w, https:\/\/fiaf.net\/agoradicult\/wp-content\/uploads\/sites\/23\/2016\/06\/TxT_inaugurazione075-300x199.jpg 300w\" sizes=\"auto, (max-width: 580px) 100vw, 580px\" \/><\/a><figcaption id=\"caption-attachment-13332\" class=\"wp-caption-text\">Andrea Moneti<\/figcaption><\/figure>\n<figure id=\"attachment_13354\" aria-describedby=\"caption-attachment-13354\" style=\"width: 580px\" class=\"wp-caption aligncenter\"><a href=\"https:\/\/fiaf.net\/agoradicult\/wp-content\/uploads\/sites\/23\/2016\/06\/TxT_inaugurazione078.jpg\"><img loading=\"lazy\" decoding=\"async\" class=\"size-full wp-image-13354\" src=\"https:\/\/fiaf.net\/agoradicult\/wp-content\/uploads\/sites\/23\/2016\/06\/TxT_inaugurazione078.jpg\" alt=\"Maurizio Tieghi\" width=\"580\" height=\"580\" srcset=\"https:\/\/fiaf.net\/agoradicult\/wp-content\/uploads\/sites\/23\/2016\/06\/TxT_inaugurazione078.jpg 580w, https:\/\/fiaf.net\/agoradicult\/wp-content\/uploads\/sites\/23\/2016\/06\/TxT_inaugurazione078-300x300.jpg 300w, https:\/\/fiaf.net\/agoradicult\/wp-content\/uploads\/sites\/23\/2016\/06\/TxT_inaugurazione078-150x150.jpg 150w\" sizes=\"auto, (max-width: 580px) 100vw, 580px\" \/><\/a><figcaption id=\"caption-attachment-13354\" class=\"wp-caption-text\">Maurizio Tieghi<\/figcaption><\/figure>\n<figure id=\"attachment_13336\" aria-describedby=\"caption-attachment-13336\" style=\"width: 580px\" class=\"wp-caption aligncenter\"><a href=\"https:\/\/fiaf.net\/agoradicult\/wp-content\/uploads\/sites\/23\/2016\/06\/TxT_inaugurazione076.jpg\"><img loading=\"lazy\" decoding=\"async\" class=\"size-full wp-image-13336\" src=\"https:\/\/fiaf.net\/agoradicult\/wp-content\/uploads\/sites\/23\/2016\/06\/TxT_inaugurazione076.jpg\" alt=\"Orietta Bay\" width=\"580\" height=\"388\" srcset=\"https:\/\/fiaf.net\/agoradicult\/wp-content\/uploads\/sites\/23\/2016\/06\/TxT_inaugurazione076.jpg 580w, https:\/\/fiaf.net\/agoradicult\/wp-content\/uploads\/sites\/23\/2016\/06\/TxT_inaugurazione076-300x201.jpg 300w\" sizes=\"auto, (max-width: 580px) 100vw, 580px\" \/><\/a><figcaption id=\"caption-attachment-13336\" class=\"wp-caption-text\">Orietta Bay<\/figcaption><\/figure>\n<figure id=\"attachment_13338\" aria-describedby=\"caption-attachment-13338\" style=\"width: 580px\" class=\"wp-caption aligncenter\"><a href=\"https:\/\/fiaf.net\/agoradicult\/wp-content\/uploads\/sites\/23\/2016\/06\/TxT_inaugurazione077.jpg\"><img loading=\"lazy\" decoding=\"async\" class=\"size-full wp-image-13338\" src=\"https:\/\/fiaf.net\/agoradicult\/wp-content\/uploads\/sites\/23\/2016\/06\/TxT_inaugurazione077.jpg\" alt=\"Giovanna De Franchi\" width=\"580\" height=\"435\" srcset=\"https:\/\/fiaf.net\/agoradicult\/wp-content\/uploads\/sites\/23\/2016\/06\/TxT_inaugurazione077.jpg 580w, https:\/\/fiaf.net\/agoradicult\/wp-content\/uploads\/sites\/23\/2016\/06\/TxT_inaugurazione077-300x225.jpg 300w\" sizes=\"auto, (max-width: 580px) 100vw, 580px\" \/><\/a><figcaption id=\"caption-attachment-13338\" class=\"wp-caption-text\">Giovanna De Franchi<\/figcaption><\/figure>\n<figure id=\"attachment_13355\" aria-describedby=\"caption-attachment-13355\" style=\"width: 580px\" class=\"wp-caption aligncenter\"><a href=\"https:\/\/fiaf.net\/agoradicult\/wp-content\/uploads\/sites\/23\/2016\/06\/TxT_inaugurazione079.jpg\"><img loading=\"lazy\" decoding=\"async\" class=\"size-full wp-image-13355\" src=\"https:\/\/fiaf.net\/agoradicult\/wp-content\/uploads\/sites\/23\/2016\/06\/TxT_inaugurazione079.jpg\" alt=\"Lia Mucciarini\" width=\"580\" height=\"387\" srcset=\"https:\/\/fiaf.net\/agoradicult\/wp-content\/uploads\/sites\/23\/2016\/06\/TxT_inaugurazione079.jpg 580w, https:\/\/fiaf.net\/agoradicult\/wp-content\/uploads\/sites\/23\/2016\/06\/TxT_inaugurazione079-300x200.jpg 300w\" sizes=\"auto, (max-width: 580px) 100vw, 580px\" \/><\/a><figcaption id=\"caption-attachment-13355\" class=\"wp-caption-text\">Lia Mucciarini<\/figcaption><\/figure>\n<figure id=\"attachment_13363\" aria-describedby=\"caption-attachment-13363\" style=\"width: 580px\" class=\"wp-caption aligncenter\"><a href=\"https:\/\/fiaf.net\/agoradicult\/wp-content\/uploads\/sites\/23\/2016\/06\/TxT_inaugurazione084.jpg\"><img loading=\"lazy\" decoding=\"async\" class=\"size-full wp-image-13363\" src=\"https:\/\/fiaf.net\/agoradicult\/wp-content\/uploads\/sites\/23\/2016\/06\/TxT_inaugurazione084.jpg\" alt=\"Monica Benassi\" width=\"580\" height=\"870\" srcset=\"https:\/\/fiaf.net\/agoradicult\/wp-content\/uploads\/sites\/23\/2016\/06\/TxT_inaugurazione084.jpg 580w, https:\/\/fiaf.net\/agoradicult\/wp-content\/uploads\/sites\/23\/2016\/06\/TxT_inaugurazione084-200x300.jpg 200w\" sizes=\"auto, (max-width: 580px) 100vw, 580px\" \/><\/a><figcaption id=\"caption-attachment-13363\" class=\"wp-caption-text\">Monica Benassi<\/figcaption><\/figure>\n<figure id=\"attachment_13362\" aria-describedby=\"caption-attachment-13362\" style=\"width: 516px\" class=\"wp-caption aligncenter\"><a href=\"https:\/\/fiaf.net\/agoradicult\/wp-content\/uploads\/sites\/23\/2016\/06\/TxT_inaugurazione083.jpg\"><img loading=\"lazy\" decoding=\"async\" class=\"size-full wp-image-13362\" src=\"https:\/\/fiaf.net\/agoradicult\/wp-content\/uploads\/sites\/23\/2016\/06\/TxT_inaugurazione083.jpg\" alt=\"Doretta Gervini\" width=\"516\" height=\"387\" srcset=\"https:\/\/fiaf.net\/agoradicult\/wp-content\/uploads\/sites\/23\/2016\/06\/TxT_inaugurazione083.jpg 516w, https:\/\/fiaf.net\/agoradicult\/wp-content\/uploads\/sites\/23\/2016\/06\/TxT_inaugurazione083-300x225.jpg 300w\" sizes=\"auto, (max-width: 516px) 100vw, 516px\" \/><\/a><figcaption id=\"caption-attachment-13362\" class=\"wp-caption-text\">Doretta Gervini<\/figcaption><\/figure>\n<figure id=\"attachment_13361\" aria-describedby=\"caption-attachment-13361\" style=\"width: 580px\" class=\"wp-caption aligncenter\"><a href=\"https:\/\/fiaf.net\/agoradicult\/wp-content\/uploads\/sites\/23\/2016\/06\/TxT_inaugurazione082.jpg\"><img loading=\"lazy\" decoding=\"async\" class=\"size-full wp-image-13361\" src=\"https:\/\/fiaf.net\/agoradicult\/wp-content\/uploads\/sites\/23\/2016\/06\/TxT_inaugurazione082.jpg\" alt=\"Andrea Angelini\" width=\"580\" height=\"387\" srcset=\"https:\/\/fiaf.net\/agoradicult\/wp-content\/uploads\/sites\/23\/2016\/06\/TxT_inaugurazione082.jpg 580w, https:\/\/fiaf.net\/agoradicult\/wp-content\/uploads\/sites\/23\/2016\/06\/TxT_inaugurazione082-300x200.jpg 300w\" sizes=\"auto, (max-width: 580px) 100vw, 580px\" \/><\/a><figcaption id=\"caption-attachment-13361\" class=\"wp-caption-text\">Andrea Angelini<\/figcaption><\/figure>\n&nbsp;<\/p>\n\n    <div class=\"xs_social_share_widget xs_share_url after_content \t\tmain_content  wslu-style-1 wslu-share-box-shaped wslu-fill-colored wslu-none wslu-share-horizontal wslu-theme-font-no wslu-main_content\">\n\n\t\t\n        <ul>\n\t\t\t        <\/ul>\n    <\/div> \n","protected":false},"excerpt":{"rendered":"<p>&nbsp; &nbsp; &nbsp; &nbsp; &nbsp; &nbsp; . Stefania Adami &nbsp; &nbsp; &nbsp; INAUGURAZIONE della MOSTRA NAZIONALE di TANTI per TUTTI &hellip;<\/p>\n","protected":false},"author":3,"featured_media":13282,"comment_status":"open","ping_status":"open","sticky":false,"template":"","format":"standard","meta":{"_acf_changed":false,"footnotes":""},"categories":[],"tags":[],"class_list":["post-13240","post","type-post","status-publish","format-standard","has-post-thumbnail","hentry"],"acf":[],"_links":{"self":[{"href":"https:\/\/fiaf.net\/agoradicult\/wp-json\/wp\/v2\/posts\/13240","targetHints":{"allow":["GET"]}}],"collection":[{"href":"https:\/\/fiaf.net\/agoradicult\/wp-json\/wp\/v2\/posts"}],"about":[{"href":"https:\/\/fiaf.net\/agoradicult\/wp-json\/wp\/v2\/types\/post"}],"author":[{"embeddable":true,"href":"https:\/\/fiaf.net\/agoradicult\/wp-json\/wp\/v2\/users\/3"}],"replies":[{"embeddable":true,"href":"https:\/\/fiaf.net\/agoradicult\/wp-json\/wp\/v2\/comments?post=13240"}],"version-history":[{"count":0,"href":"https:\/\/fiaf.net\/agoradicult\/wp-json\/wp\/v2\/posts\/13240\/revisions"}],"wp:featuredmedia":[{"embeddable":true,"href":"https:\/\/fiaf.net\/agoradicult\/wp-json\/wp\/v2\/media\/13282"}],"wp:attachment":[{"href":"https:\/\/fiaf.net\/agoradicult\/wp-json\/wp\/v2\/media?parent=13240"}],"wp:term":[{"taxonomy":"category","embeddable":true,"href":"https:\/\/fiaf.net\/agoradicult\/wp-json\/wp\/v2\/categories?post=13240"},{"taxonomy":"post_tag","embeddable":true,"href":"https:\/\/fiaf.net\/agoradicult\/wp-json\/wp\/v2\/tags?post=13240"}],"curies":[{"name":"wp","href":"https:\/\/api.w.org\/{rel}","templated":true}]}}