{"id":13446,"date":"2016-06-26T17:00:25","date_gmt":"2016-06-26T15:00:25","guid":{"rendered":"https:\/\/fiaf.net\/agoradicult\/?p=13446"},"modified":"2016-06-26T17:00:25","modified_gmt":"2016-06-26T15:00:25","slug":"10-penisola-di-luce-lanfranco-colombo","status":"publish","type":"post","link":"https:\/\/fiaf.net\/agoradicult\/2016\/06\/26\/10-penisola-di-luce-lanfranco-colombo\/","title":{"rendered":"10\u00b0 Penisola di Luce,  Lanfranco Colombo &#8211; di CARPE DIEM"},"content":{"rendered":"<h4 style=\"text-align: center\"><a href=\"https:\/\/fiaf.net\/agoradicult\/wp-content\/uploads\/sites\/23\/2016\/06\/LogoPenisolaLuce.jpg\"><br \/>\n<\/a><\/h4>\n<p>&nbsp;<br \/>\n&nbsp;<br \/>\n.<br \/>\n<a href=\"https:\/\/fiaf.net\/agoradicult\/wp-content\/uploads\/sites\/23\/2016\/06\/Locandina.jpg\"><img loading=\"lazy\" decoding=\"async\" class=\"aligncenter size-full wp-image-13448\" src=\"https:\/\/fiaf.net\/agoradicult\/wp-content\/uploads\/sites\/23\/2016\/06\/Locandina.jpg\" alt=\"Locandina\" width=\"448\" height=\"640\" srcset=\"https:\/\/fiaf.net\/agoradicult\/wp-content\/uploads\/sites\/23\/2016\/06\/Locandina.jpg 448w, https:\/\/fiaf.net\/agoradicult\/wp-content\/uploads\/sites\/23\/2016\/06\/Locandina-210x300.jpg 210w\" sizes=\"auto, (max-width: 448px) 100vw, 448px\" \/><\/a><br \/>\n&nbsp;<br \/>\n&nbsp;<\/p>\n<h2 style=\"text-align: center\">10\u00b0 Penisola di Luce, \u00a0Lanfranco Colombo<\/h2>\n<h2 style=\"text-align: center\">di CARPE DIEM Sestri Levante<\/h2>\n<p>&nbsp;<br \/>\n&nbsp;<\/p>\n<h4 style=\"text-align: center\">Mostra &#8220;Mondo Piccolo\u201d di\u00a0<strong>Paolo Simonazzi&#8221;<\/strong><\/h4>\n<p style=\"text-align: justify\"><em>\u201cFra i ricordi della mia lontanissima, felice fanciullezza c\u2019\u00e8, al primo posto, la casa di nonna Filomena..Una casa meravigliosa, fiabesca, quadrata, tozza,gialla con persiane verdi. [\u2026]<\/em><\/p>\n<p style=\"text-align: right\"><em>\u00a0 \u00a0 \u00a0 \u00a0 \u00a0 \u00a0 \u00a0 \u00a0 \u00a0 \u00a0 \u00a0 \u00a0 \u00a0 \u00a0 \u00a0 \u00a0 \u00a0 \u00a0 \u00a0 \u00a0 \u00a0 \u00a0 \u00a0 \u00a0 \u00a0 \u00a0 \u00a0 \u00a0 \u00a0 \u00a0 \u00a0 \u00a0 \u00a0 \u00a0 \u00a0 \u00a0 \u00a0 \u00a0 \u00a0 \u00a0 \u00a0 \u00a0\u00a0<strong>Giovannino Guareschi<\/strong><\/em><\/p>\n<figure id=\"attachment_13449\" aria-describedby=\"caption-attachment-13449\" style=\"width: 500px\" class=\"wp-caption aligncenter\"><a href=\"https:\/\/fiaf.net\/agoradicult\/wp-content\/uploads\/sites\/23\/2016\/06\/Mostra_Simonazzi_01.jpg\"><img loading=\"lazy\" decoding=\"async\" class=\"wp-image-13449 size-full\" src=\"https:\/\/fiaf.net\/agoradicult\/wp-content\/uploads\/sites\/23\/2016\/06\/Mostra_Simonazzi_01.jpg\" alt=\"Mostra_Simonazzi_01\" width=\"500\" height=\"397\" srcset=\"https:\/\/fiaf.net\/agoradicult\/wp-content\/uploads\/sites\/23\/2016\/06\/Mostra_Simonazzi_01.jpg 500w, https:\/\/fiaf.net\/agoradicult\/wp-content\/uploads\/sites\/23\/2016\/06\/Mostra_Simonazzi_01-300x238.jpg 300w\" sizes=\"auto, (max-width: 500px) 100vw, 500px\" \/><\/a><figcaption id=\"caption-attachment-13449\" class=\"wp-caption-text\">Mostra &#8220;Mondo Piccolo\u201d di Paolo Simonazzi&#8221;<\/figcaption><\/figure>\n&nbsp;<br \/>\n&nbsp;<\/p>\n<h4 style=\"text-align: center\">\u201c<strong>Gli anni della Dolce Vita\u201d<\/strong>\u00a0le Grandi Mostre FIAF.<\/h4>\n<p>&nbsp;<\/p>\n<h5 style=\"text-align: center\">Un raccolta\u00a0di\u00a0fotografie in bianco e nero scattate da alcuni tra maggiori fotografi italiani tra la fine degli anni &#8217;50 ed il 1968.<\/h5>\n<dl id=\"attachment_13450\" class=\"wp-caption aligncenter\" style=\"width: 510px\">\n<dt class=\"wp-caption-dt\">\n<h5><a href=\"https:\/\/fiaf.net\/agoradicult\/wp-content\/uploads\/sites\/23\/2016\/06\/MostraFiaf_01.jpg\"><img loading=\"lazy\" decoding=\"async\" class=\"wp-image-13450 size-full\" src=\"https:\/\/fiaf.net\/agoradicult\/wp-content\/uploads\/sites\/23\/2016\/06\/MostraFiaf_01.jpg\" alt=\"\" width=\"500\" height=\"335\" srcset=\"https:\/\/fiaf.net\/agoradicult\/wp-content\/uploads\/sites\/23\/2016\/06\/MostraFiaf_01.jpg 500w, https:\/\/fiaf.net\/agoradicult\/wp-content\/uploads\/sites\/23\/2016\/06\/MostraFiaf_01-300x201.jpg 300w\" sizes=\"auto, (max-width: 500px) 100vw, 500px\" \/><\/a><\/h5>\n<\/dt>\n<dd class=\"wp-caption-dd\">Dal set &#8220;I soliti ignoti&#8221; &#8211; Federico Garolla<\/dd>\n<\/dl>\n<figure id=\"attachment_13451\" aria-describedby=\"caption-attachment-13451\" style=\"width: 500px\" class=\"wp-caption aligncenter\"><a href=\"https:\/\/fiaf.net\/agoradicult\/wp-content\/uploads\/sites\/23\/2016\/06\/MostraFiaf_02.jpg\"><img loading=\"lazy\" decoding=\"async\" class=\"wp-image-13451 size-full\" src=\"https:\/\/fiaf.net\/agoradicult\/wp-content\/uploads\/sites\/23\/2016\/06\/MostraFiaf_02.jpg\" alt=\"MostraFiaf_02\" width=\"500\" height=\"335\" srcset=\"https:\/\/fiaf.net\/agoradicult\/wp-content\/uploads\/sites\/23\/2016\/06\/MostraFiaf_02.jpg 500w, https:\/\/fiaf.net\/agoradicult\/wp-content\/uploads\/sites\/23\/2016\/06\/MostraFiaf_02-300x201.jpg 300w\" sizes=\"auto, (max-width: 500px) 100vw, 500px\" \/><\/a><figcaption id=\"caption-attachment-13451\" class=\"wp-caption-text\">La pesca a Gallipoli &#8211; Foto Gianni Berengo Gardin<\/figcaption><\/figure>\n<figure id=\"attachment_13452\" aria-describedby=\"caption-attachment-13452\" style=\"width: 500px\" class=\"wp-caption aligncenter\"><a href=\"https:\/\/fiaf.net\/agoradicult\/wp-content\/uploads\/sites\/23\/2016\/06\/MostraFiaf_03.jpg\"><img loading=\"lazy\" decoding=\"async\" class=\"wp-image-13452 size-full\" src=\"https:\/\/fiaf.net\/agoradicult\/wp-content\/uploads\/sites\/23\/2016\/06\/MostraFiaf_03.jpg\" alt=\"Anni '60 - Foto Gian Battista Colombo\" width=\"500\" height=\"388\" srcset=\"https:\/\/fiaf.net\/agoradicult\/wp-content\/uploads\/sites\/23\/2016\/06\/MostraFiaf_03.jpg 500w, https:\/\/fiaf.net\/agoradicult\/wp-content\/uploads\/sites\/23\/2016\/06\/MostraFiaf_03-300x233.jpg 300w\" sizes=\"auto, (max-width: 500px) 100vw, 500px\" \/><\/a><figcaption id=\"caption-attachment-13452\" class=\"wp-caption-text\">La TV al cinema &#8211; Foto Gian Battista Colombo<\/figcaption><\/figure>\n&nbsp;<\/p>\n<h4 style=\"text-align: center\">Altri eventi in programma&#8230;<\/h4>\n<ul>\n<li><strong>Mostre all&#8217;Ex Convento dell&#8217;Annunziata &#8211; dal 1\u00b0 al 17 Luglio<\/strong>\n<ul>\n<li><strong>Giulia Corciolani<\/strong>\u00a0\u201cOmaggio a Giulia Corciolani&#8221; &#8211;\u00a0<em>Sestrina di nascita, genovese di adozione<\/em><\/li>\n<li><strong>Ilaria Abbiento<\/strong>\u00a0\u201cCorrispondenze\u201d, Vincitrice Portfolio Italia 2015<\/li>\n<li><strong>Matteo Signanini<\/strong>\u00a0\u201cUS\/74\u201d, Vincitore 9\u00b0 Portfolio al Mare 2015<\/li>\n<li><strong>Stefano Miliffi<\/strong>\u00a0\u201cUna Nuvelle Identit\u00e8\u201d, 2\u00b0 Classificato Portfolio al Mare 2015<\/li>\n<li><strong>Alice Jankovic<\/strong>\u00a0\u201cIncessantemente Noi\u201d, Vincitrice Trofeo Carpe Diem 2015<\/li>\n<li><strong>Collettiva<\/strong>\u00a0\u201cLe due facce di Sestri Levante\u201d, Partecipanti al workshop 2015, curato da Silvio Canini<\/li>\n<li><strong>Collettiva Soci Carpe Diem<\/strong>\u00a0\u201cAnni Sessanta: Musica e Fotografia\u201d<\/li>\n<\/ul>\n<\/li>\n<li><strong>Mostre a Palazzo Fascie\u00a0<\/strong>\n<ul>\n<li><strong>Lanfranco Colombo<\/strong> \u201cEx Oriente\u201d, Sala Lanfranco Colombo<\/li>\n<li><strong>Paolo Simonazzi<\/strong> \u201cMondo Piccolo\u201d a cura di Andrea Tinterri, Sala 2<\/li>\n<\/ul>\n<\/li>\n<li><strong>Mostra Palazzo Comunale<\/strong>\n<ul>\n<li><strong>\u201cGli anni della Dolce Vita\u201d<\/strong> a cura della FIAF<\/li>\n<\/ul>\n<\/li>\n<li><strong>Mostra Torre dei Doganieri &#8211; Progetto Artura<\/strong>\n<ul>\n<li><strong>Roberto Montanari<\/strong>\u00a0&#8220;I migranti&#8221;\u00a0<strong>\u00a0<\/strong><\/li>\n<\/ul>\n<\/li>\n<li><strong>Mostre Collettive sul tema &#8220;Il Silenzio&#8221;\u00a0<\/strong>\n<ul>\n<li>Collettiva Soci di Carpe Diem<\/li>\n<li>Circolo Gemellato Grandangolo di Carpi &#8211; Collettiva Soci e Workshop<\/li>\n<li>Festival Gemellato Colorno PhotoLife di Colorno &#8211; Collettiva Soci<\/li>\n<li>Festival Gemellato PhotoFaceNews di Sassoferrato &#8211; \u00a0Foto di M.Bardelli, R.Cirilli, M.Mazzoli<\/li>\n<\/ul>\n<\/li>\n<li><strong>Conferenze<\/strong>\u00a0e Presentazione Libri\n<ul>\n<li>\u00a0\u201cL\u2019ebbrezza libertaria dell\u2019uomo post-moderno\u201d di Silvano Bicocchi<\/li>\n<li>\u201cMondo Piccolo\u201d di Paolo Simonazzi &#8211;\u00a0Presentazione del doc-film (trailer) per la regia di Alessandro Scillitani a cura di Orietta Bay<\/li>\n<li>\u201cIcone, non solo hic et nunc\u201d di Fulvio Merlak.<\/li>\n<li>presentazione libri fotografici \u201cTimeless Persia\u201d di Davide Palmisano e \u201cSokut\u201d di Manuela Marchetti<\/li>\n<\/ul>\n<\/li>\n<\/ul>\n<p>&#8230; e tanto altro<br \/>\n&nbsp;<br \/>\n&nbsp;<br \/>\n<a href=\"https:\/\/fiaf.net\/agoradicult\/wp-content\/uploads\/sites\/23\/2016\/06\/Pieghevole.pdf\">Penisola di Luce &#8211; Pieghevole programma<\/a>\u00a0(pdf scaricabile)<br \/>\n&nbsp;<br \/>\n&nbsp;<\/p>\n<h4 style=\"text-align: center\">\u00a0Alcune riflessioni tra noi&#8230;<\/h4>\n<p>Spesso ci dimentichiamo che un festival \u00e8 un evento nato da un incontro fecondo di persone volenterose, animate dalla stessa passione e con una gran voglia di costruire il futuro collettivo.<br \/>\nIn particolare \u201cUna Penisola di luce\u201d nasce dall&#8217;incontro casuale di Lanfranco Colombo (ormai ottantenne) e Roberto Montanari in occasione di una mostra allestita a Sestri Levante da parte del Gruppo NAMIAS, cui Roberto fa parte.<br \/>\nDa questo incontro, avvenuto una decina d\u2019anni fa, \u00e8 iniziato il percorso splendido di un festival che ha portato a Sestri Levante una serie di mostre di altissimo livello che solo Lanfranco Colombo riusciva organizzare. Di fronte a questo progetto a lungo termine fu subito fondato il CARPE DIEM, proprio per strutturare le forze del\u00a0Volontariato atte ad affrontare la realizzazione degli eventi.<\/p>\n<p style=\"text-align: justify\">Eccoci a oggi, dopo una metamorfosi di 10 anni troviamo un CARPE DIEM che si \u00e8 evoluto in modo importante nel saper ideare e poi realizzare attivit\u00e0 di rilievo nazionale. Questa sua capacit\u00e0 \u00e8 stata raggiunta anche grazie a questa lunga esperienza condotta a fianco di Lanfranco Colombo. I soci grati di\u00a0quell&#8217;insegnamento\u00a0ne riconoscono l\u2019eredit\u00e0 morale inserendo il suo nome in quello del festival.<\/p>\n<p style=\"text-align: justify\">E\u2019 stato grazie a Lanfranco Colombo e Giuliana Traverso che anch&#8217;io ho avuto l\u2019opportunit\u00e0 di dare il mio contributo in questo dinamico progetto di cultura fotografica, promosso con convinzione anche dalla Amministrazione Comunale.<\/p>\n<p style=\"text-align: justify\">Grazie a questo incontro tra me e CARPE DIEM, in questi anni straordinari abbiamo avviato anche la collaborazione con l\u2019area Cultura della FIAF, ed in particolare dal 2011 con il Di Cult FIAF. Ci\u00f2 ha prodotto altri eventi particolarmente significativi come le 6 edizioni dei PhotoHappening che hanno creato nuovi modelli di condivisione della fotografia, come la nascita dei gemellaggi con altri festival e altre Associazioni fotografiche che oggi costituiscono una realt\u00e0 viva molto motivante.<\/p>\n<p style=\"text-align: justify\">Una delle caratteristiche salienti della progettualit\u00e0 CARPE DIEM \u00e8 la continua innovazione dei modelli e dei contenuti, sempre attenti al contemporaneo e alla storia della fotografia. Quest\u2019anno si troveranno splendide mostre e notevoli novit\u00e0, anche nella location della manifestazione che offrir\u00e0 nuove suggestioni paesaggistiche e migliori confort.<\/p>\n<p style=\"text-align: justify\">Anche \u201cUna Penisola di luce\u201d continua il percorso tematico \u201cIl Silenzio\u201d che coinvolge altri eventi, in parte gi\u00e0 avvenuti:<\/p>\n<p style=\"text-align: justify\"><strong>\u00a0<\/strong><strong>&#8211; 2 e 3 aprile \u2013 Sestri Levante PhotoHappening \u2013 Set &amp; Simposio<\/strong><\/p>\n<p><strong>&#8211; 14 Maggio \u2013 Carpi (MO) C.F. Il Grandangolo<\/strong><br \/>\n<strong>&#8211; 24, 25 e 26 giugno \u2013 Sassoferrato FacePhotoNews con \u201cPortfolio dello Strega\u201d<\/strong><br \/>\n<strong>&#8211; 1, 2 e 3 luglio \u2013 Sestri Levante \u201cUna Penisola di luce\u201d con \u201cPortfolio al mare\u201d<\/strong><br \/>\n<strong>&#8211; 4, 5 e 6 novembre \u2013 Colorno \u201cColornoPhotoLife\u201d con \u201cPortfolio Maria Luigia\u201d<\/strong><br \/>\nDopo le giornate splendide di FacePhotoNews di Sassoferrato, arrivederci a Sestri Levante!<br \/>\nSilvano Bicocchi<br \/>\nDirettore del <strong>Dipartimento Cultura FIAF<\/strong><br \/>\n&nbsp;<br \/>\n&nbsp;<\/p>\n<h2 style=\"text-align: center\">Momenti di &#8220;Una Penisola di Luce&#8221; \u00a02015<\/h2>\n<figure id=\"attachment_13454\" aria-describedby=\"caption-attachment-13454\" style=\"width: 500px\" class=\"wp-caption aligncenter\"><a href=\"https:\/\/fiaf.net\/agoradicult\/wp-content\/uploads\/sites\/23\/2016\/06\/01_AllestimentoMostre.jpg\"><img loading=\"lazy\" decoding=\"async\" class=\"size-full wp-image-13454\" src=\"https:\/\/fiaf.net\/agoradicult\/wp-content\/uploads\/sites\/23\/2016\/06\/01_AllestimentoMostre.jpg\" alt=\"Mostra Gemmellaggio\" width=\"500\" height=\"375\" srcset=\"https:\/\/fiaf.net\/agoradicult\/wp-content\/uploads\/sites\/23\/2016\/06\/01_AllestimentoMostre.jpg 500w, https:\/\/fiaf.net\/agoradicult\/wp-content\/uploads\/sites\/23\/2016\/06\/01_AllestimentoMostre-300x225.jpg 300w\" sizes=\"auto, (max-width: 500px) 100vw, 500px\" \/><\/a><figcaption id=\"caption-attachment-13454\" class=\"wp-caption-text\">Mostra Gemmellaggio<\/figcaption><\/figure>\n<figure id=\"attachment_13455\" aria-describedby=\"caption-attachment-13455\" style=\"width: 500px\" class=\"wp-caption aligncenter\"><a href=\"https:\/\/fiaf.net\/agoradicult\/wp-content\/uploads\/sites\/23\/2016\/06\/02_AllestimentoMostre.jpg\"><img loading=\"lazy\" decoding=\"async\" class=\"size-full wp-image-13455\" src=\"https:\/\/fiaf.net\/agoradicult\/wp-content\/uploads\/sites\/23\/2016\/06\/02_AllestimentoMostre.jpg\" alt=\"Mostra Futura - Storie di donne\" width=\"500\" height=\"375\" srcset=\"https:\/\/fiaf.net\/agoradicult\/wp-content\/uploads\/sites\/23\/2016\/06\/02_AllestimentoMostre.jpg 500w, https:\/\/fiaf.net\/agoradicult\/wp-content\/uploads\/sites\/23\/2016\/06\/02_AllestimentoMostre-300x225.jpg 300w\" sizes=\"auto, (max-width: 500px) 100vw, 500px\" \/><\/a><figcaption id=\"caption-attachment-13455\" class=\"wp-caption-text\">Mostra Futura &#8211; Storie di donne<\/figcaption><\/figure>\n<figure id=\"attachment_13479\" aria-describedby=\"caption-attachment-13479\" style=\"width: 500px\" class=\"wp-caption aligncenter\"><a href=\"https:\/\/fiaf.net\/agoradicult\/wp-content\/uploads\/sites\/23\/2016\/06\/03_AllestimentoMostre.jpg\"><img loading=\"lazy\" decoding=\"async\" class=\"size-full wp-image-13479\" src=\"https:\/\/fiaf.net\/agoradicult\/wp-content\/uploads\/sites\/23\/2016\/06\/03_AllestimentoMostre.jpg\" alt=\"Mostra &quot;Le donne del digiuno&quot;  di Francesco Francaviglia\" width=\"500\" height=\"218\" srcset=\"https:\/\/fiaf.net\/agoradicult\/wp-content\/uploads\/sites\/23\/2016\/06\/03_AllestimentoMostre.jpg 500w, https:\/\/fiaf.net\/agoradicult\/wp-content\/uploads\/sites\/23\/2016\/06\/03_AllestimentoMostre-300x131.jpg 300w\" sizes=\"auto, (max-width: 500px) 100vw, 500px\" \/><\/a><figcaption id=\"caption-attachment-13479\" class=\"wp-caption-text\">Mostra &#8220;Le donne del digiuno&#8221; di Francesco Francaviglia<\/figcaption><\/figure>\n<figure id=\"attachment_13456\" aria-describedby=\"caption-attachment-13456\" style=\"width: 500px\" class=\"wp-caption aligncenter\"><a href=\"https:\/\/fiaf.net\/agoradicult\/wp-content\/uploads\/sites\/23\/2016\/06\/03_InaugurazioneFestival.jpg\"><img loading=\"lazy\" decoding=\"async\" class=\"size-full wp-image-13456\" src=\"https:\/\/fiaf.net\/agoradicult\/wp-content\/uploads\/sites\/23\/2016\/06\/03_InaugurazioneFestival.jpg\" alt=\"Inaugurazione Festival - Serata al Conchiglia\" width=\"500\" height=\"275\" srcset=\"https:\/\/fiaf.net\/agoradicult\/wp-content\/uploads\/sites\/23\/2016\/06\/03_InaugurazioneFestival.jpg 500w, https:\/\/fiaf.net\/agoradicult\/wp-content\/uploads\/sites\/23\/2016\/06\/03_InaugurazioneFestival-300x165.jpg 300w\" sizes=\"auto, (max-width: 500px) 100vw, 500px\" \/><\/a><figcaption id=\"caption-attachment-13456\" class=\"wp-caption-text\">Inaugurazione Festival &#8211; Serata al Conchiglia<\/figcaption><\/figure>\n<figure id=\"attachment_13457\" aria-describedby=\"caption-attachment-13457\" style=\"width: 500px\" class=\"wp-caption aligncenter\"><a href=\"https:\/\/fiaf.net\/agoradicult\/wp-content\/uploads\/sites\/23\/2016\/06\/04_SerataBlues.jpg\"><img loading=\"lazy\" decoding=\"async\" class=\"size-full wp-image-13457\" src=\"https:\/\/fiaf.net\/agoradicult\/wp-content\/uploads\/sites\/23\/2016\/06\/04_SerataBlues.jpg\" alt=\"Serata PhotoParty - Guitarlanda Acoustic Trio\" width=\"500\" height=\"283\" srcset=\"https:\/\/fiaf.net\/agoradicult\/wp-content\/uploads\/sites\/23\/2016\/06\/04_SerataBlues.jpg 500w, https:\/\/fiaf.net\/agoradicult\/wp-content\/uploads\/sites\/23\/2016\/06\/04_SerataBlues-300x170.jpg 300w\" sizes=\"auto, (max-width: 500px) 100vw, 500px\" \/><\/a><figcaption id=\"caption-attachment-13457\" class=\"wp-caption-text\">Serata PhotoParty &#8211; Guitarlanda Acoustic Trio<\/figcaption><\/figure>\n<figure id=\"attachment_13458\" aria-describedby=\"caption-attachment-13458\" style=\"width: 500px\" class=\"wp-caption aligncenter\"><a href=\"https:\/\/fiaf.net\/agoradicult\/wp-content\/uploads\/sites\/23\/2016\/06\/05_PhotoParty_Ligabue.jpg\"><img loading=\"lazy\" decoding=\"async\" class=\"wp-image-13458 size-full\" src=\"https:\/\/fiaf.net\/agoradicult\/wp-content\/uploads\/sites\/23\/2016\/06\/05_PhotoParty_Ligabue.jpg\" alt=\"Serata PhotoParty - Foto @Maurizio Ligabue \" width=\"500\" height=\"375\" srcset=\"https:\/\/fiaf.net\/agoradicult\/wp-content\/uploads\/sites\/23\/2016\/06\/05_PhotoParty_Ligabue.jpg 500w, https:\/\/fiaf.net\/agoradicult\/wp-content\/uploads\/sites\/23\/2016\/06\/05_PhotoParty_Ligabue-300x225.jpg 300w\" sizes=\"auto, (max-width: 500px) 100vw, 500px\" \/><\/a><figcaption id=\"caption-attachment-13458\" class=\"wp-caption-text\">Serata PhotoParty &#8211; Foto Maurizio Ligabue<\/figcaption><\/figure>\n<figure id=\"attachment_13460\" aria-describedby=\"caption-attachment-13460\" style=\"width: 500px\" class=\"wp-caption aligncenter\"><a href=\"https:\/\/fiaf.net\/agoradicult\/wp-content\/uploads\/sites\/23\/2016\/06\/06_Face2Face_BaiaDelSilenzio.jpg\"><img loading=\"lazy\" decoding=\"async\" class=\"size-full wp-image-13460\" src=\"https:\/\/fiaf.net\/agoradicult\/wp-content\/uploads\/sites\/23\/2016\/06\/06_Face2Face_BaiaDelSilenzio.jpg\" alt=\"FaceToFace in Baia del Silenzio\" width=\"500\" height=\"305\" srcset=\"https:\/\/fiaf.net\/agoradicult\/wp-content\/uploads\/sites\/23\/2016\/06\/06_Face2Face_BaiaDelSilenzio.jpg 500w, https:\/\/fiaf.net\/agoradicult\/wp-content\/uploads\/sites\/23\/2016\/06\/06_Face2Face_BaiaDelSilenzio-300x183.jpg 300w\" sizes=\"auto, (max-width: 500px) 100vw, 500px\" \/><\/a><figcaption id=\"caption-attachment-13460\" class=\"wp-caption-text\">FaceToFace in Baia del Silenzio<\/figcaption><\/figure>\n<figure id=\"attachment_13474\" aria-describedby=\"caption-attachment-13474\" style=\"width: 500px\" class=\"wp-caption aligncenter\"><a href=\"https:\/\/fiaf.net\/agoradicult\/wp-content\/uploads\/sites\/23\/2016\/06\/08_LetturePortfolio.jpg\"><img loading=\"lazy\" decoding=\"async\" class=\"size-full wp-image-13474\" src=\"https:\/\/fiaf.net\/agoradicult\/wp-content\/uploads\/sites\/23\/2016\/06\/08_LetturePortfolio.jpg\" alt=\"FaceToFace in Baia del Silenzio - Foto @Gigi Montali\" width=\"500\" height=\"441\" srcset=\"https:\/\/fiaf.net\/agoradicult\/wp-content\/uploads\/sites\/23\/2016\/06\/08_LetturePortfolio.jpg 500w, https:\/\/fiaf.net\/agoradicult\/wp-content\/uploads\/sites\/23\/2016\/06\/08_LetturePortfolio-300x265.jpg 300w\" sizes=\"auto, (max-width: 500px) 100vw, 500px\" \/><\/a><figcaption id=\"caption-attachment-13474\" class=\"wp-caption-text\">FaceToFace in Baia del Silenzio &#8211; Foto @Gigi Montali<\/figcaption><\/figure>\n<figure id=\"attachment_13461\" aria-describedby=\"caption-attachment-13461\" style=\"width: 500px\" class=\"wp-caption aligncenter\"><a href=\"https:\/\/fiaf.net\/agoradicult\/wp-content\/uploads\/sites\/23\/2016\/06\/07_LetturePortfolio.jpg\"><img loading=\"lazy\" decoding=\"async\" class=\"wp-image-13461 size-full\" src=\"https:\/\/fiaf.net\/agoradicult\/wp-content\/uploads\/sites\/23\/2016\/06\/07_LetturePortfolio.jpg\" alt=\"Letture Portfolio - Foto Gigi Montali\" width=\"500\" height=\"404\" srcset=\"https:\/\/fiaf.net\/agoradicult\/wp-content\/uploads\/sites\/23\/2016\/06\/07_LetturePortfolio.jpg 500w, https:\/\/fiaf.net\/agoradicult\/wp-content\/uploads\/sites\/23\/2016\/06\/07_LetturePortfolio-300x242.jpg 300w\" sizes=\"auto, (max-width: 500px) 100vw, 500px\" \/><\/a><figcaption id=\"caption-attachment-13461\" class=\"wp-caption-text\">Letture Portfolio &#8211; Foto @Gigi Montali<\/figcaption><\/figure>\n<figure id=\"attachment_13476\" aria-describedby=\"caption-attachment-13476\" style=\"width: 500px\" class=\"wp-caption aligncenter\"><a href=\"https:\/\/fiaf.net\/agoradicult\/wp-content\/uploads\/sites\/23\/2016\/06\/09_LetturePortfolio.jpg\"><img loading=\"lazy\" decoding=\"async\" class=\"size-full wp-image-13476\" src=\"https:\/\/fiaf.net\/agoradicult\/wp-content\/uploads\/sites\/23\/2016\/06\/09_LetturePortfolio.jpg\" alt=\"Letture Portfolio -  Foto @Gigi Montali\" width=\"500\" height=\"423\" srcset=\"https:\/\/fiaf.net\/agoradicult\/wp-content\/uploads\/sites\/23\/2016\/06\/09_LetturePortfolio.jpg 500w, https:\/\/fiaf.net\/agoradicult\/wp-content\/uploads\/sites\/23\/2016\/06\/09_LetturePortfolio-300x254.jpg 300w\" sizes=\"auto, (max-width: 500px) 100vw, 500px\" \/><\/a><figcaption id=\"caption-attachment-13476\" class=\"wp-caption-text\">Letture Portfolio &#8211; Foto @Gigi Montali<\/figcaption><\/figure>\n<figure id=\"attachment_13477\" aria-describedby=\"caption-attachment-13477\" style=\"width: 500px\" class=\"wp-caption aligncenter\"><a href=\"https:\/\/fiaf.net\/agoradicult\/wp-content\/uploads\/sites\/23\/2016\/06\/10_LetturePortfolio.jpg\"><img loading=\"lazy\" decoding=\"async\" class=\"size-full wp-image-13477\" src=\"https:\/\/fiaf.net\/agoradicult\/wp-content\/uploads\/sites\/23\/2016\/06\/10_LetturePortfolio.jpg\" alt=\"Letture Portfolio -  Foto @Maurizio Ligabue\" width=\"500\" height=\"375\" srcset=\"https:\/\/fiaf.net\/agoradicult\/wp-content\/uploads\/sites\/23\/2016\/06\/10_LetturePortfolio.jpg 500w, https:\/\/fiaf.net\/agoradicult\/wp-content\/uploads\/sites\/23\/2016\/06\/10_LetturePortfolio-300x225.jpg 300w\" sizes=\"auto, (max-width: 500px) 100vw, 500px\" \/><\/a><figcaption id=\"caption-attachment-13477\" class=\"wp-caption-text\">Letture Portfolio &#8211; Foto @Maurizio Ligabue<\/figcaption><\/figure>\n<figure id=\"attachment_13478\" aria-describedby=\"caption-attachment-13478\" style=\"width: 500px\" class=\"wp-caption aligncenter\"><a href=\"https:\/\/fiaf.net\/agoradicult\/wp-content\/uploads\/sites\/23\/2016\/06\/11_PresentazioneLibro.jpg\"><img loading=\"lazy\" decoding=\"async\" class=\"size-full wp-image-13478\" src=\"https:\/\/fiaf.net\/agoradicult\/wp-content\/uploads\/sites\/23\/2016\/06\/11_PresentazioneLibro.jpg\" alt=\"Presentazione Libro Italinskij\" width=\"500\" height=\"375\" srcset=\"https:\/\/fiaf.net\/agoradicult\/wp-content\/uploads\/sites\/23\/2016\/06\/11_PresentazioneLibro.jpg 500w, https:\/\/fiaf.net\/agoradicult\/wp-content\/uploads\/sites\/23\/2016\/06\/11_PresentazioneLibro-300x225.jpg 300w\" sizes=\"auto, (max-width: 500px) 100vw, 500px\" \/><\/a><figcaption id=\"caption-attachment-13478\" class=\"wp-caption-text\">Presentazione Libro Italinskij<\/figcaption><\/figure>\n<strong>\u00a0<\/strong><\/p>\n\n    <div class=\"xs_social_share_widget xs_share_url after_content \t\tmain_content  wslu-style-1 wslu-share-box-shaped wslu-fill-colored wslu-none wslu-share-horizontal wslu-theme-font-no wslu-main_content\">\n\n\t\t\n        <ul>\n\t\t\t        <\/ul>\n    <\/div> \n","protected":false},"excerpt":{"rendered":"<p>&nbsp; &nbsp; . &nbsp; &nbsp; 10\u00b0 Penisola di Luce, \u00a0Lanfranco Colombo di CARPE DIEM Sestri Levante &nbsp; &nbsp; Mostra &#8220;Mondo &hellip;<\/p>\n","protected":false},"author":51,"featured_media":13489,"comment_status":"open","ping_status":"open","sticky":false,"template":"","format":"standard","meta":{"_acf_changed":false,"footnotes":""},"categories":[],"tags":[],"class_list":["post-13446","post","type-post","status-publish","format-standard","has-post-thumbnail","hentry"],"acf":[],"_links":{"self":[{"href":"https:\/\/fiaf.net\/agoradicult\/wp-json\/wp\/v2\/posts\/13446","targetHints":{"allow":["GET"]}}],"collection":[{"href":"https:\/\/fiaf.net\/agoradicult\/wp-json\/wp\/v2\/posts"}],"about":[{"href":"https:\/\/fiaf.net\/agoradicult\/wp-json\/wp\/v2\/types\/post"}],"author":[{"embeddable":true,"href":"https:\/\/fiaf.net\/agoradicult\/wp-json\/wp\/v2\/users\/51"}],"replies":[{"embeddable":true,"href":"https:\/\/fiaf.net\/agoradicult\/wp-json\/wp\/v2\/comments?post=13446"}],"version-history":[{"count":0,"href":"https:\/\/fiaf.net\/agoradicult\/wp-json\/wp\/v2\/posts\/13446\/revisions"}],"wp:featuredmedia":[{"embeddable":true,"href":"https:\/\/fiaf.net\/agoradicult\/wp-json\/wp\/v2\/media\/13489"}],"wp:attachment":[{"href":"https:\/\/fiaf.net\/agoradicult\/wp-json\/wp\/v2\/media?parent=13446"}],"wp:term":[{"taxonomy":"category","embeddable":true,"href":"https:\/\/fiaf.net\/agoradicult\/wp-json\/wp\/v2\/categories?post=13446"},{"taxonomy":"post_tag","embeddable":true,"href":"https:\/\/fiaf.net\/agoradicult\/wp-json\/wp\/v2\/tags?post=13446"}],"curies":[{"name":"wp","href":"https:\/\/api.w.org\/{rel}","templated":true}]}}