{"id":1385,"date":"2012-03-18T19:20:40","date_gmt":"2012-03-18T19:20:40","guid":{"rendered":"https:\/\/fiaf.net\/agoradicult\/?p=1385"},"modified":"2012-03-18T19:20:40","modified_gmt":"2012-03-18T19:20:40","slug":"i-giornata-di-cultura-fotografica","status":"publish","type":"post","link":"https:\/\/fiaf.net\/agoradicult\/2012\/03\/18\/i-giornata-di-cultura-fotografica\/","title":{"rendered":"I\u00b0 Giornata di cultura fotografica"},"content":{"rendered":"<figure id=\"attachment_1387\" aria-describedby=\"caption-attachment-1387\" style=\"width: 580px\" class=\"wp-caption aligncenter\"><a href=\"https:\/\/fiaf.net\/agoradicult\/wp-content\/uploads\/sites\/23\/2012\/03\/GdCF_Forli51.jpg\"><img loading=\"lazy\" decoding=\"async\" class=\"size-full wp-image-1387\" title=\"GdCF_Forli5\" src=\"https:\/\/fiaf.net\/agoradicult\/wp-content\/uploads\/sites\/23\/2012\/03\/GdCF_Forli51.jpg\" alt=\"\" width=\"580\" height=\"387\" srcset=\"https:\/\/fiaf.net\/agoradicult\/wp-content\/uploads\/sites\/23\/2012\/03\/GdCF_Forli51.jpg 580w, https:\/\/fiaf.net\/agoradicult\/wp-content\/uploads\/sites\/23\/2012\/03\/GdCF_Forli51-300x200.jpg 300w\" sizes=\"auto, (max-width: 580px) 100vw, 580px\" \/><\/a><figcaption id=\"caption-attachment-1387\" class=\"wp-caption-text\">I\u00b0 Giornata di Cultura Fotografica, Associazione TANK (Forl\u00ec), 17\/03\/2012 \u2013 Massimiliano Vassura<\/figcaption><\/figure>\n&nbsp;<\/p>\n<p style=\"text-align: center\" align=\"center\"><strong>I\u00b0 Giornata di cultura fotografica<\/strong><\/p>\n<p style=\"text-align: justify\">Come dal programma in Agenda, ieri presso l\u2019Associazione TANK di Forl\u00ec si \u00e8 svolta la <strong>I<\/strong><strong>\u00b0 Giornata di Cultura Fotografica<\/strong> del <strong>Dipartimento Cultura<\/strong>.<\/p>\n<p style=\"text-align: justify\">La partecipazione degli iscritti \u00e8 stata superiore a quella prevista dall\u2019elenco posto in Agenda. L\u2019attivit\u00e0 si \u00e8 svolta seguendo puntualmente il programma gi\u00e0 esposto nel Post dedicato su questo Blog alla pagina seguente:<\/p>\n<p style=\"text-align: justify\">\n<blockquote class=\"wp-embedded-content\" data-secret=\"yqIkuYLysr\"><p><a href=\"https:\/\/fiaf.net\/agoradicult\/2012\/02\/26\/la-giornata-di-cultura-fotografica-2\/\">La \u201cGiornata di cultura fotografica\u201d<\/a><\/p><\/blockquote>\n<p><iframe loading=\"lazy\" class=\"wp-embedded-content\" sandbox=\"allow-scripts\" security=\"restricted\" style=\"position: absolute; clip: rect(1px, 1px, 1px, 1px);\" title=\"&#8220;La \u201cGiornata di cultura fotografica\u201d&#8221; &#8212; .:Agora di Cult\" src=\"https:\/\/fiaf.net\/agoradicult\/2012\/02\/26\/la-giornata-di-cultura-fotografica-2\/embed\/#?secret=0L2zmlkpmD#?secret=yqIkuYLysr\" data-secret=\"yqIkuYLysr\" width=\"500\" height=\"282\" frameborder=\"0\" marginwidth=\"0\" marginheight=\"0\" scrolling=\"no\"><\/iframe><\/p>\n<p style=\"text-align: justify\">Come faremo per ogni altra attivit\u00e0, il resoconto di come si \u00e8 svolta viene lasciato ai partecipanti, siano essi iscritti al Dipartimento Cultura che no.<\/p>\n<p style=\"text-align: justify\">Pertanto saranno i Commenti \u00a0a raccontarla nei suoi contenuti, nella sequenza con la quale si \u00e8 svolta, nel clima di dialogo culturale, nel tono della relazione umana che siamo riusciti a raggiungere e quant\u2019altro si vorr\u00e0 evidenziare per migliorare l\u2019attivit\u00e0 stessa.<\/p>\n<p style=\"text-align: justify\">L\u2019accoglienza dei soci dell\u2019Associazione TANK \u00e8 stata straordinaria sia per l\u2019organizzazione delle attivit\u00e0 che per il pasto a base di Piadina Romagnola, vino Sangiovese e poi tanti altri semplici cibi tipici di questa terra sempre festosa. Anche questi sono aspetti non trascurabili della nostra \u201cGiornata di cultura fotografica\u201d che vanno a dare sostanza al nostro sereno impegno.<\/p>\n<p style=\"text-align: justify\" align=\"center\"><strong>Riflessioni sul percorso comune<\/strong><\/p>\n<p style=\"text-align: justify\">Quando ci sono delle attivit\u00e0 inevitabilmente il lavoro di elaborazione viene momentaneamente interrotto. Vi ricordo che per noi i Post non scadono mai e quindi possono essere ripresi in qualsiasi momento.<\/p>\n<p style=\"text-align: justify\">Noto che il tono del dialogo culturale svolto sul Blog \u00e8 quello che ho invitato a tenere scrivendo il Regolamento. Ho sentito molta soddisfazione negli amici pi\u00f9 giovani che ho incontrato ieri a Forl\u00ec, per il clima attento e riflessivo del Blog che si mostra accogliente, acuto e autentico nei commenti. Questo stile invita a elaborare e pubblicare i propri lavori, senza il timore di cadute di tono nel rispetto della\u00a0 idea diversa dalla propria. Quindi continuiamo cos\u00ec!<\/p>\n<p style=\"text-align: justify\">Il Blog <strong>Agor\u00e0 Di Cult<\/strong> ha un archivio che attende ci\u00f2 che avete gi\u00e0 realizzato e i vostri nuovi progetti. Rilancio alcune idee sulle quali potete lavorare:<\/p>\n<p style=\"text-align: justify\">&#8211;\u00a0\u00a0\u00a0\u00a0\u00a0\u00a0\u00a0\u00a0 Presentate gli autori che amate, contemporanei o del passato, pi\u00f9 o meno noti.<\/p>\n<p style=\"text-align: justify\">&#8211;\u00a0\u00a0\u00a0\u00a0\u00a0\u00a0\u00a0\u00a0 Presentate il vostro percorso fotografico, come a hanno gi\u00e0 fatto Marco Nicolini e Massimo Bardelli, ponendo in <strong>Galleria<\/strong> le vostre fotografie pi\u00f9 significative.<\/p>\n<p style=\"text-align: justify\">&#8211;\u00a0\u00a0\u00a0\u00a0\u00a0\u00a0\u00a0\u00a0 Esponete con vostre foto e riflessioni il genere fotografico che pi\u00f9 amate.<\/p>\n<p style=\"text-align: justify\">&#8211;\u00a0\u00a0\u00a0\u00a0\u00a0\u00a0\u00a0\u00a0 Presentate riflessioni su brani di testi che ritenete per voi importanti.<\/p>\n<p style=\"text-align: justify\">&#8211;\u00a0\u00a0\u00a0\u00a0\u00a0\u00a0\u00a0\u00a0 Proponente riflessioni su eventi di cultura contemporanea.<\/p>\n<p style=\"text-align: justify\">&#8211;\u00a0\u00a0\u00a0\u00a0\u00a0\u00a0\u00a0\u00a0 Ecc\u2026<\/p>\n<p style=\"text-align: justify\">Proponetemi i vostri progetti e diventeremo i compagni di viaggio gli uni degli altri!<\/p>\n<p style=\"text-align: justify\">Silvano Bicocchi<\/p>\n<p style=\"text-align: justify\">Direttore del <strong>Dipartimento Cultura<\/strong><\/p>\n<p style=\"text-align: justify\">Nonantola, 11\/03\/2012<\/p>\n<p style=\"text-align: center\">Alcune\u00a0 immagini dell&#8217;evento<\/p>\n<p style=\"text-align: center\"><a href=\"https:\/\/fiaf.net\/agoradicult\/wp-content\/uploads\/sites\/23\/2012\/03\/GdCF_Forli1.jpg\"><img loading=\"lazy\" decoding=\"async\" class=\"aligncenter size-full wp-image-1388\" title=\"GdCF_Forli1\" src=\"https:\/\/fiaf.net\/agoradicult\/wp-content\/uploads\/sites\/23\/2012\/03\/GdCF_Forli1.jpg\" alt=\"\" width=\"580\" height=\"387\" srcset=\"https:\/\/fiaf.net\/agoradicult\/wp-content\/uploads\/sites\/23\/2012\/03\/GdCF_Forli1.jpg 580w, https:\/\/fiaf.net\/agoradicult\/wp-content\/uploads\/sites\/23\/2012\/03\/GdCF_Forli1-300x200.jpg 300w\" sizes=\"auto, (max-width: 580px) 100vw, 580px\" \/><\/a><\/p>\n<p style=\"text-align: center\"><a href=\"https:\/\/fiaf.net\/agoradicult\/wp-content\/uploads\/sites\/23\/2012\/03\/GdCF_Forli2.jpg\"><img loading=\"lazy\" decoding=\"async\" class=\"aligncenter size-full wp-image-1389\" title=\"GdCF_Forli2\" src=\"https:\/\/fiaf.net\/agoradicult\/wp-content\/uploads\/sites\/23\/2012\/03\/GdCF_Forli2.jpg\" alt=\"\" width=\"580\" height=\"387\" srcset=\"https:\/\/fiaf.net\/agoradicult\/wp-content\/uploads\/sites\/23\/2012\/03\/GdCF_Forli2.jpg 580w, https:\/\/fiaf.net\/agoradicult\/wp-content\/uploads\/sites\/23\/2012\/03\/GdCF_Forli2-300x200.jpg 300w\" sizes=\"auto, (max-width: 580px) 100vw, 580px\" \/><\/a><\/p>\n<p style=\"text-align: center\"><a href=\"https:\/\/fiaf.net\/agoradicult\/wp-content\/uploads\/sites\/23\/2012\/03\/GdCF_Forli3.jpg\"><img loading=\"lazy\" decoding=\"async\" class=\"aligncenter size-full wp-image-1390\" title=\"GdCF_Forli3\" src=\"https:\/\/fiaf.net\/agoradicult\/wp-content\/uploads\/sites\/23\/2012\/03\/GdCF_Forli3.jpg\" alt=\"\" width=\"580\" height=\"387\" srcset=\"https:\/\/fiaf.net\/agoradicult\/wp-content\/uploads\/sites\/23\/2012\/03\/GdCF_Forli3.jpg 580w, https:\/\/fiaf.net\/agoradicult\/wp-content\/uploads\/sites\/23\/2012\/03\/GdCF_Forli3-300x200.jpg 300w\" sizes=\"auto, (max-width: 580px) 100vw, 580px\" \/><\/a><a href=\"https:\/\/fiaf.net\/agoradicult\/wp-content\/uploads\/sites\/23\/2012\/03\/GdCF_Forli4.jpg\"><img loading=\"lazy\" decoding=\"async\" class=\"aligncenter size-full wp-image-1391\" title=\"GdCF_Forli4\" src=\"https:\/\/fiaf.net\/agoradicult\/wp-content\/uploads\/sites\/23\/2012\/03\/GdCF_Forli4.jpg\" alt=\"\" width=\"580\" height=\"387\" srcset=\"https:\/\/fiaf.net\/agoradicult\/wp-content\/uploads\/sites\/23\/2012\/03\/GdCF_Forli4.jpg 580w, https:\/\/fiaf.net\/agoradicult\/wp-content\/uploads\/sites\/23\/2012\/03\/GdCF_Forli4-300x200.jpg 300w\" sizes=\"auto, (max-width: 580px) 100vw, 580px\" \/><\/a><\/p>\n<p style=\"text-align: center\"><span style=\"color: #ffffff\">.<\/span><\/p>\n<p>&nbsp;<br \/>\n&nbsp;<br \/>\n&nbsp;<br \/>\n&nbsp;<br \/>\n&nbsp;<\/p>\n\n    <div class=\"xs_social_share_widget xs_share_url after_content \t\tmain_content  wslu-style-1 wslu-share-box-shaped wslu-fill-colored wslu-none wslu-share-horizontal wslu-theme-font-no wslu-main_content\">\n\n\t\t\n        <ul>\n\t\t\t        <\/ul>\n    <\/div> \n","protected":false},"excerpt":{"rendered":"<p>&nbsp; I\u00b0 Giornata di cultura fotografica Come dal programma in Agenda, ieri presso l\u2019Associazione TANK di Forl\u00ec si \u00e8 svolta &hellip;<\/p>\n","protected":false},"author":15,"featured_media":1386,"comment_status":"open","ping_status":"open","sticky":false,"template":"","format":"standard","meta":{"_acf_changed":false,"footnotes":""},"categories":[7,24],"tags":[],"class_list":["post-1385","post","type-post","status-publish","format-standard","has-post-thumbnail","hentry","category-archivio","category-i-post-di-silvano-bicocchi"],"acf":[],"_links":{"self":[{"href":"https:\/\/fiaf.net\/agoradicult\/wp-json\/wp\/v2\/posts\/1385","targetHints":{"allow":["GET"]}}],"collection":[{"href":"https:\/\/fiaf.net\/agoradicult\/wp-json\/wp\/v2\/posts"}],"about":[{"href":"https:\/\/fiaf.net\/agoradicult\/wp-json\/wp\/v2\/types\/post"}],"author":[{"embeddable":true,"href":"https:\/\/fiaf.net\/agoradicult\/wp-json\/wp\/v2\/users\/15"}],"replies":[{"embeddable":true,"href":"https:\/\/fiaf.net\/agoradicult\/wp-json\/wp\/v2\/comments?post=1385"}],"version-history":[{"count":0,"href":"https:\/\/fiaf.net\/agoradicult\/wp-json\/wp\/v2\/posts\/1385\/revisions"}],"wp:featuredmedia":[{"embeddable":true,"href":"https:\/\/fiaf.net\/agoradicult\/wp-json\/wp\/v2\/media\/1386"}],"wp:attachment":[{"href":"https:\/\/fiaf.net\/agoradicult\/wp-json\/wp\/v2\/media?parent=1385"}],"wp:term":[{"taxonomy":"category","embeddable":true,"href":"https:\/\/fiaf.net\/agoradicult\/wp-json\/wp\/v2\/categories?post=1385"},{"taxonomy":"post_tag","embeddable":true,"href":"https:\/\/fiaf.net\/agoradicult\/wp-json\/wp\/v2\/tags?post=1385"}],"curies":[{"name":"wp","href":"https:\/\/api.w.org\/{rel}","templated":true}]}}