{"id":13943,"date":"2016-09-25T21:00:48","date_gmt":"2016-09-25T19:00:48","guid":{"rendered":"https:\/\/fiaf.net\/agoradicult\/?p=13943"},"modified":"2016-09-25T21:00:48","modified_gmt":"2016-09-25T19:00:48","slug":"addomesticare-il-mostro-di-isabella-tholozan","status":"publish","type":"post","link":"https:\/\/fiaf.net\/agoradicult\/2016\/09\/25\/addomesticare-il-mostro-di-isabella-tholozan\/","title":{"rendered":"Addomesticare il Mostro &#8211; di Isabella Tholozan"},"content":{"rendered":"<p>.<br \/>\n&nbsp;<br \/>\n&nbsp;<br \/>\n&nbsp;<br \/>\n&nbsp;<br \/>\n&nbsp;<br \/>\n&nbsp;<br \/>\n&nbsp;<br \/>\n&nbsp;<br \/>\n&nbsp;<\/p>\n<h3 style=\"text-align: center\">\u00a0Addomesticare il Mostro<\/h3>\n<p>&nbsp;<br \/>\n<b>Il Tema<\/b><\/p>\n<p style=\"text-align: justify\">L\u2019opera fotografica che presento \u00e8 frutto del laboratorio che si \u00e8 svolto nel corso del 2015 all\u2019interno delle attivit\u00e0 di \u201carte terapia\u201d tenute dall\u2019Associazione \u201cIuta\u201d di Lavagna, in provincia di Genova.<\/p>\n<p style=\"text-align: justify\">L\u2019associazione, nata nel 2010, si occupa di educazione e creativit\u00e0 in campo didattico, sociale e terapeutico.<\/p>\n<p style=\"text-align: justify\">Grazie alla volont\u00e0 delle cinque partecipanti, \u00e8 nato un percorso di fotografia sviluppatosi in modo parallelo al percorso terapeutico, allo scopo di indagare e approfondire la ricerca da un punto di vista personale, attraverso l\u2019uso del medium fotografico.<\/p>\n<p style=\"text-align: justify\">\u201cAddomesticare il mostro\u201d, oltre al titolo, \u00e8 il tema dal quale si \u00e8 sviluppata l\u2019attivit\u00e0 esplorativa, alla scoperta dello scomodo bagaglio emotivo che ci trasciniamo al seguito.<\/p>\n<p style=\"text-align: justify\">L\u2019idea \u00e8 stata quella di esprimersi attraverso il \u201ccorpo cieco\u201d, lavorando sul sentire, prima ancora del vedere, all\u2019interno di quello che, ognuna delle partecipanti, ha identificato come \u201cil proprio mostro\u201d.<\/p>\n<p style=\"text-align: justify\">La scommessa? Dare una forma alle personali difficolt\u00e0, paure, nevrosi, sentimenti, in direzione di una possibile trasformazione e soluzione.<\/p>\n<p style=\"text-align: justify\">Il lavoro terapeutico \u00e8 stato supervisionato da Silva Masini, Gestalt Counsellor e MusicArTerapeuta nella Globalit\u00e0 dei Linguaggi, formata con il metodo Judy Weiser, coadiuvata, per la parte fotografica e stenopeica, dalla sottoscritta.<\/p>\n<p>&nbsp;<br \/>\n<b>Il Processo Creativo<\/b><\/p>\n<p style=\"text-align: justify\">L\u2019attivit\u00e0 si \u00e8 sviluppata alternando momenti di condivisione e dialogo ad altri dedicati esclusivamente alla fotografia, in questa fase si \u00e8 scelto di implementare l\u2019uso della macchina digitale con una a foro stenopeico, caricata con carta fotosensibile.<\/p>\n<p style=\"text-align: justify\">Questa tecnica, pi\u00f9 lenta e meditata, ha obbligato il gruppo a fermarsi e ragionare su come costruire lo scatto, utilizzando il medium in maniera coerente con il tema, approfondendo anche la parte tecnica, dedicata ai tempi e all\u2019uso espressivo della luce.<\/p>\n<p style=\"text-align: justify\">Sono stati giorni di confronto creativo in cui tutte si sono dovute industriare allo scopo di inventare veri e propri set di posa, cercando, come gi\u00e0 accennato, di dare forma al proprio sentire, rappresentandosi attraverso una personale visione espressiva.<\/p>\n<p style=\"text-align: justify\">L\u2019avvicendarsi di ognuna, dallo scatto alla posa e viceversa, si \u00e8 dimostrata una fase di sperimentazione vincente, poich\u00e9 ha offerto, in fase di editing, una visione nuova di s\u00e9, scaturita grazie a quanto catturato da occhi esterni.<\/p>\n<p style=\"text-align: justify\">La tappa centrale \u00e8 stata un impegnativo momento di confronto cui \u00e8 seguita la scelta delle immagini, la progettazione dello scatto con la scatola stenopeica e il successivo sviluppo delle immagini analogiche.<\/p>\n<p>&nbsp;<br \/>\n<b>Generi d\u2019immagine impiegati nella realizzazione dell\u2019opera: rappresentazione, segno, simbolo.<\/b><\/p>\n<p style=\"text-align: justify\">L\u2019attivit\u00e0 di laboratorio ha avuto un\u2019imprescindibile e totale libert\u00e0 espressiva; dovendosi impegnare a dare forma a una parte segreta di se stesse, nessun limite \u00e8 stato messo alla tipologia d\u2019immagini potenzialmente realizzabili.<\/p>\n<p style=\"text-align: justify\">In alcuni casi \u00e8 stato scelto di costruire la propria fotografia in condizioni di luce scarsa, con soggetti in movimento e con l\u2019uso di proiezioni realizzate con gelatine e acetati.<\/p>\n<p style=\"text-align: justify\">Gli scatti stenopeici hanno rivelato visioni metafisiche particolarmente suggestive, utili alla riuscita della rappresentazione dei segni e dei simboli, risultati magicamente intrisi del messaggio che si desiderava comunicare.<\/p>\n<p style=\"text-align: justify\">Il racconto fotografico che ne \u00e8 nato \u00e8 apparso subito coerente e logico nello svolgimento laddove ogni storia si \u00e8 sviluppata attraverso quattro immagini, delle quali l\u2019ultima stenopeica.<\/p>\n<p style=\"text-align: justify\">Le imperfezioni dovute alla precariet\u00e0 della macchina autoprodotta amplificano la volont\u00e0 di ricerca creativa, forte della necessit\u00e0 delle autrici di voler comunicare quel processo di autocoscienza e di esplorazione dell\u2019Io e del S\u00e9.<\/p>\n<p>&nbsp;<br \/>\n<b>La Poetica<\/b><br \/>\nSono cinque le brevi storie che si susseguono in ordine temporale, a raccontare che:<\/p>\n<ul>\n<li style=\"text-align: justify\">I sogni ci contraddistinguono ma i lacci educativi e sociali ci rendono vittime di status che umiliano e costringono a rinunciare a quello che in realt\u00e0 siamo. Metaforicamente cieche, diventiamo quello che altri vogliono; difficile e faticoso liberarsi dei legami che ci affliggono<\/li>\n<\/ul>\n<p><a href=\"https:\/\/fiaf.net\/agoradicult\/wp-content\/uploads\/sites\/23\/2016\/09\/0011.jpg\"><img loading=\"lazy\" decoding=\"async\" class=\"aligncenter size-full wp-image-13945\" src=\"https:\/\/fiaf.net\/agoradicult\/wp-content\/uploads\/sites\/23\/2016\/09\/0011.jpg\" alt=\"001\" width=\"500\" height=\"753\" srcset=\"https:\/\/fiaf.net\/agoradicult\/wp-content\/uploads\/sites\/23\/2016\/09\/0011.jpg 500w, https:\/\/fiaf.net\/agoradicult\/wp-content\/uploads\/sites\/23\/2016\/09\/0011-199x300.jpg 199w\" sizes=\"auto, (max-width: 500px) 100vw, 500px\" \/><\/a><br \/>\n<a href=\"https:\/\/fiaf.net\/agoradicult\/wp-content\/uploads\/sites\/23\/2016\/09\/0021.jpg\"><img loading=\"lazy\" decoding=\"async\" class=\"aligncenter size-full wp-image-13946\" src=\"https:\/\/fiaf.net\/agoradicult\/wp-content\/uploads\/sites\/23\/2016\/09\/0021.jpg\" alt=\"002\" width=\"500\" height=\"889\" srcset=\"https:\/\/fiaf.net\/agoradicult\/wp-content\/uploads\/sites\/23\/2016\/09\/0021.jpg 500w, https:\/\/fiaf.net\/agoradicult\/wp-content\/uploads\/sites\/23\/2016\/09\/0021-169x300.jpg 169w\" sizes=\"auto, (max-width: 500px) 100vw, 500px\" \/><\/a><br \/>\n<a href=\"https:\/\/fiaf.net\/agoradicult\/wp-content\/uploads\/sites\/23\/2016\/09\/0031.jpg\"><img loading=\"lazy\" decoding=\"async\" class=\"aligncenter size-full wp-image-13947\" src=\"https:\/\/fiaf.net\/agoradicult\/wp-content\/uploads\/sites\/23\/2016\/09\/0031.jpg\" alt=\"003\" width=\"500\" height=\"700\" srcset=\"https:\/\/fiaf.net\/agoradicult\/wp-content\/uploads\/sites\/23\/2016\/09\/0031.jpg 500w, https:\/\/fiaf.net\/agoradicult\/wp-content\/uploads\/sites\/23\/2016\/09\/0031-214x300.jpg 214w\" sizes=\"auto, (max-width: 500px) 100vw, 500px\" \/><\/a><br \/>\n<a href=\"https:\/\/fiaf.net\/agoradicult\/wp-content\/uploads\/sites\/23\/2016\/09\/0041.jpg\"><img loading=\"lazy\" decoding=\"async\" class=\"aligncenter size-full wp-image-13948\" src=\"https:\/\/fiaf.net\/agoradicult\/wp-content\/uploads\/sites\/23\/2016\/09\/0041.jpg\" alt=\"004\" width=\"500\" height=\"700\" srcset=\"https:\/\/fiaf.net\/agoradicult\/wp-content\/uploads\/sites\/23\/2016\/09\/0041.jpg 500w, https:\/\/fiaf.net\/agoradicult\/wp-content\/uploads\/sites\/23\/2016\/09\/0041-214x300.jpg 214w\" sizes=\"auto, (max-width: 500px) 100vw, 500px\" \/><\/a><\/p>\n<ul>\n<li style=\"text-align: justify\">L\u2019ardua ricerca del S\u00e9 \u00e8 raccontata attraverso l\u2019uso del corpo nudo, vestito solo di segni e maschere; l\u2019esito non sempre \u00e8 libero dal compromesso ma la maturit\u00e0 sapr\u00e0 rendere tutto pi\u00f9 leggero e meno inquieto.<\/li>\n<\/ul>\n<p><a href=\"https:\/\/fiaf.net\/agoradicult\/wp-content\/uploads\/sites\/23\/2016\/09\/0051.jpg\"><img loading=\"lazy\" decoding=\"async\" class=\"aligncenter size-full wp-image-13949\" src=\"https:\/\/fiaf.net\/agoradicult\/wp-content\/uploads\/sites\/23\/2016\/09\/0051.jpg\" alt=\"005\" width=\"500\" height=\"700\" srcset=\"https:\/\/fiaf.net\/agoradicult\/wp-content\/uploads\/sites\/23\/2016\/09\/0051.jpg 500w, https:\/\/fiaf.net\/agoradicult\/wp-content\/uploads\/sites\/23\/2016\/09\/0051-214x300.jpg 214w\" sizes=\"auto, (max-width: 500px) 100vw, 500px\" \/><\/a><br \/>\n<a href=\"https:\/\/fiaf.net\/agoradicult\/wp-content\/uploads\/sites\/23\/2016\/09\/0061.jpg\"><img loading=\"lazy\" decoding=\"async\" class=\"aligncenter size-full wp-image-13950\" src=\"https:\/\/fiaf.net\/agoradicult\/wp-content\/uploads\/sites\/23\/2016\/09\/0061.jpg\" alt=\"006\" width=\"500\" height=\"700\" srcset=\"https:\/\/fiaf.net\/agoradicult\/wp-content\/uploads\/sites\/23\/2016\/09\/0061.jpg 500w, https:\/\/fiaf.net\/agoradicult\/wp-content\/uploads\/sites\/23\/2016\/09\/0061-214x300.jpg 214w\" sizes=\"auto, (max-width: 500px) 100vw, 500px\" \/><\/a><br \/>\n<a href=\"https:\/\/fiaf.net\/agoradicult\/wp-content\/uploads\/sites\/23\/2016\/09\/0071.jpg\"><img loading=\"lazy\" decoding=\"async\" class=\"aligncenter size-full wp-image-13951\" src=\"https:\/\/fiaf.net\/agoradicult\/wp-content\/uploads\/sites\/23\/2016\/09\/0071.jpg\" alt=\"007\" width=\"500\" height=\"357\" srcset=\"https:\/\/fiaf.net\/agoradicult\/wp-content\/uploads\/sites\/23\/2016\/09\/0071.jpg 500w, https:\/\/fiaf.net\/agoradicult\/wp-content\/uploads\/sites\/23\/2016\/09\/0071-300x214.jpg 300w\" sizes=\"auto, (max-width: 500px) 100vw, 500px\" \/><\/a><br \/>\n<a href=\"https:\/\/fiaf.net\/agoradicult\/wp-content\/uploads\/sites\/23\/2016\/09\/0081.jpg\"><img loading=\"lazy\" decoding=\"async\" class=\"aligncenter size-full wp-image-13952\" src=\"https:\/\/fiaf.net\/agoradicult\/wp-content\/uploads\/sites\/23\/2016\/09\/0081.jpg\" alt=\"008\" width=\"500\" height=\"357\" srcset=\"https:\/\/fiaf.net\/agoradicult\/wp-content\/uploads\/sites\/23\/2016\/09\/0081.jpg 500w, https:\/\/fiaf.net\/agoradicult\/wp-content\/uploads\/sites\/23\/2016\/09\/0081-300x214.jpg 300w\" sizes=\"auto, (max-width: 500px) 100vw, 500px\" \/><\/a><\/p>\n<ul>\n<li style=\"text-align: justify\">La maturit\u00e0, non solo anagrafica, costringe a guardarsi indietro, alla ricerca dei sogni riposti e delle aspettative mancate. Un trascendere di luci e forme che vogliono portare lo spettatore ad avere sensazione di ci\u00f2 che pu\u00f2 essere il senso di frustrazione causato dall\u2019impossibilit\u00e0 di cambiare le cose.<\/li>\n<\/ul>\n<p><a href=\"https:\/\/fiaf.net\/agoradicult\/wp-content\/uploads\/sites\/23\/2016\/09\/0091.jpg\"><img loading=\"lazy\" decoding=\"async\" class=\"aligncenter size-full wp-image-13953\" src=\"https:\/\/fiaf.net\/agoradicult\/wp-content\/uploads\/sites\/23\/2016\/09\/0091.jpg\" alt=\"009\" width=\"500\" height=\"357\" srcset=\"https:\/\/fiaf.net\/agoradicult\/wp-content\/uploads\/sites\/23\/2016\/09\/0091.jpg 500w, https:\/\/fiaf.net\/agoradicult\/wp-content\/uploads\/sites\/23\/2016\/09\/0091-300x214.jpg 300w\" sizes=\"auto, (max-width: 500px) 100vw, 500px\" \/><\/a><br \/>\n<a href=\"https:\/\/fiaf.net\/agoradicult\/wp-content\/uploads\/sites\/23\/2016\/09\/0101.jpg\"><img loading=\"lazy\" decoding=\"async\" class=\"aligncenter size-full wp-image-13954\" src=\"https:\/\/fiaf.net\/agoradicult\/wp-content\/uploads\/sites\/23\/2016\/09\/0101.jpg\" alt=\"010\" width=\"500\" height=\"357\" srcset=\"https:\/\/fiaf.net\/agoradicult\/wp-content\/uploads\/sites\/23\/2016\/09\/0101.jpg 500w, https:\/\/fiaf.net\/agoradicult\/wp-content\/uploads\/sites\/23\/2016\/09\/0101-300x214.jpg 300w\" sizes=\"auto, (max-width: 500px) 100vw, 500px\" \/><\/a><br \/>\n<a href=\"https:\/\/fiaf.net\/agoradicult\/wp-content\/uploads\/sites\/23\/2016\/09\/0111.jpg\"><img loading=\"lazy\" decoding=\"async\" class=\"aligncenter size-full wp-image-13955\" src=\"https:\/\/fiaf.net\/agoradicult\/wp-content\/uploads\/sites\/23\/2016\/09\/0111.jpg\" alt=\"011\" width=\"500\" height=\"357\" srcset=\"https:\/\/fiaf.net\/agoradicult\/wp-content\/uploads\/sites\/23\/2016\/09\/0111.jpg 500w, https:\/\/fiaf.net\/agoradicult\/wp-content\/uploads\/sites\/23\/2016\/09\/0111-300x214.jpg 300w\" sizes=\"auto, (max-width: 500px) 100vw, 500px\" \/><\/a><br \/>\n<a href=\"https:\/\/fiaf.net\/agoradicult\/wp-content\/uploads\/sites\/23\/2016\/09\/0121.jpg\"><img loading=\"lazy\" decoding=\"async\" class=\"aligncenter size-full wp-image-13956\" src=\"https:\/\/fiaf.net\/agoradicult\/wp-content\/uploads\/sites\/23\/2016\/09\/0121.jpg\" alt=\"012\" width=\"500\" height=\"657\" srcset=\"https:\/\/fiaf.net\/agoradicult\/wp-content\/uploads\/sites\/23\/2016\/09\/0121.jpg 500w, https:\/\/fiaf.net\/agoradicult\/wp-content\/uploads\/sites\/23\/2016\/09\/0121-228x300.jpg 228w\" sizes=\"auto, (max-width: 500px) 100vw, 500px\" \/><\/a><\/p>\n<ul>\n<li style=\"text-align: justify\">Il \u201ctempo\u201d trascorre, ci schiaccia con il suo peso insolubile; niente riesce ad evitare la sua sopraffazione. Non solo biologico, l\u2019orologio ci insegue, a ricordarci quanto rimane del nostro tragitto.<br \/>\nLa soluzione \u00e8 nel riuscire a trovare la forza per vincere questa continua tensione, fermarsi nell\u2019immobilit\u00e0 di un gesto impercettibile, allo scopo di comprendere.<\/li>\n<\/ul>\n<p><a href=\"https:\/\/fiaf.net\/agoradicult\/wp-content\/uploads\/sites\/23\/2016\/09\/0131.jpg\"><img loading=\"lazy\" decoding=\"async\" class=\"aligncenter size-full wp-image-13957\" src=\"https:\/\/fiaf.net\/agoradicult\/wp-content\/uploads\/sites\/23\/2016\/09\/0131.jpg\" alt=\"013\" width=\"500\" height=\"700\" srcset=\"https:\/\/fiaf.net\/agoradicult\/wp-content\/uploads\/sites\/23\/2016\/09\/0131.jpg 500w, https:\/\/fiaf.net\/agoradicult\/wp-content\/uploads\/sites\/23\/2016\/09\/0131-214x300.jpg 214w\" sizes=\"auto, (max-width: 500px) 100vw, 500px\" \/><\/a><br \/>\n<a href=\"https:\/\/fiaf.net\/agoradicult\/wp-content\/uploads\/sites\/23\/2016\/09\/0141.jpg\"><img loading=\"lazy\" decoding=\"async\" class=\"aligncenter size-full wp-image-13958\" src=\"https:\/\/fiaf.net\/agoradicult\/wp-content\/uploads\/sites\/23\/2016\/09\/0141.jpg\" alt=\"014\" width=\"500\" height=\"357\" srcset=\"https:\/\/fiaf.net\/agoradicult\/wp-content\/uploads\/sites\/23\/2016\/09\/0141.jpg 500w, https:\/\/fiaf.net\/agoradicult\/wp-content\/uploads\/sites\/23\/2016\/09\/0141-300x214.jpg 300w\" sizes=\"auto, (max-width: 500px) 100vw, 500px\" \/><\/a><br \/>\n<a href=\"https:\/\/fiaf.net\/agoradicult\/wp-content\/uploads\/sites\/23\/2016\/09\/0151.jpg\"><img loading=\"lazy\" decoding=\"async\" class=\"aligncenter size-full wp-image-13959\" src=\"https:\/\/fiaf.net\/agoradicult\/wp-content\/uploads\/sites\/23\/2016\/09\/0151.jpg\" alt=\"015\" width=\"500\" height=\"357\" srcset=\"https:\/\/fiaf.net\/agoradicult\/wp-content\/uploads\/sites\/23\/2016\/09\/0151.jpg 500w, https:\/\/fiaf.net\/agoradicult\/wp-content\/uploads\/sites\/23\/2016\/09\/0151-300x214.jpg 300w\" sizes=\"auto, (max-width: 500px) 100vw, 500px\" \/><\/a><br \/>\n<a href=\"https:\/\/fiaf.net\/agoradicult\/wp-content\/uploads\/sites\/23\/2016\/09\/0161.jpg\"><img loading=\"lazy\" decoding=\"async\" class=\"aligncenter size-full wp-image-13960\" src=\"https:\/\/fiaf.net\/agoradicult\/wp-content\/uploads\/sites\/23\/2016\/09\/0161.jpg\" alt=\"016\" width=\"500\" height=\"700\" srcset=\"https:\/\/fiaf.net\/agoradicult\/wp-content\/uploads\/sites\/23\/2016\/09\/0161.jpg 500w, https:\/\/fiaf.net\/agoradicult\/wp-content\/uploads\/sites\/23\/2016\/09\/0161-214x300.jpg 214w\" sizes=\"auto, (max-width: 500px) 100vw, 500px\" \/><\/a><\/p>\n<ul>\n<li style=\"text-align: justify\">Il buio spegne le nostre emozioni, portandosi via chi abbiamo desiderato e amato; troveremo comunque la forza per una rabbiosa reazione di riscatto, consapevoli della luce che, quieta, ancora pu\u00f2 splendere dentro di noi, oltre l\u2019oblio dei ricordi.<\/li>\n<\/ul>\n<p><a href=\"https:\/\/fiaf.net\/agoradicult\/wp-content\/uploads\/sites\/23\/2016\/09\/017.jpg\"><img loading=\"lazy\" decoding=\"async\" class=\"aligncenter size-full wp-image-13961\" src=\"https:\/\/fiaf.net\/agoradicult\/wp-content\/uploads\/sites\/23\/2016\/09\/017.jpg\" alt=\"017\" width=\"500\" height=\"700\" srcset=\"https:\/\/fiaf.net\/agoradicult\/wp-content\/uploads\/sites\/23\/2016\/09\/017.jpg 500w, https:\/\/fiaf.net\/agoradicult\/wp-content\/uploads\/sites\/23\/2016\/09\/017-214x300.jpg 214w\" sizes=\"auto, (max-width: 500px) 100vw, 500px\" \/><\/a><br \/>\n<a href=\"https:\/\/fiaf.net\/agoradicult\/wp-content\/uploads\/sites\/23\/2016\/09\/018.jpg\"><img loading=\"lazy\" decoding=\"async\" class=\"aligncenter size-full wp-image-13962\" src=\"https:\/\/fiaf.net\/agoradicult\/wp-content\/uploads\/sites\/23\/2016\/09\/018.jpg\" alt=\"018\" width=\"500\" height=\"700\" srcset=\"https:\/\/fiaf.net\/agoradicult\/wp-content\/uploads\/sites\/23\/2016\/09\/018.jpg 500w, https:\/\/fiaf.net\/agoradicult\/wp-content\/uploads\/sites\/23\/2016\/09\/018-214x300.jpg 214w\" sizes=\"auto, (max-width: 500px) 100vw, 500px\" \/><\/a><br \/>\n<a href=\"https:\/\/fiaf.net\/agoradicult\/wp-content\/uploads\/sites\/23\/2016\/09\/019.jpg\"><img loading=\"lazy\" decoding=\"async\" class=\"aligncenter size-full wp-image-13963\" src=\"https:\/\/fiaf.net\/agoradicult\/wp-content\/uploads\/sites\/23\/2016\/09\/019.jpg\" alt=\"019\" width=\"500\" height=\"700\" srcset=\"https:\/\/fiaf.net\/agoradicult\/wp-content\/uploads\/sites\/23\/2016\/09\/019.jpg 500w, https:\/\/fiaf.net\/agoradicult\/wp-content\/uploads\/sites\/23\/2016\/09\/019-214x300.jpg 214w\" sizes=\"auto, (max-width: 500px) 100vw, 500px\" \/><\/a><br \/>\n<a href=\"https:\/\/fiaf.net\/agoradicult\/wp-content\/uploads\/sites\/23\/2016\/09\/020.jpg\"><img loading=\"lazy\" decoding=\"async\" class=\"aligncenter size-full wp-image-13964\" src=\"https:\/\/fiaf.net\/agoradicult\/wp-content\/uploads\/sites\/23\/2016\/09\/020.jpg\" alt=\"020\" width=\"500\" height=\"357\" srcset=\"https:\/\/fiaf.net\/agoradicult\/wp-content\/uploads\/sites\/23\/2016\/09\/020.jpg 500w, https:\/\/fiaf.net\/agoradicult\/wp-content\/uploads\/sites\/23\/2016\/09\/020-300x214.jpg 300w\" sizes=\"auto, (max-width: 500px) 100vw, 500px\" \/><\/a><br \/>\n&nbsp;<br \/>\n<b>Conclusioni<\/b><\/p>\n<p style=\"text-align: justify\">Queste sono le personali storie raccontate attraverso l\u2019uso d\u2019immagini nate grazie allo stimolo emotivo venutosi a creare durante gli incontri di laboratorio che, come ho gi\u00e0 avuto modo di dire, prevedevano momenti di dialogo, condivisone e lettura delle immagini.<\/p>\n<p style=\"text-align: justify\">L\u2019attivit\u00e0 \u00e8 stata portata avanti con serenit\u00e0 e senza ostacoli, seppur con momenti di forte emozione, generata dall\u2019empatia e dal rispetto che tutte le partecipanti hanno dimostrato verso i sentimenti e il sentire di ognuna, senza mai cedere alla trappola del giudizio.<\/p>\n<p style=\"text-align: justify\">Contrariamente alla fotografia detta \u201cconsapevole\u201d, questo genere di laboratorio richiede la figura di un \u201cterapeuta\u201d che si pone come facilitatore del processo creativo e della narrazione, allo scopo di utilizzare il potere delle immagini per il raggiungimento dell\u2019obiettivo prefissato e la risoluzione dell\u2019eventuale problema psicologico.<\/p>\n<p style=\"text-align: justify\">Sento di dover dare questa precisazione per far capire che questo genere di attivit\u00e0, per chi desidera approcciarsi a uno strumento espressivo alternativo, ha il grande merito di ampliare le opportunit\u00e0 creative e \u201c<i>di far accedere a un ventaglio di risposte evocate da quello che\u00a0 si sta guardando e dal vissuto costruito e\/o ricostruito in questo atto (\u2026). Il lavoro terapeutico consiste nell\u2019interagire con questa costruzione o nel co-costruire insieme al paziente la narrazione di vita che prende forma nella relazione<\/i>\u201d(Oliviero Rossi 2009, 26).<\/p>\n<p style=\"text-align: justify\">L\u2019esito finale, nonostante l\u2019attivit\u00e0 sia stata svolta a pi\u00f9 mani, ha permesso una lettura delle immagini che segue comunque un percorso lineare, trasportando l\u2019osservatore attraverso un filo narrativo emozionale e molto coinvolgente.<\/p>\n<p style=\"text-align: justify\">Se la prima immagine induce al mistero, l\u2019ultima afferma una risoluzione emotivamente positiva, rivolta alla speranza e alla vita.<\/p>\n<p style=\"text-align: justify\">Una bellissima esperienza che ha avuto, come grande merito, quello di far comprendere la grande forza delle immagini, anche a persone totalmente digiune di cultura fotografica.<\/p>\n<p style=\"text-align: right\"><em>Grazie a: Silva Masini, Simona Guerra, Alice Jankovic, Carmela Pistidda, Daniela Spaggiari, Elide Menichetti.<\/em><\/p>\n<p>Isabella Tholosan<\/p>\n\n    <div class=\"xs_social_share_widget xs_share_url after_content \t\tmain_content  wslu-style-1 wslu-share-box-shaped wslu-fill-colored wslu-none wslu-share-horizontal wslu-theme-font-no wslu-main_content\">\n\n\t\t\n        <ul>\n\t\t\t        <\/ul>\n    <\/div> \n","protected":false},"excerpt":{"rendered":"<p>. &nbsp; &nbsp; &nbsp; &nbsp; &nbsp; &nbsp; &nbsp; &nbsp; &nbsp; \u00a0Addomesticare il Mostro &nbsp; Il Tema L\u2019opera fotografica che presento &hellip;<\/p>\n","protected":false},"author":51,"featured_media":13951,"comment_status":"open","ping_status":"open","sticky":false,"template":"","format":"standard","meta":{"_acf_changed":false,"footnotes":""},"categories":[16],"tags":[],"class_list":["post-13943","post","type-post","status-publish","format-standard","has-post-thumbnail","hentry","category-cronache"],"acf":[],"_links":{"self":[{"href":"https:\/\/fiaf.net\/agoradicult\/wp-json\/wp\/v2\/posts\/13943","targetHints":{"allow":["GET"]}}],"collection":[{"href":"https:\/\/fiaf.net\/agoradicult\/wp-json\/wp\/v2\/posts"}],"about":[{"href":"https:\/\/fiaf.net\/agoradicult\/wp-json\/wp\/v2\/types\/post"}],"author":[{"embeddable":true,"href":"https:\/\/fiaf.net\/agoradicult\/wp-json\/wp\/v2\/users\/51"}],"replies":[{"embeddable":true,"href":"https:\/\/fiaf.net\/agoradicult\/wp-json\/wp\/v2\/comments?post=13943"}],"version-history":[{"count":0,"href":"https:\/\/fiaf.net\/agoradicult\/wp-json\/wp\/v2\/posts\/13943\/revisions"}],"wp:featuredmedia":[{"embeddable":true,"href":"https:\/\/fiaf.net\/agoradicult\/wp-json\/wp\/v2\/media\/13951"}],"wp:attachment":[{"href":"https:\/\/fiaf.net\/agoradicult\/wp-json\/wp\/v2\/media?parent=13943"}],"wp:term":[{"taxonomy":"category","embeddable":true,"href":"https:\/\/fiaf.net\/agoradicult\/wp-json\/wp\/v2\/categories?post=13943"},{"taxonomy":"post_tag","embeddable":true,"href":"https:\/\/fiaf.net\/agoradicult\/wp-json\/wp\/v2\/tags?post=13943"}],"curies":[{"name":"wp","href":"https:\/\/api.w.org\/{rel}","templated":true}]}}