{"id":1399,"date":"2012-03-20T20:38:22","date_gmt":"2012-03-20T20:38:22","guid":{"rendered":"https:\/\/fiaf.net\/agoradicult\/?p=1399"},"modified":"2012-03-20T20:38:22","modified_gmt":"2012-03-20T20:38:22","slug":"bavcar-evgen-meta-visioni","status":"publish","type":"post","link":"https:\/\/fiaf.net\/agoradicult\/2012\/03\/20\/bavcar-evgen-meta-visioni\/","title":{"rendered":"Bav\u010dar Evgen: \u201cMeta-visioni\u201d"},"content":{"rendered":"<p style=\"text-align: center\"><strong>B<\/strong><strong>AV<\/strong><strong>\u010c<\/strong><strong>AR<\/strong><strong> EVGEN: \u201cMETA-VISIONI\u201d <\/strong><\/p>\n<p><strong>Letture ermeneutiche parte 4 <\/strong><\/p>\n<p style=\"text-align: justify\"><strong>Evgen Bav<\/strong><strong>\u010dar, <\/strong>\u00e8 nato a Locavec in Slovenia nel 1946, parla correttamente 5 lingue. Nelle sue immagini sono presenti riflessioni estetico-filosofiche, quelle stesse discipline in cui ha ottenuto una laurea e un dottorato. Fotografo e filosofo dunque. Fin qui niente di dissimile dalle biografie di altri fotografi in cui l\u2019immagine diventa visione personale grazie a sincretismi fecondi, se non fosse che Bav\u010dar \u00e8 non-vedente dall\u2019et\u00e0 di 12 anni.<em>\u00a0 <\/em>Ci\u00f2 ovviamente pone le sue \u201cvisioni\u201d in un ambito completamente dissimile dagli altri fotografi ed offre un indubbio spunto per ripensare radicalmente l\u2019immagine in rapporto alla fotografia.<\/p>\n<p style=\"text-align: justify\">Stupisce il fatto che abbia scelto proprio la fotografia cos\u00ec indissolubilmente legata all\u2019organo della vista, per descrivere il mondo. La domanda \u00e8 immediata:\u201dCome fa a fotografare?\u201d Risponde Bav\u010dar direttamente \u201c<em>Mi dovete chiedere non come ma perch\u00e9 fotografo. Scatto in rapporto ai rumori, ai profumi e soprattutto in relazione alla mia esperienza della luce. Poi scelgo le mie foto facendomi consigliare da amici, con lo sguardo libero da ossessioni personali.\u201d<\/em><\/p>\n<p><a href=\"https:\/\/fiaf.net\/agoradicult\/wp-content\/uploads\/sites\/23\/2012\/03\/04-Bavcar_01.jpg\"><img loading=\"lazy\" decoding=\"async\" class=\"aligncenter size-full wp-image-1400\" title=\"04 Bavcar_01\" src=\"https:\/\/fiaf.net\/agoradicult\/wp-content\/uploads\/sites\/23\/2012\/03\/04-Bavcar_01.jpg\" alt=\"\" width=\"580\" height=\"389\" srcset=\"https:\/\/fiaf.net\/agoradicult\/wp-content\/uploads\/sites\/23\/2012\/03\/04-Bavcar_01.jpg 580w, https:\/\/fiaf.net\/agoradicult\/wp-content\/uploads\/sites\/23\/2012\/03\/04-Bavcar_01-300x201.jpg 300w\" sizes=\"auto, (max-width: 580px) 100vw, 580px\" \/><\/a><br \/>\nVediamo di capire perch\u00e9 abbia deciso di fotografare, come intenda questo medium, cosa sia per lui\u00a0 la descrizione e la conseguente rappresentazione del mondo.<br \/>\nBav\u010dar ritiene che il passaggio logico che lega la visione all\u2019immagine sia formalmente errato in quanto assolutizza il concetto di visione facendone dominio del solo organo della vista. In realt\u00e0, sostiene, esiste una vista interiore o \u201cterzo occhio\u201d con cui si pu\u00f2 dar vita ad immagini proiettandole nel mondo tramite l\u2019ausilio della macchina. L\u2019atto del \u201cvedere\u201d e di conseguenza le immagini,\u00a0 conservano tutta la pregnanza del termine latino \u201cvideor\u201d che significa anche \u201cvedere con l\u2019animo e con la mente\u201d, \u201cpercepire con i sensi\u201d.<\/p>\n<p style=\"text-align: justify\"><a href=\"https:\/\/fiaf.net\/agoradicult\/wp-content\/uploads\/sites\/23\/2012\/03\/04-Bavcar_02.jpg\"><img loading=\"lazy\" decoding=\"async\" class=\"aligncenter size-full wp-image-1401\" title=\"04 Bavcar_02\" src=\"https:\/\/fiaf.net\/agoradicult\/wp-content\/uploads\/sites\/23\/2012\/03\/04-Bavcar_02.jpg\" alt=\"\" width=\"580\" height=\"435\" srcset=\"https:\/\/fiaf.net\/agoradicult\/wp-content\/uploads\/sites\/23\/2012\/03\/04-Bavcar_02.jpg 580w, https:\/\/fiaf.net\/agoradicult\/wp-content\/uploads\/sites\/23\/2012\/03\/04-Bavcar_02-300x225.jpg 300w\" sizes=\"auto, (max-width: 580px) 100vw, 580px\" \/><\/a><\/p>\n<p style=\"text-align: justify\">Bav\u010dar sostiene che la cecit\u00e0 gli ha regalato maggior consapevolezza, un rapporto pi\u00f9 profondo con i soggetti che fotografa e quell\u2019archivio della memoria che si porta dietro dai suoi 12 anni \u00e8 diventato fonte di inesauribili meditazioni che esprime incidendo e scrivendo sulle fotografie, tracciando segni magici, servendosi dell\u2019ausilio di torce e inserendo oggetti sulla scena; fotografia che diventa racconto, pittura, performance.<\/p>\n<p style=\"text-align: justify\"><a href=\"https:\/\/fiaf.net\/agoradicult\/wp-content\/uploads\/sites\/23\/2012\/03\/04-Bavcar_03.jpg\"><img loading=\"lazy\" decoding=\"async\" class=\"aligncenter size-full wp-image-1403\" title=\"04 Bavcar_03\" src=\"https:\/\/fiaf.net\/agoradicult\/wp-content\/uploads\/sites\/23\/2012\/03\/04-Bavcar_03.jpg\" alt=\"\" width=\"580\" height=\"383\" srcset=\"https:\/\/fiaf.net\/agoradicult\/wp-content\/uploads\/sites\/23\/2012\/03\/04-Bavcar_03.jpg 580w, https:\/\/fiaf.net\/agoradicult\/wp-content\/uploads\/sites\/23\/2012\/03\/04-Bavcar_03-300x198.jpg 300w\" sizes=\"auto, (max-width: 580px) 100vw, 580px\" \/><\/a><\/p>\n<p style=\"text-align: justify\">E quali sono le immagini che Bav\u010dar ci regala? Immagini interiori, ricordi, la luce che un tempo ha visto, non vede pi\u00f9 ma che non ha mai dimenticato trasformandosi in luce meta-fisica, fotografa un mondo che ha conosciuto e che adesso \u00e8 relegato nel buio assoluto. \u201c<em>Fotografo perch\u00e9 la fotografia \u00e8 nata con l\u2019invenzione della camera oscura e quindi del buio meccanico (\u2026) e noi ciechi viviamo nel buio, una camera oscura esistenziale che \u00e8 tutto il mondo<\/em>\u201d.<\/p>\n<p style=\"text-align: justify\">Bav\u010dar ricorda, \u201csente\u201d, percepisce come un radar, rielabora dentro di se\u2019- camera oscura vivente &#8211; e trasforma le \u201cidee\u201d intese alla maniera platonica come \u201cdisegni della mente\u201d in immagini affinch\u00e8 gli altri possano \u201cvederle con la vista\u201d e restituirgliele tramite la descrizione.<\/p>\n<p style=\"text-align: justify\">Diversa anche l\u2019interazione tra fotografo e fruitore finale: chi guarda le sue fotografie spesso \u00e8 chiamato a descrivergliele, descrizioni che generano nuove sensazioni e dunque ulteriori rielaborazioni che produrranno ancora immagini.<\/p>\n<p style=\"text-align: justify\">Meta-visione, meta-comunicazione: \u00a0la comprensione del lavoro di Bav\u010dar inizia laddove accettiamo la sfida di voler scardinare i paradigmi abitualmente considerati come unici e possibili in ambito visivo. \u201cMeta\u201d come prefisso che indica \u201csuperamento\u201d, un richiamo a qualcosa che va oltre l\u2019immediatamente conoscibile e ancora, \u201cmeta\u201d come prefisso che indica \u201cattraversamento\u201d e \u201cmezzo\u201d per conoscere.\u00a0 Ricchezza dei termini greci che accorre in ausilio di nuove visioni.<\/p>\n<p style=\"text-align: justify\">Bav\u010dar \u00e8 un fotografo da \u201cvedere\u201d e ascoltare: numerose sono le interviste registrate nelle quali ci prende per mano accompagnandoci nei suoi due mondi, il visibile e l\u2019invisibile. E\u2019 difficile comprendere se non proviamo almeno per una volta a chiudere gli occhi per vedere diversamente; \u201cRicordatevi la favola del Re Nudo\u201d dice Bav\u010dar \u201c tutti vedevano ma nessuno vedeva veramente\u201d, tranne un bambino, aggiungiamo noi, quel bambino libero da schemi e pregiudizi che Bav\u010dar ci invita a non dimenticare<\/p>\n<p style=\"text-align: justify\"><a href=\"https:\/\/fiaf.net\/agoradicult\/wp-content\/uploads\/sites\/23\/2012\/03\/04-Bavcar_04.jpg\"><img loading=\"lazy\" decoding=\"async\" class=\"aligncenter size-full wp-image-1402\" title=\"04 Bavcar_04\" src=\"https:\/\/fiaf.net\/agoradicult\/wp-content\/uploads\/sites\/23\/2012\/03\/04-Bavcar_04.jpg\" alt=\"\" width=\"580\" height=\"412\" srcset=\"https:\/\/fiaf.net\/agoradicult\/wp-content\/uploads\/sites\/23\/2012\/03\/04-Bavcar_04.jpg 580w, https:\/\/fiaf.net\/agoradicult\/wp-content\/uploads\/sites\/23\/2012\/03\/04-Bavcar_04-300x213.jpg 300w\" sizes=\"auto, (max-width: 580px) 100vw, 580px\" \/><\/a><\/p>\n<p><strong>Alessia Lombardi<\/strong><br \/>\nFirenze, 16 marzo 2012<br \/>\n______________________________________________<\/p>\n<pre>[1] Il libro di riferimento \u00e8 Evgen Bavcar. Nostalgia della luce. Edizioni Motta.\n<span style=\"color: #ffffff\">.<\/span><\/pre>\n\n    <div class=\"xs_social_share_widget xs_share_url after_content \t\tmain_content  wslu-style-1 wslu-share-box-shaped wslu-fill-colored wslu-none wslu-share-horizontal wslu-theme-font-no wslu-main_content\">\n\n\t\t\n        <ul>\n\t\t\t        <\/ul>\n    <\/div> \n","protected":false},"excerpt":{"rendered":"<p>BAV\u010cAR EVGEN: \u201cMETA-VISIONI\u201d Letture ermeneutiche parte 4 Evgen Bav\u010dar, \u00e8 nato a Locavec in Slovenia nel 1946, parla correttamente 5 &hellip;<\/p>\n","protected":false},"author":15,"featured_media":1400,"comment_status":"open","ping_status":"open","sticky":false,"template":"","format":"standard","meta":{"_acf_changed":false,"footnotes":""},"categories":[7,8],"tags":[],"class_list":["post-1399","post","type-post","status-publish","format-standard","has-post-thumbnail","hentry","category-archivio","category-biblioteca-autori"],"acf":[],"_links":{"self":[{"href":"https:\/\/fiaf.net\/agoradicult\/wp-json\/wp\/v2\/posts\/1399","targetHints":{"allow":["GET"]}}],"collection":[{"href":"https:\/\/fiaf.net\/agoradicult\/wp-json\/wp\/v2\/posts"}],"about":[{"href":"https:\/\/fiaf.net\/agoradicult\/wp-json\/wp\/v2\/types\/post"}],"author":[{"embeddable":true,"href":"https:\/\/fiaf.net\/agoradicult\/wp-json\/wp\/v2\/users\/15"}],"replies":[{"embeddable":true,"href":"https:\/\/fiaf.net\/agoradicult\/wp-json\/wp\/v2\/comments?post=1399"}],"version-history":[{"count":0,"href":"https:\/\/fiaf.net\/agoradicult\/wp-json\/wp\/v2\/posts\/1399\/revisions"}],"wp:featuredmedia":[{"embeddable":true,"href":"https:\/\/fiaf.net\/agoradicult\/wp-json\/wp\/v2\/media\/1400"}],"wp:attachment":[{"href":"https:\/\/fiaf.net\/agoradicult\/wp-json\/wp\/v2\/media?parent=1399"}],"wp:term":[{"taxonomy":"category","embeddable":true,"href":"https:\/\/fiaf.net\/agoradicult\/wp-json\/wp\/v2\/categories?post=1399"},{"taxonomy":"post_tag","embeddable":true,"href":"https:\/\/fiaf.net\/agoradicult\/wp-json\/wp\/v2\/tags?post=1399"}],"curies":[{"name":"wp","href":"https:\/\/api.w.org\/{rel}","templated":true}]}}