{"id":14709,"date":"2017-01-08T16:00:23","date_gmt":"2017-01-08T14:00:23","guid":{"rendered":"https:\/\/fiaf.net\/agoradicult\/?p=14709"},"modified":"2017-01-08T16:00:23","modified_gmt":"2017-01-08T14:00:23","slug":"6-alba-di-agora-di-cult","status":"publish","type":"post","link":"https:\/\/fiaf.net\/agoradicult\/2017\/01\/08\/6-alba-di-agora-di-cult\/","title":{"rendered":"6\u00b0 Alba di Agor\u00e0 Di Cult"},"content":{"rendered":"<p>&nbsp;<br \/>\n.<br \/>\n&nbsp;<br \/>\n&nbsp;<br \/>\n.<br \/>\n&nbsp;<br \/>\n&nbsp;<br \/>\n.<br \/>\n<figure id=\"attachment_14725\" aria-describedby=\"caption-attachment-14725\" style=\"width: 580px\" class=\"wp-caption aligncenter\"><a href=\"https:\/\/fiaf.net\/agoradicult\/wp-content\/uploads\/sites\/23\/2017\/01\/Omero-Rossi_Alba-a-Medjugoriex.jpg\"><img loading=\"lazy\" decoding=\"async\" class=\"size-full wp-image-14725\" src=\"https:\/\/fiaf.net\/agoradicult\/wp-content\/uploads\/sites\/23\/2017\/01\/Omero-Rossi_Alba-a-Medjugoriex.jpg\" alt=\"Omero Rossi, Medjugoriex\" width=\"580\" height=\"388\" srcset=\"https:\/\/fiaf.net\/agoradicult\/wp-content\/uploads\/sites\/23\/2017\/01\/Omero-Rossi_Alba-a-Medjugoriex.jpg 580w, https:\/\/fiaf.net\/agoradicult\/wp-content\/uploads\/sites\/23\/2017\/01\/Omero-Rossi_Alba-a-Medjugoriex-300x201.jpg 300w\" sizes=\"auto, (max-width: 580px) 100vw, 580px\" \/><\/a><figcaption id=\"caption-attachment-14725\" class=\"wp-caption-text\">Omero Rossi, Medjugoriex<\/figcaption><\/figure>\n&nbsp;<br \/>\n&nbsp;<\/p>\n<h2 style=\"text-align: center\"><strong>6\u00b0 Alba di Agor\u00e0 Di Cult<\/strong><\/h2>\n<p>&nbsp;<br \/>\nE\u2019 tradizione che all\u2019avvio annuale dell\u2019attivit\u00e0 di Agor\u00e0 Di Cult sia pubblicata una serie aperta di fotografie con tema \u201cL\u2019Alba\u201d. Per noi non \u00e8 solo un modo di manifestare la nostra interpretazione collettiva del tema ma anche l&#8217;occasione per condividere i messaggi molto intimi che abbiamo scritto nelle nostre immagini.<br \/>\nEssendo una pubblicazione nazionale ogni autore si \u00e8 sentito posto nella massima evidenza e pertanto ha scelto l&#8217;immagine che pi\u00f9 lo rappresenta oggi. Se guardate la sequenza dell&#8217;anno scorso potrete notare che, nella vita di ognuno, ogni anno presenta le sue nuove istanze.<br \/>\nLeggendo le nostre interpretazioni di questo tema, suggestivo e fortemente metaforico, noterete la misura della libert\u00e0 espressiva che abbiamo instaurato nel Di Cult FIAF: troverete l&#8217;Alba come paesaggio, come momento esistenziale e come metafora di una condizione interiore (con immagini fuori orario).<br \/>\nCome per il Natale, se qualcuno desiderasse unirsi a noi con la \u201cpropria Alba\u201d lo pu\u00f2 fare seguendo le istruzioni seguenti:<br \/>\n<a href=\"https:\/\/fiaf.net\/agoradicult\/wp-content\/uploads\/sites\/23\/2017\/01\/Indirizzo-Email.pdf\">indirizzo-email<\/a>\u00a0(pdf scaricabile)<a href=\"https:\/\/fiaf.net\/agoradicult\/wp-content\/uploads\/sites\/23\/2017\/01\/Bardelli-Massimo_aeroporto_Falconara_-M.ma-Ripartenza.jpg\"><br \/>\n<\/a><br \/>\nOgni anno che inizia \u00e8, per ognuno di noi, una nuova preziosa opportunit\u00e0 per riprendere, dopo la pausa natalizia, il percorso del Di Cult FIAF, a livello locale e nazionale, per incedere nella realizzazione dei progetti in atto.<br \/>\nIl Dipartimento Cultura FIAF, nel tempo, ha dimostrato di essere anche uno spazio relazionale aperto, nel quale trovare compagni di strada. Questo si nota in particolare dal clima di piacevole incontro che si respira nei festival che si avvalgono del nostro affiancamento.<br \/>\nNoi comunichiamo i nostri moti interiori con la fotografia, seguendo il percorso arduo che dalla condizione individuale porta ad animare la vita collettiva. Infatti se il fotografo cerca profondit\u00e0 di senso con la propria solitaria espressione soggettiva \u00e8 poi con la pubblicazione delle sue immagini che si d\u00e0 vita al fenomeno culturale collettivo.<br \/>\nIl 2017 si presenta denso di innovative attivit\u00e0; in particolare l\u2019avvio su ampia scala dei Laboratori tematici Di Cult, sul tema dell\u2019anno \u201cCapolinea\u201d che abbiamo qui gi\u00e0 presentato.<br \/>\nQuesto \u00e8 anche l\u2019anno dell\u2019assegnazione delle prime Figure Operative FIAF che per ragioni pratiche verranno consegnate sia nel Congresso Nazionale che nelle attivit\u00e0 locali.<br \/>\nCondividiamo i risultati di Agor\u00e0 Di Cult raggiunti in 5 anni di attivit\u00e0: Post pubblicati 787, commenti 4.005. Come in ogni attivit\u00e0 della FIAF, anche tutto ci\u00f2 che facciamo su\u00a0Agor\u00e0 Di Cult \u00e8 frutto di un prezioso lavoro di Volontariato Cultuale e dell\u2019appassionata generosit\u00e0, dei fotografi, nel condividere le proprie opere e conoscenze.<br \/>\n<strong>Tenete conto di queste importanti motivazioni nel rinnovare la vostra tessera e invitare i vostri amici a tesserarsi alla FIAF! <\/strong><br \/>\n<strong>Il 2017 \u00e8 anno elettivo al 69\u00b0 Congresso di Sestri Levante ad Aprile, per questa ragione si raccomanda il tesserarsi alla FIAF entro Gennaio.<\/strong><br \/>\n&nbsp;<br \/>\n<strong>Comunicazioni.<\/strong><br \/>\nStiamo elaborando il calendario delle attivit\u00e0 del Dipartimento Cultura per il 2016 che pubblicheremo a breve nell\u2019 <strong>Agenda Di Cult 2017. <\/strong>Data la forte intensit\u00e0 delle attivit\u00e0 fotografiche l\u2019Agenda \u00e8 il comune riferimento per organizzare gli eventi in cui \u00e8 parte attiva il <strong>Dipartimento Cultura FIAF.<\/strong><br \/>\n<strong>Invito tutti gli iscritti ad Agor\u00e0 Di Cult a segnalarmi le attivit\u00e0 (locali o nazionali) nelle quali daranno il loro contributo, <\/strong>in modo da dare loro la giusta visibilit\u00e0.<br \/>\nAugurandovi buon lavoro, attendiamo i vostri progetti!<br \/>\n&nbsp;<br \/>\nSilvano Bicocchi<br \/>\nDirettore del <strong>Dipartimento Cultura FIAF<\/strong><\/p>\n<h2 style=\"text-align: center\"><a href=\"https:\/\/fiaf.net\/agoradicult\/wp-content\/uploads\/sites\/23\/2017\/01\/Benassi-Monica_NIZZA-1.jpg\"><br \/>\n<\/a> <a href=\"https:\/\/fiaf.net\/agoradicult\/wp-content\/uploads\/sites\/23\/2017\/01\/Daniele-Cinciripini_SAM4948.jpg\"><br \/>\n<\/a>Le nostre fotografie<\/h2>\n<p>&nbsp;<br \/>\n<figure id=\"attachment_14729\" aria-describedby=\"caption-attachment-14729\" style=\"width: 580px\" class=\"wp-caption aligncenter\"><a href=\"https:\/\/fiaf.net\/agoradicult\/wp-content\/uploads\/sites\/23\/2017\/01\/silvia-tampucci-livorno-alba-.jpg\"><img loading=\"lazy\" decoding=\"async\" class=\"size-full wp-image-14729\" src=\"https:\/\/fiaf.net\/agoradicult\/wp-content\/uploads\/sites\/23\/2017\/01\/silvia-tampucci-livorno-alba-.jpg\" alt=\"Silvia Tampucci, Livorno\" width=\"580\" height=\"580\" srcset=\"https:\/\/fiaf.net\/agoradicult\/wp-content\/uploads\/sites\/23\/2017\/01\/silvia-tampucci-livorno-alba-.jpg 580w, https:\/\/fiaf.net\/agoradicult\/wp-content\/uploads\/sites\/23\/2017\/01\/silvia-tampucci-livorno-alba--300x300.jpg 300w, https:\/\/fiaf.net\/agoradicult\/wp-content\/uploads\/sites\/23\/2017\/01\/silvia-tampucci-livorno-alba--150x150.jpg 150w\" sizes=\"auto, (max-width: 580px) 100vw, 580px\" \/><\/a><figcaption id=\"caption-attachment-14729\" class=\"wp-caption-text\">Silvia Tampucci, Livorno<\/figcaption><\/figure>\n<figure id=\"attachment_14730\" aria-describedby=\"caption-attachment-14730\" style=\"width: 580px\" class=\"wp-caption aligncenter\"><a href=\"https:\/\/fiaf.net\/agoradicult\/wp-content\/uploads\/sites\/23\/2017\/01\/Teofilo-Celani_LAlba_-Camerata-Picena.jpg\"><img loading=\"lazy\" decoding=\"async\" class=\"size-full wp-image-14730\" src=\"https:\/\/fiaf.net\/agoradicult\/wp-content\/uploads\/sites\/23\/2017\/01\/Teofilo-Celani_LAlba_-Camerata-Picena.jpg\" alt=\"Teofilo Celani, Camerata Picena\" width=\"580\" height=\"870\" srcset=\"https:\/\/fiaf.net\/agoradicult\/wp-content\/uploads\/sites\/23\/2017\/01\/Teofilo-Celani_LAlba_-Camerata-Picena.jpg 580w, https:\/\/fiaf.net\/agoradicult\/wp-content\/uploads\/sites\/23\/2017\/01\/Teofilo-Celani_LAlba_-Camerata-Picena-200x300.jpg 200w\" sizes=\"auto, (max-width: 580px) 100vw, 580px\" \/><\/a><figcaption id=\"caption-attachment-14730\" class=\"wp-caption-text\">Teofilo Celani, Camerata Picena<\/figcaption><\/figure>\n<figure id=\"attachment_14742\" aria-describedby=\"caption-attachment-14742\" style=\"width: 580px\" class=\"wp-caption aligncenter\"><a href=\"https:\/\/fiaf.net\/agoradicult\/wp-content\/uploads\/sites\/23\/2017\/01\/Gigi-Montali_-chicago83.jpg\"><img loading=\"lazy\" decoding=\"async\" class=\"size-full wp-image-14742\" src=\"https:\/\/fiaf.net\/agoradicult\/wp-content\/uploads\/sites\/23\/2017\/01\/Gigi-Montali_-chicago83.jpg\" alt=\"Gigi Montali, Chicago\" width=\"580\" height=\"387\" srcset=\"https:\/\/fiaf.net\/agoradicult\/wp-content\/uploads\/sites\/23\/2017\/01\/Gigi-Montali_-chicago83.jpg 580w, https:\/\/fiaf.net\/agoradicult\/wp-content\/uploads\/sites\/23\/2017\/01\/Gigi-Montali_-chicago83-300x200.jpg 300w\" sizes=\"auto, (max-width: 580px) 100vw, 580px\" \/><\/a><figcaption id=\"caption-attachment-14742\" class=\"wp-caption-text\">Gigi Montali, Chicago<\/figcaption><\/figure>\n<figure id=\"attachment_14714\" aria-describedby=\"caption-attachment-14714\" style=\"width: 580px\" class=\"wp-caption aligncenter\"><a href=\"https:\/\/fiaf.net\/agoradicult\/wp-content\/uploads\/sites\/23\/2017\/01\/Benassi-Monica_NIZZA-1.jpg\"><img loading=\"lazy\" decoding=\"async\" class=\"size-full wp-image-14714\" src=\"https:\/\/fiaf.net\/agoradicult\/wp-content\/uploads\/sites\/23\/2017\/01\/Benassi-Monica_NIZZA-1.jpg\" alt=\"Monica Benassi, Nizza\" width=\"580\" height=\"386\" srcset=\"https:\/\/fiaf.net\/agoradicult\/wp-content\/uploads\/sites\/23\/2017\/01\/Benassi-Monica_NIZZA-1.jpg 580w, https:\/\/fiaf.net\/agoradicult\/wp-content\/uploads\/sites\/23\/2017\/01\/Benassi-Monica_NIZZA-1-300x200.jpg 300w\" sizes=\"auto, (max-width: 580px) 100vw, 580px\" \/><\/a><figcaption id=\"caption-attachment-14714\" class=\"wp-caption-text\">Monica Benassi, Nizza<\/figcaption><\/figure>\n<figure id=\"attachment_14775\" aria-describedby=\"caption-attachment-14775\" style=\"width: 580px\" class=\"wp-caption aligncenter\"><a href=\"https:\/\/fiaf.net\/agoradicult\/wp-content\/uploads\/sites\/23\/2017\/01\/Isabella-Tholozan-505464417.1665671.jpg\"><img loading=\"lazy\" decoding=\"async\" class=\"size-full wp-image-14775\" src=\"https:\/\/fiaf.net\/agoradicult\/wp-content\/uploads\/sites\/23\/2017\/01\/Isabella-Tholozan-505464417.1665671.jpg\" alt=\"Isabella Tholozan, Sestri Levante\" width=\"580\" height=\"580\" srcset=\"https:\/\/fiaf.net\/agoradicult\/wp-content\/uploads\/sites\/23\/2017\/01\/Isabella-Tholozan-505464417.1665671.jpg 580w, https:\/\/fiaf.net\/agoradicult\/wp-content\/uploads\/sites\/23\/2017\/01\/Isabella-Tholozan-505464417.1665671-300x300.jpg 300w, https:\/\/fiaf.net\/agoradicult\/wp-content\/uploads\/sites\/23\/2017\/01\/Isabella-Tholozan-505464417.1665671-150x150.jpg 150w\" sizes=\"auto, (max-width: 580px) 100vw, 580px\" \/><\/a><figcaption id=\"caption-attachment-14775\" class=\"wp-caption-text\">Isabella Tholozan, Sestri Levante<\/figcaption><\/figure>\n<figure id=\"attachment_14772\" aria-describedby=\"caption-attachment-14772\" style=\"width: 580px\" class=\"wp-caption aligncenter\"><a href=\"https:\/\/fiaf.net\/agoradicult\/wp-content\/uploads\/sites\/23\/2017\/01\/BarbaraArmaniAlbaAgora_20171.jpg\"><img loading=\"lazy\" decoding=\"async\" class=\"size-full wp-image-14772\" src=\"https:\/\/fiaf.net\/agoradicult\/wp-content\/uploads\/sites\/23\/2017\/01\/BarbaraArmaniAlbaAgora_20171.jpg\" alt=\"Barbara Armani, Sestri Levante \" width=\"580\" height=\"580\" srcset=\"https:\/\/fiaf.net\/agoradicult\/wp-content\/uploads\/sites\/23\/2017\/01\/BarbaraArmaniAlbaAgora_20171.jpg 580w, https:\/\/fiaf.net\/agoradicult\/wp-content\/uploads\/sites\/23\/2017\/01\/BarbaraArmaniAlbaAgora_20171-300x300.jpg 300w, https:\/\/fiaf.net\/agoradicult\/wp-content\/uploads\/sites\/23\/2017\/01\/BarbaraArmaniAlbaAgora_20171-150x150.jpg 150w\" sizes=\"auto, (max-width: 580px) 100vw, 580px\" \/><\/a><figcaption id=\"caption-attachment-14772\" class=\"wp-caption-text\">Barbara Armani, Sestri Levante<\/figcaption><\/figure>\n<figure id=\"attachment_14723\" aria-describedby=\"caption-attachment-14723\" style=\"width: 580px\" class=\"wp-caption aligncenter\"><a href=\"https:\/\/fiaf.net\/agoradicult\/wp-content\/uploads\/sites\/23\/2017\/01\/maurizio-tieghi_alba-2017.jpg\"><img loading=\"lazy\" decoding=\"async\" class=\"wp-image-14723 size-full\" src=\"https:\/\/fiaf.net\/agoradicult\/wp-content\/uploads\/sites\/23\/2017\/01\/maurizio-tieghi_alba-2017.jpg\" alt=\"Maurizio Tieghi, Ferrara\" width=\"580\" height=\"372\" srcset=\"https:\/\/fiaf.net\/agoradicult\/wp-content\/uploads\/sites\/23\/2017\/01\/maurizio-tieghi_alba-2017.jpg 580w, https:\/\/fiaf.net\/agoradicult\/wp-content\/uploads\/sites\/23\/2017\/01\/maurizio-tieghi_alba-2017-300x192.jpg 300w\" sizes=\"auto, (max-width: 580px) 100vw, 580px\" \/><\/a><figcaption id=\"caption-attachment-14723\" class=\"wp-caption-text\">Maurizio Tieghi, Ferrara<\/figcaption><\/figure>\n<figure id=\"attachment_14728\" aria-describedby=\"caption-attachment-14728\" style=\"width: 580px\" class=\"wp-caption aligncenter\"><a href=\"https:\/\/fiaf.net\/agoradicult\/wp-content\/uploads\/sites\/23\/2017\/01\/Pascutti-Massimo_088-2.jpg\"><img loading=\"lazy\" decoding=\"async\" class=\"size-full wp-image-14728\" src=\"https:\/\/fiaf.net\/agoradicult\/wp-content\/uploads\/sites\/23\/2017\/01\/Pascutti-Massimo_088-2.jpg\" alt=\"Massimo Pascutti, Aquileia\" width=\"580\" height=\"388\" srcset=\"https:\/\/fiaf.net\/agoradicult\/wp-content\/uploads\/sites\/23\/2017\/01\/Pascutti-Massimo_088-2.jpg 580w, https:\/\/fiaf.net\/agoradicult\/wp-content\/uploads\/sites\/23\/2017\/01\/Pascutti-Massimo_088-2-300x201.jpg 300w\" sizes=\"auto, (max-width: 580px) 100vw, 580px\" \/><\/a><figcaption id=\"caption-attachment-14728\" class=\"wp-caption-text\">Massimo Pascutti, Aquileia<\/figcaption><\/figure>\n<figure id=\"attachment_14727\" aria-describedby=\"caption-attachment-14727\" style=\"width: 580px\" class=\"wp-caption aligncenter\"><a href=\"https:\/\/fiaf.net\/agoradicult\/wp-content\/uploads\/sites\/23\/2017\/01\/PaoloMangoni_Luce-del-mattino.-Gussola.-.jpg\"><img loading=\"lazy\" decoding=\"async\" class=\"size-full wp-image-14727\" src=\"https:\/\/fiaf.net\/agoradicult\/wp-content\/uploads\/sites\/23\/2017\/01\/PaoloMangoni_Luce-del-mattino.-Gussola.-.jpg\" alt=\"Paolo Mangoni, Gussola\" width=\"580\" height=\"387\" srcset=\"https:\/\/fiaf.net\/agoradicult\/wp-content\/uploads\/sites\/23\/2017\/01\/PaoloMangoni_Luce-del-mattino.-Gussola.-.jpg 580w, https:\/\/fiaf.net\/agoradicult\/wp-content\/uploads\/sites\/23\/2017\/01\/PaoloMangoni_Luce-del-mattino.-Gussola.--300x200.jpg 300w\" sizes=\"auto, (max-width: 580px) 100vw, 580px\" \/><\/a><figcaption id=\"caption-attachment-14727\" class=\"wp-caption-text\">Paolo Mangoni, Gussola<\/figcaption><\/figure>\n<figure id=\"attachment_14712\" aria-describedby=\"caption-attachment-14712\" style=\"width: 580px\" class=\"wp-caption aligncenter\"><a href=\"https:\/\/fiaf.net\/agoradicult\/wp-content\/uploads\/sites\/23\/2017\/01\/Annalisa-Fossi_Piombino.jpg\"><img loading=\"lazy\" decoding=\"async\" class=\"size-full wp-image-14712\" src=\"https:\/\/fiaf.net\/agoradicult\/wp-content\/uploads\/sites\/23\/2017\/01\/Annalisa-Fossi_Piombino.jpg\" alt=\"Annalisa Fossi, Piombino\" width=\"580\" height=\"387\" srcset=\"https:\/\/fiaf.net\/agoradicult\/wp-content\/uploads\/sites\/23\/2017\/01\/Annalisa-Fossi_Piombino.jpg 580w, https:\/\/fiaf.net\/agoradicult\/wp-content\/uploads\/sites\/23\/2017\/01\/Annalisa-Fossi_Piombino-300x200.jpg 300w\" sizes=\"auto, (max-width: 580px) 100vw, 580px\" \/><\/a><figcaption id=\"caption-attachment-14712\" class=\"wp-caption-text\">Annalisa Fossi, Piombino<\/figcaption><\/figure>\n<figure id=\"attachment_14740\" aria-describedby=\"caption-attachment-14740\" style=\"width: 580px\" class=\"wp-caption aligncenter\"><a href=\"https:\/\/fiaf.net\/agoradicult\/wp-content\/uploads\/sites\/23\/2017\/01\/Bracci-Lorenzo.jpg\"><img loading=\"lazy\" decoding=\"async\" class=\"size-full wp-image-14740\" src=\"https:\/\/fiaf.net\/agoradicult\/wp-content\/uploads\/sites\/23\/2017\/01\/Bracci-Lorenzo.jpg\" alt=\"Bracci Lorenzo, Boretto\" width=\"580\" height=\"384\" srcset=\"https:\/\/fiaf.net\/agoradicult\/wp-content\/uploads\/sites\/23\/2017\/01\/Bracci-Lorenzo.jpg 580w, https:\/\/fiaf.net\/agoradicult\/wp-content\/uploads\/sites\/23\/2017\/01\/Bracci-Lorenzo-300x199.jpg 300w\" sizes=\"auto, (max-width: 580px) 100vw, 580px\" \/><\/a><figcaption id=\"caption-attachment-14740\" class=\"wp-caption-text\">Bracci Lorenzo, Boretto<\/figcaption><\/figure>\n<figure id=\"attachment_14743\" aria-describedby=\"caption-attachment-14743\" style=\"width: 580px\" class=\"wp-caption aligncenter\"><a href=\"https:\/\/fiaf.net\/agoradicult\/wp-content\/uploads\/sites\/23\/2017\/01\/Giorgio-Paparella-alba-sul-golfo.jpg\"><img loading=\"lazy\" decoding=\"async\" class=\"size-full wp-image-14743\" src=\"https:\/\/fiaf.net\/agoradicult\/wp-content\/uploads\/sites\/23\/2017\/01\/Giorgio-Paparella-alba-sul-golfo.jpg\" alt=\"Giorgio Paparella, Savona\" width=\"580\" height=\"344\" srcset=\"https:\/\/fiaf.net\/agoradicult\/wp-content\/uploads\/sites\/23\/2017\/01\/Giorgio-Paparella-alba-sul-golfo.jpg 580w, https:\/\/fiaf.net\/agoradicult\/wp-content\/uploads\/sites\/23\/2017\/01\/Giorgio-Paparella-alba-sul-golfo-300x178.jpg 300w\" sizes=\"auto, (max-width: 580px) 100vw, 580px\" \/><\/a><figcaption id=\"caption-attachment-14743\" class=\"wp-caption-text\">Giorgio Paparella, Savona<\/figcaption><\/figure>\n<figure id=\"attachment_14739\" aria-describedby=\"caption-attachment-14739\" style=\"width: 580px\" class=\"wp-caption aligncenter\"><a href=\"https:\/\/fiaf.net\/agoradicult\/wp-content\/uploads\/sites\/23\/2017\/01\/Bicocchi-Silvano_c_IMG_3668.jpg\"><img loading=\"lazy\" decoding=\"async\" class=\"size-full wp-image-14739\" src=\"https:\/\/fiaf.net\/agoradicult\/wp-content\/uploads\/sites\/23\/2017\/01\/Bicocchi-Silvano_c_IMG_3668.jpg\" alt=\"Bicocchi Silvano, Nonantola\" width=\"580\" height=\"580\" srcset=\"https:\/\/fiaf.net\/agoradicult\/wp-content\/uploads\/sites\/23\/2017\/01\/Bicocchi-Silvano_c_IMG_3668.jpg 580w, https:\/\/fiaf.net\/agoradicult\/wp-content\/uploads\/sites\/23\/2017\/01\/Bicocchi-Silvano_c_IMG_3668-300x300.jpg 300w, https:\/\/fiaf.net\/agoradicult\/wp-content\/uploads\/sites\/23\/2017\/01\/Bicocchi-Silvano_c_IMG_3668-150x150.jpg 150w\" sizes=\"auto, (max-width: 580px) 100vw, 580px\" \/><\/a><figcaption id=\"caption-attachment-14739\" class=\"wp-caption-text\">Bicocchi Silvano, Nonantola (MO)<\/figcaption><\/figure>\n<figure id=\"attachment_14731\" aria-describedby=\"caption-attachment-14731\" style=\"width: 580px\" class=\"wp-caption aligncenter\"><a href=\"https:\/\/fiaf.net\/agoradicult\/wp-content\/uploads\/sites\/23\/2017\/01\/Valeria_Cremaschi_alba-ritarataria_Carpi.jpg\"><img loading=\"lazy\" decoding=\"async\" class=\"size-full wp-image-14731\" src=\"https:\/\/fiaf.net\/agoradicult\/wp-content\/uploads\/sites\/23\/2017\/01\/Valeria_Cremaschi_alba-ritarataria_Carpi.jpg\" alt=\"Valeria Cremaschi, Carpi (MO)\" width=\"580\" height=\"580\" srcset=\"https:\/\/fiaf.net\/agoradicult\/wp-content\/uploads\/sites\/23\/2017\/01\/Valeria_Cremaschi_alba-ritarataria_Carpi.jpg 580w, https:\/\/fiaf.net\/agoradicult\/wp-content\/uploads\/sites\/23\/2017\/01\/Valeria_Cremaschi_alba-ritarataria_Carpi-300x300.jpg 300w, https:\/\/fiaf.net\/agoradicult\/wp-content\/uploads\/sites\/23\/2017\/01\/Valeria_Cremaschi_alba-ritarataria_Carpi-150x150.jpg 150w\" sizes=\"auto, (max-width: 580px) 100vw, 580px\" \/><\/a><figcaption id=\"caption-attachment-14731\" class=\"wp-caption-text\">Valeria Cremaschi, Carpi (MO)<\/figcaption><\/figure>\n<figure id=\"attachment_14744\" aria-describedby=\"caption-attachment-14744\" style=\"width: 580px\" class=\"wp-caption aligncenter\"><a href=\"https:\/\/fiaf.net\/agoradicult\/wp-content\/uploads\/sites\/23\/2017\/01\/Giusti-Denis-Verona_5.jpg\"><img loading=\"lazy\" decoding=\"async\" class=\"size-full wp-image-14744\" src=\"https:\/\/fiaf.net\/agoradicult\/wp-content\/uploads\/sites\/23\/2017\/01\/Giusti-Denis-Verona_5.jpg\" alt=\"Denis Giusti, Verona\" width=\"580\" height=\"440\" srcset=\"https:\/\/fiaf.net\/agoradicult\/wp-content\/uploads\/sites\/23\/2017\/01\/Giusti-Denis-Verona_5.jpg 580w, https:\/\/fiaf.net\/agoradicult\/wp-content\/uploads\/sites\/23\/2017\/01\/Giusti-Denis-Verona_5-300x228.jpg 300w\" sizes=\"auto, (max-width: 580px) 100vw, 580px\" \/><\/a><figcaption id=\"caption-attachment-14744\" class=\"wp-caption-text\">Denis Giusti, Verona<\/figcaption><\/figure>\n<figure id=\"attachment_14745\" aria-describedby=\"caption-attachment-14745\" style=\"width: 580px\" class=\"wp-caption aligncenter\"><a href=\"https:\/\/fiaf.net\/agoradicult\/wp-content\/uploads\/sites\/23\/2017\/01\/Walter-Turcato-Garda.jpg\"><img loading=\"lazy\" decoding=\"async\" class=\"size-full wp-image-14745\" src=\"https:\/\/fiaf.net\/agoradicult\/wp-content\/uploads\/sites\/23\/2017\/01\/Walter-Turcato-Garda.jpg\" alt=\"Valter Turcato, Garda (VR)\" width=\"580\" height=\"580\" srcset=\"https:\/\/fiaf.net\/agoradicult\/wp-content\/uploads\/sites\/23\/2017\/01\/Walter-Turcato-Garda.jpg 580w, https:\/\/fiaf.net\/agoradicult\/wp-content\/uploads\/sites\/23\/2017\/01\/Walter-Turcato-Garda-300x300.jpg 300w, https:\/\/fiaf.net\/agoradicult\/wp-content\/uploads\/sites\/23\/2017\/01\/Walter-Turcato-Garda-150x150.jpg 150w\" sizes=\"auto, (max-width: 580px) 100vw, 580px\" \/><\/a><figcaption id=\"caption-attachment-14745\" class=\"wp-caption-text\">Valter Turcato, Garda (VR)<\/figcaption><\/figure>\n<figure id=\"attachment_14719\" aria-describedby=\"caption-attachment-14719\" style=\"width: 580px\" class=\"wp-caption aligncenter\"><a href=\"https:\/\/fiaf.net\/agoradicult\/wp-content\/uploads\/sites\/23\/2017\/01\/Giancarla-Lorenzini_Porto-Recanati-2.jpg\"><img loading=\"lazy\" decoding=\"async\" class=\"size-full wp-image-14719\" src=\"https:\/\/fiaf.net\/agoradicult\/wp-content\/uploads\/sites\/23\/2017\/01\/Giancarla-Lorenzini_Porto-Recanati-2.jpg\" alt=\"Giancarla Lorenzini, Porto Recanati\" width=\"580\" height=\"387\" srcset=\"https:\/\/fiaf.net\/agoradicult\/wp-content\/uploads\/sites\/23\/2017\/01\/Giancarla-Lorenzini_Porto-Recanati-2.jpg 580w, https:\/\/fiaf.net\/agoradicult\/wp-content\/uploads\/sites\/23\/2017\/01\/Giancarla-Lorenzini_Porto-Recanati-2-300x200.jpg 300w\" sizes=\"auto, (max-width: 580px) 100vw, 580px\" \/><\/a><figcaption id=\"caption-attachment-14719\" class=\"wp-caption-text\">Giancarla Lorenzini, Porto Recanati<\/figcaption><\/figure>\n<figure id=\"attachment_14718\" aria-describedby=\"caption-attachment-14718\" style=\"width: 580px\" class=\"wp-caption aligncenter\"><a href=\"https:\/\/fiaf.net\/agoradicult\/wp-content\/uploads\/sites\/23\/2017\/01\/Flavio-Castellani_Delta-del-po1-2008.jpg\"><img loading=\"lazy\" decoding=\"async\" class=\"size-full wp-image-14718\" src=\"https:\/\/fiaf.net\/agoradicult\/wp-content\/uploads\/sites\/23\/2017\/01\/Flavio-Castellani_Delta-del-po1-2008.jpg\" alt=\"Flavio Castellani, Delta del Po\" width=\"580\" height=\"464\" srcset=\"https:\/\/fiaf.net\/agoradicult\/wp-content\/uploads\/sites\/23\/2017\/01\/Flavio-Castellani_Delta-del-po1-2008.jpg 580w, https:\/\/fiaf.net\/agoradicult\/wp-content\/uploads\/sites\/23\/2017\/01\/Flavio-Castellani_Delta-del-po1-2008-300x240.jpg 300w\" sizes=\"auto, (max-width: 580px) 100vw, 580px\" \/><\/a><figcaption id=\"caption-attachment-14718\" class=\"wp-caption-text\">Flavio Castellani, Delta del Po<\/figcaption><\/figure>\n<figure id=\"attachment_14720\" aria-describedby=\"caption-attachment-14720\" style=\"width: 580px\" class=\"wp-caption aligncenter\"><a href=\"https:\/\/fiaf.net\/agoradicult\/wp-content\/uploads\/sites\/23\/2017\/01\/Gianni-Rossi_Alba-2017_Ferrara.jpg\"><img loading=\"lazy\" decoding=\"async\" class=\"size-full wp-image-14720\" src=\"https:\/\/fiaf.net\/agoradicult\/wp-content\/uploads\/sites\/23\/2017\/01\/Gianni-Rossi_Alba-2017_Ferrara.jpg\" alt=\"Gianni Rossi, Ferrara\" width=\"580\" height=\"387\" srcset=\"https:\/\/fiaf.net\/agoradicult\/wp-content\/uploads\/sites\/23\/2017\/01\/Gianni-Rossi_Alba-2017_Ferrara.jpg 580w, https:\/\/fiaf.net\/agoradicult\/wp-content\/uploads\/sites\/23\/2017\/01\/Gianni-Rossi_Alba-2017_Ferrara-300x200.jpg 300w\" sizes=\"auto, (max-width: 580px) 100vw, 580px\" \/><\/a><figcaption id=\"caption-attachment-14720\" class=\"wp-caption-text\">Gianni Rossi, Ferrara<\/figcaption><\/figure>\n<figure id=\"attachment_14711\" aria-describedby=\"caption-attachment-14711\" style=\"width: 580px\" class=\"wp-caption aligncenter\"><a href=\"https:\/\/fiaf.net\/agoradicult\/wp-content\/uploads\/sites\/23\/2017\/01\/AngeliniAndrea_Monaco-di-Baviera_Agosto-2011.jpg\"><img loading=\"lazy\" decoding=\"async\" class=\"size-full wp-image-14711\" src=\"https:\/\/fiaf.net\/agoradicult\/wp-content\/uploads\/sites\/23\/2017\/01\/AngeliniAndrea_Monaco-di-Baviera_Agosto-2011.jpg\" alt=\"Andrea Angelini, Monaco\" width=\"580\" height=\"580\" srcset=\"https:\/\/fiaf.net\/agoradicult\/wp-content\/uploads\/sites\/23\/2017\/01\/AngeliniAndrea_Monaco-di-Baviera_Agosto-2011.jpg 580w, https:\/\/fiaf.net\/agoradicult\/wp-content\/uploads\/sites\/23\/2017\/01\/AngeliniAndrea_Monaco-di-Baviera_Agosto-2011-300x300.jpg 300w, https:\/\/fiaf.net\/agoradicult\/wp-content\/uploads\/sites\/23\/2017\/01\/AngeliniAndrea_Monaco-di-Baviera_Agosto-2011-150x150.jpg 150w\" sizes=\"auto, (max-width: 580px) 100vw, 580px\" \/><\/a><figcaption id=\"caption-attachment-14711\" class=\"wp-caption-text\">Andrea Angelini, Monaco<\/figcaption><\/figure>\n<figure id=\"attachment_14715\" aria-describedby=\"caption-attachment-14715\" style=\"width: 580px\" class=\"wp-caption aligncenter\"><a href=\"https:\/\/fiaf.net\/agoradicult\/wp-content\/uploads\/sites\/23\/2017\/01\/Daniele-Cinciripini_SAM4948.jpg\"><img loading=\"lazy\" decoding=\"async\" class=\"size-full wp-image-14715\" src=\"https:\/\/fiaf.net\/agoradicult\/wp-content\/uploads\/sites\/23\/2017\/01\/Daniele-Cinciripini_SAM4948.jpg\" alt=\"Daniele Cinciripini, \" width=\"580\" height=\"870\" srcset=\"https:\/\/fiaf.net\/agoradicult\/wp-content\/uploads\/sites\/23\/2017\/01\/Daniele-Cinciripini_SAM4948.jpg 580w, https:\/\/fiaf.net\/agoradicult\/wp-content\/uploads\/sites\/23\/2017\/01\/Daniele-Cinciripini_SAM4948-200x300.jpg 200w\" sizes=\"auto, (max-width: 580px) 100vw, 580px\" \/><\/a><figcaption id=\"caption-attachment-14715\" class=\"wp-caption-text\">Daniele Cinciripini, S.Benedetto del Tronto<\/figcaption><\/figure>\n<figure id=\"attachment_14722\" aria-describedby=\"caption-attachment-14722\" style=\"width: 580px\" class=\"wp-caption aligncenter\"><a href=\"https:\/\/fiaf.net\/agoradicult\/wp-content\/uploads\/sites\/23\/2017\/01\/Marco-Fantechi-Alba-in-Garfagnana_Allpe-di-Massa.jpg\"><img loading=\"lazy\" decoding=\"async\" class=\"size-full wp-image-14722\" src=\"https:\/\/fiaf.net\/agoradicult\/wp-content\/uploads\/sites\/23\/2017\/01\/Marco-Fantechi-Alba-in-Garfagnana_Allpe-di-Massa.jpg\" alt=\"Marco Fantechi, Alpe di Massa\" width=\"580\" height=\"387\" srcset=\"https:\/\/fiaf.net\/agoradicult\/wp-content\/uploads\/sites\/23\/2017\/01\/Marco-Fantechi-Alba-in-Garfagnana_Allpe-di-Massa.jpg 580w, https:\/\/fiaf.net\/agoradicult\/wp-content\/uploads\/sites\/23\/2017\/01\/Marco-Fantechi-Alba-in-Garfagnana_Allpe-di-Massa-300x200.jpg 300w\" sizes=\"auto, (max-width: 580px) 100vw, 580px\" \/><\/a><figcaption id=\"caption-attachment-14722\" class=\"wp-caption-text\">Marco Fantechi, Alpe di Massa<\/figcaption><\/figure>\n<figure id=\"attachment_14764\" aria-describedby=\"caption-attachment-14764\" style=\"width: 580px\" class=\"wp-caption aligncenter\"><a href=\"https:\/\/fiaf.net\/agoradicult\/wp-content\/uploads\/sites\/23\/2017\/01\/Piera-Cavalieri-Serrada-Folgaria.jpg\"><img loading=\"lazy\" decoding=\"async\" class=\"size-full wp-image-14764\" src=\"https:\/\/fiaf.net\/agoradicult\/wp-content\/uploads\/sites\/23\/2017\/01\/Piera-Cavalieri-Serrada-Folgaria.jpg\" alt=\"Piera Cavalieri, Serrada (Folgaria)\" width=\"580\" height=\"414\" srcset=\"https:\/\/fiaf.net\/agoradicult\/wp-content\/uploads\/sites\/23\/2017\/01\/Piera-Cavalieri-Serrada-Folgaria.jpg 580w, https:\/\/fiaf.net\/agoradicult\/wp-content\/uploads\/sites\/23\/2017\/01\/Piera-Cavalieri-Serrada-Folgaria-300x214.jpg 300w\" sizes=\"auto, (max-width: 580px) 100vw, 580px\" \/><\/a><figcaption id=\"caption-attachment-14764\" class=\"wp-caption-text\">Piera Cavalieri, Serrada (Folgaria)<\/figcaption><\/figure>\n<figure id=\"attachment_14765\" aria-describedby=\"caption-attachment-14765\" style=\"width: 580px\" class=\"wp-caption aligncenter\"><a href=\"https:\/\/fiaf.net\/agoradicult\/wp-content\/uploads\/sites\/23\/2017\/01\/Roberto-Montanari_Alba-2017-ridotta.jpg\"><img loading=\"lazy\" decoding=\"async\" class=\"size-full wp-image-14765\" src=\"https:\/\/fiaf.net\/agoradicult\/wp-content\/uploads\/sites\/23\/2017\/01\/Roberto-Montanari_Alba-2017-ridotta.jpg\" alt=\"Roberto Montanari, Sestri Levante\" width=\"580\" height=\"386\" srcset=\"https:\/\/fiaf.net\/agoradicult\/wp-content\/uploads\/sites\/23\/2017\/01\/Roberto-Montanari_Alba-2017-ridotta.jpg 580w, https:\/\/fiaf.net\/agoradicult\/wp-content\/uploads\/sites\/23\/2017\/01\/Roberto-Montanari_Alba-2017-ridotta-300x200.jpg 300w\" sizes=\"auto, (max-width: 580px) 100vw, 580px\" \/><\/a><figcaption id=\"caption-attachment-14765\" class=\"wp-caption-text\">Roberto Montanari, Sestri Levante<\/figcaption><\/figure>\n<figure id=\"attachment_14721\" aria-describedby=\"caption-attachment-14721\" style=\"width: 580px\" class=\"wp-caption aligncenter\"><a href=\"https:\/\/fiaf.net\/agoradicult\/wp-content\/uploads\/sites\/23\/2017\/01\/Giovanna-De-Franchi-Alba-Genova-copia.jpg\"><img loading=\"lazy\" decoding=\"async\" class=\"size-full wp-image-14721\" src=\"https:\/\/fiaf.net\/agoradicult\/wp-content\/uploads\/sites\/23\/2017\/01\/Giovanna-De-Franchi-Alba-Genova-copia.jpg\" alt=\"Giovanna De Franchi, Genova\" width=\"580\" height=\"386\" srcset=\"https:\/\/fiaf.net\/agoradicult\/wp-content\/uploads\/sites\/23\/2017\/01\/Giovanna-De-Franchi-Alba-Genova-copia.jpg 580w, https:\/\/fiaf.net\/agoradicult\/wp-content\/uploads\/sites\/23\/2017\/01\/Giovanna-De-Franchi-Alba-Genova-copia-300x200.jpg 300w\" sizes=\"auto, (max-width: 580px) 100vw, 580px\" \/><\/a><figcaption id=\"caption-attachment-14721\" class=\"wp-caption-text\">Giovanna De Franchi, Genova<\/figcaption><\/figure>\n<figure id=\"attachment_14726\" aria-describedby=\"caption-attachment-14726\" style=\"width: 580px\" class=\"wp-caption aligncenter\"><a href=\"https:\/\/fiaf.net\/agoradicult\/wp-content\/uploads\/sites\/23\/2017\/01\/Orietta-Bay-_Alba-2017.jpg\"><img loading=\"lazy\" decoding=\"async\" class=\"size-full wp-image-14726\" src=\"https:\/\/fiaf.net\/agoradicult\/wp-content\/uploads\/sites\/23\/2017\/01\/Orietta-Bay-_Alba-2017.jpg\" alt=\"Orietta Bay, Genova\" width=\"580\" height=\"542\" srcset=\"https:\/\/fiaf.net\/agoradicult\/wp-content\/uploads\/sites\/23\/2017\/01\/Orietta-Bay-_Alba-2017.jpg 580w, https:\/\/fiaf.net\/agoradicult\/wp-content\/uploads\/sites\/23\/2017\/01\/Orietta-Bay-_Alba-2017-300x280.jpg 300w\" sizes=\"auto, (max-width: 580px) 100vw, 580px\" \/><\/a><figcaption id=\"caption-attachment-14726\" class=\"wp-caption-text\">Orietta Bay, Genova<\/figcaption><\/figure>\n<figure id=\"attachment_14717\" aria-describedby=\"caption-attachment-14717\" style=\"width: 580px\" class=\"wp-caption aligncenter\"><a href=\"https:\/\/fiaf.net\/agoradicult\/wp-content\/uploads\/sites\/23\/2017\/01\/Doretta-Gerevini_L-Alba.jpg\"><img loading=\"lazy\" decoding=\"async\" class=\"wp-image-14717 size-full\" src=\"https:\/\/fiaf.net\/agoradicult\/wp-content\/uploads\/sites\/23\/2017\/01\/Doretta-Gerevini_L-Alba.jpg\" alt=\"Doretta Gervini, \" width=\"580\" height=\"387\" srcset=\"https:\/\/fiaf.net\/agoradicult\/wp-content\/uploads\/sites\/23\/2017\/01\/Doretta-Gerevini_L-Alba.jpg 580w, https:\/\/fiaf.net\/agoradicult\/wp-content\/uploads\/sites\/23\/2017\/01\/Doretta-Gerevini_L-Alba-300x200.jpg 300w\" sizes=\"auto, (max-width: 580px) 100vw, 580px\" \/><\/a><figcaption id=\"caption-attachment-14717\" class=\"wp-caption-text\">Doretta Gerevini, Castel Goffredo (MN)<\/figcaption><\/figure>\n<figure id=\"attachment_14741\" aria-describedby=\"caption-attachment-14741\" style=\"width: 580px\" class=\"wp-caption aligncenter\"><a href=\"https:\/\/fiaf.net\/agoradicult\/wp-content\/uploads\/sites\/23\/2017\/01\/Gabriele-Bartoli_IMG_0604.jpg\"><img loading=\"lazy\" decoding=\"async\" class=\"size-full wp-image-14741\" src=\"https:\/\/fiaf.net\/agoradicult\/wp-content\/uploads\/sites\/23\/2017\/01\/Gabriele-Bartoli_IMG_0604.jpg\" alt=\"Gabriele Bartoli, Carpi (MO)\" width=\"580\" height=\"387\" srcset=\"https:\/\/fiaf.net\/agoradicult\/wp-content\/uploads\/sites\/23\/2017\/01\/Gabriele-Bartoli_IMG_0604.jpg 580w, https:\/\/fiaf.net\/agoradicult\/wp-content\/uploads\/sites\/23\/2017\/01\/Gabriele-Bartoli_IMG_0604-300x200.jpg 300w\" sizes=\"auto, (max-width: 580px) 100vw, 580px\" \/><\/a><figcaption id=\"caption-attachment-14741\" class=\"wp-caption-text\">Gabriele Bartoli, Carpi (MO)<\/figcaption><\/figure>\n<figure id=\"attachment_14724\" aria-describedby=\"caption-attachment-14724\" style=\"width: 580px\" class=\"wp-caption aligncenter\"><a href=\"https:\/\/fiaf.net\/agoradicult\/wp-content\/uploads\/sites\/23\/2017\/01\/Mazzoli-Claudia_DSC9669ritrid.jpg\"><img loading=\"lazy\" decoding=\"async\" class=\"size-full wp-image-14724\" src=\"https:\/\/fiaf.net\/agoradicult\/wp-content\/uploads\/sites\/23\/2017\/01\/Mazzoli-Claudia_DSC9669ritrid.jpg\" alt=\"Claudia Mazzoli\" width=\"580\" height=\"435\" srcset=\"https:\/\/fiaf.net\/agoradicult\/wp-content\/uploads\/sites\/23\/2017\/01\/Mazzoli-Claudia_DSC9669ritrid.jpg 580w, https:\/\/fiaf.net\/agoradicult\/wp-content\/uploads\/sites\/23\/2017\/01\/Mazzoli-Claudia_DSC9669ritrid-300x225.jpg 300w\" sizes=\"auto, (max-width: 580px) 100vw, 580px\" \/><\/a><figcaption id=\"caption-attachment-14724\" class=\"wp-caption-text\">Claudia Mazzoli, Modena<\/figcaption><\/figure>\n<figure id=\"attachment_14713\" aria-describedby=\"caption-attachment-14713\" style=\"width: 580px\" class=\"wp-caption aligncenter\"><a href=\"https:\/\/fiaf.net\/agoradicult\/wp-content\/uploads\/sites\/23\/2017\/01\/Bardelli-Massimo_aeroporto_Falconara_-M.ma-Ripartenza.jpg\"><img loading=\"lazy\" decoding=\"async\" class=\"size-full wp-image-14713\" src=\"https:\/\/fiaf.net\/agoradicult\/wp-content\/uploads\/sites\/23\/2017\/01\/Bardelli-Massimo_aeroporto_Falconara_-M.ma-Ripartenza.jpg\" alt=\"Massimo Bardelli, Falconara\" width=\"580\" height=\"580\" srcset=\"https:\/\/fiaf.net\/agoradicult\/wp-content\/uploads\/sites\/23\/2017\/01\/Bardelli-Massimo_aeroporto_Falconara_-M.ma-Ripartenza.jpg 580w, https:\/\/fiaf.net\/agoradicult\/wp-content\/uploads\/sites\/23\/2017\/01\/Bardelli-Massimo_aeroporto_Falconara_-M.ma-Ripartenza-300x300.jpg 300w, https:\/\/fiaf.net\/agoradicult\/wp-content\/uploads\/sites\/23\/2017\/01\/Bardelli-Massimo_aeroporto_Falconara_-M.ma-Ripartenza-150x150.jpg 150w\" sizes=\"auto, (max-width: 580px) 100vw, 580px\" \/><\/a><figcaption id=\"caption-attachment-14713\" class=\"wp-caption-text\">Massimo Bardelli, Falconara<\/figcaption><\/figure>\n<figure id=\"attachment_14757\" aria-describedby=\"caption-attachment-14757\" style=\"width: 580px\" class=\"wp-caption aligncenter\"><a href=\"https:\/\/fiaf.net\/agoradicult\/wp-content\/uploads\/sites\/23\/2017\/01\/20161113_122124.jpg\"><img loading=\"lazy\" decoding=\"async\" class=\"size-full wp-image-14757\" src=\"https:\/\/fiaf.net\/agoradicult\/wp-content\/uploads\/sites\/23\/2017\/01\/20161113_122124.jpg\" alt=\"Massimo Mazzoli - Senigallia\" width=\"580\" height=\"580\" srcset=\"https:\/\/fiaf.net\/agoradicult\/wp-content\/uploads\/sites\/23\/2017\/01\/20161113_122124.jpg 580w, https:\/\/fiaf.net\/agoradicult\/wp-content\/uploads\/sites\/23\/2017\/01\/20161113_122124-300x300.jpg 300w, https:\/\/fiaf.net\/agoradicult\/wp-content\/uploads\/sites\/23\/2017\/01\/20161113_122124-150x150.jpg 150w\" sizes=\"auto, (max-width: 580px) 100vw, 580px\" \/><\/a><figcaption id=\"caption-attachment-14757\" class=\"wp-caption-text\">Massimo Mazzoli , Senigallia<\/figcaption><\/figure>\n<figure id=\"attachment_14716\" aria-describedby=\"caption-attachment-14716\" style=\"width: 580px\" class=\"wp-caption aligncenter\"><a href=\"https:\/\/fiaf.net\/agoradicult\/wp-content\/uploads\/sites\/23\/2017\/01\/Danilo-Baraldi_Boccadasse_Genova.jpg\"><img loading=\"lazy\" decoding=\"async\" class=\"wp-image-14716 size-full\" src=\"https:\/\/fiaf.net\/agoradicult\/wp-content\/uploads\/sites\/23\/2017\/01\/Danilo-Baraldi_Boccadasse_Genova.jpg\" alt=\"Danilo Baraldi, Boccadasse (GE)\" width=\"580\" height=\"362\" srcset=\"https:\/\/fiaf.net\/agoradicult\/wp-content\/uploads\/sites\/23\/2017\/01\/Danilo-Baraldi_Boccadasse_Genova.jpg 580w, https:\/\/fiaf.net\/agoradicult\/wp-content\/uploads\/sites\/23\/2017\/01\/Danilo-Baraldi_Boccadasse_Genova-300x187.jpg 300w\" sizes=\"auto, (max-width: 580px) 100vw, 580px\" \/><\/a><figcaption id=\"caption-attachment-14716\" class=\"wp-caption-text\">Danilo Baraldi, Boccadasse (GE)<\/figcaption><\/figure>\n<figure id=\"attachment_14763\" aria-describedby=\"caption-attachment-14763\" style=\"width: 580px\" class=\"wp-caption aligncenter\"><a href=\"https:\/\/fiaf.net\/agoradicult\/wp-content\/uploads\/sites\/23\/2017\/01\/Paolo-Zannini_1070046.jpg\"><img loading=\"lazy\" decoding=\"async\" class=\"size-full wp-image-14763\" src=\"https:\/\/fiaf.net\/agoradicult\/wp-content\/uploads\/sites\/23\/2017\/01\/Paolo-Zannini_1070046.jpg\" alt=\"Piera Cavalieri, Genova\" width=\"580\" height=\"435\" srcset=\"https:\/\/fiaf.net\/agoradicult\/wp-content\/uploads\/sites\/23\/2017\/01\/Paolo-Zannini_1070046.jpg 580w, https:\/\/fiaf.net\/agoradicult\/wp-content\/uploads\/sites\/23\/2017\/01\/Paolo-Zannini_1070046-300x225.jpg 300w\" sizes=\"auto, (max-width: 580px) 100vw, 580px\" \/><\/a><figcaption id=\"caption-attachment-14763\" class=\"wp-caption-text\">Paolo Zannini, Genova<\/figcaption><\/figure>\n<figure id=\"attachment_14768\" aria-describedby=\"caption-attachment-14768\" style=\"width: 580px\" class=\"wp-caption aligncenter\"><a href=\"https:\/\/fiaf.net\/agoradicult\/wp-content\/uploads\/sites\/23\/2017\/01\/Catellani-Franca_Baia-delle-Favole.jpg\"><img loading=\"lazy\" decoding=\"async\" class=\"size-full wp-image-14768\" src=\"https:\/\/fiaf.net\/agoradicult\/wp-content\/uploads\/sites\/23\/2017\/01\/Catellani-Franca_Baia-delle-Favole.jpg\" alt=\"Franca Catellani, Sestri Levante\" width=\"580\" height=\"388\" srcset=\"https:\/\/fiaf.net\/agoradicult\/wp-content\/uploads\/sites\/23\/2017\/01\/Catellani-Franca_Baia-delle-Favole.jpg 580w, https:\/\/fiaf.net\/agoradicult\/wp-content\/uploads\/sites\/23\/2017\/01\/Catellani-Franca_Baia-delle-Favole-300x201.jpg 300w\" sizes=\"auto, (max-width: 580px) 100vw, 580px\" \/><\/a><figcaption id=\"caption-attachment-14768\" class=\"wp-caption-text\">Franca Catellani, Sestri Levante<\/figcaption><\/figure>\n<figure id=\"attachment_14780\" aria-describedby=\"caption-attachment-14780\" style=\"width: 580px\" class=\"wp-caption aligncenter\"><a href=\"https:\/\/fiaf.net\/agoradicult\/wp-content\/uploads\/sites\/23\/2017\/01\/Esmeralda-Mogno-Val-dOrcia.jpg\"><img loading=\"lazy\" decoding=\"async\" class=\"size-full wp-image-14780\" src=\"https:\/\/fiaf.net\/agoradicult\/wp-content\/uploads\/sites\/23\/2017\/01\/Esmeralda-Mogno-Val-dOrcia.jpg\" alt=\"Esmeralda Mogno, Val d'Orcia\" width=\"580\" height=\"399\" srcset=\"https:\/\/fiaf.net\/agoradicult\/wp-content\/uploads\/sites\/23\/2017\/01\/Esmeralda-Mogno-Val-dOrcia.jpg 580w, https:\/\/fiaf.net\/agoradicult\/wp-content\/uploads\/sites\/23\/2017\/01\/Esmeralda-Mogno-Val-dOrcia-300x206.jpg 300w\" sizes=\"auto, (max-width: 580px) 100vw, 580px\" \/><\/a><figcaption id=\"caption-attachment-14780\" class=\"wp-caption-text\">Esmeralda Mogno, Val d&#8217;Orcia<\/figcaption><\/figure>\n<figure id=\"attachment_14782\" aria-describedby=\"caption-attachment-14782\" style=\"width: 580px\" class=\"wp-caption aligncenter\"><a href=\"https:\/\/fiaf.net\/agoradicult\/wp-content\/uploads\/sites\/23\/2017\/01\/Alberton-Roberto_-Val-dOrcia.jpg\"><img loading=\"lazy\" decoding=\"async\" class=\"size-full wp-image-14782\" src=\"https:\/\/fiaf.net\/agoradicult\/wp-content\/uploads\/sites\/23\/2017\/01\/Alberton-Roberto_-Val-dOrcia.jpg\" alt=\"Alberto Roberto, Val D'orcia\" width=\"580\" height=\"387\" srcset=\"https:\/\/fiaf.net\/agoradicult\/wp-content\/uploads\/sites\/23\/2017\/01\/Alberton-Roberto_-Val-dOrcia.jpg 580w, https:\/\/fiaf.net\/agoradicult\/wp-content\/uploads\/sites\/23\/2017\/01\/Alberton-Roberto_-Val-dOrcia-300x200.jpg 300w\" sizes=\"auto, (max-width: 580px) 100vw, 580px\" \/><\/a><figcaption id=\"caption-attachment-14782\" class=\"wp-caption-text\">Alberton Roberto, Val d&#8217;Orcia<\/figcaption><\/figure>\n<figure id=\"attachment_14785\" aria-describedby=\"caption-attachment-14785\" style=\"width: 580px\" class=\"wp-caption aligncenter\"><a href=\"https:\/\/fiaf.net\/agoradicult\/wp-content\/uploads\/sites\/23\/2017\/01\/Rolando-Paoletti_Alba-in-Algarve.jpg\"><img loading=\"lazy\" decoding=\"async\" class=\"size-full wp-image-14785\" src=\"https:\/\/fiaf.net\/agoradicult\/wp-content\/uploads\/sites\/23\/2017\/01\/Rolando-Paoletti_Alba-in-Algarve.jpg\" alt=\"Rolando Paletti, Algarve\" width=\"580\" height=\"580\" srcset=\"https:\/\/fiaf.net\/agoradicult\/wp-content\/uploads\/sites\/23\/2017\/01\/Rolando-Paoletti_Alba-in-Algarve.jpg 580w, https:\/\/fiaf.net\/agoradicult\/wp-content\/uploads\/sites\/23\/2017\/01\/Rolando-Paoletti_Alba-in-Algarve-300x300.jpg 300w, https:\/\/fiaf.net\/agoradicult\/wp-content\/uploads\/sites\/23\/2017\/01\/Rolando-Paoletti_Alba-in-Algarve-150x150.jpg 150w\" sizes=\"auto, (max-width: 580px) 100vw, 580px\" \/><\/a><figcaption id=\"caption-attachment-14785\" class=\"wp-caption-text\">Rolando Paoletti, Algarve<\/figcaption><\/figure>\n<figure id=\"attachment_14788\" aria-describedby=\"caption-attachment-14788\" style=\"width: 580px\" class=\"wp-caption aligncenter\"><a href=\"https:\/\/fiaf.net\/agoradicult\/wp-content\/uploads\/sites\/23\/2017\/01\/Adalberto-Boccitto-Sinai.jpg\"><img loading=\"lazy\" decoding=\"async\" class=\"size-full wp-image-14788\" src=\"https:\/\/fiaf.net\/agoradicult\/wp-content\/uploads\/sites\/23\/2017\/01\/Adalberto-Boccitto-Sinai.jpg\" alt=\"Adalberto Boccitto, Sinai\" width=\"580\" height=\"435\" srcset=\"https:\/\/fiaf.net\/agoradicult\/wp-content\/uploads\/sites\/23\/2017\/01\/Adalberto-Boccitto-Sinai.jpg 580w, https:\/\/fiaf.net\/agoradicult\/wp-content\/uploads\/sites\/23\/2017\/01\/Adalberto-Boccitto-Sinai-300x225.jpg 300w\" sizes=\"auto, (max-width: 580px) 100vw, 580px\" \/><\/a><figcaption id=\"caption-attachment-14788\" class=\"wp-caption-text\">Adalberto Boccitto, Sinai<\/figcaption><\/figure>\n<figure id=\"attachment_14809\" aria-describedby=\"caption-attachment-14809\" style=\"width: 580px\" class=\"wp-caption aligncenter\"><a href=\"https:\/\/fiaf.net\/agoradicult\/wp-content\/uploads\/sites\/23\/2017\/01\/RobertoZerbini-Melendugno-Puglia-e1484168232791.jpg\"><img loading=\"lazy\" decoding=\"async\" class=\"size-full wp-image-14809\" src=\"https:\/\/fiaf.net\/agoradicult\/wp-content\/uploads\/sites\/23\/2017\/01\/RobertoZerbini-Melendugno-Puglia-e1484168232791.jpg\" alt=\"Roberto Zerbini, Meledugno\" width=\"580\" height=\"387\" srcset=\"https:\/\/fiaf.net\/agoradicult\/wp-content\/uploads\/sites\/23\/2017\/01\/RobertoZerbini-Melendugno-Puglia-e1484168232791.jpg 580w, https:\/\/fiaf.net\/agoradicult\/wp-content\/uploads\/sites\/23\/2017\/01\/RobertoZerbini-Melendugno-Puglia-e1484168232791-300x200.jpg 300w\" sizes=\"auto, (max-width: 580px) 100vw, 580px\" \/><\/a><figcaption id=\"caption-attachment-14809\" class=\"wp-caption-text\">Roberto Zerbini, Meledugno<\/figcaption><\/figure>\n<figure id=\"attachment_14810\" aria-describedby=\"caption-attachment-14810\" style=\"width: 580px\" class=\"wp-caption aligncenter\"><a href=\"https:\/\/fiaf.net\/agoradicult\/wp-content\/uploads\/sites\/23\/2017\/01\/Trevisan-Gilberto_DSC0968-Alba-a-Venezia.jpg\"><img loading=\"lazy\" decoding=\"async\" class=\"size-full wp-image-14810\" src=\"https:\/\/fiaf.net\/agoradicult\/wp-content\/uploads\/sites\/23\/2017\/01\/Trevisan-Gilberto_DSC0968-Alba-a-Venezia.jpg\" alt=\"Gilberto Trevisan, Venezia\" width=\"580\" height=\"287\" srcset=\"https:\/\/fiaf.net\/agoradicult\/wp-content\/uploads\/sites\/23\/2017\/01\/Trevisan-Gilberto_DSC0968-Alba-a-Venezia.jpg 580w, https:\/\/fiaf.net\/agoradicult\/wp-content\/uploads\/sites\/23\/2017\/01\/Trevisan-Gilberto_DSC0968-Alba-a-Venezia-300x148.jpg 300w\" sizes=\"auto, (max-width: 580px) 100vw, 580px\" \/><\/a><figcaption id=\"caption-attachment-14810\" class=\"wp-caption-text\">Gilberto Trevisan, Venezia<\/figcaption><\/figure>\n<figure id=\"attachment_14816\" aria-describedby=\"caption-attachment-14816\" style=\"width: 580px\" class=\"wp-caption aligncenter\"><a href=\"https:\/\/fiaf.net\/agoradicult\/wp-content\/uploads\/sites\/23\/2017\/01\/Antono-Perrone_Trochiarolo-BRDSCF8579.jpg\"><img loading=\"lazy\" decoding=\"async\" class=\"size-full wp-image-14816\" src=\"https:\/\/fiaf.net\/agoradicult\/wp-content\/uploads\/sites\/23\/2017\/01\/Antono-Perrone_Trochiarolo-BRDSCF8579.jpg\" alt=\"Antonio Perrone, Torchiarono (BR)\" width=\"580\" height=\"580\" srcset=\"https:\/\/fiaf.net\/agoradicult\/wp-content\/uploads\/sites\/23\/2017\/01\/Antono-Perrone_Trochiarolo-BRDSCF8579.jpg 580w, https:\/\/fiaf.net\/agoradicult\/wp-content\/uploads\/sites\/23\/2017\/01\/Antono-Perrone_Trochiarolo-BRDSCF8579-300x300.jpg 300w, https:\/\/fiaf.net\/agoradicult\/wp-content\/uploads\/sites\/23\/2017\/01\/Antono-Perrone_Trochiarolo-BRDSCF8579-150x150.jpg 150w\" sizes=\"auto, (max-width: 580px) 100vw, 580px\" \/><\/a><figcaption id=\"caption-attachment-14816\" class=\"wp-caption-text\">Antonio Perrone, Torchiarono (BR)<\/figcaption><\/figure>\n&nbsp;<\/p>\n<p style=\"text-align: center\">\n\n    <div class=\"xs_social_share_widget xs_share_url after_content \t\tmain_content  wslu-style-1 wslu-share-box-shaped wslu-fill-colored wslu-none wslu-share-horizontal wslu-theme-font-no wslu-main_content\">\n\n\t\t\n        <ul>\n\t\t\t        <\/ul>\n    <\/div> \n","protected":false},"excerpt":{"rendered":"<p>&nbsp; . &nbsp; &nbsp; . &nbsp; &nbsp; . &nbsp; &nbsp; 6\u00b0 Alba di Agor\u00e0 Di Cult &nbsp; E\u2019 tradizione che &hellip;<\/p>\n","protected":false},"author":3,"featured_media":14713,"comment_status":"open","ping_status":"open","sticky":false,"template":"","format":"standard","meta":{"_acf_changed":false,"footnotes":""},"categories":[],"tags":[],"class_list":["post-14709","post","type-post","status-publish","format-standard","has-post-thumbnail","hentry"],"acf":[],"_links":{"self":[{"href":"https:\/\/fiaf.net\/agoradicult\/wp-json\/wp\/v2\/posts\/14709","targetHints":{"allow":["GET"]}}],"collection":[{"href":"https:\/\/fiaf.net\/agoradicult\/wp-json\/wp\/v2\/posts"}],"about":[{"href":"https:\/\/fiaf.net\/agoradicult\/wp-json\/wp\/v2\/types\/post"}],"author":[{"embeddable":true,"href":"https:\/\/fiaf.net\/agoradicult\/wp-json\/wp\/v2\/users\/3"}],"replies":[{"embeddable":true,"href":"https:\/\/fiaf.net\/agoradicult\/wp-json\/wp\/v2\/comments?post=14709"}],"version-history":[{"count":0,"href":"https:\/\/fiaf.net\/agoradicult\/wp-json\/wp\/v2\/posts\/14709\/revisions"}],"wp:featuredmedia":[{"embeddable":true,"href":"https:\/\/fiaf.net\/agoradicult\/wp-json\/wp\/v2\/media\/14713"}],"wp:attachment":[{"href":"https:\/\/fiaf.net\/agoradicult\/wp-json\/wp\/v2\/media?parent=14709"}],"wp:term":[{"taxonomy":"category","embeddable":true,"href":"https:\/\/fiaf.net\/agoradicult\/wp-json\/wp\/v2\/categories?post=14709"},{"taxonomy":"post_tag","embeddable":true,"href":"https:\/\/fiaf.net\/agoradicult\/wp-json\/wp\/v2\/tags?post=14709"}],"curies":[{"name":"wp","href":"https:\/\/api.w.org\/{rel}","templated":true}]}}