{"id":14964,"date":"2017-02-05T10:00:48","date_gmt":"2017-02-05T08:00:48","guid":{"rendered":"https:\/\/fiaf.net\/agoradicult\/?p=14964"},"modified":"2017-02-05T10:00:48","modified_gmt":"2017-02-05T08:00:48","slug":"passione-e-condivisione-lab-di-cult-006-fiaf-2016-conclusione-di-silvia-tampucci","status":"publish","type":"post","link":"https:\/\/fiaf.net\/agoradicult\/2017\/02\/05\/passione-e-condivisione-lab-di-cult-006-fiaf-2016-conclusione-di-silvia-tampucci\/","title":{"rendered":"LAB Di Cult 004 FIAF 2016 &quot;Il Silenzio&quot;, la Conclusione &#8211; di Silvia Tampucci"},"content":{"rendered":"<p>&nbsp;<br \/>\n&nbsp;<br \/>\n&nbsp;<br \/>\n.<br \/>\n&nbsp;<br \/>\n.<br \/>\n&nbsp;<br \/>\n&nbsp;<br \/>\n.<br \/>\n<figure id=\"attachment_14968\" aria-describedby=\"caption-attachment-14968\" style=\"width: 580px\" class=\"wp-caption aligncenter\"><a href=\"https:\/\/fiaf.net\/agoradicult\/wp-content\/uploads\/sites\/23\/2017\/05\/003_Tampucci-Silvia_ALBA-2016.jpg\"><img loading=\"lazy\" decoding=\"async\" class=\"size-full wp-image-14968\" src=\"https:\/\/fiaf.net\/agoradicult\/wp-content\/uploads\/sites\/23\/2017\/05\/003_Tampucci-Silvia_ALBA-2016.jpg\" alt=\"Silvia Tampucci\" width=\"580\" height=\"387\" srcset=\"https:\/\/fiaf.net\/agoradicult\/wp-content\/uploads\/sites\/23\/2017\/05\/003_Tampucci-Silvia_ALBA-2016.jpg 580w, https:\/\/fiaf.net\/agoradicult\/wp-content\/uploads\/sites\/23\/2017\/05\/003_Tampucci-Silvia_ALBA-2016-300x200.jpg 300w\" sizes=\"auto, (max-width: 580px) 100vw, 580px\" \/><\/a><figcaption id=\"caption-attachment-14968\" class=\"wp-caption-text\">Silvia Tampucci<\/figcaption><\/figure>\n&nbsp;<br \/>\n&nbsp;<\/p>\n<h2 style=\"text-align: center\">Passione e condivisione<\/h2>\n<p>Le opere fotografiche qui presentate sono il frutto del laboratorio tematico &#8216;Il Silenzio&#8217; promosso dal Dipartimento Cultura FIAF (Di Cult), svoltosi da marzo a settembre 2016 nelle province di Livorno, Pisa e Lucca.<br \/>\n<strong>Il percorso del Laboratorio<br \/>\n<\/strong>Il laboratorio ha seguito le seguenti fasi:<br \/>\n&#8211; comunicazione via email dell&#8217;iniziativa a tutti i circoli FIAF delle Province di Livorno, Pisa e Lucca;<br \/>\n&#8211; contatto con i Delegati Provinciali per poter organizzare tre incontri separati nelle tre province cos\u00ec da presentare il tema e lo svolgimento del laboratorio;<br \/>\n&#8211; primi tre incontri conoscitivi nelle tre province;<br \/>\n&#8211; da aprile ad ottobre sono stati fatti incontri mensili con gli autori che hanno aderito al laboratorio. Gli incontri si sono svolti a rotazione nelle tre Province cos\u00ec da permettere a tutti di poter essere presenti, cercando di non gravare n\u00e9 come impegno n\u00e9 come spostamenti;<br \/>\n&#8211; durante gli incontri sono stati forniti contributi di approfondimento dal Direttore Silvano Bicocchi, sono state presentate le pubblicazioni di Agora&#8217; Di Cult inerenti al tema, sono state portate fotografie di autori che avessero connessioni con il tema proposto.<br \/>\n&#8211; dal momento in cui e&#8217; iniziato il laboratorio, \u00e8 stato chiesto agli autori partecipanti di portare foto che per loro potessero rappresentare \u201cIl Silenzio\u201d, cos\u00ec da poter avviare sia il tutoraggio sul tema sia una critica fotografica. Gli autori sono stati invitati ad inviare privatamente le loro opere cos\u00ec da poterle sottoporre all&#8217;attenzione di Silvano e riportare anche le sue riflessioni.<br \/>\n&#8211; a settembre si \u00e8 svolto l&#8217;ultimo incontro, durante il quale sono stati presentati i progetti conclusi. Ad ottobre si \u00e8 svolta la serata di video proiezione presso la Sala Spettacolo di Collesalvetti, con la presenza del Delegato Regionale e dei Delegati delle tre Province.<br \/>\nA novembre tutti i progetti sono stati esposti nell&#8217;ambito del festival fotografico 7\u00b0 ColornoPhotoLife 2016 e nei mesi di novembre, dicembre e gennaio (2017) sono state programmate tre mostre locali nelle tre Province cos\u00ec da poter condividere l&#8217;esperienza svolta.<br \/>\nL\u2019attivit\u00e0 di laboratorio ha avuto un\u2019imprescindibile e totale libert\u00e0 espressiva;\u00a0nessun limite \u00e8 stato messo alla tipologia ed al numero di immagini potenzialmente realizzabili, tenendo conto dei limiti del pannello espositore.<br \/>\n<strong>Conclusioni<br \/>\n<\/strong>L&#8217;attivit\u00e0 fotografica collettiva svolta all&#8217;interno del laboratorio ha permesso di poter avere un confronto costruttivo tra gli autori, permettendo ad ognuno di poter esprimere cio&#8217; che il tema proposto potesse rappresentare, andando ad indagare anche in una sfera emotiva piu&#8217; profonda, portando una crescita sia fotografica sia personale.<br \/>\n<strong>Ringraziamenti<br \/>\n<\/strong>Ringrazio Silvano Bicocchi, Direttore del Dipartimento Cultura FIAF, per questa grande opportunit\u00e0&#8217; e per la fiducia che mi ha accordato affidandomi il laboratorio.<br \/>\nCarlo Lucarelli, Delegato Regionale della Toscana, per esserci sempre stato in questi mesi di lavoro: il suo sostegno e confronto sono stati fondamentali.<br \/>\nI Delegati Provinciali: Maria Cristina Germani e Piero Sbrana, Giancarlo Cerri, Federico Dell&#8217;Agnello per la loro disponibilit\u00e0 nel poter svolgere il laboratorio all&#8217;interno dei vari circoli delle tre province coinvolte.<br \/>\nI Presidenti dei circoli i cui Soci hanno partecipato al laboratorio, dimostrando che \u00e8 possibile svolgere un lavoro di collettivit\u00e0 che &#8216;supera&#8217; le barriere dei circoli.<br \/>\nSilvia Tampucci<br \/>\n<strong>Foto Club Nove<\/strong>, Livorno<br \/>\nCoordinatore del <strong>LAB Di Cult 004 FIAF 2016<\/strong><br \/>\n&nbsp;<\/p>\n<h2 style=\"text-align: center\">Una foto per Autore<\/h2>\n<p>&nbsp;<br \/>\n<figure id=\"attachment_14970\" aria-describedby=\"caption-attachment-14970\" style=\"width: 580px\" class=\"wp-caption aligncenter\"><a href=\"https:\/\/fiaf.net\/agoradicult\/wp-content\/uploads\/sites\/23\/2017\/05\/Alessandro-Fruzzetti-PRESENZA_.jpg\"><img loading=\"lazy\" decoding=\"async\" class=\"size-full wp-image-14970\" src=\"https:\/\/fiaf.net\/agoradicult\/wp-content\/uploads\/sites\/23\/2017\/05\/Alessandro-Fruzzetti-PRESENZA_.jpg\" alt=\"Alessandro Fruzzetti - PRESENZA\" width=\"580\" height=\"580\" srcset=\"https:\/\/fiaf.net\/agoradicult\/wp-content\/uploads\/sites\/23\/2017\/05\/Alessandro-Fruzzetti-PRESENZA_.jpg 580w, https:\/\/fiaf.net\/agoradicult\/wp-content\/uploads\/sites\/23\/2017\/05\/Alessandro-Fruzzetti-PRESENZA_-300x300.jpg 300w, https:\/\/fiaf.net\/agoradicult\/wp-content\/uploads\/sites\/23\/2017\/05\/Alessandro-Fruzzetti-PRESENZA_-150x150.jpg 150w\" sizes=\"auto, (max-width: 580px) 100vw, 580px\" \/><\/a><figcaption id=\"caption-attachment-14970\" class=\"wp-caption-text\">Alessandro Fruzzetti<\/figcaption><\/figure>\n<figure id=\"attachment_14971\" aria-describedby=\"caption-attachment-14971\" style=\"width: 580px\" class=\"wp-caption aligncenter\"><a href=\"https:\/\/fiaf.net\/agoradicult\/wp-content\/uploads\/sites\/23\/2017\/05\/Alessio-Brondi-IL-SILENZIO.jpg\"><img loading=\"lazy\" decoding=\"async\" class=\"size-full wp-image-14971\" src=\"https:\/\/fiaf.net\/agoradicult\/wp-content\/uploads\/sites\/23\/2017\/05\/Alessio-Brondi-IL-SILENZIO.jpg\" alt=\"Alessio Brondi \" width=\"580\" height=\"388\" srcset=\"https:\/\/fiaf.net\/agoradicult\/wp-content\/uploads\/sites\/23\/2017\/05\/Alessio-Brondi-IL-SILENZIO.jpg 580w, https:\/\/fiaf.net\/agoradicult\/wp-content\/uploads\/sites\/23\/2017\/05\/Alessio-Brondi-IL-SILENZIO-300x201.jpg 300w\" sizes=\"auto, (max-width: 580px) 100vw, 580px\" \/><\/a><figcaption id=\"caption-attachment-14971\" class=\"wp-caption-text\">Alessio Brondi<\/figcaption><\/figure>\n<figure id=\"attachment_14972\" aria-describedby=\"caption-attachment-14972\" style=\"width: 580px\" class=\"wp-caption aligncenter\"><a href=\"https:\/\/fiaf.net\/agoradicult\/wp-content\/uploads\/sites\/23\/2017\/05\/Andrea-Giuliano-Ravasio-LUOMO-E-SE-STESSO.jpg\"><img loading=\"lazy\" decoding=\"async\" class=\"size-full wp-image-14972\" src=\"https:\/\/fiaf.net\/agoradicult\/wp-content\/uploads\/sites\/23\/2017\/05\/Andrea-Giuliano-Ravasio-LUOMO-E-SE-STESSO.jpg\" alt=\"Andrea Giuliano Ravasio\" width=\"580\" height=\"870\" srcset=\"https:\/\/fiaf.net\/agoradicult\/wp-content\/uploads\/sites\/23\/2017\/05\/Andrea-Giuliano-Ravasio-LUOMO-E-SE-STESSO.jpg 580w, https:\/\/fiaf.net\/agoradicult\/wp-content\/uploads\/sites\/23\/2017\/05\/Andrea-Giuliano-Ravasio-LUOMO-E-SE-STESSO-200x300.jpg 200w\" sizes=\"auto, (max-width: 580px) 100vw, 580px\" \/><\/a><figcaption id=\"caption-attachment-14972\" class=\"wp-caption-text\">Andrea Giuliano Ravasio<\/figcaption><\/figure>\n<figure id=\"attachment_14974\" aria-describedby=\"caption-attachment-14974\" style=\"width: 580px\" class=\"wp-caption aligncenter\"><a href=\"https:\/\/fiaf.net\/agoradicult\/wp-content\/uploads\/sites\/23\/2017\/05\/Daniela-Frediani-IL-SILENZIO.jpg\"><img loading=\"lazy\" decoding=\"async\" class=\"size-full wp-image-14974\" src=\"https:\/\/fiaf.net\/agoradicult\/wp-content\/uploads\/sites\/23\/2017\/05\/Daniela-Frediani-IL-SILENZIO.jpg\" alt=\"Daniela Frediani\" width=\"580\" height=\"387\" srcset=\"https:\/\/fiaf.net\/agoradicult\/wp-content\/uploads\/sites\/23\/2017\/05\/Daniela-Frediani-IL-SILENZIO.jpg 580w, https:\/\/fiaf.net\/agoradicult\/wp-content\/uploads\/sites\/23\/2017\/05\/Daniela-Frediani-IL-SILENZIO-300x200.jpg 300w\" sizes=\"auto, (max-width: 580px) 100vw, 580px\" \/><\/a><figcaption id=\"caption-attachment-14974\" class=\"wp-caption-text\">Daniela Frediani<\/figcaption><\/figure>\n<figure id=\"attachment_14973\" aria-describedby=\"caption-attachment-14973\" style=\"width: 580px\" class=\"wp-caption aligncenter\"><a href=\"https:\/\/fiaf.net\/agoradicult\/wp-content\/uploads\/sites\/23\/2017\/05\/Cristina-Ghelardi-IN-CERCA-DI-SILENZIO.jpg\"><img loading=\"lazy\" decoding=\"async\" class=\"size-full wp-image-14973\" src=\"https:\/\/fiaf.net\/agoradicult\/wp-content\/uploads\/sites\/23\/2017\/05\/Cristina-Ghelardi-IN-CERCA-DI-SILENZIO.jpg\" alt=\"Cristina Ghelardi\" width=\"580\" height=\"387\" srcset=\"https:\/\/fiaf.net\/agoradicult\/wp-content\/uploads\/sites\/23\/2017\/05\/Cristina-Ghelardi-IN-CERCA-DI-SILENZIO.jpg 580w, https:\/\/fiaf.net\/agoradicult\/wp-content\/uploads\/sites\/23\/2017\/05\/Cristina-Ghelardi-IN-CERCA-DI-SILENZIO-300x200.jpg 300w\" sizes=\"auto, (max-width: 580px) 100vw, 580px\" \/><\/a><figcaption id=\"caption-attachment-14973\" class=\"wp-caption-text\">Cristina Ghelardi<\/figcaption><\/figure>\n<figure id=\"attachment_14975\" aria-describedby=\"caption-attachment-14975\" style=\"width: 580px\" class=\"wp-caption aligncenter\"><a href=\"https:\/\/fiaf.net\/agoradicult\/wp-content\/uploads\/sites\/23\/2017\/05\/Elena-Bacchi-IL-SILENZIO-DELLINCONSCIO.jpg\"><img loading=\"lazy\" decoding=\"async\" class=\"size-full wp-image-14975\" src=\"https:\/\/fiaf.net\/agoradicult\/wp-content\/uploads\/sites\/23\/2017\/05\/Elena-Bacchi-IL-SILENZIO-DELLINCONSCIO.jpg\" alt=\"Elena Bacchi\" width=\"580\" height=\"387\" srcset=\"https:\/\/fiaf.net\/agoradicult\/wp-content\/uploads\/sites\/23\/2017\/05\/Elena-Bacchi-IL-SILENZIO-DELLINCONSCIO.jpg 580w, https:\/\/fiaf.net\/agoradicult\/wp-content\/uploads\/sites\/23\/2017\/05\/Elena-Bacchi-IL-SILENZIO-DELLINCONSCIO-300x200.jpg 300w\" sizes=\"auto, (max-width: 580px) 100vw, 580px\" \/><\/a><figcaption id=\"caption-attachment-14975\" class=\"wp-caption-text\">Elena Bacchi<\/figcaption><\/figure>\n<figure id=\"attachment_14976\" aria-describedby=\"caption-attachment-14976\" style=\"width: 580px\" class=\"wp-caption aligncenter\"><a href=\"https:\/\/fiaf.net\/agoradicult\/wp-content\/uploads\/sites\/23\/2017\/05\/Elisa-Heush-UN-PERCORSO-DI-PACE-INTERIORE.jpg\"><img loading=\"lazy\" decoding=\"async\" class=\"size-full wp-image-14976\" src=\"https:\/\/fiaf.net\/agoradicult\/wp-content\/uploads\/sites\/23\/2017\/05\/Elisa-Heush-UN-PERCORSO-DI-PACE-INTERIORE.jpg\" alt=\"Elisa Heush\" width=\"580\" height=\"378\" srcset=\"https:\/\/fiaf.net\/agoradicult\/wp-content\/uploads\/sites\/23\/2017\/05\/Elisa-Heush-UN-PERCORSO-DI-PACE-INTERIORE.jpg 580w, https:\/\/fiaf.net\/agoradicult\/wp-content\/uploads\/sites\/23\/2017\/05\/Elisa-Heush-UN-PERCORSO-DI-PACE-INTERIORE-300x196.jpg 300w\" sizes=\"auto, (max-width: 580px) 100vw, 580px\" \/><\/a><figcaption id=\"caption-attachment-14976\" class=\"wp-caption-text\">Elisa Heush<\/figcaption><\/figure>\n<figure id=\"attachment_14977\" aria-describedby=\"caption-attachment-14977\" style=\"width: 580px\" class=\"wp-caption aligncenter\"><a href=\"https:\/\/fiaf.net\/agoradicult\/wp-content\/uploads\/sites\/23\/2017\/05\/Emanuele-Carmassi-SOLO-IO.jpg\"><img loading=\"lazy\" decoding=\"async\" class=\"size-full wp-image-14977\" src=\"https:\/\/fiaf.net\/agoradicult\/wp-content\/uploads\/sites\/23\/2017\/05\/Emanuele-Carmassi-SOLO-IO.jpg\" alt=\"Emanuele Carmassi\" width=\"580\" height=\"580\" srcset=\"https:\/\/fiaf.net\/agoradicult\/wp-content\/uploads\/sites\/23\/2017\/05\/Emanuele-Carmassi-SOLO-IO.jpg 580w, https:\/\/fiaf.net\/agoradicult\/wp-content\/uploads\/sites\/23\/2017\/05\/Emanuele-Carmassi-SOLO-IO-300x300.jpg 300w, https:\/\/fiaf.net\/agoradicult\/wp-content\/uploads\/sites\/23\/2017\/05\/Emanuele-Carmassi-SOLO-IO-150x150.jpg 150w\" sizes=\"auto, (max-width: 580px) 100vw, 580px\" \/><\/a><figcaption id=\"caption-attachment-14977\" class=\"wp-caption-text\">Emanuele Carmassi<\/figcaption><\/figure>\n<figure id=\"attachment_14978\" aria-describedby=\"caption-attachment-14978\" style=\"width: 580px\" class=\"wp-caption aligncenter\"><a href=\"https:\/\/fiaf.net\/agoradicult\/wp-content\/uploads\/sites\/23\/2017\/05\/Emiro-Albiani-VOGLIO-VIVERE-COSI.jpg\"><img loading=\"lazy\" decoding=\"async\" class=\"size-full wp-image-14978\" src=\"https:\/\/fiaf.net\/agoradicult\/wp-content\/uploads\/sites\/23\/2017\/05\/Emiro-Albiani-VOGLIO-VIVERE-COSI.jpg\" alt=\"Emiro Albiani\" width=\"580\" height=\"387\" srcset=\"https:\/\/fiaf.net\/agoradicult\/wp-content\/uploads\/sites\/23\/2017\/05\/Emiro-Albiani-VOGLIO-VIVERE-COSI.jpg 580w, https:\/\/fiaf.net\/agoradicult\/wp-content\/uploads\/sites\/23\/2017\/05\/Emiro-Albiani-VOGLIO-VIVERE-COSI-300x200.jpg 300w\" sizes=\"auto, (max-width: 580px) 100vw, 580px\" \/><\/a><figcaption id=\"caption-attachment-14978\" class=\"wp-caption-text\">Emiro Albiani<\/figcaption><\/figure>\n<figure id=\"attachment_14979\" aria-describedby=\"caption-attachment-14979\" style=\"width: 580px\" class=\"wp-caption aligncenter\"><a href=\"https:\/\/fiaf.net\/agoradicult\/wp-content\/uploads\/sites\/23\/2017\/05\/Enrico-Barbieri-IL-SILENZIO.jpg\"><img loading=\"lazy\" decoding=\"async\" class=\"size-full wp-image-14979\" src=\"https:\/\/fiaf.net\/agoradicult\/wp-content\/uploads\/sites\/23\/2017\/05\/Enrico-Barbieri-IL-SILENZIO.jpg\" alt=\"Enrico Barbieri\" width=\"580\" height=\"870\" srcset=\"https:\/\/fiaf.net\/agoradicult\/wp-content\/uploads\/sites\/23\/2017\/05\/Enrico-Barbieri-IL-SILENZIO.jpg 580w, https:\/\/fiaf.net\/agoradicult\/wp-content\/uploads\/sites\/23\/2017\/05\/Enrico-Barbieri-IL-SILENZIO-200x300.jpg 200w\" sizes=\"auto, (max-width: 580px) 100vw, 580px\" \/><\/a><figcaption id=\"caption-attachment-14979\" class=\"wp-caption-text\">Enrico Barbieri<\/figcaption><\/figure>\n<figure id=\"attachment_14980\" aria-describedby=\"caption-attachment-14980\" style=\"width: 580px\" class=\"wp-caption aligncenter\"><a href=\"https:\/\/fiaf.net\/agoradicult\/wp-content\/uploads\/sites\/23\/2017\/05\/Ermanno-Gianneschi-IL-SILENZIO-DI-UN-POPOLO.jpg\"><img loading=\"lazy\" decoding=\"async\" class=\"size-full wp-image-14980\" src=\"https:\/\/fiaf.net\/agoradicult\/wp-content\/uploads\/sites\/23\/2017\/05\/Ermanno-Gianneschi-IL-SILENZIO-DI-UN-POPOLO.jpg\" alt=\"Ermanno Gianneschi\" width=\"580\" height=\"387\" srcset=\"https:\/\/fiaf.net\/agoradicult\/wp-content\/uploads\/sites\/23\/2017\/05\/Ermanno-Gianneschi-IL-SILENZIO-DI-UN-POPOLO.jpg 580w, https:\/\/fiaf.net\/agoradicult\/wp-content\/uploads\/sites\/23\/2017\/05\/Ermanno-Gianneschi-IL-SILENZIO-DI-UN-POPOLO-300x200.jpg 300w\" sizes=\"auto, (max-width: 580px) 100vw, 580px\" \/><\/a><figcaption id=\"caption-attachment-14980\" class=\"wp-caption-text\">Ermanno Gianneschi<\/figcaption><\/figure>\n<figure id=\"attachment_14981\" aria-describedby=\"caption-attachment-14981\" style=\"width: 580px\" class=\"wp-caption aligncenter\"><a href=\"https:\/\/fiaf.net\/agoradicult\/wp-content\/uploads\/sites\/23\/2017\/05\/Federico-Dellagnello-RIFLESSIONI.jpg\"><img loading=\"lazy\" decoding=\"async\" class=\"size-full wp-image-14981\" src=\"https:\/\/fiaf.net\/agoradicult\/wp-content\/uploads\/sites\/23\/2017\/05\/Federico-Dellagnello-RIFLESSIONI.jpg\" alt=\"Federico Dell'agnello\" width=\"580\" height=\"387\" srcset=\"https:\/\/fiaf.net\/agoradicult\/wp-content\/uploads\/sites\/23\/2017\/05\/Federico-Dellagnello-RIFLESSIONI.jpg 580w, https:\/\/fiaf.net\/agoradicult\/wp-content\/uploads\/sites\/23\/2017\/05\/Federico-Dellagnello-RIFLESSIONI-300x200.jpg 300w\" sizes=\"auto, (max-width: 580px) 100vw, 580px\" \/><\/a><figcaption id=\"caption-attachment-14981\" class=\"wp-caption-text\">Federico Dell&#8217;agnello<\/figcaption><\/figure>\n<figure id=\"attachment_14982\" aria-describedby=\"caption-attachment-14982\" style=\"width: 580px\" class=\"wp-caption aligncenter\"><a href=\"https:\/\/fiaf.net\/agoradicult\/wp-content\/uploads\/sites\/23\/2017\/05\/Gaetano-Ariti-IL-CORSO-DELLE-COSE.jpg\"><img loading=\"lazy\" decoding=\"async\" class=\"size-full wp-image-14982\" src=\"https:\/\/fiaf.net\/agoradicult\/wp-content\/uploads\/sites\/23\/2017\/05\/Gaetano-Ariti-IL-CORSO-DELLE-COSE.jpg\" alt=\"Gaetano Ariti\" width=\"580\" height=\"385\" srcset=\"https:\/\/fiaf.net\/agoradicult\/wp-content\/uploads\/sites\/23\/2017\/05\/Gaetano-Ariti-IL-CORSO-DELLE-COSE.jpg 580w, https:\/\/fiaf.net\/agoradicult\/wp-content\/uploads\/sites\/23\/2017\/05\/Gaetano-Ariti-IL-CORSO-DELLE-COSE-300x199.jpg 300w\" sizes=\"auto, (max-width: 580px) 100vw, 580px\" \/><\/a><figcaption id=\"caption-attachment-14982\" class=\"wp-caption-text\">Gaetano Ariti<\/figcaption><\/figure>\n<figure id=\"attachment_14983\" aria-describedby=\"caption-attachment-14983\" style=\"width: 580px\" class=\"wp-caption aligncenter\"><a href=\"https:\/\/fiaf.net\/agoradicult\/wp-content\/uploads\/sites\/23\/2017\/05\/Giancarlo-Cerri-IL-MARE-DEL-SILENZIO.jpg\"><img loading=\"lazy\" decoding=\"async\" class=\"size-full wp-image-14983\" src=\"https:\/\/fiaf.net\/agoradicult\/wp-content\/uploads\/sites\/23\/2017\/05\/Giancarlo-Cerri-IL-MARE-DEL-SILENZIO.jpg\" alt=\"Giancarlo Cerri\" width=\"580\" height=\"387\" srcset=\"https:\/\/fiaf.net\/agoradicult\/wp-content\/uploads\/sites\/23\/2017\/05\/Giancarlo-Cerri-IL-MARE-DEL-SILENZIO.jpg 580w, https:\/\/fiaf.net\/agoradicult\/wp-content\/uploads\/sites\/23\/2017\/05\/Giancarlo-Cerri-IL-MARE-DEL-SILENZIO-300x200.jpg 300w\" sizes=\"auto, (max-width: 580px) 100vw, 580px\" \/><\/a><figcaption id=\"caption-attachment-14983\" class=\"wp-caption-text\">Giancarlo Cerri<\/figcaption><\/figure>\n<figure id=\"attachment_14984\" aria-describedby=\"caption-attachment-14984\" style=\"width: 580px\" class=\"wp-caption aligncenter\"><a href=\"https:\/\/fiaf.net\/agoradicult\/wp-content\/uploads\/sites\/23\/2017\/05\/Gianluca-Martinucci-IL-SILENZIO.jpg\"><img loading=\"lazy\" decoding=\"async\" class=\"size-full wp-image-14984\" src=\"https:\/\/fiaf.net\/agoradicult\/wp-content\/uploads\/sites\/23\/2017\/05\/Gianluca-Martinucci-IL-SILENZIO.jpg\" alt=\"Gianluca Martinucci \" width=\"580\" height=\"870\" srcset=\"https:\/\/fiaf.net\/agoradicult\/wp-content\/uploads\/sites\/23\/2017\/05\/Gianluca-Martinucci-IL-SILENZIO.jpg 580w, https:\/\/fiaf.net\/agoradicult\/wp-content\/uploads\/sites\/23\/2017\/05\/Gianluca-Martinucci-IL-SILENZIO-200x300.jpg 200w\" sizes=\"auto, (max-width: 580px) 100vw, 580px\" \/><\/a><figcaption id=\"caption-attachment-14984\" class=\"wp-caption-text\">Gianluca Martinucci<\/figcaption><\/figure>\n<figure id=\"attachment_14985\" aria-describedby=\"caption-attachment-14985\" style=\"width: 580px\" class=\"wp-caption aligncenter\"><a href=\"https:\/\/fiaf.net\/agoradicult\/wp-content\/uploads\/sites\/23\/2017\/05\/Giovanni-Sarrocco-IL-SILENZIO-DEI-GIOCATTOLI.jpg\"><img loading=\"lazy\" decoding=\"async\" class=\"size-full wp-image-14985\" src=\"https:\/\/fiaf.net\/agoradicult\/wp-content\/uploads\/sites\/23\/2017\/05\/Giovanni-Sarrocco-IL-SILENZIO-DEI-GIOCATTOLI.jpg\" alt=\"Giovanni Sarrocco \" width=\"580\" height=\"387\" srcset=\"https:\/\/fiaf.net\/agoradicult\/wp-content\/uploads\/sites\/23\/2017\/05\/Giovanni-Sarrocco-IL-SILENZIO-DEI-GIOCATTOLI.jpg 580w, https:\/\/fiaf.net\/agoradicult\/wp-content\/uploads\/sites\/23\/2017\/05\/Giovanni-Sarrocco-IL-SILENZIO-DEI-GIOCATTOLI-300x200.jpg 300w\" sizes=\"auto, (max-width: 580px) 100vw, 580px\" \/><\/a><figcaption id=\"caption-attachment-14985\" class=\"wp-caption-text\">Giovanni Sarrocco<\/figcaption><\/figure>\n<figure id=\"attachment_14986\" aria-describedby=\"caption-attachment-14986\" style=\"width: 580px\" class=\"wp-caption aligncenter\"><a href=\"https:\/\/fiaf.net\/agoradicult\/wp-content\/uploads\/sites\/23\/2017\/05\/Giuseppe-Paolinelli-IL-SILENZIO.jpg\"><img loading=\"lazy\" decoding=\"async\" class=\"size-full wp-image-14986\" src=\"https:\/\/fiaf.net\/agoradicult\/wp-content\/uploads\/sites\/23\/2017\/05\/Giuseppe-Paolinelli-IL-SILENZIO.jpg\" alt=\"Giuseppe Paolinelli\" width=\"580\" height=\"387\" srcset=\"https:\/\/fiaf.net\/agoradicult\/wp-content\/uploads\/sites\/23\/2017\/05\/Giuseppe-Paolinelli-IL-SILENZIO.jpg 580w, https:\/\/fiaf.net\/agoradicult\/wp-content\/uploads\/sites\/23\/2017\/05\/Giuseppe-Paolinelli-IL-SILENZIO-300x200.jpg 300w\" sizes=\"auto, (max-width: 580px) 100vw, 580px\" \/><\/a><figcaption id=\"caption-attachment-14986\" class=\"wp-caption-text\">Giuseppe Paolinelli<\/figcaption><\/figure>\n<figure id=\"attachment_14987\" aria-describedby=\"caption-attachment-14987\" style=\"width: 580px\" class=\"wp-caption aligncenter\"><a href=\"https:\/\/fiaf.net\/agoradicult\/wp-content\/uploads\/sites\/23\/2017\/05\/Katia-Cirrincione-IL-DONO-DEL-SILENZIO.jpg\"><img loading=\"lazy\" decoding=\"async\" class=\"size-full wp-image-14987\" src=\"https:\/\/fiaf.net\/agoradicult\/wp-content\/uploads\/sites\/23\/2017\/05\/Katia-Cirrincione-IL-DONO-DEL-SILENZIO.jpg\" alt=\"Katia Cirrincione\" width=\"580\" height=\"593\" srcset=\"https:\/\/fiaf.net\/agoradicult\/wp-content\/uploads\/sites\/23\/2017\/05\/Katia-Cirrincione-IL-DONO-DEL-SILENZIO.jpg 580w, https:\/\/fiaf.net\/agoradicult\/wp-content\/uploads\/sites\/23\/2017\/05\/Katia-Cirrincione-IL-DONO-DEL-SILENZIO-293x300.jpg 293w\" sizes=\"auto, (max-width: 580px) 100vw, 580px\" \/><\/a><figcaption id=\"caption-attachment-14987\" class=\"wp-caption-text\">Katia Cirrincione<\/figcaption><\/figure>\n<figure id=\"attachment_14988\" aria-describedby=\"caption-attachment-14988\" style=\"width: 580px\" class=\"wp-caption aligncenter\"><a href=\"https:\/\/fiaf.net\/agoradicult\/wp-content\/uploads\/sites\/23\/2017\/05\/Laura-DellIra-IL-SILENZIO.jpg\"><img loading=\"lazy\" decoding=\"async\" class=\"size-full wp-image-14988\" src=\"https:\/\/fiaf.net\/agoradicult\/wp-content\/uploads\/sites\/23\/2017\/05\/Laura-DellIra-IL-SILENZIO.jpg\" alt=\"Laura Dell'Ira\" width=\"580\" height=\"387\" srcset=\"https:\/\/fiaf.net\/agoradicult\/wp-content\/uploads\/sites\/23\/2017\/05\/Laura-DellIra-IL-SILENZIO.jpg 580w, https:\/\/fiaf.net\/agoradicult\/wp-content\/uploads\/sites\/23\/2017\/05\/Laura-DellIra-IL-SILENZIO-300x200.jpg 300w\" sizes=\"auto, (max-width: 580px) 100vw, 580px\" \/><\/a><figcaption id=\"caption-attachment-14988\" class=\"wp-caption-text\">Laura Dell&#8217;Ira<\/figcaption><\/figure>\n<figure id=\"attachment_14989\" aria-describedby=\"caption-attachment-14989\" style=\"width: 580px\" class=\"wp-caption aligncenter\"><a href=\"https:\/\/fiaf.net\/agoradicult\/wp-content\/uploads\/sites\/23\/2017\/05\/Laura-Menesini-IL-SILENZIO.jpg\"><img loading=\"lazy\" decoding=\"async\" class=\"size-full wp-image-14989\" src=\"https:\/\/fiaf.net\/agoradicult\/wp-content\/uploads\/sites\/23\/2017\/05\/Laura-Menesini-IL-SILENZIO.jpg\" alt=\"Laura Menesini\" width=\"580\" height=\"386\" srcset=\"https:\/\/fiaf.net\/agoradicult\/wp-content\/uploads\/sites\/23\/2017\/05\/Laura-Menesini-IL-SILENZIO.jpg 580w, https:\/\/fiaf.net\/agoradicult\/wp-content\/uploads\/sites\/23\/2017\/05\/Laura-Menesini-IL-SILENZIO-300x200.jpg 300w\" sizes=\"auto, (max-width: 580px) 100vw, 580px\" \/><\/a><figcaption id=\"caption-attachment-14989\" class=\"wp-caption-text\">Laura Menesini<\/figcaption><\/figure>\n<figure id=\"attachment_14990\" aria-describedby=\"caption-attachment-14990\" style=\"width: 580px\" class=\"wp-caption aligncenter\"><a href=\"https:\/\/fiaf.net\/agoradicult\/wp-content\/uploads\/sites\/23\/2017\/05\/Licia-Stefani-IL-SILENZIO.jpg\"><img loading=\"lazy\" decoding=\"async\" class=\"size-full wp-image-14990\" src=\"https:\/\/fiaf.net\/agoradicult\/wp-content\/uploads\/sites\/23\/2017\/05\/Licia-Stefani-IL-SILENZIO.jpg\" alt=\"Licia Stefani\" width=\"580\" height=\"387\" srcset=\"https:\/\/fiaf.net\/agoradicult\/wp-content\/uploads\/sites\/23\/2017\/05\/Licia-Stefani-IL-SILENZIO.jpg 580w, https:\/\/fiaf.net\/agoradicult\/wp-content\/uploads\/sites\/23\/2017\/05\/Licia-Stefani-IL-SILENZIO-300x200.jpg 300w\" sizes=\"auto, (max-width: 580px) 100vw, 580px\" \/><\/a><figcaption id=\"caption-attachment-14990\" class=\"wp-caption-text\">Licia Stefani<\/figcaption><\/figure>\n<figure id=\"attachment_14991\" aria-describedby=\"caption-attachment-14991\" style=\"width: 580px\" class=\"wp-caption aligncenter\"><a href=\"https:\/\/fiaf.net\/agoradicult\/wp-content\/uploads\/sites\/23\/2017\/05\/Maria-Cristina-Germani-IL-SILENZIO.jpg\"><img loading=\"lazy\" decoding=\"async\" class=\"size-full wp-image-14991\" src=\"https:\/\/fiaf.net\/agoradicult\/wp-content\/uploads\/sites\/23\/2017\/05\/Maria-Cristina-Germani-IL-SILENZIO.jpg\" alt=\"Maria Cristina Germani \" width=\"580\" height=\"387\" srcset=\"https:\/\/fiaf.net\/agoradicult\/wp-content\/uploads\/sites\/23\/2017\/05\/Maria-Cristina-Germani-IL-SILENZIO.jpg 580w, https:\/\/fiaf.net\/agoradicult\/wp-content\/uploads\/sites\/23\/2017\/05\/Maria-Cristina-Germani-IL-SILENZIO-300x200.jpg 300w\" sizes=\"auto, (max-width: 580px) 100vw, 580px\" \/><\/a><figcaption id=\"caption-attachment-14991\" class=\"wp-caption-text\">Maria Cristina Germani<\/figcaption><\/figure>\n<figure id=\"attachment_14992\" aria-describedby=\"caption-attachment-14992\" style=\"width: 579px\" class=\"wp-caption aligncenter\"><a href=\"https:\/\/fiaf.net\/agoradicult\/wp-content\/uploads\/sites\/23\/2017\/05\/Mario-Bellagotti-IL-SILENZIO.jpg\"><img loading=\"lazy\" decoding=\"async\" class=\"size-full wp-image-14992\" src=\"https:\/\/fiaf.net\/agoradicult\/wp-content\/uploads\/sites\/23\/2017\/05\/Mario-Bellagotti-IL-SILENZIO.jpg\" alt=\"Mario Bellagotti\" width=\"579\" height=\"387\" srcset=\"https:\/\/fiaf.net\/agoradicult\/wp-content\/uploads\/sites\/23\/2017\/05\/Mario-Bellagotti-IL-SILENZIO.jpg 579w, https:\/\/fiaf.net\/agoradicult\/wp-content\/uploads\/sites\/23\/2017\/05\/Mario-Bellagotti-IL-SILENZIO-300x201.jpg 300w\" sizes=\"auto, (max-width: 579px) 100vw, 579px\" \/><\/a><figcaption id=\"caption-attachment-14992\" class=\"wp-caption-text\">Mario Bellagotti<\/figcaption><\/figure>\n<figure id=\"attachment_14993\" aria-describedby=\"caption-attachment-14993\" style=\"width: 580px\" class=\"wp-caption aligncenter\"><a href=\"https:\/\/fiaf.net\/agoradicult\/wp-content\/uploads\/sites\/23\/2017\/05\/Martino-Mancini-IL-SILENZIO.jpg\"><img loading=\"lazy\" decoding=\"async\" class=\"size-full wp-image-14993\" src=\"https:\/\/fiaf.net\/agoradicult\/wp-content\/uploads\/sites\/23\/2017\/05\/Martino-Mancini-IL-SILENZIO.jpg\" alt=\"Martino Mancini\" width=\"580\" height=\"580\" srcset=\"https:\/\/fiaf.net\/agoradicult\/wp-content\/uploads\/sites\/23\/2017\/05\/Martino-Mancini-IL-SILENZIO.jpg 580w, https:\/\/fiaf.net\/agoradicult\/wp-content\/uploads\/sites\/23\/2017\/05\/Martino-Mancini-IL-SILENZIO-300x300.jpg 300w, https:\/\/fiaf.net\/agoradicult\/wp-content\/uploads\/sites\/23\/2017\/05\/Martino-Mancini-IL-SILENZIO-150x150.jpg 150w\" sizes=\"auto, (max-width: 580px) 100vw, 580px\" \/><\/a><figcaption id=\"caption-attachment-14993\" class=\"wp-caption-text\">Martino Mancini<\/figcaption><\/figure>\n<figure id=\"attachment_14994\" aria-describedby=\"caption-attachment-14994\" style=\"width: 580px\" class=\"wp-caption aligncenter\"><a href=\"https:\/\/fiaf.net\/agoradicult\/wp-content\/uploads\/sites\/23\/2017\/05\/Marzia-Levantino-IL-SILENZIO.jpg\"><img loading=\"lazy\" decoding=\"async\" class=\"size-full wp-image-14994\" src=\"https:\/\/fiaf.net\/agoradicult\/wp-content\/uploads\/sites\/23\/2017\/05\/Marzia-Levantino-IL-SILENZIO.jpg\" alt=\"Marzia Levantino\" width=\"580\" height=\"870\" srcset=\"https:\/\/fiaf.net\/agoradicult\/wp-content\/uploads\/sites\/23\/2017\/05\/Marzia-Levantino-IL-SILENZIO.jpg 580w, https:\/\/fiaf.net\/agoradicult\/wp-content\/uploads\/sites\/23\/2017\/05\/Marzia-Levantino-IL-SILENZIO-200x300.jpg 200w\" sizes=\"auto, (max-width: 580px) 100vw, 580px\" \/><\/a><figcaption id=\"caption-attachment-14994\" class=\"wp-caption-text\">Marzia Levantino<\/figcaption><\/figure>\n<figure id=\"attachment_14995\" aria-describedby=\"caption-attachment-14995\" style=\"width: 580px\" class=\"wp-caption aligncenter\"><a href=\"https:\/\/fiaf.net\/agoradicult\/wp-content\/uploads\/sites\/23\/2017\/05\/Massimiliano-Mammini-IL-SILENZIO.jpg\"><img loading=\"lazy\" decoding=\"async\" class=\"size-full wp-image-14995\" src=\"https:\/\/fiaf.net\/agoradicult\/wp-content\/uploads\/sites\/23\/2017\/05\/Massimiliano-Mammini-IL-SILENZIO.jpg\" alt=\"Massimiliano Mammini \" width=\"580\" height=\"387\" srcset=\"https:\/\/fiaf.net\/agoradicult\/wp-content\/uploads\/sites\/23\/2017\/05\/Massimiliano-Mammini-IL-SILENZIO.jpg 580w, https:\/\/fiaf.net\/agoradicult\/wp-content\/uploads\/sites\/23\/2017\/05\/Massimiliano-Mammini-IL-SILENZIO-300x200.jpg 300w\" sizes=\"auto, (max-width: 580px) 100vw, 580px\" \/><\/a><figcaption id=\"caption-attachment-14995\" class=\"wp-caption-text\">Massimiliano Mammini<\/figcaption><\/figure>\n<figure id=\"attachment_14996\" aria-describedby=\"caption-attachment-14996\" style=\"width: 580px\" class=\"wp-caption aligncenter\"><a href=\"https:\/\/fiaf.net\/agoradicult\/wp-content\/uploads\/sites\/23\/2017\/05\/Maurizio-Vichi-IL-SILENZIO.jpg\"><img loading=\"lazy\" decoding=\"async\" class=\"size-full wp-image-14996\" src=\"https:\/\/fiaf.net\/agoradicult\/wp-content\/uploads\/sites\/23\/2017\/05\/Maurizio-Vichi-IL-SILENZIO.jpg\" alt=\"Maurizio Vichi\" width=\"580\" height=\"387\" srcset=\"https:\/\/fiaf.net\/agoradicult\/wp-content\/uploads\/sites\/23\/2017\/05\/Maurizio-Vichi-IL-SILENZIO.jpg 580w, https:\/\/fiaf.net\/agoradicult\/wp-content\/uploads\/sites\/23\/2017\/05\/Maurizio-Vichi-IL-SILENZIO-300x200.jpg 300w\" sizes=\"auto, (max-width: 580px) 100vw, 580px\" \/><\/a><figcaption id=\"caption-attachment-14996\" class=\"wp-caption-text\">Maurizio Vichi<\/figcaption><\/figure>\n<figure id=\"attachment_14997\" aria-describedby=\"caption-attachment-14997\" style=\"width: 580px\" class=\"wp-caption aligncenter\"><a href=\"https:\/\/fiaf.net\/agoradicult\/wp-content\/uploads\/sites\/23\/2017\/05\/Monia-Rocchi-Il-silenzio-del-Nostro-passato.jpg\"><img loading=\"lazy\" decoding=\"async\" class=\"size-full wp-image-14997\" src=\"https:\/\/fiaf.net\/agoradicult\/wp-content\/uploads\/sites\/23\/2017\/05\/Monia-Rocchi-Il-silenzio-del-Nostro-passato.jpg\" alt=\"Monia Rocchi \" width=\"580\" height=\"387\" srcset=\"https:\/\/fiaf.net\/agoradicult\/wp-content\/uploads\/sites\/23\/2017\/05\/Monia-Rocchi-Il-silenzio-del-Nostro-passato.jpg 580w, https:\/\/fiaf.net\/agoradicult\/wp-content\/uploads\/sites\/23\/2017\/05\/Monia-Rocchi-Il-silenzio-del-Nostro-passato-300x200.jpg 300w\" sizes=\"auto, (max-width: 580px) 100vw, 580px\" \/><\/a><figcaption id=\"caption-attachment-14997\" class=\"wp-caption-text\">Monia Rocchi<\/figcaption><\/figure>\n<figure id=\"attachment_14998\" aria-describedby=\"caption-attachment-14998\" style=\"width: 580px\" class=\"wp-caption aligncenter\"><a href=\"https:\/\/fiaf.net\/agoradicult\/wp-content\/uploads\/sites\/23\/2017\/05\/Morena-Bellini-NEVE.jpg\"><img loading=\"lazy\" decoding=\"async\" class=\"size-full wp-image-14998\" src=\"https:\/\/fiaf.net\/agoradicult\/wp-content\/uploads\/sites\/23\/2017\/05\/Morena-Bellini-NEVE.jpg\" alt=\"Morena Bellini\" width=\"580\" height=\"435\" srcset=\"https:\/\/fiaf.net\/agoradicult\/wp-content\/uploads\/sites\/23\/2017\/05\/Morena-Bellini-NEVE.jpg 580w, https:\/\/fiaf.net\/agoradicult\/wp-content\/uploads\/sites\/23\/2017\/05\/Morena-Bellini-NEVE-300x225.jpg 300w\" sizes=\"auto, (max-width: 580px) 100vw, 580px\" \/><\/a><figcaption id=\"caption-attachment-14998\" class=\"wp-caption-text\">Morena Bellini<\/figcaption><\/figure>\n<figure id=\"attachment_14999\" aria-describedby=\"caption-attachment-14999\" style=\"width: 580px\" class=\"wp-caption aligncenter\"><a href=\"https:\/\/fiaf.net\/agoradicult\/wp-content\/uploads\/sites\/23\/2017\/05\/Paolo-Bini-UNA-VITA-IN-SILENZIO.jpg\"><img loading=\"lazy\" decoding=\"async\" class=\"size-full wp-image-14999\" src=\"https:\/\/fiaf.net\/agoradicult\/wp-content\/uploads\/sites\/23\/2017\/05\/Paolo-Bini-UNA-VITA-IN-SILENZIO.jpg\" alt=\"Paolo Bini \" width=\"580\" height=\"367\" srcset=\"https:\/\/fiaf.net\/agoradicult\/wp-content\/uploads\/sites\/23\/2017\/05\/Paolo-Bini-UNA-VITA-IN-SILENZIO.jpg 580w, https:\/\/fiaf.net\/agoradicult\/wp-content\/uploads\/sites\/23\/2017\/05\/Paolo-Bini-UNA-VITA-IN-SILENZIO-300x190.jpg 300w\" sizes=\"auto, (max-width: 580px) 100vw, 580px\" \/><\/a><figcaption id=\"caption-attachment-14999\" class=\"wp-caption-text\">Paolo Bini<\/figcaption><\/figure>\n<figure id=\"attachment_15000\" aria-describedby=\"caption-attachment-15000\" style=\"width: 580px\" class=\"wp-caption aligncenter\"><a href=\"https:\/\/fiaf.net\/agoradicult\/wp-content\/uploads\/sites\/23\/2017\/05\/Patrizia-Del-Seppia-IL-SILENZIO.jpg\"><img loading=\"lazy\" decoding=\"async\" class=\"size-full wp-image-15000\" src=\"https:\/\/fiaf.net\/agoradicult\/wp-content\/uploads\/sites\/23\/2017\/05\/Patrizia-Del-Seppia-IL-SILENZIO.jpg\" alt=\"Patrizia Del Seppia\" width=\"580\" height=\"583\" srcset=\"https:\/\/fiaf.net\/agoradicult\/wp-content\/uploads\/sites\/23\/2017\/05\/Patrizia-Del-Seppia-IL-SILENZIO.jpg 580w, https:\/\/fiaf.net\/agoradicult\/wp-content\/uploads\/sites\/23\/2017\/05\/Patrizia-Del-Seppia-IL-SILENZIO-298x300.jpg 298w, https:\/\/fiaf.net\/agoradicult\/wp-content\/uploads\/sites\/23\/2017\/05\/Patrizia-Del-Seppia-IL-SILENZIO-150x150.jpg 150w\" sizes=\"auto, (max-width: 580px) 100vw, 580px\" \/><\/a><figcaption id=\"caption-attachment-15000\" class=\"wp-caption-text\">Patrizia Del Seppia<\/figcaption><\/figure>\n<figure id=\"attachment_15001\" aria-describedby=\"caption-attachment-15001\" style=\"width: 580px\" class=\"wp-caption aligncenter\"><a href=\"https:\/\/fiaf.net\/agoradicult\/wp-content\/uploads\/sites\/23\/2017\/05\/Patrizia-Tonello-IL-SILENZIO.jpg\"><img loading=\"lazy\" decoding=\"async\" class=\"size-full wp-image-15001\" src=\"https:\/\/fiaf.net\/agoradicult\/wp-content\/uploads\/sites\/23\/2017\/05\/Patrizia-Tonello-IL-SILENZIO.jpg\" alt=\"Patrizia Tonello\" width=\"580\" height=\"773\" srcset=\"https:\/\/fiaf.net\/agoradicult\/wp-content\/uploads\/sites\/23\/2017\/05\/Patrizia-Tonello-IL-SILENZIO.jpg 580w, https:\/\/fiaf.net\/agoradicult\/wp-content\/uploads\/sites\/23\/2017\/05\/Patrizia-Tonello-IL-SILENZIO-225x300.jpg 225w\" sizes=\"auto, (max-width: 580px) 100vw, 580px\" \/><\/a><figcaption id=\"caption-attachment-15001\" class=\"wp-caption-text\">Patrizia Tonello<\/figcaption><\/figure>\n<figure id=\"attachment_15002\" aria-describedby=\"caption-attachment-15002\" style=\"width: 580px\" class=\"wp-caption aligncenter\"><a href=\"https:\/\/fiaf.net\/agoradicult\/wp-content\/uploads\/sites\/23\/2017\/05\/Raffaella-Iebba-LA-GEOGRAFIA-DEL-SILENZIO.jpg\"><img loading=\"lazy\" decoding=\"async\" class=\"size-full wp-image-15002\" src=\"https:\/\/fiaf.net\/agoradicult\/wp-content\/uploads\/sites\/23\/2017\/05\/Raffaella-Iebba-LA-GEOGRAFIA-DEL-SILENZIO.jpg\" alt=\"Raffaella Iebba\" width=\"580\" height=\"379\" srcset=\"https:\/\/fiaf.net\/agoradicult\/wp-content\/uploads\/sites\/23\/2017\/05\/Raffaella-Iebba-LA-GEOGRAFIA-DEL-SILENZIO.jpg 580w, https:\/\/fiaf.net\/agoradicult\/wp-content\/uploads\/sites\/23\/2017\/05\/Raffaella-Iebba-LA-GEOGRAFIA-DEL-SILENZIO-300x196.jpg 300w\" sizes=\"auto, (max-width: 580px) 100vw, 580px\" \/><\/a><figcaption id=\"caption-attachment-15002\" class=\"wp-caption-text\">Raffaella Iebba<\/figcaption><\/figure>\n<figure id=\"attachment_15003\" aria-describedby=\"caption-attachment-15003\" style=\"width: 580px\" class=\"wp-caption aligncenter\"><a href=\"https:\/\/fiaf.net\/agoradicult\/wp-content\/uploads\/sites\/23\/2017\/05\/Roberto-Petrocchi-QUIETE.jpg\"><img loading=\"lazy\" decoding=\"async\" class=\"size-full wp-image-15003\" src=\"https:\/\/fiaf.net\/agoradicult\/wp-content\/uploads\/sites\/23\/2017\/05\/Roberto-Petrocchi-QUIETE.jpg\" alt=\"Roberto Petrocchi \" width=\"580\" height=\"580\" srcset=\"https:\/\/fiaf.net\/agoradicult\/wp-content\/uploads\/sites\/23\/2017\/05\/Roberto-Petrocchi-QUIETE.jpg 580w, https:\/\/fiaf.net\/agoradicult\/wp-content\/uploads\/sites\/23\/2017\/05\/Roberto-Petrocchi-QUIETE-300x300.jpg 300w, https:\/\/fiaf.net\/agoradicult\/wp-content\/uploads\/sites\/23\/2017\/05\/Roberto-Petrocchi-QUIETE-150x150.jpg 150w\" sizes=\"auto, (max-width: 580px) 100vw, 580px\" \/><\/a><figcaption id=\"caption-attachment-15003\" class=\"wp-caption-text\">Roberto Petrocchi<\/figcaption><\/figure>\n<figure id=\"attachment_15004\" aria-describedby=\"caption-attachment-15004\" style=\"width: 580px\" class=\"wp-caption aligncenter\"><a href=\"https:\/\/fiaf.net\/agoradicult\/wp-content\/uploads\/sites\/23\/2017\/05\/Romina-Falleni-No-words.jpg\"><img loading=\"lazy\" decoding=\"async\" class=\"size-full wp-image-15004\" src=\"https:\/\/fiaf.net\/agoradicult\/wp-content\/uploads\/sites\/23\/2017\/05\/Romina-Falleni-No-words.jpg\" alt=\"Romina Fallen\" width=\"580\" height=\"580\" srcset=\"https:\/\/fiaf.net\/agoradicult\/wp-content\/uploads\/sites\/23\/2017\/05\/Romina-Falleni-No-words.jpg 580w, https:\/\/fiaf.net\/agoradicult\/wp-content\/uploads\/sites\/23\/2017\/05\/Romina-Falleni-No-words-300x300.jpg 300w, https:\/\/fiaf.net\/agoradicult\/wp-content\/uploads\/sites\/23\/2017\/05\/Romina-Falleni-No-words-150x150.jpg 150w\" sizes=\"auto, (max-width: 580px) 100vw, 580px\" \/><\/a><figcaption id=\"caption-attachment-15004\" class=\"wp-caption-text\">Romina Fallen<\/figcaption><\/figure>\n<figure id=\"attachment_15005\" aria-describedby=\"caption-attachment-15005\" style=\"width: 580px\" class=\"wp-caption aligncenter\"><a href=\"https:\/\/fiaf.net\/agoradicult\/wp-content\/uploads\/sites\/23\/2017\/05\/Samuele-Di-Piramo-IL-SILENZIO.jpg\"><img loading=\"lazy\" decoding=\"async\" class=\"size-full wp-image-15005\" src=\"https:\/\/fiaf.net\/agoradicult\/wp-content\/uploads\/sites\/23\/2017\/05\/Samuele-Di-Piramo-IL-SILENZIO.jpg\" alt=\"Samuele Di Piramo\" width=\"580\" height=\"870\" srcset=\"https:\/\/fiaf.net\/agoradicult\/wp-content\/uploads\/sites\/23\/2017\/05\/Samuele-Di-Piramo-IL-SILENZIO.jpg 580w, https:\/\/fiaf.net\/agoradicult\/wp-content\/uploads\/sites\/23\/2017\/05\/Samuele-Di-Piramo-IL-SILENZIO-200x300.jpg 200w\" sizes=\"auto, (max-width: 580px) 100vw, 580px\" \/><\/a><figcaption id=\"caption-attachment-15005\" class=\"wp-caption-text\">Samuele Di Piramo<\/figcaption><\/figure>\n<figure id=\"attachment_15006\" aria-describedby=\"caption-attachment-15006\" style=\"width: 580px\" class=\"wp-caption aligncenter\"><a href=\"https:\/\/fiaf.net\/agoradicult\/wp-content\/uploads\/sites\/23\/2017\/05\/Sandro-Lasco-AFTER-THE-MUSIC.jpg\"><img loading=\"lazy\" decoding=\"async\" class=\"size-full wp-image-15006\" src=\"https:\/\/fiaf.net\/agoradicult\/wp-content\/uploads\/sites\/23\/2017\/05\/Sandro-Lasco-AFTER-THE-MUSIC.jpg\" alt=\"Sandro Lasco\" width=\"580\" height=\"387\" srcset=\"https:\/\/fiaf.net\/agoradicult\/wp-content\/uploads\/sites\/23\/2017\/05\/Sandro-Lasco-AFTER-THE-MUSIC.jpg 580w, https:\/\/fiaf.net\/agoradicult\/wp-content\/uploads\/sites\/23\/2017\/05\/Sandro-Lasco-AFTER-THE-MUSIC-300x200.jpg 300w\" sizes=\"auto, (max-width: 580px) 100vw, 580px\" \/><\/a><figcaption id=\"caption-attachment-15006\" class=\"wp-caption-text\">Sandro Lasco<\/figcaption><\/figure>\n<figure id=\"attachment_15007\" aria-describedby=\"caption-attachment-15007\" style=\"width: 579px\" class=\"wp-caption aligncenter\"><a href=\"https:\/\/fiaf.net\/agoradicult\/wp-content\/uploads\/sites\/23\/2017\/05\/Sara-Bertei-FRAMMENTI.jpg\"><img loading=\"lazy\" decoding=\"async\" class=\"size-full wp-image-15007\" src=\"https:\/\/fiaf.net\/agoradicult\/wp-content\/uploads\/sites\/23\/2017\/05\/Sara-Bertei-FRAMMENTI.jpg\" alt=\"Sara Bertei \" width=\"579\" height=\"331\" srcset=\"https:\/\/fiaf.net\/agoradicult\/wp-content\/uploads\/sites\/23\/2017\/05\/Sara-Bertei-FRAMMENTI.jpg 579w, https:\/\/fiaf.net\/agoradicult\/wp-content\/uploads\/sites\/23\/2017\/05\/Sara-Bertei-FRAMMENTI-300x172.jpg 300w\" sizes=\"auto, (max-width: 579px) 100vw, 579px\" \/><\/a><figcaption id=\"caption-attachment-15007\" class=\"wp-caption-text\">Sara Bertei<\/figcaption><\/figure>\n<figure id=\"attachment_15008\" aria-describedby=\"caption-attachment-15008\" style=\"width: 580px\" class=\"wp-caption aligncenter\"><a href=\"https:\/\/fiaf.net\/agoradicult\/wp-content\/uploads\/sites\/23\/2017\/05\/Silvano-Di-Fatta-EX-OSPEDALE-PSICHIATRICO-DI-VOLTERRA.jpg\"><img loading=\"lazy\" decoding=\"async\" class=\"size-full wp-image-15008\" src=\"https:\/\/fiaf.net\/agoradicult\/wp-content\/uploads\/sites\/23\/2017\/05\/Silvano-Di-Fatta-EX-OSPEDALE-PSICHIATRICO-DI-VOLTERRA.jpg\" alt=\"Silvano Di Fatta\" width=\"580\" height=\"387\" srcset=\"https:\/\/fiaf.net\/agoradicult\/wp-content\/uploads\/sites\/23\/2017\/05\/Silvano-Di-Fatta-EX-OSPEDALE-PSICHIATRICO-DI-VOLTERRA.jpg 580w, https:\/\/fiaf.net\/agoradicult\/wp-content\/uploads\/sites\/23\/2017\/05\/Silvano-Di-Fatta-EX-OSPEDALE-PSICHIATRICO-DI-VOLTERRA-300x200.jpg 300w\" sizes=\"auto, (max-width: 580px) 100vw, 580px\" \/><\/a><figcaption id=\"caption-attachment-15008\" class=\"wp-caption-text\">Silvano Di Fatta<\/figcaption><\/figure>\n<figure id=\"attachment_15009\" aria-describedby=\"caption-attachment-15009\" style=\"width: 580px\" class=\"wp-caption aligncenter\"><a href=\"https:\/\/fiaf.net\/agoradicult\/wp-content\/uploads\/sites\/23\/2017\/05\/Silvia-Tampucci-SILENT-BOXE.jpg\"><img loading=\"lazy\" decoding=\"async\" class=\"size-full wp-image-15009\" src=\"https:\/\/fiaf.net\/agoradicult\/wp-content\/uploads\/sites\/23\/2017\/05\/Silvia-Tampucci-SILENT-BOXE.jpg\" alt=\"Silvia Tampucci\" width=\"580\" height=\"431\" srcset=\"https:\/\/fiaf.net\/agoradicult\/wp-content\/uploads\/sites\/23\/2017\/05\/Silvia-Tampucci-SILENT-BOXE.jpg 580w, https:\/\/fiaf.net\/agoradicult\/wp-content\/uploads\/sites\/23\/2017\/05\/Silvia-Tampucci-SILENT-BOXE-300x223.jpg 300w\" sizes=\"auto, (max-width: 580px) 100vw, 580px\" \/><\/a><figcaption id=\"caption-attachment-15009\" class=\"wp-caption-text\">Silvia Tampucci<\/figcaption><\/figure>\n<figure id=\"attachment_15010\" aria-describedby=\"caption-attachment-15010\" style=\"width: 580px\" class=\"wp-caption aligncenter\"><a href=\"https:\/\/fiaf.net\/agoradicult\/wp-content\/uploads\/sites\/23\/2017\/05\/Vito-Lo-Piccolo-Tra-due-note-musicali-vi-\u00e8-sempre-un-attimo-di-silenzio.jpg\"><img loading=\"lazy\" decoding=\"async\" class=\"size-full wp-image-15010\" src=\"https:\/\/fiaf.net\/agoradicult\/wp-content\/uploads\/sites\/23\/2017\/05\/Vito-Lo-Piccolo-Tra-due-note-musicali-vi-\u00e8-sempre-un-attimo-di-silenzio.jpg\" alt=\"Vito Lo Piccolo\" width=\"580\" height=\"580\" \/><\/a><figcaption id=\"caption-attachment-15010\" class=\"wp-caption-text\">Vito Lo Piccolo<\/figcaption><\/figure>\n<h2 style=\"text-align: center\"><\/h2>\n<h2 style=\"text-align: center\">Le opere complete nel Catalogo on line<\/h2>\n<p style=\"text-align: left\">Le opere complete le potete scaricare dal Catalogo on line che trovate di seguito:<a href=\"https:\/\/fiaf.net\/agoradicult\/wp-content\/uploads\/sites\/23\/2017\/05\/Alessio-Brondi-IL-SILENZIO.jpg\"><br \/>\n<\/a> <a href=\"https:\/\/fiaf.net\/agoradicult\/wp-content\/uploads\/sites\/23\/2017\/05\/Andrea-Giuliano-Ravasio-LUOMO-E-SE-STESSO.jpg\"><br \/>\n<\/a> <a href=\"https:\/\/fiaf.net\/agoradicult\/wp-content\/uploads\/sites\/23\/2017\/05\/CATALOGO-CON-FOTO-rev-1-.pdf\">CATALOGO del LAB Di Cult oo4 FIAF &#8211; Il Silenzio_2106<\/a>\u00a0 (pdf scaricabile)<a href=\"https:\/\/fiaf.net\/agoradicult\/wp-content\/uploads\/sites\/23\/2017\/05\/Cristina-Ghelardi-IN-CERCA-DI-SILENZIO.jpg\"><br \/>\n<\/a> <a href=\"https:\/\/fiaf.net\/agoradicult\/wp-content\/uploads\/sites\/23\/2017\/05\/Daniela-Frediani-IL-SILENZIO.jpg\"><br \/>\n<\/a><a href=\"https:\/\/fiaf.net\/agoradicult\/wp-content\/uploads\/sites\/23\/2017\/05\/Giancarlo-Cerri-IL-MARE-DEL-SILENZIO.jpg\"><br \/>\n<\/a><\/p>\n\n    <div class=\"xs_social_share_widget xs_share_url after_content \t\tmain_content  wslu-style-1 wslu-share-box-shaped wslu-fill-colored wslu-none wslu-share-horizontal wslu-theme-font-no wslu-main_content\">\n\n\t\t\n        <ul>\n\t\t\t        <\/ul>\n    <\/div> \n","protected":false},"excerpt":{"rendered":"<p>&nbsp; &nbsp; &nbsp; . &nbsp; . &nbsp; &nbsp; . &nbsp; &nbsp; Passione e condivisione Le opere fotografiche qui presentate sono &hellip;<\/p>\n","protected":false},"author":3,"featured_media":14987,"comment_status":"open","ping_status":"open","sticky":false,"template":"","format":"standard","meta":{"_acf_changed":false,"footnotes":""},"categories":[2,11],"tags":[],"class_list":["post-14964","post","type-post","status-publish","format-standard","has-post-thumbnail","hentry","category-animatore-culturale","category-comunicazioni-del-dipartimento"],"acf":[],"_links":{"self":[{"href":"https:\/\/fiaf.net\/agoradicult\/wp-json\/wp\/v2\/posts\/14964","targetHints":{"allow":["GET"]}}],"collection":[{"href":"https:\/\/fiaf.net\/agoradicult\/wp-json\/wp\/v2\/posts"}],"about":[{"href":"https:\/\/fiaf.net\/agoradicult\/wp-json\/wp\/v2\/types\/post"}],"author":[{"embeddable":true,"href":"https:\/\/fiaf.net\/agoradicult\/wp-json\/wp\/v2\/users\/3"}],"replies":[{"embeddable":true,"href":"https:\/\/fiaf.net\/agoradicult\/wp-json\/wp\/v2\/comments?post=14964"}],"version-history":[{"count":0,"href":"https:\/\/fiaf.net\/agoradicult\/wp-json\/wp\/v2\/posts\/14964\/revisions"}],"wp:featuredmedia":[{"embeddable":true,"href":"https:\/\/fiaf.net\/agoradicult\/wp-json\/wp\/v2\/media\/14987"}],"wp:attachment":[{"href":"https:\/\/fiaf.net\/agoradicult\/wp-json\/wp\/v2\/media?parent=14964"}],"wp:term":[{"taxonomy":"category","embeddable":true,"href":"https:\/\/fiaf.net\/agoradicult\/wp-json\/wp\/v2\/categories?post=14964"},{"taxonomy":"post_tag","embeddable":true,"href":"https:\/\/fiaf.net\/agoradicult\/wp-json\/wp\/v2\/tags?post=14964"}],"curies":[{"name":"wp","href":"https:\/\/api.w.org\/{rel}","templated":true}]}}