{"id":15283,"date":"2017-03-19T19:00:38","date_gmt":"2017-03-19T17:00:38","guid":{"rendered":"https:\/\/fiaf.net\/agoradicult\/?p=15283"},"modified":"2017-03-19T19:00:38","modified_gmt":"2017-03-19T17:00:38","slug":"i-nominati-del-2017-alle-figure-operative-fiaf","status":"publish","type":"post","link":"https:\/\/fiaf.net\/agoradicult\/2017\/03\/19\/i-nominati-del-2017-alle-figure-operative-fiaf\/","title":{"rendered":"I Nominati del 2017, alle Figure Operative FIAF"},"content":{"rendered":"<p>.<br \/>\n&nbsp;<br \/>\n&nbsp;<br \/>\n.<br \/>\n&nbsp;<br \/>\n&nbsp;<br \/>\n.<br \/>\n&nbsp;<\/p>\n<p style=\"text-align: center\">.<a href=\"https:\/\/fiaf.net\/agoradicult\/wp-content\/uploads\/sites\/23\/2017\/03\/Pausa-estiva_16010.jpg\"><img loading=\"lazy\" decoding=\"async\" class=\"aligncenter size-full wp-image-15286\" src=\"https:\/\/fiaf.net\/agoradicult\/wp-content\/uploads\/sites\/23\/2017\/03\/Pausa-estiva_16010.jpg\" alt=\"Pausa estiva_16010\" width=\"580\" height=\"773\" srcset=\"https:\/\/fiaf.net\/agoradicult\/wp-content\/uploads\/sites\/23\/2017\/03\/Pausa-estiva_16010.jpg 580w, https:\/\/fiaf.net\/agoradicult\/wp-content\/uploads\/sites\/23\/2017\/03\/Pausa-estiva_16010-225x300.jpg 225w\" sizes=\"auto, (max-width: 580px) 100vw, 580px\" \/><\/a><\/p>\n<p>&nbsp;<br \/>\nAl termine del mio secondo mandato come Direttore del Dipartimento Cultura FIAF (Di Cult) ho il piacere di annunciare che il Consiglio Nazionale FIAF ha ratificato la nomina di un primo gruppo di Soci FIAF a ricoprire il ruolo di una o pi\u00f9 figure previste dal progetto del Di Cult:<\/p>\n<ul>\n<li><strong>Animatore Culturale FIAF<\/strong><\/li>\n<li><strong>Tutor Fotografico FIAF<\/strong><\/li>\n<li><strong>Storico della fotografia FIAF<\/strong><\/li>\n<li><strong>Lettore della fotografia FIAF<\/strong><\/li>\n<li><strong>Coordinatore artistico FIAF\u00a0<\/strong><\/li>\n<\/ul>\n<p>Rispetto al progetto iniziale l\u2019unica variante riguarda il nome della figura operante nell\u2019ambito della Critica Fotografica FIAF che, dopo un percorso sofferto, \u00e8 finalmente approdato a quello pi\u00f9 connaturale alla nostra storia: \u201cLettore della Fotografia\u201d.<br \/>\nPer comprendere la definizione di ogni Figura potete scaricare il seguente testo in pdf:<\/p>\n<h5><a href=\"https:\/\/fiaf.net\/agoradicult\/wp-content\/uploads\/sites\/23\/2017\/03\/Figure-operative-DiCult_2017.pdf\">Figure operative DiCult_2017<\/a>\u00a0 \u00a0(pdf scaricabile)<\/h5>\n<p>&nbsp;<\/p>\n<p style=\"text-align: center\"><a href=\"https:\/\/fiaf.net\/agoradicult\/wp-content\/uploads\/sites\/23\/2017\/03\/MRC5355-e1489940335616.jpg\"><img loading=\"lazy\" decoding=\"async\" class=\"aligncenter size-full wp-image-15293\" src=\"https:\/\/fiaf.net\/agoradicult\/wp-content\/uploads\/sites\/23\/2017\/03\/MRC5355-e1489940335616.jpg\" alt=\"_MRC5355\" width=\"580\" height=\"387\" srcset=\"https:\/\/fiaf.net\/agoradicult\/wp-content\/uploads\/sites\/23\/2017\/03\/MRC5355-e1489940335616.jpg 580w, https:\/\/fiaf.net\/agoradicult\/wp-content\/uploads\/sites\/23\/2017\/03\/MRC5355-e1489940335616-300x200.jpg 300w\" sizes=\"auto, (max-width: 580px) 100vw, 580px\" \/><\/a>\u00a0<a href=\"https:\/\/fiaf.net\/agoradicult\/wp-content\/uploads\/sites\/23\/2017\/03\/Pausa-estiva_16003.jpg\"><br \/>\n<\/a> <a href=\"https:\/\/fiaf.net\/agoradicult\/wp-content\/uploads\/sites\/23\/2017\/03\/Pausa-estiva_16006.jpg\"><br \/>\n<\/a> <a href=\"https:\/\/fiaf.net\/agoradicult\/wp-content\/uploads\/sites\/23\/2017\/03\/Pausa-estiva_16010.jpg\"><br \/>\n<\/a><\/p>\n<h3 style=\"text-align: center\"><strong>Figure Operative FIAF<\/strong><\/h3>\n<h2 style=\"text-align: center\">I Nominati del 2017<\/h2>\n<p>Il significato della nomina \u00e8 quella del riconoscimento pubblico di una sufficiente competenza dimostrata sul campo a interpretare una determinata figura da parte del Nominato. Dico interpretare perch\u00e9 ognuno deve mettere nel suo operare l\u2019immenso valore dell\u2019unicit\u00e0 della sua persona.<br \/>\nLa nomina \u00e8 porre in evidenza la disponibilit\u00e0, accertata dall\u2019esperienza, ad esercitare in ambito FIAF un determinato ruolo. Soprattutto ci\u00f2 che contraddistingue il Nominato \u00e8 l\u2019atteggiamento di appassionato studio, tipico del Volontariato culturale, per crescere nelle proprie competenze e capacit\u00e0 operative.<br \/>\nC\u2019\u00e8 un principio che deve distinguerci: Noi non dobbiamo mai sentirci arrivati!<br \/>\n<strong>Essere Nominati non \u00e8 un\u2019onorificenza e implica onori e oneri!<\/strong><br \/>\nGli onori sono quelli di avere il riconoscimento del valore del proprio percorso intrapreso, nell\u2019assumere un determinato ruolo nell\u2019ambito delle attivit\u00e0 Locali o Nazionali.<br \/>\nIl passaggio dal Locale al Nazionale nel Di Cult \u00e8 automatico se si d\u00e0 visibilit\u00e0 alle proprie iniziative su Agor\u00e0 Di Cult, su FOTOIT o in un serio progetto delle attivit\u00e0 locali aperte alla Cultura FIAF.<br \/>\nGli oneri di un Nominato sono quelli che derivano dal carattere operativo della figura assunta, perch\u00e9 ogni ruolo in FIAF \u00e8 innanzitutto un assunzione di doveri, non di poteri. I poteri sono la conseguenza dell\u2019esercizio dei doveri. Essi appaiono nel momento in cui la Figura Operativa ha il dovere di decidere per svolgere la sua funzione. Una funzione che deve essere sempre assolta nell\u2019interesse della FIAF.<br \/>\n&nbsp;<\/p>\n<p style=\"text-align: center\"><a href=\"https:\/\/fiaf.net\/agoradicult\/wp-content\/uploads\/sites\/23\/2017\/03\/Pausa-estiva_16025.jpg\"><img loading=\"lazy\" decoding=\"async\" class=\"aligncenter size-full wp-image-15290\" src=\"https:\/\/fiaf.net\/agoradicult\/wp-content\/uploads\/sites\/23\/2017\/03\/Pausa-estiva_16025.jpg\" alt=\"Pausa estiva_16025\" width=\"580\" height=\"435\" srcset=\"https:\/\/fiaf.net\/agoradicult\/wp-content\/uploads\/sites\/23\/2017\/03\/Pausa-estiva_16025.jpg 580w, https:\/\/fiaf.net\/agoradicult\/wp-content\/uploads\/sites\/23\/2017\/03\/Pausa-estiva_16025-300x225.jpg 300w\" sizes=\"auto, (max-width: 580px) 100vw, 580px\" \/><\/a><\/p>\n<p>&nbsp;<br \/>\nCon l\u2019intento d\u2019armonizzare il regolamento delle nomine a quelli esistenti negli altri Dipartimenti, il Consiglio Nazionale FIAF ha richiesto un periodo minimo di due anni di attivit\u00e0 prima di poter assegnare le nomine e ci ha inoltre chiesto di non superare un certo numero di nomine annuali. Due requisiti volti a dare maggiore consistenza a questo importante passaggio del percorso intrapreso dal Socio FIAF all\u2019interno del Di Cult.<br \/>\nSi riconferma fondamentale il concetto di \u201cPercorso\u201d che \u00e8 stato posto in chiara evidenza nel primo post di Agor\u00e0 Di Cult (ormai 809 post pubblicati).<br \/>\nIl Percorso \u00e8 caratterizzato da una partenza e da un itinerario che presenta tappe e traguardi ma che per noi, appassionati, ha la bellezza di non terminare mai.<br \/>\nFate s\u00ec che ogni riconoscimento sia l\u2019incentivo a ripartire con nuovo entusiasmo verso una crescita culturale personale condivisa.<br \/>\nPremesso ci\u00f2, vi anticipo l\u2019elenco dei Nominati alle Figure Operative per il 2017 che saranno assegnate, nella serata di venerd\u00ec 21\/04, al 69\u00b0 Congresso Nazionale FIAF che si svolger\u00e0 a Sestri Levante dal 19 al 23 aprile prossimi.<br \/>\n&nbsp;<\/p>\n<h4>Animatore Culturale FIAF:<\/h4>\n<p>Barbara Armani, Gabriele Bartoli, Teofilo Celani, Valeria Cremaschi, Giovanna De Franchi, Elena Falchi, Annalisa Fossi, Roberta Paltrinieri.<\/p>\n<p style=\"text-align: center\"><a href=\"https:\/\/fiaf.net\/agoradicult\/wp-content\/uploads\/sites\/23\/2017\/03\/Pausa-estiva_16003.jpg\"><img loading=\"lazy\" decoding=\"async\" class=\"aligncenter size-full wp-image-15284\" src=\"https:\/\/fiaf.net\/agoradicult\/wp-content\/uploads\/sites\/23\/2017\/03\/Pausa-estiva_16003.jpg\" alt=\"Pausa estiva_16003\" width=\"580\" height=\"435\" srcset=\"https:\/\/fiaf.net\/agoradicult\/wp-content\/uploads\/sites\/23\/2017\/03\/Pausa-estiva_16003.jpg 580w, https:\/\/fiaf.net\/agoradicult\/wp-content\/uploads\/sites\/23\/2017\/03\/Pausa-estiva_16003-300x225.jpg 300w\" sizes=\"auto, (max-width: 580px) 100vw, 580px\" \/><\/a><\/p>\n<p style=\"text-align: center\"><a href=\"https:\/\/fiaf.net\/agoradicult\/wp-content\/uploads\/sites\/23\/2017\/03\/IMG_7002-e1489940278624.jpg\"><img loading=\"lazy\" decoding=\"async\" class=\"aligncenter size-full wp-image-15296\" src=\"https:\/\/fiaf.net\/agoradicult\/wp-content\/uploads\/sites\/23\/2017\/03\/IMG_7002-e1489940278624.jpg\" alt=\"IMG_7002\" width=\"580\" height=\"435\" srcset=\"https:\/\/fiaf.net\/agoradicult\/wp-content\/uploads\/sites\/23\/2017\/03\/IMG_7002-e1489940278624.jpg 580w, https:\/\/fiaf.net\/agoradicult\/wp-content\/uploads\/sites\/23\/2017\/03\/IMG_7002-e1489940278624-300x225.jpg 300w\" sizes=\"auto, (max-width: 580px) 100vw, 580px\" \/><\/a><\/p>\n<p>&nbsp;<\/p>\n<h4><strong>Tutor Fotografico FIAF:<\/strong><\/h4>\n<p>Andrea Angelini, Paolo Cappellini, Marco Fantechi, Renza Grossi, Giancarla Lorenzini, Andrea Moneti, Gigi Montali, Roberto Montanari, Massimo Pascutti, Silvia Tampucci, Maurizio Tieghi, Walter Turcato<\/p>\n<p style=\"text-align: center\"><a href=\"https:\/\/fiaf.net\/agoradicult\/wp-content\/uploads\/sites\/23\/2017\/03\/IMG_6995-e1489940477813.jpg\"><img loading=\"lazy\" decoding=\"async\" class=\"size-full wp-image-15295\" src=\"https:\/\/fiaf.net\/agoradicult\/wp-content\/uploads\/sites\/23\/2017\/03\/IMG_6995-e1489940477813.jpg\" alt=\"IMG_6995\" width=\"580\" height=\"435\" srcset=\"https:\/\/fiaf.net\/agoradicult\/wp-content\/uploads\/sites\/23\/2017\/03\/IMG_6995-e1489940477813.jpg 580w, https:\/\/fiaf.net\/agoradicult\/wp-content\/uploads\/sites\/23\/2017\/03\/IMG_6995-e1489940477813-300x225.jpg 300w\" sizes=\"auto, (max-width: 580px) 100vw, 580px\" \/><\/a><\/p>\n<p style=\"text-align: center\"><a href=\"https:\/\/fiaf.net\/agoradicult\/wp-content\/uploads\/sites\/23\/2017\/03\/Pausa-estiva_16011.jpg\"><img loading=\"lazy\" decoding=\"async\" class=\"aligncenter size-full wp-image-15287\" src=\"https:\/\/fiaf.net\/agoradicult\/wp-content\/uploads\/sites\/23\/2017\/03\/Pausa-estiva_16011.jpg\" alt=\"Pausa estiva_16011\" width=\"580\" height=\"435\" srcset=\"https:\/\/fiaf.net\/agoradicult\/wp-content\/uploads\/sites\/23\/2017\/03\/Pausa-estiva_16011.jpg 580w, https:\/\/fiaf.net\/agoradicult\/wp-content\/uploads\/sites\/23\/2017\/03\/Pausa-estiva_16011-300x225.jpg 300w\" sizes=\"auto, (max-width: 580px) 100vw, 580px\" \/><\/a><\/p>\n<p>&nbsp;<\/p>\n<h4><strong>Storico della fotografia FIAF:<\/strong><\/h4>\n<p>Nessuno<br \/>\n&nbsp;<\/p>\n<h4><strong>Lettore della fotografia FIAF:<\/strong><\/h4>\n<p>Orietta Bay, Piera Cavalieri, Patrizia Digito, Francesca Lampredi, Massimo Mazzoli, Isabella Tholozan.<\/p>\n<p style=\"text-align: center\"><a href=\"https:\/\/fiaf.net\/agoradicult\/wp-content\/uploads\/sites\/23\/2017\/03\/Pausa-estiva_16006.jpg\"><img loading=\"lazy\" decoding=\"async\" class=\"aligncenter size-full wp-image-15285\" src=\"https:\/\/fiaf.net\/agoradicult\/wp-content\/uploads\/sites\/23\/2017\/03\/Pausa-estiva_16006.jpg\" alt=\"Pausa estiva_16006\" width=\"580\" height=\"435\" srcset=\"https:\/\/fiaf.net\/agoradicult\/wp-content\/uploads\/sites\/23\/2017\/03\/Pausa-estiva_16006.jpg 580w, https:\/\/fiaf.net\/agoradicult\/wp-content\/uploads\/sites\/23\/2017\/03\/Pausa-estiva_16006-300x225.jpg 300w\" sizes=\"auto, (max-width: 580px) 100vw, 580px\" \/><\/a><\/p>\n<p style=\"text-align: center\"><a href=\"https:\/\/fiaf.net\/agoradicult\/wp-content\/uploads\/sites\/23\/2017\/03\/Pausa-estiva_16019.jpg\"><img loading=\"lazy\" decoding=\"async\" class=\"aligncenter size-full wp-image-15301\" src=\"https:\/\/fiaf.net\/agoradicult\/wp-content\/uploads\/sites\/23\/2017\/03\/Pausa-estiva_16019.jpg\" alt=\"Pausa estiva_16019\" width=\"580\" height=\"435\" srcset=\"https:\/\/fiaf.net\/agoradicult\/wp-content\/uploads\/sites\/23\/2017\/03\/Pausa-estiva_16019.jpg 580w, https:\/\/fiaf.net\/agoradicult\/wp-content\/uploads\/sites\/23\/2017\/03\/Pausa-estiva_16019-300x225.jpg 300w\" sizes=\"auto, (max-width: 580px) 100vw, 580px\" \/><\/a><\/p>\n<p style=\"text-align: center\"><a href=\"https:\/\/fiaf.net\/agoradicult\/wp-content\/uploads\/sites\/23\/2017\/03\/Pausa-estiva_16018.jpg\"><img loading=\"lazy\" decoding=\"async\" class=\"aligncenter size-full wp-image-15300\" src=\"https:\/\/fiaf.net\/agoradicult\/wp-content\/uploads\/sites\/23\/2017\/03\/Pausa-estiva_16018.jpg\" alt=\"Pausa estiva_16018\" width=\"580\" height=\"435\" srcset=\"https:\/\/fiaf.net\/agoradicult\/wp-content\/uploads\/sites\/23\/2017\/03\/Pausa-estiva_16018.jpg 580w, https:\/\/fiaf.net\/agoradicult\/wp-content\/uploads\/sites\/23\/2017\/03\/Pausa-estiva_16018-300x225.jpg 300w\" sizes=\"auto, (max-width: 580px) 100vw, 580px\" \/><\/a><\/p>\n<p>&nbsp;<\/p>\n<h4>Coordinatore Artistico FIAF:<\/h4>\n<p>Danilo Baraldi, Massimo Bardelli, Gigi Montali, Roberto Montanari.<\/p>\n<p style=\"text-align: center\"><a href=\"https:\/\/fiaf.net\/agoradicult\/wp-content\/uploads\/sites\/23\/2017\/03\/IMG_6988-e1489940705807.jpg\"><img loading=\"lazy\" decoding=\"async\" class=\"aligncenter size-full wp-image-15294\" src=\"https:\/\/fiaf.net\/agoradicult\/wp-content\/uploads\/sites\/23\/2017\/03\/IMG_6988-e1489940705807.jpg\" alt=\"IMG_6988\" width=\"580\" height=\"435\" srcset=\"https:\/\/fiaf.net\/agoradicult\/wp-content\/uploads\/sites\/23\/2017\/03\/IMG_6988-e1489940705807.jpg 580w, https:\/\/fiaf.net\/agoradicult\/wp-content\/uploads\/sites\/23\/2017\/03\/IMG_6988-e1489940705807-300x225.jpg 300w\" sizes=\"auto, (max-width: 580px) 100vw, 580px\" \/><\/a><\/p>\n<p style=\"text-align: center\"><a href=\"https:\/\/fiaf.net\/agoradicult\/wp-content\/uploads\/sites\/23\/2017\/03\/Pausa-estiva_16017.jpg\"><img loading=\"lazy\" decoding=\"async\" class=\"aligncenter size-full wp-image-15289\" src=\"https:\/\/fiaf.net\/agoradicult\/wp-content\/uploads\/sites\/23\/2017\/03\/Pausa-estiva_16017.jpg\" alt=\"Pausa estiva_16017\" width=\"580\" height=\"435\" srcset=\"https:\/\/fiaf.net\/agoradicult\/wp-content\/uploads\/sites\/23\/2017\/03\/Pausa-estiva_16017.jpg 580w, https:\/\/fiaf.net\/agoradicult\/wp-content\/uploads\/sites\/23\/2017\/03\/Pausa-estiva_16017-300x225.jpg 300w\" sizes=\"auto, (max-width: 580px) 100vw, 580px\" \/><\/a><\/p>\n<p>&nbsp;<br \/>\nDopo sei anni di attivit\u00e0 il numero dei Soci FIAF che hanno operato con successo nell\u2019ambito del progetto Di Cult sono molti di pi\u00f9.<br \/>\nVi confesso che, per me, scrivere questo primo elenco da proporre al Consiglio Nazionale ha comportato delle scelte sofferte che vi prego di non considerare come preferenze.<br \/>\nHo dato priorit\u00e0 al fattore regionale e di chi \u00e8 attualmente in un ruolo esposto che richiede un\u2019attribuzione di valore per raggiungere gli scopi Di Cult.<br \/>\nConoscendovi so che saprete aspettare i prossimi Congressi Nazionali per festeggiare tutti insieme questo traguardo.<br \/>\nComplimenti ai Nominati e buon divertimento, non buon lavoro, perch\u00e9 esercitare la Cultura Fotografica \u00e8 un piacere.<br \/>\n&nbsp;<br \/>\nSilvano Bicocchi<br \/>\nDirettore del <strong>Dipartimento Cultura FIAF<\/strong><\/p>\n\n    <div class=\"xs_social_share_widget xs_share_url after_content \t\tmain_content  wslu-style-1 wslu-share-box-shaped wslu-fill-colored wslu-none wslu-share-horizontal wslu-theme-font-no wslu-main_content\">\n\n\t\t\n        <ul>\n\t\t\t        <\/ul>\n    <\/div> \n","protected":false},"excerpt":{"rendered":"<p>. &nbsp; &nbsp; . &nbsp; &nbsp; . &nbsp; . &nbsp; Al termine del mio secondo mandato come Direttore del Dipartimento &hellip;<\/p>\n","protected":false},"author":3,"featured_media":15293,"comment_status":"open","ping_status":"open","sticky":false,"template":"","format":"standard","meta":{"_acf_changed":false,"footnotes":""},"categories":[],"tags":[],"class_list":["post-15283","post","type-post","status-publish","format-standard","has-post-thumbnail","hentry"],"acf":[],"_links":{"self":[{"href":"https:\/\/fiaf.net\/agoradicult\/wp-json\/wp\/v2\/posts\/15283","targetHints":{"allow":["GET"]}}],"collection":[{"href":"https:\/\/fiaf.net\/agoradicult\/wp-json\/wp\/v2\/posts"}],"about":[{"href":"https:\/\/fiaf.net\/agoradicult\/wp-json\/wp\/v2\/types\/post"}],"author":[{"embeddable":true,"href":"https:\/\/fiaf.net\/agoradicult\/wp-json\/wp\/v2\/users\/3"}],"replies":[{"embeddable":true,"href":"https:\/\/fiaf.net\/agoradicult\/wp-json\/wp\/v2\/comments?post=15283"}],"version-history":[{"count":0,"href":"https:\/\/fiaf.net\/agoradicult\/wp-json\/wp\/v2\/posts\/15283\/revisions"}],"wp:featuredmedia":[{"embeddable":true,"href":"https:\/\/fiaf.net\/agoradicult\/wp-json\/wp\/v2\/media\/15293"}],"wp:attachment":[{"href":"https:\/\/fiaf.net\/agoradicult\/wp-json\/wp\/v2\/media?parent=15283"}],"wp:term":[{"taxonomy":"category","embeddable":true,"href":"https:\/\/fiaf.net\/agoradicult\/wp-json\/wp\/v2\/categories?post=15283"},{"taxonomy":"post_tag","embeddable":true,"href":"https:\/\/fiaf.net\/agoradicult\/wp-json\/wp\/v2\/tags?post=15283"}],"curies":[{"name":"wp","href":"https:\/\/api.w.org\/{rel}","templated":true}]}}