{"id":1572,"date":"2012-04-10T17:00:30","date_gmt":"2012-04-10T17:00:30","guid":{"rendered":"https:\/\/fiaf.net\/agoradicult\/?p=1572"},"modified":"2012-04-10T17:00:30","modified_gmt":"2012-04-10T17:00:30","slug":"maurizio-tieghi-ai-margini-della-realta-2-parte","status":"publish","type":"post","link":"https:\/\/fiaf.net\/agoradicult\/2012\/04\/10\/maurizio-tieghi-ai-margini-della-realta-2-parte\/","title":{"rendered":"Maurizio Tieghi &#8211; Ai margini della realt\u00e0 2\u00b0 parte"},"content":{"rendered":"<p><span style=\"color: #ffffff\">.<\/span><br \/>\nCondivido con tutti gli amici dell\u2019AGORA\u2019 DI CULT \u00a0un\u2019iniziativa del FOTO<em>club<\/em> FERRARA tramite un breve riassunto, riportando quanto ho potuto apprendere dai concetti \u00a0e le immagini messe a disposizione dal relatore, riguardante le finalit\u00e0 del seminario e la sua prima lezione.<br \/>\n&nbsp;<br \/>\n<span style=\"color: #ffffff\">.<\/span><br \/>\n<span style=\"color: #ffffff\">.<\/span><\/p>\n<p style=\"text-align: center\"><strong>Ai margini della realt\u00e0<\/strong><\/p>\n<p style=\"text-align: center\"><strong>Inquadrare concetti, fabbricare visioni<\/strong><\/p>\n<p style=\"text-align: center\">Seminario di fotografia concettuale liberamente ispirato al film <em>Blow Up <\/em>di Michelangelo Antonioni<\/p>\n<p><strong><br \/>\nII\u00b0 Parte<\/strong><\/p>\n<p style=\"text-align: justify\">L\u2019arte contemporanea \u00e8 fortemente concettuale. Tende, cio\u00e8 a presentarsi come \u201cpensiero\u201d che si racconta attraverso \u201cforme\u201d visive. \u00a0La fotografia \u201cartistica\u201d viene essenzialmente in due situazioni ben definite, la prima \u00e8 quella che documenta un opera, un\u2019 installazione\/performance, ecc. Quella per forza di cose destinata ad esaurirsi nel tempo. Di seguito vengono citati esempi significativi<\/p>\n<p style=\"text-align: justify\">L\u2019artista tedesco HANS BALLMER, autore della famosa bambola La Poup\u00e9e, che sar\u00e0 usata in diverse situazioni artistiche e di queste rimangono come testimonianza le foto scattate durante le istallazioni-performance.<\/p>\n<p>\u00a0<a href=\"https:\/\/fiaf.net\/agoradicult\/wp-content\/uploads\/sites\/23\/2012\/04\/031.jpg\"><img loading=\"lazy\" decoding=\"async\" class=\"aligncenter size-full wp-image-1581\" title=\"03\" src=\"https:\/\/fiaf.net\/agoradicult\/wp-content\/uploads\/sites\/23\/2012\/04\/031.jpg\" alt=\"\" width=\"580\" height=\"191\" srcset=\"https:\/\/fiaf.net\/agoradicult\/wp-content\/uploads\/sites\/23\/2012\/04\/031.jpg 580w, https:\/\/fiaf.net\/agoradicult\/wp-content\/uploads\/sites\/23\/2012\/04\/031-300x99.jpg 300w\" sizes=\"auto, (max-width: 580px) 100vw, 580px\" \/><\/a><br \/>\nAltro caso emblematico, sempre riconducibile a quanto detto in precedenza, sono il lavori del \u00a0famosissimo artista CHRISTO, infatti dei suoi innumerevoli impaccamenti agli edifici \u00a0rimane alla fine la sola testimonianza delle fotografie<br \/>\n<a href=\"https:\/\/fiaf.net\/agoradicult\/wp-content\/uploads\/sites\/23\/2012\/04\/04.jpg\"><img loading=\"lazy\" decoding=\"async\" class=\"aligncenter size-full wp-image-1575\" title=\"04\" src=\"https:\/\/fiaf.net\/agoradicult\/wp-content\/uploads\/sites\/23\/2012\/04\/04.jpg\" alt=\"\" width=\"309\" height=\"220\" srcset=\"https:\/\/fiaf.net\/agoradicult\/wp-content\/uploads\/sites\/23\/2012\/04\/04.jpg 309w, https:\/\/fiaf.net\/agoradicult\/wp-content\/uploads\/sites\/23\/2012\/04\/04-300x214.jpg 300w\" sizes=\"auto, (max-width: 309px) 100vw, 309px\" \/><\/a><\/p>\n<p style=\"text-align: justify\">\u00a0Sempre in tema ma diverso come utilizzo del documento fotografico sono i lavori di VANESSA BEECROFT, le immagini fatte \u00a0da fotografi, collaboratori dell\u2019artista durante le performance,\u00a0 sono alla fine attribuite alla stessa autrice con prezzi molto elevati nel mercato dell\u2019arte.<\/p>\n<p style=\"text-align: justify\"><a href=\"https:\/\/fiaf.net\/agoradicult\/wp-content\/uploads\/sites\/23\/2012\/04\/05.jpg\"><img loading=\"lazy\" decoding=\"async\" class=\"aligncenter size-full wp-image-1577\" title=\"05\" src=\"https:\/\/fiaf.net\/agoradicult\/wp-content\/uploads\/sites\/23\/2012\/04\/05.jpg\" alt=\"\" width=\"378\" height=\"227\" srcset=\"https:\/\/fiaf.net\/agoradicult\/wp-content\/uploads\/sites\/23\/2012\/04\/05.jpg 378w, https:\/\/fiaf.net\/agoradicult\/wp-content\/uploads\/sites\/23\/2012\/04\/05-300x180.jpg 300w\" sizes=\"auto, (max-width: 378px) 100vw, 378px\" \/><\/a><\/p>\n<p>Nel secondo caso sono i fotografi stessi che con le loro opere si identifico con le correnti artistiche del momento. Anche per questo settore alcuni esempi.<br \/>\nIl cecoslovacco FRANTISEK DRTIKOL, appartenente all\u2019avanguardia ed al cubismo<br \/>\n<a href=\"https:\/\/fiaf.net\/agoradicult\/wp-content\/uploads\/sites\/23\/2012\/04\/06.jpg\"><img loading=\"lazy\" decoding=\"async\" class=\"aligncenter size-full wp-image-1579\" title=\"06\" src=\"https:\/\/fiaf.net\/agoradicult\/wp-content\/uploads\/sites\/23\/2012\/04\/06.jpg\" alt=\"\" width=\"580\" height=\"208\" srcset=\"https:\/\/fiaf.net\/agoradicult\/wp-content\/uploads\/sites\/23\/2012\/04\/06.jpg 580w, https:\/\/fiaf.net\/agoradicult\/wp-content\/uploads\/sites\/23\/2012\/04\/06-300x108.jpg 300w\" sizes=\"auto, (max-width: 580px) 100vw, 580px\" \/><\/a><br \/>\nl\u2019americano ARTHUR TRESS le cui fotografie sono strettamente collegate al surrealismo<br \/>\n<a href=\"https:\/\/fiaf.net\/agoradicult\/wp-content\/uploads\/sites\/23\/2012\/04\/07.jpg\"><img loading=\"lazy\" decoding=\"async\" class=\"aligncenter size-full wp-image-1582\" title=\"07\" src=\"https:\/\/fiaf.net\/agoradicult\/wp-content\/uploads\/sites\/23\/2012\/04\/07.jpg\" alt=\"\" width=\"585\" height=\"307\" srcset=\"https:\/\/fiaf.net\/agoradicult\/wp-content\/uploads\/sites\/23\/2012\/04\/07.jpg 585w, https:\/\/fiaf.net\/agoradicult\/wp-content\/uploads\/sites\/23\/2012\/04\/07-300x157.jpg 300w\" sizes=\"auto, (max-width: 585px) 100vw, 585px\" \/><\/a><br \/>\nma anche il Contemporaneo BOB COULTER<br \/>\n<a href=\"https:\/\/fiaf.net\/agoradicult\/wp-content\/uploads\/sites\/23\/2012\/04\/08.jpg\"><img loading=\"lazy\" decoding=\"async\" class=\"aligncenter size-full wp-image-1583\" title=\"08\" src=\"https:\/\/fiaf.net\/agoradicult\/wp-content\/uploads\/sites\/23\/2012\/04\/08.jpg\" alt=\"\" width=\"580\" height=\"177\" srcset=\"https:\/\/fiaf.net\/agoradicult\/wp-content\/uploads\/sites\/23\/2012\/04\/08.jpg 580w, https:\/\/fiaf.net\/agoradicult\/wp-content\/uploads\/sites\/23\/2012\/04\/08-300x92.jpg 300w\" sizes=\"auto, (max-width: 580px) 100vw, 580px\" \/><\/a><br \/>\ned il russo\u00a0 ALEXANDER CHERNOGRIVOV scoperta recentissima della critica e dai galleristi<\/p>\n<p style=\"text-align: justify\"><a href=\"https:\/\/fiaf.net\/agoradicult\/wp-content\/uploads\/sites\/23\/2012\/04\/09.jpg\"><img loading=\"lazy\" decoding=\"async\" class=\"aligncenter size-full wp-image-1584\" title=\"09\" src=\"https:\/\/fiaf.net\/agoradicult\/wp-content\/uploads\/sites\/23\/2012\/04\/09.jpg\" alt=\"\" width=\"345\" height=\"241\" srcset=\"https:\/\/fiaf.net\/agoradicult\/wp-content\/uploads\/sites\/23\/2012\/04\/09.jpg 345w, https:\/\/fiaf.net\/agoradicult\/wp-content\/uploads\/sites\/23\/2012\/04\/09-300x210.jpg 300w\" sizes=\"auto, (max-width: 345px) 100vw, 345px\" \/><\/a><\/p>\n<p style=\"text-align: justify\">Infine si richiamano le opere di alcune artiste italiane che accomunano le due modalit\u00e0: fotografia per documentare e fotografia come arte concettuale, sono autrici sia delle\u00a0 performance che delle fotografie fatte in questa situazione, inoltre producono fotografie utilizzando il proprio corpo come soggetto principale.<\/p>\n<p>GIOVANNA TORRESIN<br \/>\n<a href=\"https:\/\/fiaf.net\/agoradicult\/wp-content\/uploads\/sites\/23\/2012\/04\/10.jpg\"><img loading=\"lazy\" decoding=\"async\" class=\"aligncenter size-full wp-image-1586\" title=\"10\" src=\"https:\/\/fiaf.net\/agoradicult\/wp-content\/uploads\/sites\/23\/2012\/04\/10.jpg\" alt=\"\" width=\"474\" height=\"306\" srcset=\"https:\/\/fiaf.net\/agoradicult\/wp-content\/uploads\/sites\/23\/2012\/04\/10.jpg 474w, https:\/\/fiaf.net\/agoradicult\/wp-content\/uploads\/sites\/23\/2012\/04\/10-300x194.jpg 300w\" sizes=\"auto, (max-width: 474px) 100vw, 474px\" \/><\/a>ELISABETTA ALBERTI<br \/>\n<a href=\"https:\/\/fiaf.net\/agoradicult\/wp-content\/uploads\/sites\/23\/2012\/04\/11.jpg\"><img loading=\"lazy\" decoding=\"async\" class=\"aligncenter size-full wp-image-1587\" title=\"11\" src=\"https:\/\/fiaf.net\/agoradicult\/wp-content\/uploads\/sites\/23\/2012\/04\/11.jpg\" alt=\"\" width=\"450\" height=\"211\" srcset=\"https:\/\/fiaf.net\/agoradicult\/wp-content\/uploads\/sites\/23\/2012\/04\/11.jpg 450w, https:\/\/fiaf.net\/agoradicult\/wp-content\/uploads\/sites\/23\/2012\/04\/11-300x141.jpg 300w\" sizes=\"auto, (max-width: 450px) 100vw, 450px\" \/><\/a>TEA GIOBBIO<br \/>\n<a href=\"https:\/\/fiaf.net\/agoradicult\/wp-content\/uploads\/sites\/23\/2012\/04\/12.jpg\"><img loading=\"lazy\" decoding=\"async\" class=\"aligncenter size-full wp-image-1588\" title=\"12\" src=\"https:\/\/fiaf.net\/agoradicult\/wp-content\/uploads\/sites\/23\/2012\/04\/12.jpg\" alt=\"\" width=\"236\" height=\"350\" srcset=\"https:\/\/fiaf.net\/agoradicult\/wp-content\/uploads\/sites\/23\/2012\/04\/12.jpg 236w, https:\/\/fiaf.net\/agoradicult\/wp-content\/uploads\/sites\/23\/2012\/04\/12-202x300.jpg 202w\" sizes=\"auto, (max-width: 236px) 100vw, 236px\" \/><\/a><\/p>\n<p style=\"text-align: center\"><span style=\"color: #ffffff\">.<\/span><\/p>\n<p><a href=\"https:\/\/fiaf.net\/agoradicult\/wp-content\/uploads\/sites\/23\/2012\/04\/13.jpg\"><img loading=\"lazy\" decoding=\"async\" class=\"aligncenter size-full wp-image-1589\" title=\"13\" src=\"https:\/\/fiaf.net\/agoradicult\/wp-content\/uploads\/sites\/23\/2012\/04\/13.jpg\" alt=\"\" width=\"560\" height=\"277\" srcset=\"https:\/\/fiaf.net\/agoradicult\/wp-content\/uploads\/sites\/23\/2012\/04\/13.jpg 560w, https:\/\/fiaf.net\/agoradicult\/wp-content\/uploads\/sites\/23\/2012\/04\/13-300x148.jpg 300w\" sizes=\"auto, (max-width: 560px) 100vw, 560px\" \/><\/a><\/p>\n<p style=\"text-align: justify\">L\u2019artista, dunque anche l\u2019artista che decide di utilizzare la fotografia, prima di tutto attua una speculazione intellettuale, cio\u00e8 definisce\u00a0 i concetti che gli stanno a cuore, poi\u00a0 elabora un progetto in cui ipotizza le tecniche realizzative pertinenti allo scopo. I concetti che stanno alla base del progetto non debbono essere necessariamente \u201cartistici\u201d bens\u00ec speculativi cio\u00e8 possono essere desunti da impianti disciplinari i pi\u00f9 disparati, dalla filosofia, dalle scienze umane, dalla sociologia e dalla antropologia culturale, dalla politica, dalla storia, dall\u2019ecologia, dalle religioni, dall\u2019esoterismo\u2026 Per i concetti, cos\u00ec come per le tecniche e i procedimenti, l\u2019arte contemporanea non si pone limiti e finisce per delineare degli insiemi fortemente pluridisciplinari. Va da s\u00e9 che il \u201cfruitore\u201d dell\u2019arte contemporanea, ad esempio il visitatore di una esposizione, per poter leggere\/interpretare adeguatamente un\u2019opera, deve disporre di un adeguato bagaglio di\u00a0 conoscenze multidisciplinari. Ecco, allora, che il rischio di incomprensioni\u00a0 fra l\u2019artista e il pubblico \u00e8 oggi pi\u00f9 elevato di ieri. Una fotografia \u201cconcettuale\u201d destinata al mondo dell\u2019arte presenta sempre, almeno in apparenza, un\u2019alta poli-significanza e conseguentemente un ampio grado di ambiguit\u00e0, ma pure un\u2019 insita capacit\u00e0 di dialogo interdisciplinare.<\/p>\n<p style=\"text-align: justify\"><strong>Maurizio Tieghi<\/strong><\/p>\n<p>&nbsp;<\/p>\n\n    <div class=\"xs_social_share_widget xs_share_url after_content \t\tmain_content  wslu-style-1 wslu-share-box-shaped wslu-fill-colored wslu-none wslu-share-horizontal wslu-theme-font-no wslu-main_content\">\n\n\t\t\n        <ul>\n\t\t\t        <\/ul>\n    <\/div> \n","protected":false},"excerpt":{"rendered":"<p>. Condivido con tutti gli amici dell\u2019AGORA\u2019 DI CULT \u00a0un\u2019iniziativa del FOTOclub FERRARA tramite un breve riassunto, riportando quanto ho &hellip;<\/p>\n","protected":false},"author":15,"featured_media":1588,"comment_status":"open","ping_status":"open","sticky":false,"template":"","format":"standard","meta":{"_acf_changed":false,"footnotes":""},"categories":[7,19],"tags":[],"class_list":["post-1572","post","type-post","status-publish","format-standard","has-post-thumbnail","hentry","category-archivio","category-eventi-di-studio-della-fotografia"],"acf":[],"_links":{"self":[{"href":"https:\/\/fiaf.net\/agoradicult\/wp-json\/wp\/v2\/posts\/1572","targetHints":{"allow":["GET"]}}],"collection":[{"href":"https:\/\/fiaf.net\/agoradicult\/wp-json\/wp\/v2\/posts"}],"about":[{"href":"https:\/\/fiaf.net\/agoradicult\/wp-json\/wp\/v2\/types\/post"}],"author":[{"embeddable":true,"href":"https:\/\/fiaf.net\/agoradicult\/wp-json\/wp\/v2\/users\/15"}],"replies":[{"embeddable":true,"href":"https:\/\/fiaf.net\/agoradicult\/wp-json\/wp\/v2\/comments?post=1572"}],"version-history":[{"count":0,"href":"https:\/\/fiaf.net\/agoradicult\/wp-json\/wp\/v2\/posts\/1572\/revisions"}],"wp:featuredmedia":[{"embeddable":true,"href":"https:\/\/fiaf.net\/agoradicult\/wp-json\/wp\/v2\/media\/1588"}],"wp:attachment":[{"href":"https:\/\/fiaf.net\/agoradicult\/wp-json\/wp\/v2\/media?parent=1572"}],"wp:term":[{"taxonomy":"category","embeddable":true,"href":"https:\/\/fiaf.net\/agoradicult\/wp-json\/wp\/v2\/categories?post=1572"},{"taxonomy":"post_tag","embeddable":true,"href":"https:\/\/fiaf.net\/agoradicult\/wp-json\/wp\/v2\/tags?post=1572"}],"curies":[{"name":"wp","href":"https:\/\/api.w.org\/{rel}","templated":true}]}}