{"id":15834,"date":"2017-05-28T21:11:52","date_gmt":"2017-05-28T19:11:52","guid":{"rendered":"https:\/\/fiaf.net\/agoradicult\/?p=15834"},"modified":"2017-05-28T21:11:52","modified_gmt":"2017-05-28T19:11:52","slug":"capolinea-elaborazione-del-concept-07","status":"publish","type":"post","link":"https:\/\/fiaf.net\/agoradicult\/2017\/05\/28\/capolinea-elaborazione-del-concept-07\/","title":{"rendered":"CAPOLINEA \u2013 Elaborazione del concept 07"},"content":{"rendered":"<p class=\"Corpo\" style=\"text-align: left\"><span style=\"color: #ffffff\">&#8230;<\/span><\/p>\n<p class=\"Corpo\" style=\"text-align: left\"><span style=\"color: #ffffff\">&#8230;<\/span><\/p>\n<p class=\"Corpo\" style=\"text-align: left\"><span style=\"color: #ffffff\">&#8230;..<\/span><\/p>\n<p class=\"Corpo\" style=\"text-align: left\">.<\/p>\n<p class=\"Corpo\" style=\"text-align: left\">.<\/p>\n<p><span style=\"color: #ffffff\">.<\/span><br \/>\n<span style=\"color: #ffffff\">&#8230;..<\/span><br \/>\n<span style=\"color: #ffffff\">&#8230;<\/span><\/p>\n<h3 class=\"Corpo\" style=\"text-align: center\"><span style=\"font-size: 14.0pt;font-family: Georgia\">LAB Di Cult 020 FIAF, Tematico \u201cCapolinea\u201d<br \/>\nCoordinatore: Giancarla\u00a0Lorenzini<\/span><\/h3>\n<p>&nbsp;<br \/>\n&nbsp;<br \/>\n<img loading=\"lazy\" decoding=\"async\" class=\"aligncenter size-full wp-image-15835\" src=\"https:\/\/fiaf.net\/agoradicult\/wp-content\/uploads\/sites\/23\/2017\/05\/010_IMG_7975-c.jpg\" alt=\"\" width=\"580\" height=\"387\" srcset=\"https:\/\/fiaf.net\/agoradicult\/wp-content\/uploads\/sites\/23\/2017\/05\/010_IMG_7975-c.jpg 580w, https:\/\/fiaf.net\/agoradicult\/wp-content\/uploads\/sites\/23\/2017\/05\/010_IMG_7975-c-300x200.jpg 300w\" sizes=\"auto, (max-width: 580px) 100vw, 580px\" \/><br \/>\nE\u2019 opinione comune che la parola \u201ccapolinea\u201d sia sinonimo di fine,\u00a0 in una condizione di irreversibilit\u00e0. Ma in realt\u00e0\u00a0 in questi mesi\u00a0 in cui abbiamo sviscerato il termine abbiamo capito che, dietro l\u2019apparente unico significato,\u00a0 \u201cCapolinea\u201d \u00e8 un tema di vastissima interpretazione, con tantissime possibilit\u00e0 di raccontare.<br \/>\nUn capolinea implica una partenza e un tragitto per giungere al suo termine.\u00a0 Ogni giorno \u00e8 un capolinea, ogni vita \u00e8 un capolinea. La vita \u00e8 essenzialmente movimento e il suo arresto ne determina la scomparsa. Quindi\u00a0 ogni suo momento di capolinea rappresenta in realt\u00e0 uno snodo, un nuovo punto di partenza,\u00a0 un nuovo percorso, nuovi significati. Infatti, per chi crede, neanche la morte rappresenta la fine di un\u2019esistenza, ma soltanto la chiave di volta di una trasformazione in una nuova dimensione.<br \/>\nUn tema quindi estremamente interessante che avrebbe meritato attenzione ancora per altro tempo, e che sicuramente molti di noi contunderanno ad affrontare.<br \/>\n<img loading=\"lazy\" decoding=\"async\" class=\"aligncenter size-full wp-image-15836\" src=\"https:\/\/fiaf.net\/agoradicult\/wp-content\/uploads\/sites\/23\/2017\/05\/020_IMG_7951-c.jpg\" alt=\"\" width=\"580\" height=\"387\" srcset=\"https:\/\/fiaf.net\/agoradicult\/wp-content\/uploads\/sites\/23\/2017\/05\/020_IMG_7951-c.jpg 580w, https:\/\/fiaf.net\/agoradicult\/wp-content\/uploads\/sites\/23\/2017\/05\/020_IMG_7951-c-300x200.jpg 300w\" sizes=\"auto, (max-width: 580px) 100vw, 580px\" \/><br \/>\nIl nostro Laboratorio 020 Marche \u00e8 partito a marzo, coinvolgendo tre circoli di due provincie delle Marche: il Fotoclub Potenza Picena in provincia di Macerata,\u00a0 il Circolo Fotografico Avis BFI di Chiaravalle e il Circolo Fotografico Avis M.Giacomelli BFI di Osimo,\u00a0 in provincia di Ancona. 40 gli iscritti.<br \/>\nDopo una prima fase di presentazione del tema tenuta singolarmente nei 3 fotoclub, i gruppi di lavoro hanno sviluppato i loro argomenti\u00a0 di interesse con il prezioso contributo e coordinamento dei capogruppo, che hanno saputo interessare e coinvolgere tutti i partecipanti;\u00a0 Come era nello spirito del laboratorio, questa elaborazione condivisa ha permesso anche a coloro che non si erano mai cimentati con un\u00a0 portfolio di svilupparlo secondo le proprie inclinazioni.<br \/>\n<img loading=\"lazy\" decoding=\"async\" class=\"aligncenter size-full wp-image-15837\" src=\"https:\/\/fiaf.net\/agoradicult\/wp-content\/uploads\/sites\/23\/2017\/05\/030_IMG_7928-c.jpg\" alt=\"\" width=\"580\" height=\"387\" srcset=\"https:\/\/fiaf.net\/agoradicult\/wp-content\/uploads\/sites\/23\/2017\/05\/030_IMG_7928-c.jpg 580w, https:\/\/fiaf.net\/agoradicult\/wp-content\/uploads\/sites\/23\/2017\/05\/030_IMG_7928-c-300x200.jpg 300w\" sizes=\"auto, (max-width: 580px) 100vw, 580px\" \/><br \/>\nLa prima verifica \u00e8 stata fatta a fine aprile nella sede del Circolo Fotografico Avis M.Giacomelli BFI di Osimo, riunendo tutti e tre i fotoclub. Questa \u00e8 stata un\u2019occasione molto importante che ha dato modo di conoscersi, far conoscere le proprie potenzialit\u00e0 espressive, stringere nuove amicizie. La lettura dei portfolio \u00e8 stata fatta coralmente, con una partecipazione viva e attiva; tutti hanno dato il loro speciale contributo. L\u2019ultimo incontro di verifica dei lavori si \u00e8 svolto il 24 maggio, questa volta al Circolo Fotografico Avis BFI di Chiaravalle, con una massiccia e attiva collaborazione tra tutti; anche questo \u00e8 stato un\u00a0 momento di confronto e di crescita, in un clima costruttivo e di amicizia estremamente piacevole . Stiamo gi\u00e0 pensando ad un\u2019esposizione itinerante che si terr\u00e0 nei comuni di appartenenza dei 3 Fotoclub partecipanti, quindi a Chiaravalle, Osimo e Potenza Picena.<br \/>\n<img loading=\"lazy\" decoding=\"async\" class=\"aligncenter size-full wp-image-15838\" src=\"https:\/\/fiaf.net\/agoradicult\/wp-content\/uploads\/sites\/23\/2017\/05\/050_IMG_7923-c.jpg\" alt=\"\" width=\"580\" height=\"387\" srcset=\"https:\/\/fiaf.net\/agoradicult\/wp-content\/uploads\/sites\/23\/2017\/05\/050_IMG_7923-c.jpg 580w, https:\/\/fiaf.net\/agoradicult\/wp-content\/uploads\/sites\/23\/2017\/05\/050_IMG_7923-c-300x200.jpg 300w\" sizes=\"auto, (max-width: 580px) 100vw, 580px\" \/><br \/>\nSiamo quindi in dirittura di arrivo per il termine dei lavori, che verranno esposti il prossimo 30 giugno\u00a0 insieme ad altri laboratori, al Festival\u00a0 Face Photo News di Sassoferrato.<br \/>\nAl di l\u00e0 del risultato finale ci riteniamo quindi molto soddisfatti dell\u2019esito raggiunto. Una gran bella esperienza!<br \/>\nPer approfondimenti, proponiamo le seguenti Riflessioni dei Capogruppo Beatrice Bramucci e Federico Biagioli.<\/p>\n<ul>\n<li><a href=\"https:\/\/fiaf.net\/agoradicult\/wp-content\/uploads\/sites\/23\/2017\/05\/Beatrice-Bramucci-Capolinea.pdf\">Riflessione di Beatrice Bramucci &#8211; Capolinea<\/a>\u00a0(pdf scaricabile)<\/li>\n<li><a href=\"https:\/\/fiaf.net\/agoradicult\/wp-content\/uploads\/sites\/23\/2017\/05\/Federico-Biagioli-riflessioni-Capolinea.pdf\">Riflessione di Federico Biagioli &#8211; Capolinea<\/a>(pdf scaricabile)<\/li>\n<\/ul>\n<p><img loading=\"lazy\" decoding=\"async\" class=\"aligncenter size-full wp-image-15839\" src=\"https:\/\/fiaf.net\/agoradicult\/wp-content\/uploads\/sites\/23\/2017\/05\/060_IMG_7947-c.jpg\" alt=\"\" width=\"580\" height=\"387\" srcset=\"https:\/\/fiaf.net\/agoradicult\/wp-content\/uploads\/sites\/23\/2017\/05\/060_IMG_7947-c.jpg 580w, https:\/\/fiaf.net\/agoradicult\/wp-content\/uploads\/sites\/23\/2017\/05\/060_IMG_7947-c-300x200.jpg 300w\" sizes=\"auto, (max-width: 580px) 100vw, 580px\" \/><br \/>\n&nbsp;<br \/>\n&nbsp;<\/p>\n<h2 style=\"text-align: center\">Orientamenti di ricerca fotografica<\/h2>\n<h3>1_Capolinea:\u00a0una condizione molte volte non scelta ma subita \u2026\u00a0tanti sono i\u00a0 tragitti e i percorsi \u2026<\/h3>\n<p>Durante il proprio percorso si possono incontrare dei capolinea, degli ostacoli che necessariamente richiedono il cambio di rotta: la vita \u00e8 movimento e restare li immobili significherebbe non vivere. Ecco allora una ripartenza, un nuovo tragitto, nuove soluzioni, nuove scoperte \u2026<\/p>\n<p style=\"text-align: center\"><img loading=\"lazy\" decoding=\"async\" class=\"aligncenter size-full wp-image-15840\" src=\"https:\/\/fiaf.net\/agoradicult\/wp-content\/uploads\/sites\/23\/2017\/05\/Luca-Cardoni_partenza-da-un-arrivo.jpg\" alt=\"\" width=\"580\" height=\"192\" srcset=\"https:\/\/fiaf.net\/agoradicult\/wp-content\/uploads\/sites\/23\/2017\/05\/Luca-Cardoni_partenza-da-un-arrivo.jpg 580w, https:\/\/fiaf.net\/agoradicult\/wp-content\/uploads\/sites\/23\/2017\/05\/Luca-Cardoni_partenza-da-un-arrivo-300x99.jpg 300w\" sizes=\"auto, (max-width: 580px) 100vw, 580px\" \/><\/p>\n<p style=\"text-align: center\">Luca Cardoni &#8211; Partenza da un arrivo<\/p>\n<p style=\"text-align: center\"><img loading=\"lazy\" decoding=\"async\" class=\"aligncenter size-full wp-image-15841\" src=\"https:\/\/fiaf.net\/agoradicult\/wp-content\/uploads\/sites\/23\/2017\/05\/Fabio-Mignanelli-Naim-Muca.jpg\" alt=\"\" width=\"580\" height=\"435\" srcset=\"https:\/\/fiaf.net\/agoradicult\/wp-content\/uploads\/sites\/23\/2017\/05\/Fabio-Mignanelli-Naim-Muca.jpg 580w, https:\/\/fiaf.net\/agoradicult\/wp-content\/uploads\/sites\/23\/2017\/05\/Fabio-Mignanelli-Naim-Muca-300x225.jpg 300w\" sizes=\"auto, (max-width: 580px) 100vw, 580px\" \/><\/p>\n<p style=\"text-align: center\">Fabio Mignanelli \u2013 Naim Muca<\/p>\n<p style=\"text-align: center\"><img loading=\"lazy\" decoding=\"async\" class=\"aligncenter size-full wp-image-15842\" src=\"https:\/\/fiaf.net\/agoradicult\/wp-content\/uploads\/sites\/23\/2017\/05\/Beatrice-Bramucci-ipo-visione.jpg\" alt=\"\" width=\"580\" height=\"387\" srcset=\"https:\/\/fiaf.net\/agoradicult\/wp-content\/uploads\/sites\/23\/2017\/05\/Beatrice-Bramucci-ipo-visione.jpg 580w, https:\/\/fiaf.net\/agoradicult\/wp-content\/uploads\/sites\/23\/2017\/05\/Beatrice-Bramucci-ipo-visione-300x200.jpg 300w\" sizes=\"auto, (max-width: 580px) 100vw, 580px\" \/><\/p>\n<p style=\"text-align: center\">Beatrice Bramucci \u2013 ipo-visione<\/p>\n<p style=\"text-align: center\"><img loading=\"lazy\" decoding=\"async\" class=\"aligncenter size-full wp-image-15843\" src=\"https:\/\/fiaf.net\/agoradicult\/wp-content\/uploads\/sites\/23\/2017\/05\/MANLIO_MORETTI_il-mio-Capolinea.jpg\" alt=\"\" width=\"580\" height=\"387\" srcset=\"https:\/\/fiaf.net\/agoradicult\/wp-content\/uploads\/sites\/23\/2017\/05\/MANLIO_MORETTI_il-mio-Capolinea.jpg 580w, https:\/\/fiaf.net\/agoradicult\/wp-content\/uploads\/sites\/23\/2017\/05\/MANLIO_MORETTI_il-mio-Capolinea-300x200.jpg 300w\" sizes=\"auto, (max-width: 580px) 100vw, 580px\" \/><\/p>\n<p style=\"text-align: center\">Manlio Moretti \u2013 il mio capolinea<\/p>\n<h3>2_Capolinea:\u00a0svolte e cambiamenti\u00a0 irreversibili \u2026<\/h3>\n<p style=\"text-align: center\"><img loading=\"lazy\" decoding=\"async\" class=\"aligncenter size-full wp-image-15844\" src=\"https:\/\/fiaf.net\/agoradicult\/wp-content\/uploads\/sites\/23\/2017\/05\/Antonio-Giantomassi-79-dc-forse-il-24-ottobre.jpg\" alt=\"\" width=\"580\" height=\"385\" srcset=\"https:\/\/fiaf.net\/agoradicult\/wp-content\/uploads\/sites\/23\/2017\/05\/Antonio-Giantomassi-79-dc-forse-il-24-ottobre.jpg 580w, https:\/\/fiaf.net\/agoradicult\/wp-content\/uploads\/sites\/23\/2017\/05\/Antonio-Giantomassi-79-dc-forse-il-24-ottobre-300x199.jpg 300w\" sizes=\"auto, (max-width: 580px) 100vw, 580px\" \/><\/p>\n<p style=\"text-align: center\">Antonio Giantomassi \u2013 79 d.c., forse il 24 ottobre<\/p>\n<p style=\"text-align: center\"><img loading=\"lazy\" decoding=\"async\" class=\"aligncenter size-full wp-image-15845\" src=\"https:\/\/fiaf.net\/agoradicult\/wp-content\/uploads\/sites\/23\/2017\/05\/Eugenio-Verolo-viaggio-di-sola-andata.jpg\" alt=\"\" width=\"580\" height=\"387\" srcset=\"https:\/\/fiaf.net\/agoradicult\/wp-content\/uploads\/sites\/23\/2017\/05\/Eugenio-Verolo-viaggio-di-sola-andata.jpg 580w, https:\/\/fiaf.net\/agoradicult\/wp-content\/uploads\/sites\/23\/2017\/05\/Eugenio-Verolo-viaggio-di-sola-andata-300x200.jpg 300w\" sizes=\"auto, (max-width: 580px) 100vw, 580px\" \/><\/p>\n<p style=\"text-align: center\">Eugenio Verolo &#8211; Viaggio di sola andata<\/p>\n<p style=\"text-align: center\"><img loading=\"lazy\" decoding=\"async\" class=\"aligncenter size-full wp-image-15846\" src=\"https:\/\/fiaf.net\/agoradicult\/wp-content\/uploads\/sites\/23\/2017\/05\/Ernesto-Riccobelli-Capolinea-di-una-civilt\u00d6.jpg\" alt=\"\" width=\"580\" height=\"387\" \/><\/p>\n<p style=\"text-align: center\">Ernesto Riccobelli \u2013 Capolinea di una civilt\u00e0<\/p>\n<p style=\"text-align: center\"><img loading=\"lazy\" decoding=\"async\" class=\"aligncenter size-full wp-image-15847\" src=\"https:\/\/fiaf.net\/agoradicult\/wp-content\/uploads\/sites\/23\/2017\/05\/Claudio-Silvestrini-Cartedicarta.jpg\" alt=\"\" width=\"580\" height=\"435\" srcset=\"https:\/\/fiaf.net\/agoradicult\/wp-content\/uploads\/sites\/23\/2017\/05\/Claudio-Silvestrini-Cartedicarta.jpg 580w, https:\/\/fiaf.net\/agoradicult\/wp-content\/uploads\/sites\/23\/2017\/05\/Claudio-Silvestrini-Cartedicarta-300x225.jpg 300w\" sizes=\"auto, (max-width: 580px) 100vw, 580px\" \/><\/p>\n<p style=\"text-align: center\">Claudio Silvestrini \u2013 Cartedicarta<\/p>\n<p style=\"text-align: center\"><img loading=\"lazy\" decoding=\"async\" class=\"aligncenter size-full wp-image-15849\" src=\"https:\/\/fiaf.net\/agoradicult\/wp-content\/uploads\/sites\/23\/2017\/05\/Giancarla-Lorenzini-il-mediatore.jpg\" alt=\"\" width=\"580\" height=\"387\" srcset=\"https:\/\/fiaf.net\/agoradicult\/wp-content\/uploads\/sites\/23\/2017\/05\/Giancarla-Lorenzini-il-mediatore.jpg 580w, https:\/\/fiaf.net\/agoradicult\/wp-content\/uploads\/sites\/23\/2017\/05\/Giancarla-Lorenzini-il-mediatore-300x200.jpg 300w\" sizes=\"auto, (max-width: 580px) 100vw, 580px\" \/><\/p>\n<p style=\"text-align: center\">Giancarla Lorenzini \u2013 il mediatore<\/p>\n<h3>3_Capolinea:\u00a0ci sono istanti in cui bisogna distinguere tra ci\u00f2 che \u00e8 giusto e ci\u00f2 che \u00e8 sbagliato \u2026<\/h3>\n<p><img loading=\"lazy\" decoding=\"async\" class=\"aligncenter size-full wp-image-15850\" src=\"https:\/\/fiaf.net\/agoradicult\/wp-content\/uploads\/sites\/23\/2017\/05\/Barbara-Palombi-vite-al-bivio.jpg\" alt=\"\" width=\"580\" height=\"870\" srcset=\"https:\/\/fiaf.net\/agoradicult\/wp-content\/uploads\/sites\/23\/2017\/05\/Barbara-Palombi-vite-al-bivio.jpg 580w, https:\/\/fiaf.net\/agoradicult\/wp-content\/uploads\/sites\/23\/2017\/05\/Barbara-Palombi-vite-al-bivio-200x300.jpg 200w\" sizes=\"auto, (max-width: 580px) 100vw, 580px\" \/><\/p>\n<p style=\"text-align: center\">Barbara Palombi \u2013 Vite al bivio<\/p>\n<h3>4_Capolinea: Il ciclo della vita e la trasformazione \u2026<\/h3>\n<p style=\"text-align: center\"><img loading=\"lazy\" decoding=\"async\" class=\"aligncenter size-full wp-image-15851\" src=\"https:\/\/fiaf.net\/agoradicult\/wp-content\/uploads\/sites\/23\/2017\/05\/chantal-giaccaglia-Sfioriture-.jpg\" alt=\"\" width=\"580\" height=\"874\" srcset=\"https:\/\/fiaf.net\/agoradicult\/wp-content\/uploads\/sites\/23\/2017\/05\/chantal-giaccaglia-Sfioriture-.jpg 580w, https:\/\/fiaf.net\/agoradicult\/wp-content\/uploads\/sites\/23\/2017\/05\/chantal-giaccaglia-Sfioriture--199x300.jpg 199w\" sizes=\"auto, (max-width: 580px) 100vw, 580px\" \/><\/p>\n<p style=\"text-align: center\">Chantal Giaccaglia \u2013 Sfioriture<\/p>\n<p style=\"text-align: center\"><img loading=\"lazy\" decoding=\"async\" class=\"aligncenter size-full wp-image-15852\" src=\"https:\/\/fiaf.net\/agoradicult\/wp-content\/uploads\/sites\/23\/2017\/05\/Michele-Carraro-passaggi.jpg\" alt=\"\" width=\"580\" height=\"387\" srcset=\"https:\/\/fiaf.net\/agoradicult\/wp-content\/uploads\/sites\/23\/2017\/05\/Michele-Carraro-passaggi.jpg 580w, https:\/\/fiaf.net\/agoradicult\/wp-content\/uploads\/sites\/23\/2017\/05\/Michele-Carraro-passaggi-300x200.jpg 300w\" sizes=\"auto, (max-width: 580px) 100vw, 580px\" \/><\/p>\n<p style=\"text-align: center\">Michele Carraro \u2013 Passaggi<\/p>\n<p>La caducit\u00e0 dell\u2019essere e di tutto ci\u00f2 che ci circonda rappresenta un capolinea carico di riflessioni \u2026<\/p>\n<p style=\"text-align: center\"><img loading=\"lazy\" decoding=\"async\" class=\"aligncenter size-full wp-image-15853\" src=\"https:\/\/fiaf.net\/agoradicult\/wp-content\/uploads\/sites\/23\/2017\/05\/Daniele-Cardinali-il-capolinea-delle-nostre-Barche.jpg\" alt=\"\" width=\"580\" height=\"870\" srcset=\"https:\/\/fiaf.net\/agoradicult\/wp-content\/uploads\/sites\/23\/2017\/05\/Daniele-Cardinali-il-capolinea-delle-nostre-Barche.jpg 580w, https:\/\/fiaf.net\/agoradicult\/wp-content\/uploads\/sites\/23\/2017\/05\/Daniele-Cardinali-il-capolinea-delle-nostre-Barche-200x300.jpg 200w\" sizes=\"auto, (max-width: 580px) 100vw, 580px\" \/><\/p>\n<p style=\"text-align: center\">Daniele Cardinali \u2013 il capolinea delle nostre \u201cBarche\u201d<\/p>\n<p style=\"text-align: center\"><img loading=\"lazy\" decoding=\"async\" class=\"aligncenter size-full wp-image-15855\" src=\"https:\/\/fiaf.net\/agoradicult\/wp-content\/uploads\/sites\/23\/2017\/05\/Sauro-Marini-Age-20.jpg\" alt=\"\" width=\"580\" height=\"870\" srcset=\"https:\/\/fiaf.net\/agoradicult\/wp-content\/uploads\/sites\/23\/2017\/05\/Sauro-Marini-Age-20.jpg 580w, https:\/\/fiaf.net\/agoradicult\/wp-content\/uploads\/sites\/23\/2017\/05\/Sauro-Marini-Age-20-200x300.jpg 200w\" sizes=\"auto, (max-width: 580px) 100vw, 580px\" \/><\/p>\n<p style=\"text-align: center\">Sauro Marini\u00a0 &#8211; Age20<\/p>\n<p style=\"text-align: center\"><img loading=\"lazy\" decoding=\"async\" class=\"aligncenter size-full wp-image-15856\" src=\"https:\/\/fiaf.net\/agoradicult\/wp-content\/uploads\/sites\/23\/2017\/05\/Sergio-Ceccotti-La-morte-del-Giusto.jpg\" alt=\"\" width=\"580\" height=\"380\" srcset=\"https:\/\/fiaf.net\/agoradicult\/wp-content\/uploads\/sites\/23\/2017\/05\/Sergio-Ceccotti-La-morte-del-Giusto.jpg 580w, https:\/\/fiaf.net\/agoradicult\/wp-content\/uploads\/sites\/23\/2017\/05\/Sergio-Ceccotti-La-morte-del-Giusto-300x197.jpg 300w\" sizes=\"auto, (max-width: 580px) 100vw, 580px\" \/><\/p>\n<p style=\"text-align: center\">Sergio Ceccotti \u2013 La morte del Giusto<\/p>\n<p style=\"text-align: center\"><img loading=\"lazy\" decoding=\"async\" class=\"aligncenter size-full wp-image-15858\" src=\"https:\/\/fiaf.net\/agoradicult\/wp-content\/uploads\/sites\/23\/2017\/05\/Ernesto-Scarpini-Anuta-RiP.jpg\" alt=\"\" width=\"580\" height=\"388\" srcset=\"https:\/\/fiaf.net\/agoradicult\/wp-content\/uploads\/sites\/23\/2017\/05\/Ernesto-Scarpini-Anuta-RiP.jpg 580w, https:\/\/fiaf.net\/agoradicult\/wp-content\/uploads\/sites\/23\/2017\/05\/Ernesto-Scarpini-Anuta-RiP-300x201.jpg 300w\" sizes=\"auto, (max-width: 580px) 100vw, 580px\" \/><\/p>\n<p style=\"text-align: center\">Ernesto Scarponi \u2013 Anuta R.I.P.<\/p>\n<p style=\"text-align: center\"><img loading=\"lazy\" decoding=\"async\" class=\"aligncenter size-full wp-image-15859\" src=\"https:\/\/fiaf.net\/agoradicult\/wp-content\/uploads\/sites\/23\/2017\/05\/Stefano-Belardinelli-ultimo-capolinea.jpg\" alt=\"\" width=\"580\" height=\"387\" srcset=\"https:\/\/fiaf.net\/agoradicult\/wp-content\/uploads\/sites\/23\/2017\/05\/Stefano-Belardinelli-ultimo-capolinea.jpg 580w, https:\/\/fiaf.net\/agoradicult\/wp-content\/uploads\/sites\/23\/2017\/05\/Stefano-Belardinelli-ultimo-capolinea-300x200.jpg 300w\" sizes=\"auto, (max-width: 580px) 100vw, 580px\" \/><\/p>\n<p style=\"text-align: center\">Stefano Belardinelli \u2013 Ultimo capolinea<\/p>\n<p style=\"text-align: center\"><img loading=\"lazy\" decoding=\"async\" class=\"aligncenter size-full wp-image-15860\" src=\"https:\/\/fiaf.net\/agoradicult\/wp-content\/uploads\/sites\/23\/2017\/05\/Elisabetta-Aquilanti-Passaggi.jpg\" alt=\"\" width=\"580\" height=\"386\" srcset=\"https:\/\/fiaf.net\/agoradicult\/wp-content\/uploads\/sites\/23\/2017\/05\/Elisabetta-Aquilanti-Passaggi.jpg 580w, https:\/\/fiaf.net\/agoradicult\/wp-content\/uploads\/sites\/23\/2017\/05\/Elisabetta-Aquilanti-Passaggi-300x200.jpg 300w\" sizes=\"auto, (max-width: 580px) 100vw, 580px\" \/><\/p>\n<p style=\"text-align: center\">Elisabetta Aquilanti\u00a0 &#8211;\u00a0 Passaggi<\/p>\n<h3>5_Capolinea: A volte un capolinea pu\u00f2 essere drammaticamente tragico e allora ci si dispera, si piange ma si prega anche.<\/h3>\n<p>Troppo frequentemente si incontra lungo i bordi della strada \u00a0qualcosa che ricorda l&#8217;accaduto \u2026<br \/>\n<img loading=\"lazy\" decoding=\"async\" class=\"aligncenter size-full wp-image-15861\" src=\"https:\/\/fiaf.net\/agoradicult\/wp-content\/uploads\/sites\/23\/2017\/05\/Manuela-Fratoni-capolinea.jpg\" alt=\"\" width=\"580\" height=\"580\" srcset=\"https:\/\/fiaf.net\/agoradicult\/wp-content\/uploads\/sites\/23\/2017\/05\/Manuela-Fratoni-capolinea.jpg 580w, https:\/\/fiaf.net\/agoradicult\/wp-content\/uploads\/sites\/23\/2017\/05\/Manuela-Fratoni-capolinea-300x300.jpg 300w, https:\/\/fiaf.net\/agoradicult\/wp-content\/uploads\/sites\/23\/2017\/05\/Manuela-Fratoni-capolinea-150x150.jpg 150w\" sizes=\"auto, (max-width: 580px) 100vw, 580px\" \/><\/p>\n<p style=\"text-align: center\">Manuela Fratoni \u2013 Capolinea<\/p>\n<h3>6_Capolinea: Ma l\u2019istinto di vita \u00e8 sempre pi\u00f9 forte della paura della morte, allora si va alla ricerca della consolazione o del riscatto \u2026<\/h3>\n<p style=\"text-align: center\"><img loading=\"lazy\" decoding=\"async\" class=\"aligncenter size-full wp-image-15863\" src=\"https:\/\/fiaf.net\/agoradicult\/wp-content\/uploads\/sites\/23\/2017\/05\/Rosella-Centanni-Anima-densa-si-disperde-nell-aria-dolore-in-terra.jpg\" alt=\"\" width=\"580\" height=\"387\" srcset=\"https:\/\/fiaf.net\/agoradicult\/wp-content\/uploads\/sites\/23\/2017\/05\/Rosella-Centanni-Anima-densa-si-disperde-nell-aria-dolore-in-terra.jpg 580w, https:\/\/fiaf.net\/agoradicult\/wp-content\/uploads\/sites\/23\/2017\/05\/Rosella-Centanni-Anima-densa-si-disperde-nell-aria-dolore-in-terra-300x200.jpg 300w\" sizes=\"auto, (max-width: 580px) 100vw, 580px\" \/><\/p>\n<p style=\"text-align: center\">Rosella Centanni \u2013 Anima densa\/si disperde nell\u2019aria\/dolore in terra \u2026<\/p>\n<p style=\"text-align: center\"><img loading=\"lazy\" decoding=\"async\" class=\"aligncenter size-full wp-image-15864\" src=\"https:\/\/fiaf.net\/agoradicult\/wp-content\/uploads\/sites\/23\/2017\/05\/Silvana-Vici-Rinascita.jpg\" alt=\"\" width=\"580\" height=\"387\" srcset=\"https:\/\/fiaf.net\/agoradicult\/wp-content\/uploads\/sites\/23\/2017\/05\/Silvana-Vici-Rinascita.jpg 580w, https:\/\/fiaf.net\/agoradicult\/wp-content\/uploads\/sites\/23\/2017\/05\/Silvana-Vici-Rinascita-300x200.jpg 300w\" sizes=\"auto, (max-width: 580px) 100vw, 580px\" \/><\/p>\n<p style=\"text-align: center\">Silvana Vici \u2013 Rinascita<\/p>\n<h3>7_Capolinea di trasformazione \u2026<\/h3>\n<p style=\"text-align: center\"><img loading=\"lazy\" decoding=\"async\" class=\"aligncenter size-full wp-image-15865\" src=\"https:\/\/fiaf.net\/agoradicult\/wp-content\/uploads\/sites\/23\/2017\/05\/Vincenzo-Baldeschi-la-magia-del-vetro.jpg\" alt=\"\" width=\"580\" height=\"387\" srcset=\"https:\/\/fiaf.net\/agoradicult\/wp-content\/uploads\/sites\/23\/2017\/05\/Vincenzo-Baldeschi-la-magia-del-vetro.jpg 580w, https:\/\/fiaf.net\/agoradicult\/wp-content\/uploads\/sites\/23\/2017\/05\/Vincenzo-Baldeschi-la-magia-del-vetro-300x200.jpg 300w\" sizes=\"auto, (max-width: 580px) 100vw, 580px\" \/><\/p>\n<p style=\"text-align: center\">Vincenzo Baldeschi \u2013 la magia del vetro<\/p>\n<p style=\"text-align: center\"><img loading=\"lazy\" decoding=\"async\" class=\"aligncenter size-full wp-image-15866\" src=\"https:\/\/fiaf.net\/agoradicult\/wp-content\/uploads\/sites\/23\/2017\/05\/Serenella-Osimani-Ri-partenza.jpg\" alt=\"\" width=\"580\" height=\"387\" srcset=\"https:\/\/fiaf.net\/agoradicult\/wp-content\/uploads\/sites\/23\/2017\/05\/Serenella-Osimani-Ri-partenza.jpg 580w, https:\/\/fiaf.net\/agoradicult\/wp-content\/uploads\/sites\/23\/2017\/05\/Serenella-Osimani-Ri-partenza-300x200.jpg 300w\" sizes=\"auto, (max-width: 580px) 100vw, 580px\" \/><\/p>\n<p style=\"text-align: center\">Serenella Osimani \u2013 Ri-Partenza<\/p>\n<h3>8_Capolinea: Ogni cosa ha il suo capolinea \u2026<\/h3>\n<p style=\"text-align: center\"><img loading=\"lazy\" decoding=\"async\" class=\"aligncenter size-full wp-image-15867\" src=\"https:\/\/fiaf.net\/agoradicult\/wp-content\/uploads\/sites\/23\/2017\/05\/Damiano-Maiani-passaggio-di-consegna.jpg\" alt=\"\" width=\"580\" height=\"387\" srcset=\"https:\/\/fiaf.net\/agoradicult\/wp-content\/uploads\/sites\/23\/2017\/05\/Damiano-Maiani-passaggio-di-consegna.jpg 580w, https:\/\/fiaf.net\/agoradicult\/wp-content\/uploads\/sites\/23\/2017\/05\/Damiano-Maiani-passaggio-di-consegna-300x200.jpg 300w\" sizes=\"auto, (max-width: 580px) 100vw, 580px\" \/><\/p>\n<p style=\"text-align: center\">Damiano Maiani \u2013 Passaggio di consegna<\/p>\n<p style=\"text-align: center\"><img loading=\"lazy\" decoding=\"async\" class=\"aligncenter size-full wp-image-15868\" src=\"https:\/\/fiaf.net\/agoradicult\/wp-content\/uploads\/sites\/23\/2017\/05\/Cinzia-Gabbanelli-il-tempo-\u00e4-finito.jpg\" alt=\"\" width=\"580\" height=\"387\" \/><\/p>\n<p style=\"text-align: center\">Cinzia Gabbanelli \u2013 il tempo \u00e8 finito<\/p>\n<h3>9_Capolinea: Il capolinea pu\u00f2 essere la fine di qualcosa ma anche una rinascita:<\/h3>\n<p>Gli oggetti hanno valore finch\u00e9 utili e prima o poi verranno lasciati morire, ma se qualcuno li raccoglier\u00e0 potr\u00e0 farli rivivere semplicemente per quel che sono \u2026<br \/>\n<img loading=\"lazy\" decoding=\"async\" class=\"aligncenter size-full wp-image-15869\" src=\"https:\/\/fiaf.net\/agoradicult\/wp-content\/uploads\/sites\/23\/2017\/05\/Andrea-Carloni-inizio-dalla-fine-.jpg\" alt=\"\" width=\"580\" height=\"870\" srcset=\"https:\/\/fiaf.net\/agoradicult\/wp-content\/uploads\/sites\/23\/2017\/05\/Andrea-Carloni-inizio-dalla-fine-.jpg 580w, https:\/\/fiaf.net\/agoradicult\/wp-content\/uploads\/sites\/23\/2017\/05\/Andrea-Carloni-inizio-dalla-fine--200x300.jpg 200w\" sizes=\"auto, (max-width: 580px) 100vw, 580px\" \/><\/p>\n<p style=\"text-align: center\">Andrea Carloni \u2013 inizio dalla fine<\/p>\n<h3>10_Capolinea I beni di consumo hanno un loro tempo e la loro storia.<\/h3>\n<p>Sono stati \u201cconsumati\u201d ed il loro utilizzo \u00e8 ormai arrivato al capolinea. Fotografarli un attimo prima che vengano gettati\u00a0 nella spazzatura ha lo scopo di &#8220;salvargli la vita&#8221;.\u00a0 L\u2019 immagine una volta stampata\u00a0 ed esposta in varie occasioni dar\u00e0 al soggetto una &#8220;ripartenza&#8221;,\u00a0 cos\u00ec non pi\u00f9 utile &#8220;in vita&#8221;, continuer\u00e0 a vivere dopo la sua morte \u2026<\/p>\n<p style=\"text-align: center\"><img loading=\"lazy\" decoding=\"async\" class=\"aligncenter size-full wp-image-15870\" src=\"https:\/\/fiaf.net\/agoradicult\/wp-content\/uploads\/sites\/23\/2017\/05\/Carlo-Lupetti-Scorci-di-vita.jpg\" alt=\"\" width=\"580\" height=\"387\" srcset=\"https:\/\/fiaf.net\/agoradicult\/wp-content\/uploads\/sites\/23\/2017\/05\/Carlo-Lupetti-Scorci-di-vita.jpg 580w, https:\/\/fiaf.net\/agoradicult\/wp-content\/uploads\/sites\/23\/2017\/05\/Carlo-Lupetti-Scorci-di-vita-300x200.jpg 300w\" sizes=\"auto, (max-width: 580px) 100vw, 580px\" \/><\/p>\n<p style=\"text-align: center\">Carlo Lupetti &#8211; Scorci di vita<\/p>\n<p style=\"text-align: center\"><img loading=\"lazy\" decoding=\"async\" class=\"aligncenter size-full wp-image-15871\" src=\"https:\/\/fiaf.net\/agoradicult\/wp-content\/uploads\/sites\/23\/2017\/05\/Federico-Biagioli-Capolinea.jpg\" alt=\"\" width=\"580\" height=\"571\" srcset=\"https:\/\/fiaf.net\/agoradicult\/wp-content\/uploads\/sites\/23\/2017\/05\/Federico-Biagioli-Capolinea.jpg 580w, https:\/\/fiaf.net\/agoradicult\/wp-content\/uploads\/sites\/23\/2017\/05\/Federico-Biagioli-Capolinea-300x295.jpg 300w\" sizes=\"auto, (max-width: 580px) 100vw, 580px\" \/><\/p>\n<p style=\"text-align: center\">Federico Biagioli \u2013 Capolinea<\/p>\n<p style=\"text-align: center\"><img loading=\"lazy\" decoding=\"async\" class=\"aligncenter size-full wp-image-15854\" src=\"https:\/\/fiaf.net\/agoradicult\/wp-content\/uploads\/sites\/23\/2017\/05\/Sauro-Strappato-Peperoni.jpg\" alt=\"\" width=\"580\" height=\"386\" srcset=\"https:\/\/fiaf.net\/agoradicult\/wp-content\/uploads\/sites\/23\/2017\/05\/Sauro-Strappato-Peperoni.jpg 580w, https:\/\/fiaf.net\/agoradicult\/wp-content\/uploads\/sites\/23\/2017\/05\/Sauro-Strappato-Peperoni-300x200.jpg 300w\" sizes=\"auto, (max-width: 580px) 100vw, 580px\" \/><\/p>\n<p style=\"text-align: center\">Sauro Strappato \u2013 Peperoni<\/p>\n<h3>11_Capolinea: C\u2019\u00e8 sempre un Capolinea \u2026<\/h3>\n<p style=\"text-align: center\"><img loading=\"lazy\" decoding=\"async\" class=\"aligncenter size-full wp-image-15872\" src=\"https:\/\/fiaf.net\/agoradicult\/wp-content\/uploads\/sites\/23\/2017\/05\/Giuliano-Margheritini-senza-uscita.jpg\" alt=\"\" width=\"580\" height=\"387\" srcset=\"https:\/\/fiaf.net\/agoradicult\/wp-content\/uploads\/sites\/23\/2017\/05\/Giuliano-Margheritini-senza-uscita.jpg 580w, https:\/\/fiaf.net\/agoradicult\/wp-content\/uploads\/sites\/23\/2017\/05\/Giuliano-Margheritini-senza-uscita-300x200.jpg 300w\" sizes=\"auto, (max-width: 580px) 100vw, 580px\" \/><\/p>\n<p style=\"text-align: center\">Giuliano Margaretini \u2013 Senza uscita<\/p>\n<p style=\"text-align: center\"><img loading=\"lazy\" decoding=\"async\" class=\"aligncenter size-full wp-image-15873\" src=\"https:\/\/fiaf.net\/agoradicult\/wp-content\/uploads\/sites\/23\/2017\/05\/Cesare-Bora-Capolinea.jpg\" alt=\"\" width=\"580\" height=\"386\" srcset=\"https:\/\/fiaf.net\/agoradicult\/wp-content\/uploads\/sites\/23\/2017\/05\/Cesare-Bora-Capolinea.jpg 580w, https:\/\/fiaf.net\/agoradicult\/wp-content\/uploads\/sites\/23\/2017\/05\/Cesare-Bora-Capolinea-300x200.jpg 300w\" sizes=\"auto, (max-width: 580px) 100vw, 580px\" \/><\/p>\n<p style=\"text-align: center\">Cesare Bora \u2013 Capolinea<\/p>\n<h3>12_Capolinea: \u2026 etimologicamente\u00a0 \u2026<\/h3>\n<p style=\"text-align: center\"><img loading=\"lazy\" decoding=\"async\" class=\"aligncenter size-full wp-image-15874\" src=\"https:\/\/fiaf.net\/agoradicult\/wp-content\/uploads\/sites\/23\/2017\/05\/Benedetta-Pasquinelli-Andrea-Matteucci-Elena-Munteanu-Matteo-Sbrollini-Capo-Linea.jpg\" alt=\"\" width=\"580\" height=\"387\" srcset=\"https:\/\/fiaf.net\/agoradicult\/wp-content\/uploads\/sites\/23\/2017\/05\/Benedetta-Pasquinelli-Andrea-Matteucci-Elena-Munteanu-Matteo-Sbrollini-Capo-Linea.jpg 580w, https:\/\/fiaf.net\/agoradicult\/wp-content\/uploads\/sites\/23\/2017\/05\/Benedetta-Pasquinelli-Andrea-Matteucci-Elena-Munteanu-Matteo-Sbrollini-Capo-Linea-300x200.jpg 300w\" sizes=\"auto, (max-width: 580px) 100vw, 580px\" \/><\/p>\n<p style=\"text-align: center\">Benedetta Pasquinelli, Andrea Matteucci, Elena Munteanu, Matteo Sbrollini &#8211;\u00a0 Capo-Linea<\/p>\n\n    <div class=\"xs_social_share_widget xs_share_url after_content \t\tmain_content  wslu-style-1 wslu-share-box-shaped wslu-fill-colored wslu-none wslu-share-horizontal wslu-theme-font-no wslu-main_content\">\n\n\t\t\n        <ul>\n\t\t\t        <\/ul>\n    <\/div> \n","protected":false},"excerpt":{"rendered":"<p>&#8230; &#8230; &#8230;.. . . . &#8230;.. &#8230; LAB Di Cult 020 FIAF, Tematico \u201cCapolinea\u201d Coordinatore: Giancarla\u00a0Lorenzini &nbsp; &nbsp; E\u2019 &hellip;<\/p>\n","protected":false},"author":51,"featured_media":15838,"comment_status":"open","ping_status":"open","sticky":false,"template":"","format":"standard","meta":{"_acf_changed":false,"footnotes":""},"categories":[2,11],"tags":[],"class_list":["post-15834","post","type-post","status-publish","format-standard","has-post-thumbnail","hentry","category-animatore-culturale","category-comunicazioni-del-dipartimento"],"acf":[],"_links":{"self":[{"href":"https:\/\/fiaf.net\/agoradicult\/wp-json\/wp\/v2\/posts\/15834","targetHints":{"allow":["GET"]}}],"collection":[{"href":"https:\/\/fiaf.net\/agoradicult\/wp-json\/wp\/v2\/posts"}],"about":[{"href":"https:\/\/fiaf.net\/agoradicult\/wp-json\/wp\/v2\/types\/post"}],"author":[{"embeddable":true,"href":"https:\/\/fiaf.net\/agoradicult\/wp-json\/wp\/v2\/users\/51"}],"replies":[{"embeddable":true,"href":"https:\/\/fiaf.net\/agoradicult\/wp-json\/wp\/v2\/comments?post=15834"}],"version-history":[{"count":0,"href":"https:\/\/fiaf.net\/agoradicult\/wp-json\/wp\/v2\/posts\/15834\/revisions"}],"wp:featuredmedia":[{"embeddable":true,"href":"https:\/\/fiaf.net\/agoradicult\/wp-json\/wp\/v2\/media\/15838"}],"wp:attachment":[{"href":"https:\/\/fiaf.net\/agoradicult\/wp-json\/wp\/v2\/media?parent=15834"}],"wp:term":[{"taxonomy":"category","embeddable":true,"href":"https:\/\/fiaf.net\/agoradicult\/wp-json\/wp\/v2\/categories?post=15834"},{"taxonomy":"post_tag","embeddable":true,"href":"https:\/\/fiaf.net\/agoradicult\/wp-json\/wp\/v2\/tags?post=15834"}],"curies":[{"name":"wp","href":"https:\/\/api.w.org\/{rel}","templated":true}]}}