{"id":16384,"date":"2017-08-06T17:30:36","date_gmt":"2017-08-06T15:30:36","guid":{"rendered":"https:\/\/fiaf.net\/agoradicult\/?p=16384"},"modified":"2017-08-06T17:30:36","modified_gmt":"2017-08-06T15:30:36","slug":"marco-scarpino-talent-scout","status":"publish","type":"post","link":"https:\/\/fiaf.net\/agoradicult\/2017\/08\/06\/marco-scarpino-talent-scout\/","title":{"rendered":"MARCO SCARPINO &#8211; Talent Scout"},"content":{"rendered":"<p>.<br \/>\n&nbsp;<br \/>\n.<br \/>\n&nbsp;<br \/>\n.<br \/>\n&nbsp;<br \/>\n.<br \/>\nAgor\u00e0 Di Cult sar\u00e0 il percorso di visibilit\u00e0 dei 4 Autori della Sezione Senior e 4 Autori della Sezione Giovani \u201cSegnalati\u201d dalla Commissione selezionatrice del Progetto FIAF \u201cTalent Scout\u201d 2016.<br \/>\nLe finalit\u00e0 di questo Progetto sono quelle di dare ai Presidenti di Circolo Affiliato FIAF l\u2019occasione di far conoscere il lavoro di quei soci che, pur distinguendosi per capacit\u00e0 e passione, non hanno mai provato a confrontarsi con la platea nazionale della fotografia italiana. Ogni Presidente ha avuto la possibilit\u00e0 di proporre un socio della categoria GIOVANI (di et\u00e0 inferiore a 30 anni) e un socio della categoria SENIOR (di et\u00e0 superiore a 30 anni).<br \/>\n&nbsp;<br \/>\n&nbsp;<br \/>\n<strong>MARCO SCARPINO, Socio (Giovani) del Circolo Fotografico Lamentino \u2013 Lamezia Terme (CZ)<\/strong><br \/>\nAutore segnalato al progetto Talent Scout della FIAF.<br \/>\n&nbsp;<br \/>\n<img loading=\"lazy\" decoding=\"async\" class=\"aligncenter size-full wp-image-16291\" src=\"https:\/\/fiaf.net\/agoradicult\/wp-content\/uploads\/sites\/23\/2017\/07\/Logo_Talent_Scout_1c05.jpg\" alt=\"\" width=\"580\" height=\"357\" srcset=\"https:\/\/fiaf.net\/agoradicult\/wp-content\/uploads\/sites\/23\/2017\/07\/Logo_Talent_Scout_1c05.jpg 580w, https:\/\/fiaf.net\/agoradicult\/wp-content\/uploads\/sites\/23\/2017\/07\/Logo_Talent_Scout_1c05-300x185.jpg 300w\" sizes=\"auto, (max-width: 580px) 100vw, 580px\" \/><br \/>\n&nbsp;<br \/>\nMarco Scarpino si approccia alla fotografia come autodidatta, affidandosi a passione e istinto. Rivolge lo sguardo alla sua terra, la Calabria, cercando di coglierne l&#8217;essenza sotto ogni punto di vista. Il biennio 2014-2015 \u00e8 un anno rigoglioso, durante il quale ottiene qualche successo. Vince il primo premio nei seguenti contest fotografici:<br \/>\nil concorso fotografico indetto dall&#8217;Agenzia spaziale italiana ASI;<br \/>\nil concorso fotografico indetto da RED NOTES Paliano Jazz Festival (FR);<br \/>\nil concorso fotografico indetto dall&#8217;Associazione Parchi Nazionali e Regionali APGI (Federazione Italiana Parchi e Riserve Naturali) in seguito al quale espone una sua foto a Manhattan presso il Palazzo delle Nazioni Unite.<br \/>\nSue diverse foto sono state pubblicate su Photo Vogue Italia.<br \/>\nL&#8217;autore continua a documentarsi sulla produzione fotografica dei padri fondatori della fotografia a colori e tutto ci\u00f2 che \u00e8 venuto a seguire.<br \/>\n&nbsp;<\/p>\n<h2 style=\"text-align: center\"><strong>Le Opere<\/strong><\/h2>\n<p><strong>\u00a0<\/strong><br \/>\n<strong>Foto singole.<\/strong><br \/>\nI luoghi raffigurati nelle immagini sono ambienti da me metabolizzati pi\u00f9 e pi\u00f9 volte. Luoghi che narrano persone e cose spesso senza ritrarle.<br \/>\nCerco di scansionare ci\u00f2 che mi circonda sottraendo l&#8217;entusiasmo del <a href=\"https:\/\/www.facebook.com\/agoradicult\/messages\/?section=messages&amp;subsection=inbox&amp;ref=notif&amp;notif_t=page_message&amp;notif_id=1502108695532705&amp;locale=it_IT%2F&amp;threadid=1454451843&amp;timestamp=1502108702749#\" target=\"_blank\" rel=\"noopener\">primo<\/a> sguardo.<br \/>\nLe contraddizioni della mia terra motivano i miei scatti e la ricerca di linee e pesi statici sono sempre dediti al rallentamento dello sguardo davanti alle fotografie.<br \/>\n<strong>\u00a0<\/strong><br \/>\n<div id='gallery-1' class='gallery galleryid-16384 gallery-columns-3 gallery-size-thumbnail'><figure class='gallery-item'>\n\t\t\t<div class='gallery-icon landscape'>\n\t\t\t\t<a href=\"https:\/\/fiaf.net\/agoradicult\/wp-content\/uploads\/sites\/23\/2017\/08\/MScarpino-A-fine-strada-2.jpg\"><img loading=\"lazy\" decoding=\"async\" width=\"150\" height=\"150\" src=\"https:\/\/fiaf.net\/agoradicult\/wp-content\/uploads\/sites\/23\/2017\/08\/MScarpino-A-fine-strada-2-150x150.jpg\" class=\"attachment-thumbnail size-thumbnail\" alt=\"\" \/><\/a>\n\t\t\t<\/div><\/figure><figure class='gallery-item'>\n\t\t\t<div class='gallery-icon landscape'>\n\t\t\t\t<a href=\"https:\/\/fiaf.net\/agoradicult\/wp-content\/uploads\/sites\/23\/2017\/08\/MScarpino-Balconata-Calabra-montana-8.jpg\"><img loading=\"lazy\" decoding=\"async\" width=\"150\" height=\"150\" src=\"https:\/\/fiaf.net\/agoradicult\/wp-content\/uploads\/sites\/23\/2017\/08\/MScarpino-Balconata-Calabra-montana-8-150x150.jpg\" class=\"attachment-thumbnail size-thumbnail\" alt=\"\" \/><\/a>\n\t\t\t<\/div><\/figure><figure class='gallery-item'>\n\t\t\t<div class='gallery-icon landscape'>\n\t\t\t\t<a href=\"https:\/\/fiaf.net\/agoradicult\/wp-content\/uploads\/sites\/23\/2017\/08\/MScarpino-Facciata-Calabra-su-mare-6.jpg\"><img loading=\"lazy\" decoding=\"async\" width=\"150\" height=\"150\" src=\"https:\/\/fiaf.net\/agoradicult\/wp-content\/uploads\/sites\/23\/2017\/08\/MScarpino-Facciata-Calabra-su-mare-6-150x150.jpg\" class=\"attachment-thumbnail size-thumbnail\" alt=\"\" \/><\/a>\n\t\t\t<\/div><\/figure><figure class='gallery-item'>\n\t\t\t<div class='gallery-icon landscape'>\n\t\t\t\t<a href=\"https:\/\/fiaf.net\/agoradicult\/wp-content\/uploads\/sites\/23\/2017\/08\/MScarpino-Il-mio-paese-linee-familiari-9.jpg\"><img loading=\"lazy\" decoding=\"async\" width=\"150\" height=\"150\" src=\"https:\/\/fiaf.net\/agoradicult\/wp-content\/uploads\/sites\/23\/2017\/08\/MScarpino-Il-mio-paese-linee-familiari-9-150x150.jpg\" class=\"attachment-thumbnail size-thumbnail\" alt=\"\" \/><\/a>\n\t\t\t<\/div><\/figure><figure class='gallery-item'>\n\t\t\t<div class='gallery-icon landscape'>\n\t\t\t\t<a href=\"https:\/\/fiaf.net\/agoradicult\/wp-content\/uploads\/sites\/23\/2017\/08\/MScarpino-Il-tempo-qui-si-e\u00a6C-fermato-4.jpg\"><img loading=\"lazy\" decoding=\"async\" width=\"150\" height=\"150\" src=\"https:\/\/fiaf.net\/agoradicult\/wp-content\/uploads\/sites\/23\/2017\/08\/MScarpino-Il-tempo-qui-si-e\u00a6C-fermato-4-150x150.jpg\" class=\"attachment-thumbnail size-thumbnail\" alt=\"\" \/><\/a>\n\t\t\t<\/div><\/figure><figure class='gallery-item'>\n\t\t\t<div class='gallery-icon landscape'>\n\t\t\t\t<a href=\"https:\/\/fiaf.net\/agoradicult\/wp-content\/uploads\/sites\/23\/2017\/08\/MScarpino-Lamezia-ambiente-urbano-1.jpg\"><img loading=\"lazy\" decoding=\"async\" width=\"150\" height=\"150\" src=\"https:\/\/fiaf.net\/agoradicult\/wp-content\/uploads\/sites\/23\/2017\/08\/MScarpino-Lamezia-ambiente-urbano-1-150x150.jpg\" class=\"attachment-thumbnail size-thumbnail\" alt=\"\" \/><\/a>\n\t\t\t<\/div><\/figure><figure class='gallery-item'>\n\t\t\t<div class='gallery-icon landscape'>\n\t\t\t\t<a href=\"https:\/\/fiaf.net\/agoradicult\/wp-content\/uploads\/sites\/23\/2017\/08\/MScarpino-Lopinione-pubblica-approva-10.jpg\"><img loading=\"lazy\" decoding=\"async\" width=\"150\" height=\"150\" src=\"https:\/\/fiaf.net\/agoradicult\/wp-content\/uploads\/sites\/23\/2017\/08\/MScarpino-Lopinione-pubblica-approva-10-150x150.jpg\" class=\"attachment-thumbnail size-thumbnail\" alt=\"\" \/><\/a>\n\t\t\t<\/div><\/figure><figure class='gallery-item'>\n\t\t\t<div class='gallery-icon landscape'>\n\t\t\t\t<a href=\"https:\/\/fiaf.net\/agoradicult\/wp-content\/uploads\/sites\/23\/2017\/08\/MScarpino-Luogo-di-svago-domenicale-5.jpg\"><img loading=\"lazy\" decoding=\"async\" width=\"150\" height=\"150\" src=\"https:\/\/fiaf.net\/agoradicult\/wp-content\/uploads\/sites\/23\/2017\/08\/MScarpino-Luogo-di-svago-domenicale-5-150x150.jpg\" class=\"attachment-thumbnail size-thumbnail\" alt=\"\" \/><\/a>\n\t\t\t<\/div><\/figure><figure class='gallery-item'>\n\t\t\t<div class='gallery-icon landscape'>\n\t\t\t\t<a href=\"https:\/\/fiaf.net\/agoradicult\/wp-content\/uploads\/sites\/23\/2017\/08\/MScarpino-Luogo-usuale-di-lavoro-3.jpg\"><img loading=\"lazy\" decoding=\"async\" width=\"150\" height=\"150\" src=\"https:\/\/fiaf.net\/agoradicult\/wp-content\/uploads\/sites\/23\/2017\/08\/MScarpino-Luogo-usuale-di-lavoro-3-150x150.jpg\" class=\"attachment-thumbnail size-thumbnail\" alt=\"\" \/><\/a>\n\t\t\t<\/div><\/figure><figure class='gallery-item'>\n\t\t\t<div class='gallery-icon landscape'>\n\t\t\t\t<a href=\"https:\/\/fiaf.net\/agoradicult\/wp-content\/uploads\/sites\/23\/2017\/08\/MScarpino-Paesaggio-assemblato-bidimensionale-11.jpg\"><img loading=\"lazy\" decoding=\"async\" width=\"150\" height=\"150\" src=\"https:\/\/fiaf.net\/agoradicult\/wp-content\/uploads\/sites\/23\/2017\/08\/MScarpino-Paesaggio-assemblato-bidimensionale-11-150x150.jpg\" class=\"attachment-thumbnail size-thumbnail\" alt=\"\" \/><\/a>\n\t\t\t<\/div><\/figure><figure class='gallery-item'>\n\t\t\t<div class='gallery-icon landscape'>\n\t\t\t\t<a href=\"https:\/\/fiaf.net\/agoradicult\/wp-content\/uploads\/sites\/23\/2017\/08\/MScarpino-Pendimento-7.jpg\"><img loading=\"lazy\" decoding=\"async\" width=\"150\" height=\"150\" src=\"https:\/\/fiaf.net\/agoradicult\/wp-content\/uploads\/sites\/23\/2017\/08\/MScarpino-Pendimento-7-150x150.jpg\" class=\"attachment-thumbnail size-thumbnail\" alt=\"\" \/><\/a>\n\t\t\t<\/div><\/figure><figure class='gallery-item'>\n\t\t\t<div class='gallery-icon landscape'>\n\t\t\t\t<a href=\"https:\/\/fiaf.net\/agoradicult\/wp-content\/uploads\/sites\/23\/2017\/08\/MScarpino-Similitudini-fra-cubi-9.jpg\"><img loading=\"lazy\" decoding=\"async\" width=\"150\" height=\"150\" src=\"https:\/\/fiaf.net\/agoradicult\/wp-content\/uploads\/sites\/23\/2017\/08\/MScarpino-Similitudini-fra-cubi-9-150x150.jpg\" class=\"attachment-thumbnail size-thumbnail\" alt=\"\" \/><\/a>\n\t\t\t<\/div><\/figure>\n\t\t<\/div>\n\n<strong>\u00a0<\/strong><br \/>\n<strong>\u00a0<\/strong><br \/>\n<strong>Portfolio: PRIMARIO<\/strong><br \/>\nNella selvaggia corsa all&#8217;industrializzazione, la vegetazione che doveva soccombere \u00e8, invece, riemersa. La natura riacquista terreno: niente pu\u00f2 domare le sue chiome verde acido, neppure la forza umana. La raccolta non \u00e8 una denuncia, ma una presa di coscienza della forza selvatica della terra di Calabria, terra che respinge indifferente i soprusi, li evidenzia, trasformandoli nell&#8217; emblematica esigenza di ripartire dal principio. Primario.<br \/>\n<strong>\u00a0<\/strong><br \/>\n<div id='gallery-2' class='gallery galleryid-16384 gallery-columns-3 gallery-size-thumbnail'><figure class='gallery-item'>\n\t\t\t<div class='gallery-icon landscape'>\n\t\t\t\t<a href=\"https:\/\/fiaf.net\/agoradicult\/wp-content\/uploads\/sites\/23\/2017\/08\/MScarpino-Primario-1.jpg\"><img loading=\"lazy\" decoding=\"async\" width=\"150\" height=\"150\" src=\"https:\/\/fiaf.net\/agoradicult\/wp-content\/uploads\/sites\/23\/2017\/08\/MScarpino-Primario-1-150x150.jpg\" class=\"attachment-thumbnail size-thumbnail\" alt=\"\" \/><\/a>\n\t\t\t<\/div><\/figure><figure class='gallery-item'>\n\t\t\t<div class='gallery-icon landscape'>\n\t\t\t\t<a href=\"https:\/\/fiaf.net\/agoradicult\/wp-content\/uploads\/sites\/23\/2017\/08\/MScarpino-Primario-2.jpg\"><img loading=\"lazy\" decoding=\"async\" width=\"150\" height=\"150\" src=\"https:\/\/fiaf.net\/agoradicult\/wp-content\/uploads\/sites\/23\/2017\/08\/MScarpino-Primario-2-150x150.jpg\" class=\"attachment-thumbnail size-thumbnail\" alt=\"\" \/><\/a>\n\t\t\t<\/div><\/figure><figure class='gallery-item'>\n\t\t\t<div class='gallery-icon landscape'>\n\t\t\t\t<a href=\"https:\/\/fiaf.net\/agoradicult\/wp-content\/uploads\/sites\/23\/2017\/08\/MScarpino-Primario-3.jpg\"><img loading=\"lazy\" decoding=\"async\" width=\"150\" height=\"150\" src=\"https:\/\/fiaf.net\/agoradicult\/wp-content\/uploads\/sites\/23\/2017\/08\/MScarpino-Primario-3-150x150.jpg\" class=\"attachment-thumbnail size-thumbnail\" alt=\"\" \/><\/a>\n\t\t\t<\/div><\/figure><figure class='gallery-item'>\n\t\t\t<div class='gallery-icon landscape'>\n\t\t\t\t<a href=\"https:\/\/fiaf.net\/agoradicult\/wp-content\/uploads\/sites\/23\/2017\/08\/MScarpino-Primario-4.jpg\"><img loading=\"lazy\" decoding=\"async\" width=\"150\" height=\"150\" src=\"https:\/\/fiaf.net\/agoradicult\/wp-content\/uploads\/sites\/23\/2017\/08\/MScarpino-Primario-4-150x150.jpg\" class=\"attachment-thumbnail size-thumbnail\" alt=\"\" \/><\/a>\n\t\t\t<\/div><\/figure><figure class='gallery-item'>\n\t\t\t<div class='gallery-icon landscape'>\n\t\t\t\t<a href=\"https:\/\/fiaf.net\/agoradicult\/wp-content\/uploads\/sites\/23\/2017\/08\/MScarpino-Primario-5.jpg\"><img loading=\"lazy\" decoding=\"async\" width=\"150\" height=\"150\" src=\"https:\/\/fiaf.net\/agoradicult\/wp-content\/uploads\/sites\/23\/2017\/08\/MScarpino-Primario-5-150x150.jpg\" class=\"attachment-thumbnail size-thumbnail\" alt=\"\" \/><\/a>\n\t\t\t<\/div><\/figure><figure class='gallery-item'>\n\t\t\t<div class='gallery-icon landscape'>\n\t\t\t\t<a href=\"https:\/\/fiaf.net\/agoradicult\/wp-content\/uploads\/sites\/23\/2017\/08\/MScarpino-Primario-6.jpg\"><img loading=\"lazy\" decoding=\"async\" width=\"150\" height=\"150\" src=\"https:\/\/fiaf.net\/agoradicult\/wp-content\/uploads\/sites\/23\/2017\/08\/MScarpino-Primario-6-150x150.jpg\" class=\"attachment-thumbnail size-thumbnail\" alt=\"\" \/><\/a>\n\t\t\t<\/div><\/figure><figure class='gallery-item'>\n\t\t\t<div class='gallery-icon landscape'>\n\t\t\t\t<a href=\"https:\/\/fiaf.net\/agoradicult\/wp-content\/uploads\/sites\/23\/2017\/08\/MScarpino-Primario-7.jpg\"><img loading=\"lazy\" decoding=\"async\" width=\"150\" height=\"150\" src=\"https:\/\/fiaf.net\/agoradicult\/wp-content\/uploads\/sites\/23\/2017\/08\/MScarpino-Primario-7-150x150.jpg\" class=\"attachment-thumbnail size-thumbnail\" alt=\"\" \/><\/a>\n\t\t\t<\/div><\/figure><figure class='gallery-item'>\n\t\t\t<div class='gallery-icon landscape'>\n\t\t\t\t<a href=\"https:\/\/fiaf.net\/agoradicult\/wp-content\/uploads\/sites\/23\/2017\/08\/MScarpino-Primario-8.jpg\"><img loading=\"lazy\" decoding=\"async\" width=\"150\" height=\"150\" src=\"https:\/\/fiaf.net\/agoradicult\/wp-content\/uploads\/sites\/23\/2017\/08\/MScarpino-Primario-8-150x150.jpg\" class=\"attachment-thumbnail size-thumbnail\" alt=\"\" \/><\/a>\n\t\t\t<\/div><\/figure><figure class='gallery-item'>\n\t\t\t<div class='gallery-icon landscape'>\n\t\t\t\t<a href=\"https:\/\/fiaf.net\/agoradicult\/wp-content\/uploads\/sites\/23\/2017\/08\/MScarpino-Primario-9.jpg\"><img loading=\"lazy\" decoding=\"async\" width=\"150\" height=\"150\" src=\"https:\/\/fiaf.net\/agoradicult\/wp-content\/uploads\/sites\/23\/2017\/08\/MScarpino-Primario-9-150x150.jpg\" class=\"attachment-thumbnail size-thumbnail\" alt=\"\" \/><\/a>\n\t\t\t<\/div><\/figure><figure class='gallery-item'>\n\t\t\t<div class='gallery-icon landscape'>\n\t\t\t\t<a href=\"https:\/\/fiaf.net\/agoradicult\/wp-content\/uploads\/sites\/23\/2017\/08\/MScarpino-Primario-10.jpg\"><img loading=\"lazy\" decoding=\"async\" width=\"150\" height=\"150\" src=\"https:\/\/fiaf.net\/agoradicult\/wp-content\/uploads\/sites\/23\/2017\/08\/MScarpino-Primario-10-150x150.jpg\" class=\"attachment-thumbnail size-thumbnail\" alt=\"\" \/><\/a>\n\t\t\t<\/div><\/figure><figure class='gallery-item'>\n\t\t\t<div class='gallery-icon landscape'>\n\t\t\t\t<a href=\"https:\/\/fiaf.net\/agoradicult\/wp-content\/uploads\/sites\/23\/2017\/08\/MScarpino-Primario-11.jpg\"><img loading=\"lazy\" decoding=\"async\" width=\"150\" height=\"150\" src=\"https:\/\/fiaf.net\/agoradicult\/wp-content\/uploads\/sites\/23\/2017\/08\/MScarpino-Primario-11-150x150.jpg\" class=\"attachment-thumbnail size-thumbnail\" alt=\"\" \/><\/a>\n\t\t\t<\/div><\/figure><figure class='gallery-item'>\n\t\t\t<div class='gallery-icon landscape'>\n\t\t\t\t<a href=\"https:\/\/fiaf.net\/agoradicult\/wp-content\/uploads\/sites\/23\/2017\/08\/MScarpino-Primario-12.jpg\"><img loading=\"lazy\" decoding=\"async\" width=\"150\" height=\"150\" src=\"https:\/\/fiaf.net\/agoradicult\/wp-content\/uploads\/sites\/23\/2017\/08\/MScarpino-Primario-12-150x150.jpg\" class=\"attachment-thumbnail size-thumbnail\" alt=\"\" \/><\/a>\n\t\t\t<\/div><\/figure>\n\t\t<\/div>\n\n<strong>\u00a0<\/strong><br \/>\n&nbsp;<br \/>\n&nbsp;<\/p>\n\n    <div class=\"xs_social_share_widget xs_share_url after_content \t\tmain_content  wslu-style-1 wslu-share-box-shaped wslu-fill-colored wslu-none wslu-share-horizontal wslu-theme-font-no wslu-main_content\">\n\n\t\t\n        <ul>\n\t\t\t        <\/ul>\n    <\/div> \n","protected":false},"excerpt":{"rendered":"<p>. &nbsp; . &nbsp; . &nbsp; . Agor\u00e0 Di Cult sar\u00e0 il percorso di visibilit\u00e0 dei 4 Autori della Sezione &hellip;<\/p>\n","protected":false},"author":15,"featured_media":16291,"comment_status":"open","ping_status":"open","sticky":false,"template":"","format":"standard","meta":{"_acf_changed":false,"footnotes":""},"categories":[7],"tags":[],"class_list":["post-16384","post","type-post","status-publish","format-standard","has-post-thumbnail","hentry","category-archivio"],"acf":[],"_links":{"self":[{"href":"https:\/\/fiaf.net\/agoradicult\/wp-json\/wp\/v2\/posts\/16384","targetHints":{"allow":["GET"]}}],"collection":[{"href":"https:\/\/fiaf.net\/agoradicult\/wp-json\/wp\/v2\/posts"}],"about":[{"href":"https:\/\/fiaf.net\/agoradicult\/wp-json\/wp\/v2\/types\/post"}],"author":[{"embeddable":true,"href":"https:\/\/fiaf.net\/agoradicult\/wp-json\/wp\/v2\/users\/15"}],"replies":[{"embeddable":true,"href":"https:\/\/fiaf.net\/agoradicult\/wp-json\/wp\/v2\/comments?post=16384"}],"version-history":[{"count":0,"href":"https:\/\/fiaf.net\/agoradicult\/wp-json\/wp\/v2\/posts\/16384\/revisions"}],"wp:featuredmedia":[{"embeddable":true,"href":"https:\/\/fiaf.net\/agoradicult\/wp-json\/wp\/v2\/media\/16291"}],"wp:attachment":[{"href":"https:\/\/fiaf.net\/agoradicult\/wp-json\/wp\/v2\/media?parent=16384"}],"wp:term":[{"taxonomy":"category","embeddable":true,"href":"https:\/\/fiaf.net\/agoradicult\/wp-json\/wp\/v2\/categories?post=16384"},{"taxonomy":"post_tag","embeddable":true,"href":"https:\/\/fiaf.net\/agoradicult\/wp-json\/wp\/v2\/tags?post=16384"}],"curies":[{"name":"wp","href":"https:\/\/api.w.org\/{rel}","templated":true}]}}