{"id":16517,"date":"2017-08-27T08:00:07","date_gmt":"2017-08-27T06:00:07","guid":{"rendered":"https:\/\/fiaf.net\/agoradicult\/?p=16517"},"modified":"2017-08-27T08:00:07","modified_gmt":"2017-08-27T06:00:07","slug":"stati-generali-della-fotografia-al-cifa","status":"publish","type":"post","link":"https:\/\/fiaf.net\/agoradicult\/2017\/08\/27\/stati-generali-della-fotografia-al-cifa\/","title":{"rendered":"STATI GENERALI DELLA FOTOGRAFIA &#8211; al CIFA"},"content":{"rendered":"<p>.<br \/>\n&nbsp;<br \/>\n.<br \/>\n&nbsp;<br \/>\n.<br \/>\n&nbsp;<\/p>\n<p style=\"text-align: center\">.<\/p>\n<figure id=\"attachment_16519\" aria-describedby=\"caption-attachment-16519\" style=\"width: 580px\" class=\"wp-caption aligncenter\"><img loading=\"lazy\" decoding=\"async\" class=\"size-full wp-image-16519\" src=\"https:\/\/fiaf.net\/agoradicult\/wp-content\/uploads\/sites\/23\/2017\/08\/SGF-Roma-Panoramica_o.jpg\" alt=\"\" width=\"580\" height=\"178\" srcset=\"https:\/\/fiaf.net\/agoradicult\/wp-content\/uploads\/sites\/23\/2017\/08\/SGF-Roma-Panoramica_o.jpg 580w, https:\/\/fiaf.net\/agoradicult\/wp-content\/uploads\/sites\/23\/2017\/08\/SGF-Roma-Panoramica_o-300x92.jpg 300w\" sizes=\"auto, (max-width: 580px) 100vw, 580px\" \/><figcaption id=\"caption-attachment-16519\" class=\"wp-caption-text\">Stati Generali della Fotografia, Roma 06\/04\/2017<\/figcaption><\/figure>\n&nbsp;<\/p>\n<h2 style=\"text-align: center\">Stati Generali della Fotografia &#8211; al CIFA<\/h2>\n<p>Il Ministro dei beni e delle attivit\u00e0 culturali e del turismo, Dario Franceschini, ha costituito una Cabina di regia per la fotografia allo scopo di tutelare,\u00a0valorizzare e diffondere la fotografia in Italia come patrimonio storico e linguaggio contemporaneo. Sul sito del Ministero (MiBACT) si legge che \u201c<em>con l\u2019obiettivo di definire un piano di sviluppo volto ad adattare l\u2019intervento pubblico alle mutazioni tecniche ed economiche del settore e a determinare nuove opportunit\u00e0 per la fotografia italiana a livello nazionale e internazionale, il Ministero ha indetto gli<strong> Stati generali della fotografia<\/strong>: due giornate di convegno sul tema con operatori, addetti ai lavori e ospiti internazionali<\/em>\u201d. La prima giornata si \u00e8 svolta a Roma il 6 aprile scorso, all\u2019Istituto Centrale per la Grafica, con tre tavole rotonde tematiche, il coinvolgimento di oltre 50 relatori e grande partecipazione di pubblico.<br \/>\n&nbsp;<br \/>\n<figure id=\"attachment_16521\" aria-describedby=\"caption-attachment-16521\" style=\"width: 580px\" class=\"wp-caption aligncenter\"><img loading=\"lazy\" decoding=\"async\" class=\"size-full wp-image-16521\" src=\"https:\/\/fiaf.net\/agoradicult\/wp-content\/uploads\/sites\/23\/2017\/08\/SGF-Roma002.jpg\" alt=\"\" width=\"580\" height=\"387\" srcset=\"https:\/\/fiaf.net\/agoradicult\/wp-content\/uploads\/sites\/23\/2017\/08\/SGF-Roma002.jpg 580w, https:\/\/fiaf.net\/agoradicult\/wp-content\/uploads\/sites\/23\/2017\/08\/SGF-Roma002-300x200.jpg 300w\" sizes=\"auto, (max-width: 580px) 100vw, 580px\" \/><figcaption id=\"caption-attachment-16521\" class=\"wp-caption-text\">Il Ministro Dario Franceschini agli Stati Generali della Fotograia di Roma.<\/figcaption><\/figure>\n&nbsp;<br \/>\nLa grande novit\u00e0 \u00e8 stata certo quella che la nostra Federazione \u00e8 stata chiamata al tavolo di discussione quale realt\u00e0 culturale di rilievo operante nel settore. Come Presidente della Federazione ho subito sottolineato come sia importante che tra le linee programmatiche non manchi la realizzazione di un progetto di alfabetizzazione del linguaggio fotografico nelle scuole. Durante la seconda giornata del 5 maggio a Reggio Emilia \u00e8 stato affermato che il primo obiettivo \u00e8 quello della tutela e della valorizzazione del patrimonio fotografico esistente, ma il secondo non pu\u00f2 che essere l\u2019educazione all\u2019immagine. Lo stesso Franceschini ha affermato che \u201c<em>nelle scuole, oltre alla Storia dell\u2019Arte deve esserci anche l\u2019arte contemporanea e quindi anche la fotografia<\/em>\u201d. Capirete quindi come sono stato felice di cogliere l\u2019allineamento delle intenzioni del Ministero a quanto \u00e8 nelle nostre corde di appassionati di fotografia: senza cultura dell\u2019immagine si mette a rischio il patrimonio artistico e sociale di tutta la fotografia in Italia!<br \/>\n&nbsp;<br \/>\n<figure id=\"attachment_16520\" aria-describedby=\"caption-attachment-16520\" style=\"width: 580px\" class=\"wp-caption aligncenter\"><img loading=\"lazy\" decoding=\"async\" class=\"size-full wp-image-16520\" src=\"https:\/\/fiaf.net\/agoradicult\/wp-content\/uploads\/sites\/23\/2017\/08\/SGF-Roma001.jpg\" alt=\"\" width=\"580\" height=\"387\" srcset=\"https:\/\/fiaf.net\/agoradicult\/wp-content\/uploads\/sites\/23\/2017\/08\/SGF-Roma001.jpg 580w, https:\/\/fiaf.net\/agoradicult\/wp-content\/uploads\/sites\/23\/2017\/08\/SGF-Roma001-300x200.jpg 300w\" sizes=\"auto, (max-width: 580px) 100vw, 580px\" \/><figcaption id=\"caption-attachment-16520\" class=\"wp-caption-text\">Il Presidente Roberto Rossi Agli Stati Generali della Fotografia di Roma<\/figcaption><\/figure>\n&nbsp;<br \/>\nSulla questione didattica la Fiaf \u00e8 stata chiamata a dare il proprio apporto nell\u2019incontro del 25 luglio a Roma, al quale ho partecipato insieme con Ilaria Bastianelli, socia del Fotoclub Follonica e responsabile del progetto pilota organizzato dal Dipartimento Giovani della Fiaf a Follonica. Abbiamo portato una nostra proposta per un progetto pilota nazionale che dovrebbe coinvolgere tutta la nostra struttura didattica\/culturale presente nei vari territori. Particolarmente apprezzato \u00e8 stato il nostro contributo alla definizione dei moduli didattici: preziosa l\u2019esperienza di Ilaria e la concretezza dell\u2019esposizione. Oggi il tutto \u00e8 in elaborazione da parte del Ministero: siamo in attesa della convocazione di una prossima riunione di definizione di un piano operativo.<br \/>\n&nbsp;<br \/>\n<img loading=\"lazy\" decoding=\"async\" class=\"aligncenter size-full wp-image-16522\" src=\"https:\/\/fiaf.net\/agoradicult\/wp-content\/uploads\/sites\/23\/2017\/08\/Logo-SGF17.png\" alt=\"\" width=\"569\" height=\"409\" srcset=\"https:\/\/fiaf.net\/agoradicult\/wp-content\/uploads\/sites\/23\/2017\/08\/Logo-SGF17.png 569w, https:\/\/fiaf.net\/agoradicult\/wp-content\/uploads\/sites\/23\/2017\/08\/Logo-SGF17-300x216.png 300w\" sizes=\"auto, (max-width: 569px) 100vw, 569px\" \/><\/p>\n<p style=\"text-align: center\"><a href=\"https:\/\/fiaf.net\/agoradicult\/wp-content\/uploads\/sites\/23\/2017\/08\/PastedGraphic-3.tiff\"><img loading=\"lazy\" decoding=\"async\" class=\"aligncenter wp-image-16526\" src=\"https:\/\/fiaf.net\/agoradicult\/wp-content\/uploads\/sites\/23\/2017\/08\/PastedGraphic-3.tiff\" alt=\"\" width=\"196\" height=\"90\" \/><\/a><\/p>\n<p>&nbsp;<br \/>\nDopo i primi incontri di Roma \u00e8 di Reggio Emilia il Ministero ha avviato un ricco programma di incontri su scala nazionale \u201cMiBACT per la fotografia: nuove strategie e nuovi sguardi sul territorio\u201d con appuntamenti di approfondimento tematico, organizzati in collaborazione con realt\u00e0 pubbliche e private.<br \/>\nIn questo ambito, forti dell\u2019avviato lavoro di confronto con il Ministero, ha preso forma la realizzazione di un convegno MiBACT a Bibbiena presso il nostro Centro Italiano della Fotografia d\u2019Autore in occasione del tradizionale Festival Fotoconfronti. Il convegno insister\u00e0 su di una tematiche che ci sta molto a cuore e che ci permetter\u00e0 di far conoscere il nostro mondo, cos\u00ec ricco ma cos\u00ec misconosciuto nelle alte sfere delle attivit\u00e0 ministeriali. Abbiamo pensato che il titolo debba essere: <strong>Ridefinire la Fotografia Amatoriale Italiana<\/strong>. Ritengo che sia un momento storico per la FIAF e per la Fotografia amatoriale in generale: l\u2019incontro avr\u00e0 lo scopo di valorizzare la nostra attivit\u00e0 di fotoamatori, riconsegnando alla storia il giusto peso che abbiamo sempre avuto nell\u2019affermazione della fotografia Italiana. Sar\u00e0 occasione anche per sottolineare il grande lavoro svolto dalla FIAF a supporto della crescita culturale di tutti gli appassionati di fotografia. Sar\u00e0 presente Lorenza Bravetta del MiBACT, ma ci saranno soprattutto le nostre donne e i nostri uomini di cultura (M. Smargiassi, M. Agus, G. Allogisi, P. Branzi, S. Bicocchi, F. Lalli, A. Luria, L. Miodini, M. Peliti) che cercheranno, ognuno con specifico argomento, di raccontare i nostri progetti di alfabetizzazione, la struttura culturale dei nostri circoli, i percorsi di crescita, le campagne fotografiche, la capacit\u00e0 di stare sui social come quella di pubblicare libri, cataloghi e riviste di qualit\u00e0. Ci faremo conoscere per quello che siamo, ma vogliamo far comprendere che puntiamo a percorrere ancora tanta strada. Anche l\u2019obiettivo del Ministero \u00e8 quello di tracciare un orizzonte futuro di reciproca conoscenza, fiducia e volont\u00e0 di lavorare insieme su linee di programma che andranno a definirsi in questo importante appuntamento e nei prossimi a venire. Mi pare che l\u2019interesse nei nostri confronti sia il giusto riconoscimento dell\u2019opera della Federazione, magari tardivo, ma sul quale vogliamo mantenere le pi\u00f9 alte aspettative. E\u2019 chiaro che la partecipazione di tutti \u00e8 importante: con la presenza e il supporto abbiamo fatto tanta strada insieme e l\u2019incontro di Bibbiena sar\u00e0 il momento per farci conoscere e per farci vedere capaci, come siamo, di un reale confronto fatto di assiduit\u00e0 e presenze. Non mancate il 16 settembre dalle ore 10.00 presso il CIFA.<br \/>\n<strong>ROBERTO ROSSI \u2013 Presidente della FIAF<\/strong><br \/>\n(Testo estratto dall\u2019Editoriale che apparir\u00e0 su FOTOIT di settembre 2017)<br \/>\n&nbsp;<\/p>\n<h1 style=\"text-align: center\">Programma del M<em>i<\/em>BACT<\/h1>\n<h3 style=\"text-align: center\">\u00a0Sabato 16\/09\u00a0al CIFA di Bibbiena<\/h3>\n<h2 style=\"text-align: center\"><strong>&#8220;Ridefinire la Fotografia Amatoriale Italiana&#8221;<\/strong><\/h2>\n<p>&nbsp;<\/p>\n<h3><strong>Ore 10:00 <\/strong><\/h3>\n<h4 style=\"text-align: center\"><strong><em>SALUTI ISTITUZIONALI<\/em><\/strong><\/h4>\n<blockquote><p><strong>Roberto Rossi<br \/>\n<\/strong>Presidente FIAF<br \/>\n<strong>Daniele Bernardini<br \/>\n<\/strong>Sindaco di Bibbiena<br \/>\n<strong>Monica Barni<br \/>\n<\/strong>Vicepresidente Regione Toscana, Assessore alla Cultura Universit\u00e0 e Ricerca<br \/>\n<strong>Lorenza Bravetta<br \/>\n<\/strong>M<em>i<\/em>BACT<\/p><\/blockquote>\n<p>&nbsp;<\/p>\n<h3><strong>Ore 10.30 \u2013 13.00 <\/strong><\/h3>\n<h4 style=\"text-align: center\"><strong><em>TAVOLA ROTONDA<\/em><\/strong><\/h4>\n<p>Moderatore:<\/p>\n<blockquote><p><strong>Michele Smargiassi<br \/>\n<\/strong>Giornalista;\u00a0membro del Comitato Scientifico del CIFA<\/p><\/blockquote>\n<p>Intervengono:<\/p>\n<blockquote><p><strong>Massimo Agus<br \/>\n<\/strong>Direttore del Dip. Didattica FIAF; docente di fotografia presso lo Studio Marangoni e LABA di Firenze.<br \/>\n<strong>Guglielmo Allogisi<br \/>\n<\/strong>General Manager Digital Imaging di Fujifilm Italia<br \/>\n<strong>Silvano Bicocchi<br \/>\n<\/strong>Direttore Dip. Cultura FIAF<br \/>\n<strong>Piergiorgio Branzi<br \/>\n<\/strong>Fotografo e giornalista<br \/>\n<strong>Fabio Lalli<br \/>\n<\/strong>Fondatore e CEO di IQUII;\u2028fondatore e Presidente dell\u2019Associazione Indigeni Digitali; fondatore di Followgram<br \/>\n<strong>Attilio Lauria<br \/>\n<\/strong>Vicepresidente FIAF; Direttore del Dip. Social FIAF<br \/>\n<strong>Lucia Miodini<br \/>\n<\/strong>Docente di Storia della Fotografia presso ISIA di Urbino; membro del Comitato Scientifico del CIFA<br \/>\n<strong>Mario Peliti<br \/>\n<\/strong>Editore; membro del Comitato Scientifico del CIFA<\/p><\/blockquote>\n<p>&nbsp;<br \/>\n<a href=\"https:\/\/fiaf.net\/agoradicult\/wp-content\/uploads\/sites\/23\/2017\/08\/PIE_CRED-AI-TUOI-OCCHI_2017-copia.pdf\">PIE_CRED AI TUOI OCCHI_2017 copia<\/a>\u00a0 &#8211; <span style=\"color: #ff0000\">(Programma completo di FOTO CONFRONTI scaricabile)\u00a0<\/span><br \/>\n&nbsp;<br \/>\n&nbsp;<br \/>\n&nbsp;<\/p>\n\n    <div class=\"xs_social_share_widget xs_share_url after_content \t\tmain_content  wslu-style-1 wslu-share-box-shaped wslu-fill-colored wslu-none wslu-share-horizontal wslu-theme-font-no wslu-main_content\">\n\n\t\t\n        <ul>\n\t\t\t        <\/ul>\n    <\/div> \n","protected":false},"excerpt":{"rendered":"<p>. &nbsp; . &nbsp; . &nbsp; . &nbsp; Stati Generali della Fotografia &#8211; al CIFA Il Ministro dei beni e &hellip;<\/p>\n","protected":false},"author":3,"featured_media":16522,"comment_status":"open","ping_status":"open","sticky":false,"template":"","format":"standard","meta":{"_acf_changed":false,"footnotes":""},"categories":[],"tags":[],"class_list":["post-16517","post","type-post","status-publish","format-standard","has-post-thumbnail","hentry"],"acf":[],"_links":{"self":[{"href":"https:\/\/fiaf.net\/agoradicult\/wp-json\/wp\/v2\/posts\/16517","targetHints":{"allow":["GET"]}}],"collection":[{"href":"https:\/\/fiaf.net\/agoradicult\/wp-json\/wp\/v2\/posts"}],"about":[{"href":"https:\/\/fiaf.net\/agoradicult\/wp-json\/wp\/v2\/types\/post"}],"author":[{"embeddable":true,"href":"https:\/\/fiaf.net\/agoradicult\/wp-json\/wp\/v2\/users\/3"}],"replies":[{"embeddable":true,"href":"https:\/\/fiaf.net\/agoradicult\/wp-json\/wp\/v2\/comments?post=16517"}],"version-history":[{"count":0,"href":"https:\/\/fiaf.net\/agoradicult\/wp-json\/wp\/v2\/posts\/16517\/revisions"}],"wp:featuredmedia":[{"embeddable":true,"href":"https:\/\/fiaf.net\/agoradicult\/wp-json\/wp\/v2\/media\/16522"}],"wp:attachment":[{"href":"https:\/\/fiaf.net\/agoradicult\/wp-json\/wp\/v2\/media?parent=16517"}],"wp:term":[{"taxonomy":"category","embeddable":true,"href":"https:\/\/fiaf.net\/agoradicult\/wp-json\/wp\/v2\/categories?post=16517"},{"taxonomy":"post_tag","embeddable":true,"href":"https:\/\/fiaf.net\/agoradicult\/wp-json\/wp\/v2\/tags?post=16517"}],"curies":[{"name":"wp","href":"https:\/\/api.w.org\/{rel}","templated":true}]}}