{"id":16642,"date":"2017-09-28T19:59:12","date_gmt":"2017-09-28T17:59:12","guid":{"rendered":"https:\/\/fiaf.net\/agoradicult\/?p=16642"},"modified":"2017-09-28T19:59:12","modified_gmt":"2017-09-28T17:59:12","slug":"luce-dentro-di-maurizio-costanzo","status":"publish","type":"post","link":"https:\/\/fiaf.net\/agoradicult\/2017\/09\/28\/luce-dentro-di-maurizio-costanzo\/","title":{"rendered":"Luce dentro \u2013 di Maurizio Costanzo"},"content":{"rendered":"<p style=\"text-align: left\">.<\/p>\n<p style=\"text-align: left\">.<\/p>\n<p style=\"text-align: left\">.<\/p>\n<p style=\"text-align: left\">.<\/p>\n<p>&nbsp;<br \/>\n<strong>.<\/strong><br \/>\n&nbsp;<br \/>\nL\u2019opera \u201cLuce dentro\u201d \u00e8 l\u2019estratto di un lavoro a lungo termine, iniziato alla fine del 2014 che l\u2019autore sta realizzando presso l\u2019Istituto Regionale Rittmeyer per i Ciechi di Trieste con una quindicina di pazienti di et\u00e0 variabile affetti da cecit\u00e0 o da ipovisione, a volte unite ad altre patologie. L\u2019Istituto, nato nei primi del Novecento, che annovera tra le sue attivit\u00e0 la formazione professionale ed i laboratori occupazionali, dispone inoltre di un\u2019equipe specialistica polifunzionale che lavora su progetti personalizzati, caratterizzati da un approccio multidisciplinare.<br \/>\nLa nostra esperienza del mondo si basa primariamente sul senso della vista e dunque possiamo solo immaginare in quale condizione si trovano immersi gli utenti. \u00a0Viene da chiedersi: come si possono rappresentare fotograficamente le menomazioni della vista? Si pensa subito al bianco e nero ed \u00e8 cos\u00ec infatti che \u00e8 nato inizialmente il progetto. \u00a0Per questa mostra che si inaugurer\u00e0 il 18 gennaio 2017, presso il Circolo Fincantieri-W\u00e4rtsil\u00e4, sono state scelte, invece, 22 stampe a colori che rimarranno esposte fino al 10 febbraio 2017.<br \/>\nLa scelta del colore \u00e8 nata proprio dalla frequentazione dell\u2019Istituto Rittmeyer, che ha prodotto un\u2019evoluzione del pensiero dell\u2019autore, il quale, \u00a0nel tempo, ha potuto arricchirsi con la positivit\u00e0 che anima le giornate dei \u201cragazzi\u201d. Positivit\u00e0 che, nello specifico, si vuole trasmettere proprio con l\u2019uso del colore. La mostra ha ottenuto il Patrocinio della Consulta Regionale delle Associazioni delle Persone con Disabilit\u00e0 e delle loro Famiglie del Friuli Venezia Giulia.<br \/>\nE\u2019 stupefacente essere testimoni della collaborazione e l\u2019altruismo che i ragazzi manifestano tra loro ed inoltre, grazie al lavoro costante del personale dell\u2019Istituto, ogni singolo individuo viene accompagnato in un processo di crescita e portato ad appropriarsi consapevolmente del suo potenziale. Le stampe collocano lo spettatore difronte ad una vicissitudine contemporanea che lui pu\u00f2 solo intuire e che non manca di interrogarlo sulla fragilit\u00e0 dell\u2019esistenza umana.<br \/>\nLe fotografie, che a volte esaltano la sensazione dell\u2019attimo fuggente, sono destinate ad una osservazione attenta e non tendono mai alla ricerca della drammatizzazione. Sono dotate di un forte contenuto emotivo ed attraenti nelle inquadrature, nei colori e nelle forme. I soggetti sono ritratti con sensibilit\u00e0 poich\u00e9 non si vuole \u201cridurli a puro mezzo o semplice pretesto per oggettivare un&#8217;idea o, peggio ancora, per esercitare un&#8217;estetica\u201d come aveva gi\u00e0 affermato la scrittrice Susan Sontag.<br \/>\nMaurizio Costanzo<br \/>\n&nbsp;<\/p>\n<h1 style=\"text-align: center\">Luce dentro<\/h1>\n<h3 style=\"text-align: center\">\u00a0di Maurizio Costanzo<\/h3>\n<p>&nbsp;<br \/>\n<div id='gallery-1' class='gallery galleryid-16642 gallery-columns-3 gallery-size-thumbnail'><figure class='gallery-item'>\n\t\t\t<div class='gallery-icon landscape'>\n\t\t\t\t<a href='https:\/\/fiaf.net\/agoradicult\/wp-content\/uploads\/sites\/23\/2017\/09\/001.jpg'><img loading=\"lazy\" decoding=\"async\" width=\"150\" height=\"150\" src=\"https:\/\/fiaf.net\/agoradicult\/wp-content\/uploads\/sites\/23\/2017\/09\/001-150x150.jpg\" class=\"attachment-thumbnail size-thumbnail\" alt=\"\" \/><\/a>\n\t\t\t<\/div><\/figure><figure class='gallery-item'>\n\t\t\t<div class='gallery-icon landscape'>\n\t\t\t\t<a href='https:\/\/fiaf.net\/agoradicult\/wp-content\/uploads\/sites\/23\/2017\/09\/002.jpg'><img loading=\"lazy\" decoding=\"async\" width=\"150\" height=\"150\" src=\"https:\/\/fiaf.net\/agoradicult\/wp-content\/uploads\/sites\/23\/2017\/09\/002-150x150.jpg\" class=\"attachment-thumbnail size-thumbnail\" alt=\"\" \/><\/a>\n\t\t\t<\/div><\/figure><figure class='gallery-item'>\n\t\t\t<div class='gallery-icon landscape'>\n\t\t\t\t<a href='https:\/\/fiaf.net\/agoradicult\/wp-content\/uploads\/sites\/23\/2017\/09\/003.jpg'><img loading=\"lazy\" decoding=\"async\" width=\"150\" height=\"150\" src=\"https:\/\/fiaf.net\/agoradicult\/wp-content\/uploads\/sites\/23\/2017\/09\/003-150x150.jpg\" class=\"attachment-thumbnail size-thumbnail\" alt=\"\" \/><\/a>\n\t\t\t<\/div><\/figure><figure class='gallery-item'>\n\t\t\t<div class='gallery-icon landscape'>\n\t\t\t\t<a href='https:\/\/fiaf.net\/agoradicult\/wp-content\/uploads\/sites\/23\/2017\/09\/004.jpg'><img loading=\"lazy\" decoding=\"async\" width=\"150\" height=\"150\" src=\"https:\/\/fiaf.net\/agoradicult\/wp-content\/uploads\/sites\/23\/2017\/09\/004-150x150.jpg\" class=\"attachment-thumbnail size-thumbnail\" alt=\"\" \/><\/a>\n\t\t\t<\/div><\/figure><figure class='gallery-item'>\n\t\t\t<div class='gallery-icon landscape'>\n\t\t\t\t<a href='https:\/\/fiaf.net\/agoradicult\/wp-content\/uploads\/sites\/23\/2017\/09\/005.jpg'><img loading=\"lazy\" decoding=\"async\" width=\"150\" height=\"150\" src=\"https:\/\/fiaf.net\/agoradicult\/wp-content\/uploads\/sites\/23\/2017\/09\/005-150x150.jpg\" class=\"attachment-thumbnail size-thumbnail\" alt=\"\" \/><\/a>\n\t\t\t<\/div><\/figure><figure class='gallery-item'>\n\t\t\t<div class='gallery-icon landscape'>\n\t\t\t\t<a href='https:\/\/fiaf.net\/agoradicult\/wp-content\/uploads\/sites\/23\/2017\/09\/006.jpg'><img loading=\"lazy\" decoding=\"async\" width=\"150\" height=\"150\" src=\"https:\/\/fiaf.net\/agoradicult\/wp-content\/uploads\/sites\/23\/2017\/09\/006-150x150.jpg\" class=\"attachment-thumbnail size-thumbnail\" alt=\"\" \/><\/a>\n\t\t\t<\/div><\/figure><figure class='gallery-item'>\n\t\t\t<div class='gallery-icon landscape'>\n\t\t\t\t<a href='https:\/\/fiaf.net\/agoradicult\/wp-content\/uploads\/sites\/23\/2017\/09\/007.jpg'><img loading=\"lazy\" decoding=\"async\" width=\"150\" height=\"150\" src=\"https:\/\/fiaf.net\/agoradicult\/wp-content\/uploads\/sites\/23\/2017\/09\/007-150x150.jpg\" class=\"attachment-thumbnail size-thumbnail\" alt=\"\" \/><\/a>\n\t\t\t<\/div><\/figure><figure class='gallery-item'>\n\t\t\t<div class='gallery-icon landscape'>\n\t\t\t\t<a href='https:\/\/fiaf.net\/agoradicult\/wp-content\/uploads\/sites\/23\/2017\/09\/008.jpg'><img loading=\"lazy\" decoding=\"async\" width=\"150\" height=\"150\" src=\"https:\/\/fiaf.net\/agoradicult\/wp-content\/uploads\/sites\/23\/2017\/09\/008-150x150.jpg\" class=\"attachment-thumbnail size-thumbnail\" alt=\"\" \/><\/a>\n\t\t\t<\/div><\/figure><figure class='gallery-item'>\n\t\t\t<div class='gallery-icon landscape'>\n\t\t\t\t<a href='https:\/\/fiaf.net\/agoradicult\/wp-content\/uploads\/sites\/23\/2017\/09\/009.jpg'><img loading=\"lazy\" decoding=\"async\" width=\"150\" height=\"150\" src=\"https:\/\/fiaf.net\/agoradicult\/wp-content\/uploads\/sites\/23\/2017\/09\/009-150x150.jpg\" class=\"attachment-thumbnail size-thumbnail\" alt=\"\" \/><\/a>\n\t\t\t<\/div><\/figure><figure class='gallery-item'>\n\t\t\t<div class='gallery-icon landscape'>\n\t\t\t\t<a href='https:\/\/fiaf.net\/agoradicult\/wp-content\/uploads\/sites\/23\/2017\/09\/010.jpg'><img loading=\"lazy\" decoding=\"async\" width=\"150\" height=\"150\" src=\"https:\/\/fiaf.net\/agoradicult\/wp-content\/uploads\/sites\/23\/2017\/09\/010-150x150.jpg\" class=\"attachment-thumbnail size-thumbnail\" alt=\"\" \/><\/a>\n\t\t\t<\/div><\/figure><figure class='gallery-item'>\n\t\t\t<div class='gallery-icon landscape'>\n\t\t\t\t<a href='https:\/\/fiaf.net\/agoradicult\/wp-content\/uploads\/sites\/23\/2017\/09\/011.jpg'><img loading=\"lazy\" decoding=\"async\" width=\"150\" height=\"150\" src=\"https:\/\/fiaf.net\/agoradicult\/wp-content\/uploads\/sites\/23\/2017\/09\/011-150x150.jpg\" class=\"attachment-thumbnail size-thumbnail\" alt=\"\" \/><\/a>\n\t\t\t<\/div><\/figure><figure class='gallery-item'>\n\t\t\t<div class='gallery-icon landscape'>\n\t\t\t\t<a href='https:\/\/fiaf.net\/agoradicult\/wp-content\/uploads\/sites\/23\/2017\/09\/012.jpg'><img loading=\"lazy\" decoding=\"async\" width=\"150\" height=\"150\" src=\"https:\/\/fiaf.net\/agoradicult\/wp-content\/uploads\/sites\/23\/2017\/09\/012-150x150.jpg\" class=\"attachment-thumbnail size-thumbnail\" alt=\"\" \/><\/a>\n\t\t\t<\/div><\/figure><figure class='gallery-item'>\n\t\t\t<div class='gallery-icon landscape'>\n\t\t\t\t<a href='https:\/\/fiaf.net\/agoradicult\/wp-content\/uploads\/sites\/23\/2017\/09\/013.jpg'><img loading=\"lazy\" decoding=\"async\" width=\"150\" height=\"150\" src=\"https:\/\/fiaf.net\/agoradicult\/wp-content\/uploads\/sites\/23\/2017\/09\/013-150x150.jpg\" class=\"attachment-thumbnail size-thumbnail\" alt=\"\" \/><\/a>\n\t\t\t<\/div><\/figure><figure class='gallery-item'>\n\t\t\t<div class='gallery-icon landscape'>\n\t\t\t\t<a href='https:\/\/fiaf.net\/agoradicult\/wp-content\/uploads\/sites\/23\/2017\/09\/014.jpg'><img loading=\"lazy\" decoding=\"async\" width=\"150\" height=\"150\" src=\"https:\/\/fiaf.net\/agoradicult\/wp-content\/uploads\/sites\/23\/2017\/09\/014-150x150.jpg\" class=\"attachment-thumbnail size-thumbnail\" alt=\"\" \/><\/a>\n\t\t\t<\/div><\/figure>\n\t\t<\/div>\n\n<strong>\u00a0<\/strong><br \/>\n<strong>Curriculum fotografico<\/strong><br \/>\nDi professione geologo, dipendente della Regione FVG, ha lavorato, come capoprogetto, 15 anni con le ONG in vari Paesi dell\u2019 America Latina (tra questi: Ecuador, Bolivia, Honduras) ed in Africa (Uganda) portando a termine programmi di cooperazione tecnica.<br \/>\nNei suoi progetti fotografici predilige approfondire tematiche sociali.\u00a0 Ha partecipato a due Master Class dell\u2019agenzia Magnum Photos, con Bruce Gilden nel 2012 e con Patrick Zachmann nel 2014.<br \/>\nCon il lavoro in bianco e nero \u201cLuce dentro\u201d \u00e8 stato nominato: Autore dell\u2019anno FIAF 2015 per il Friuli Venezia Giulia.<br \/>\nHa vinto nel 2013 il secondo premio a Trentino Immagini nell\u2019ambito del \u201cPortfolio Italia\u201d con l\u2019opera \u201cNumero Guida 45\u201d, entrando in questo modo a far parte dei 20 finalisti che si sono contesi il podio a Bibbiena. Il lavoro \u00e8 stato pubblicato sulla rivista Fotoit (sett. 2014).<br \/>\nNel 2011 ha vinto il primo premio al Trieste Photo Festival con il portfolio \u201cIn strada\u201d.<br \/>\nLe sue foto sono state selezionate nel progetto nazionale FIAF 2016 \u201cTanti per tutti\u201d \u00a0per il quale ha realizzato un lavoro sul volontariato con l\u2019Associazione G. De Banfield di Trieste.<br \/>\nHa esposto: \u00a0in due mostre collettive, a Zagabria, \u00a0in due mostre personali \u00a0presso il Municipio di Turriaco (GO), a Bibbiena (AR) presso il CIFA (Centro Italiano Fotografia d\u2019Autore) e presso il Circolo Fincantieri \u2013 W\u00e4rtsil\u00e4 di Trieste.<\/p>\n\n    <div class=\"xs_social_share_widget xs_share_url after_content \t\tmain_content  wslu-style-1 wslu-share-box-shaped wslu-fill-colored wslu-none wslu-share-horizontal wslu-theme-font-no wslu-main_content\">\n\n\t\t\n        <ul>\n\t\t\t        <\/ul>\n    <\/div> \n","protected":false},"excerpt":{"rendered":"<p>. . . . &nbsp; . &nbsp; L\u2019opera \u201cLuce dentro\u201d \u00e8 l\u2019estratto di un lavoro a lungo termine, iniziato alla &hellip;<\/p>\n","protected":false},"author":15,"featured_media":16643,"comment_status":"open","ping_status":"open","sticky":false,"template":"","format":"standard","meta":{"_acf_changed":false,"footnotes":""},"categories":[7,17],"tags":[],"class_list":["post-16642","post","type-post","status-publish","format-standard","has-post-thumbnail","hentry","category-archivio","category-dai-tavoli-di-portfolio"],"acf":[],"_links":{"self":[{"href":"https:\/\/fiaf.net\/agoradicult\/wp-json\/wp\/v2\/posts\/16642","targetHints":{"allow":["GET"]}}],"collection":[{"href":"https:\/\/fiaf.net\/agoradicult\/wp-json\/wp\/v2\/posts"}],"about":[{"href":"https:\/\/fiaf.net\/agoradicult\/wp-json\/wp\/v2\/types\/post"}],"author":[{"embeddable":true,"href":"https:\/\/fiaf.net\/agoradicult\/wp-json\/wp\/v2\/users\/15"}],"replies":[{"embeddable":true,"href":"https:\/\/fiaf.net\/agoradicult\/wp-json\/wp\/v2\/comments?post=16642"}],"version-history":[{"count":0,"href":"https:\/\/fiaf.net\/agoradicult\/wp-json\/wp\/v2\/posts\/16642\/revisions"}],"wp:featuredmedia":[{"embeddable":true,"href":"https:\/\/fiaf.net\/agoradicult\/wp-json\/wp\/v2\/media\/16643"}],"wp:attachment":[{"href":"https:\/\/fiaf.net\/agoradicult\/wp-json\/wp\/v2\/media?parent=16642"}],"wp:term":[{"taxonomy":"category","embeddable":true,"href":"https:\/\/fiaf.net\/agoradicult\/wp-json\/wp\/v2\/categories?post=16642"},{"taxonomy":"post_tag","embeddable":true,"href":"https:\/\/fiaf.net\/agoradicult\/wp-json\/wp\/v2\/tags?post=16642"}],"curies":[{"name":"wp","href":"https:\/\/api.w.org\/{rel}","templated":true}]}}