{"id":1675,"date":"2012-04-24T11:41:15","date_gmt":"2012-04-24T11:41:15","guid":{"rendered":"https:\/\/fiaf.net\/agoradicult\/?p=1675"},"modified":"2012-04-24T11:41:15","modified_gmt":"2012-04-24T11:41:15","slug":"la-diversita-degli-uguali-maurizio-lupi","status":"publish","type":"post","link":"https:\/\/fiaf.net\/agoradicult\/2012\/04\/24\/la-diversita-degli-uguali-maurizio-lupi\/","title":{"rendered":"La diversit\u00e0 degli uguali &#8211; Maurizio Lupi"},"content":{"rendered":"<p align=\"center\"><strong>The Magic Eye<\/strong><\/p>\n<p align=\"center\">di Knulp Malevich<\/p>\n<p align=\"center\"><em>\u00a0<\/em><\/p>\n<p align=\"center\"><em>La diversit\u00e0 degli uguali<\/em><\/p>\n<p><em>\u00a0<\/em><br \/>\nLa serialit\u00e0 ricorsiva, cardine organizzativo dei processi industriali, ovvero la successione di azioni che causano apparentemente lo stesso effetto, quando si presenta in progetti visivi come in \u201cThe Magic Eye\u201d \u00admolto spesso da adito ad una lettura denotativa superficiale e frustrante che banalizza e svuota purtroppo la conseguente lettura connotativa dei significati.<\/p>\n<p>Infatti se non approfondiamo la lettura attraverso l\u2019osservazione dei particolari di ogni scatto cadiamo in un trabocchetto semplificativo dove le immagini che Knulp Malevich ha realizzato sembrano tutte uguali: una serie di fotografi famosi ritratti con una lente davanti ad un occhio.<\/p>\n<p>La chiave di lettura che ci fa superare la prima apparente visione di banalit\u00e0 ce la da proprio Malevich che \u00e8 recidivo nei lavori di serialit\u00e0 ricorsiva in quanto ha gi\u00e0 avuto modo con il lavoro \u201cCorridoio Cinese\u201d di farci vedere cosa pu\u00f2 esprimere il suo occhio fotografico con il punto di ripresa fisso.<\/p>\n<p>L\u2019autore ci dice che ha fotografato d\u2019istinto, con il cuore, e che nel momento dello scatto si \u00e8 fatto completamente trascinare dalla magia dell&#8217;incontro \u00a0con il maestro ritratto, dalla sua disponibilit\u00e0, e dalla percezione che aveva dell&#8217;uomo e poi dell&#8217;artista, dal luogo, dalla luce.<\/p>\n<p>Ogni volta tutto con un ordine diverso.<\/p>\n<p>Proviamo a riguardare le immagini in sintonia con il suo modo di sentire il momento dello scatto alla ricerca di questa magia.<\/p>\n<p>L\u2019osservazione dei particolari ci spinge a vedere ci\u00f2 che prima ci sfuggiva, ovvero l\u2019anima di ogni maestro magicamente rappresentata dall\u2019ingrandimento dell\u2019occhio prodotto dalla lente.<\/p>\n<p>L\u2019espansione dell\u2019occhio, simbolo della visione dell\u2019uomo sul mondo,\u00a0 mette in nuce in maniera cos\u00ec forte le diverse e molteplici sensibilit\u00e0 umane dei fotografi tanto da rendere unico ogni singolo ritratto.<\/p>\n<p>In ognuno di quegli occhi ingranditi c\u2019\u00e8 un mondo di amore per gli altri e per la vita stessa.<\/p>\n<p>Occhi che hanno pianto davanti al dolore del mondo e sorriso davanti alle gioie, partecipi e non osservatori passivi nel momento stesso che rappresentavano la realt\u00e0 attraverso la fotografia.<\/p>\n<p>E l\u2019apparente mancanza di legame logico tra le immagini con una lettura superficiale fa spazio alla unicit\u00e0 di ogni scatto che per ossimoro diviene il vero collante semantico del lavoro.<\/p>\n<p>Ma non c\u2019\u00e8 solo la lente con la sua forza simbolica, ci sono altri indizi compositivi a rendere unico e significativo ogni fotogramma.<\/p>\n<p>Infatti con una lettura pi\u00f9 attenta viene a galla anche il legame per assonanza di forma e di concetto che l\u2019autore ha voluto creare tra il soggetto ripreso e la sua contestualizzazione.<\/p>\n<p>Ferdinando Scianna con la fortezza della sua sensibilit\u00e0 culturale.<\/p>\n<p>La scultura tersicorea dietro Bernard Plossu in linea con il suo stile operativo leggiadro e saltellante a guisa di un H.C. Bresson post litteram.<\/p>\n<p>I muri di Robert Frank disordinati come le sue ciglia.<\/p>\n<p>Il nero avvolgente Chiara Samugheo a simbolo dello spettro della morte che l\u2019ha sempre inseguita.<\/p>\n<p>Lo sfavillante fuori fuoco dietro Nino Migliori a fare il verso alla sua ecletticit\u00e0 e creativit\u00e0 fotografica.<\/p>\n<p>Gianni Berengo Gardin nel pi\u00f9 grande archivio italiano del reportage introspettivo: il suo.<\/p>\n<p>Letizia Battaglia rossa come il sangue delle strade di Palermo.<\/p>\n<p>Tano D\u2019amico spettatore attento nel teatro della vita.<\/p>\n<p>Mario De Biasi con i suoi giocattoli in grembo.<br \/>\nTutti diversi nell\u2019uguaglianza, tutti uguali nella diversit\u00e0, nelle mille diversit\u00e0.<\/p>\n<p><strong>Maurizio Lupi<\/strong><\/p>\n<p><a href=\"https:\/\/fiaf.net\/agoradicult\/wp-content\/uploads\/sites\/23\/2012\/04\/letizia-battaglia.jpg\"><img loading=\"lazy\" decoding=\"async\" class=\"aligncenter size-full wp-image-1676\" title=\"THE MAGIC EYE\" src=\"https:\/\/fiaf.net\/agoradicult\/wp-content\/uploads\/sites\/23\/2012\/04\/letizia-battaglia.jpg\" alt=\"\" width=\"402\" height=\"600\" srcset=\"https:\/\/fiaf.net\/agoradicult\/wp-content\/uploads\/sites\/23\/2012\/04\/letizia-battaglia.jpg 402w, https:\/\/fiaf.net\/agoradicult\/wp-content\/uploads\/sites\/23\/2012\/04\/letizia-battaglia-201x300.jpg 201w\" sizes=\"auto, (max-width: 402px) 100vw, 402px\" \/><\/a><\/p>\n<p><a href=\"https:\/\/fiaf.net\/agoradicult\/wp-content\/uploads\/sites\/23\/2012\/04\/gianni-berengo-gardin.jpg\"><img loading=\"lazy\" decoding=\"async\" class=\"aligncenter size-full wp-image-1677\" title=\"THE MAGIC EYE\" src=\"https:\/\/fiaf.net\/agoradicult\/wp-content\/uploads\/sites\/23\/2012\/04\/gianni-berengo-gardin.jpg\" alt=\"\" width=\"401\" height=\"600\" srcset=\"https:\/\/fiaf.net\/agoradicult\/wp-content\/uploads\/sites\/23\/2012\/04\/gianni-berengo-gardin.jpg 401w, https:\/\/fiaf.net\/agoradicult\/wp-content\/uploads\/sites\/23\/2012\/04\/gianni-berengo-gardin-201x300.jpg 201w\" sizes=\"auto, (max-width: 401px) 100vw, 401px\" \/><\/a><\/p>\n<p><a href=\"https:\/\/fiaf.net\/agoradicult\/wp-content\/uploads\/sites\/23\/2012\/04\/ferdinando-scianna.jpg\"><img loading=\"lazy\" decoding=\"async\" class=\"aligncenter size-full wp-image-1678\" title=\"THE MAGIC EYE\" src=\"https:\/\/fiaf.net\/agoradicult\/wp-content\/uploads\/sites\/23\/2012\/04\/ferdinando-scianna.jpg\" alt=\"\" width=\"399\" height=\"600\" srcset=\"https:\/\/fiaf.net\/agoradicult\/wp-content\/uploads\/sites\/23\/2012\/04\/ferdinando-scianna.jpg 399w, https:\/\/fiaf.net\/agoradicult\/wp-content\/uploads\/sites\/23\/2012\/04\/ferdinando-scianna-200x300.jpg 200w\" sizes=\"auto, (max-width: 399px) 100vw, 399px\" \/><\/a><\/p>\n<p><a href=\"https:\/\/fiaf.net\/agoradicult\/wp-content\/uploads\/sites\/23\/2012\/04\/Bernard-Plossu.jpg\"><img loading=\"lazy\" decoding=\"async\" class=\"aligncenter size-full wp-image-1679\" title=\"THE MAGIC EYE\" src=\"https:\/\/fiaf.net\/agoradicult\/wp-content\/uploads\/sites\/23\/2012\/04\/Bernard-Plossu.jpg\" alt=\"\" width=\"403\" height=\"600\" srcset=\"https:\/\/fiaf.net\/agoradicult\/wp-content\/uploads\/sites\/23\/2012\/04\/Bernard-Plossu.jpg 403w, https:\/\/fiaf.net\/agoradicult\/wp-content\/uploads\/sites\/23\/2012\/04\/Bernard-Plossu-202x300.jpg 202w\" sizes=\"auto, (max-width: 403px) 100vw, 403px\" \/><\/a><\/p>\n<p>&nbsp;<\/p>\n<p><span style=\"color: #ffffff\">.<\/span><\/p>\n<p>&nbsp;<\/p>\n\n    <div class=\"xs_social_share_widget xs_share_url after_content \t\tmain_content  wslu-style-1 wslu-share-box-shaped wslu-fill-colored wslu-none wslu-share-horizontal wslu-theme-font-no wslu-main_content\">\n\n\t\t\n        <ul>\n\t\t\t        <\/ul>\n    <\/div> \n","protected":false},"excerpt":{"rendered":"<p>The Magic Eye di Knulp Malevich \u00a0 La diversit\u00e0 degli uguali \u00a0 La serialit\u00e0 ricorsiva, cardine organizzativo dei processi industriali, &hellip;<\/p>\n","protected":false},"author":15,"featured_media":1679,"comment_status":"open","ping_status":"open","sticky":false,"template":"","format":"standard","meta":{"_acf_changed":false,"footnotes":""},"categories":[7,15],"tags":[],"class_list":["post-1675","post","type-post","status-publish","format-standard","has-post-thumbnail","hentry","category-archivio","category-critica-fotografica-opere"],"acf":[],"_links":{"self":[{"href":"https:\/\/fiaf.net\/agoradicult\/wp-json\/wp\/v2\/posts\/1675","targetHints":{"allow":["GET"]}}],"collection":[{"href":"https:\/\/fiaf.net\/agoradicult\/wp-json\/wp\/v2\/posts"}],"about":[{"href":"https:\/\/fiaf.net\/agoradicult\/wp-json\/wp\/v2\/types\/post"}],"author":[{"embeddable":true,"href":"https:\/\/fiaf.net\/agoradicult\/wp-json\/wp\/v2\/users\/15"}],"replies":[{"embeddable":true,"href":"https:\/\/fiaf.net\/agoradicult\/wp-json\/wp\/v2\/comments?post=1675"}],"version-history":[{"count":0,"href":"https:\/\/fiaf.net\/agoradicult\/wp-json\/wp\/v2\/posts\/1675\/revisions"}],"wp:featuredmedia":[{"embeddable":true,"href":"https:\/\/fiaf.net\/agoradicult\/wp-json\/wp\/v2\/media\/1679"}],"wp:attachment":[{"href":"https:\/\/fiaf.net\/agoradicult\/wp-json\/wp\/v2\/media?parent=1675"}],"wp:term":[{"taxonomy":"category","embeddable":true,"href":"https:\/\/fiaf.net\/agoradicult\/wp-json\/wp\/v2\/categories?post=1675"},{"taxonomy":"post_tag","embeddable":true,"href":"https:\/\/fiaf.net\/agoradicult\/wp-json\/wp\/v2\/tags?post=1675"}],"curies":[{"name":"wp","href":"https:\/\/api.w.org\/{rel}","templated":true}]}}