{"id":1713,"date":"2012-05-01T18:34:48","date_gmt":"2012-05-01T18:34:48","guid":{"rendered":"https:\/\/fiaf.net\/agoradicult\/?p=1713"},"modified":"2012-05-01T18:34:48","modified_gmt":"2012-05-01T18:34:48","slug":"face-to-face-ii-portfolio-tornado-ghedi","status":"publish","type":"post","link":"https:\/\/fiaf.net\/agoradicult\/2012\/05\/01\/face-to-face-ii-portfolio-tornado-ghedi\/","title":{"rendered":"Face to Face  II\u00b0 \u201cPortfolio Tornado Ghedi\u201d"},"content":{"rendered":"<p style=\"text-align: center\" align=\"center\">\u00a0<strong>Face to Face <\/strong><\/p>\n<p style=\"text-align: center\" align=\"center\"><strong>II\u00b0 \u201cPortfolio Tornado Ghedi\u201d<\/strong><\/p>\n<p style=\"text-align: justify\">Come dal programma in Agenda, il 29\/04 a Ghedi (BS) si \u00e8 svolto il <strong>II\u00b0 \u201cPortfolio Tornado Ghedi\u201d,<\/strong> organizzato dal C.F. LAMBDA Ghedi con la collaborazione del <strong>Dipartimento Cultura <\/strong>e svolto con la modalit\u00e0 di lettura di Portfolio <strong>Face to Face<\/strong> condotta da Cinzia Busi Thompson e me.<\/p>\n<p>Come previsto dall\u2019Agenda delle attivit\u00e0 non c\u2019\u00e8 stata all\u2019attivit\u00e0 presenza di iscritti al Dipartimento Cultura. L\u2019attivit\u00e0 si \u00e8 svolta seguendo puntualmente il programma gi\u00e0 esposto nel Post dedicato su questo Blog alla pagina seguente:<\/p>\n<p><strong>https:\/\/fiaf.net\/agoradicult\/2012\/03\/11\/il-face-to-face\/<\/strong><\/p>\n<p>Anche a Ghedi <strong>Face to Face<\/strong> si \u00e8 dimostrata una modalit\u00e0 di lettura Portfolio molto profonda e coinvolgente che permette agli autori e al pubblico di seguire chiaramente le letture e di godersi le opere.<\/p>\n<p>Ma come al solito il resoconto di come si \u00e8 svolta l\u2019attivit\u00e0 viene lasciato ai partecipanti anche se non iscritti al <strong>Dipartimento Cultura<\/strong>.<\/p>\n<p>Pertanto saranno eventualmente i Commenti \u00a0a raccontarla nei suoi contenuti, nella sequenza con la quale si \u00e8 svolta, nel clima di dialogo culturale, nel tono della relazione umana che siamo riusciti a raggiungere e quant\u2019altro si vorr\u00e0 evidenziare per migliorare l\u2019attivit\u00e0 stessa.<\/p>\n<p style=\"text-align: justify\"><a href=\"https:\/\/fiaf.net\/agoradicult\/wp-content\/uploads\/sites\/23\/2012\/05\/BP7_9648-2056Ghedi.jpg\"><img loading=\"lazy\" decoding=\"async\" class=\"aligncenter size-full wp-image-1714\" title=\"BP7_9648-2056Ghedi\" src=\"https:\/\/fiaf.net\/agoradicult\/wp-content\/uploads\/sites\/23\/2012\/05\/BP7_9648-2056Ghedi.jpg\" alt=\"\" width=\"580\" height=\"386\" srcset=\"https:\/\/fiaf.net\/agoradicult\/wp-content\/uploads\/sites\/23\/2012\/05\/BP7_9648-2056Ghedi.jpg 580w, https:\/\/fiaf.net\/agoradicult\/wp-content\/uploads\/sites\/23\/2012\/05\/BP7_9648-2056Ghedi-300x200.jpg 300w\" sizes=\"auto, (max-width: 580px) 100vw, 580px\" \/><\/a><\/p>\n<p style=\"text-align: justify\"><a href=\"https:\/\/fiaf.net\/agoradicult\/wp-content\/uploads\/sites\/23\/2012\/05\/BP7_9654-2056Ghedi.jpg\"><img loading=\"lazy\" decoding=\"async\" class=\"aligncenter size-full wp-image-1715\" title=\"BP7_9654-2056Ghedi\" src=\"https:\/\/fiaf.net\/agoradicult\/wp-content\/uploads\/sites\/23\/2012\/05\/BP7_9654-2056Ghedi.jpg\" alt=\"\" width=\"580\" height=\"386\" srcset=\"https:\/\/fiaf.net\/agoradicult\/wp-content\/uploads\/sites\/23\/2012\/05\/BP7_9654-2056Ghedi.jpg 580w, https:\/\/fiaf.net\/agoradicult\/wp-content\/uploads\/sites\/23\/2012\/05\/BP7_9654-2056Ghedi-300x200.jpg 300w\" sizes=\"auto, (max-width: 580px) 100vw, 580px\" \/><\/a><\/p>\n<p style=\"text-align: justify\"><a href=\"https:\/\/fiaf.net\/agoradicult\/wp-content\/uploads\/sites\/23\/2012\/05\/BP7_9687-2056Ghedi.jpg\"><img loading=\"lazy\" decoding=\"async\" class=\"aligncenter size-full wp-image-1716\" title=\"BP7_9687-2056Ghedi\" src=\"https:\/\/fiaf.net\/agoradicult\/wp-content\/uploads\/sites\/23\/2012\/05\/BP7_9687-2056Ghedi.jpg\" alt=\"\" width=\"580\" height=\"386\" srcset=\"https:\/\/fiaf.net\/agoradicult\/wp-content\/uploads\/sites\/23\/2012\/05\/BP7_9687-2056Ghedi.jpg 580w, https:\/\/fiaf.net\/agoradicult\/wp-content\/uploads\/sites\/23\/2012\/05\/BP7_9687-2056Ghedi-300x200.jpg 300w\" sizes=\"auto, (max-width: 580px) 100vw, 580px\" \/><\/a><\/p>\n<p style=\"text-align: justify\"><a href=\"https:\/\/fiaf.net\/agoradicult\/wp-content\/uploads\/sites\/23\/2012\/05\/BP7_9841-2056Ghedi.jpg\"><img loading=\"lazy\" decoding=\"async\" class=\"aligncenter size-full wp-image-1717\" title=\"BP7_9841-2056Ghedi\" src=\"https:\/\/fiaf.net\/agoradicult\/wp-content\/uploads\/sites\/23\/2012\/05\/BP7_9841-2056Ghedi.jpg\" alt=\"\" width=\"580\" height=\"386\" srcset=\"https:\/\/fiaf.net\/agoradicult\/wp-content\/uploads\/sites\/23\/2012\/05\/BP7_9841-2056Ghedi.jpg 580w, https:\/\/fiaf.net\/agoradicult\/wp-content\/uploads\/sites\/23\/2012\/05\/BP7_9841-2056Ghedi-300x200.jpg 300w\" sizes=\"auto, (max-width: 580px) 100vw, 580px\" \/><\/a><\/p>\n<p>&nbsp;<\/p>\n<p style=\"text-align: justify\">\u00a0La prossima attivit\u00e0 in Agenda \u00e8 il <strong>64\u00b0 Congresso Nazionale della FIAF<\/strong> a Garda (VR), i contenuti li trovate esposti:<\/p>\n<p style=\"text-align: justify\">\u00a0https:\/\/fiaf.net\/agoradicult\/2012\/04\/12\/64-congresso-nazionale-fiaf\/<strong><\/strong><\/p>\n<p style=\"text-align: justify\">L\u2019elenco dei partecipanti iscritti al <strong>Dipartimento Cultura<\/strong> li trovate elencati nell\u2019Agenda di <strong>Agor\u00e0 Di Cult<\/strong>. Chi ha la possibilit\u00e0 di partecipare non perda l\u2019occasione di partecipare, almeno alla giornata di sabato, a questo importante momento della Fotografia Italiana che tra le tante attivit\u00e0 prevede al mattino le lettura di Portfolio al <strong>12\u00b0 Spazio Portfolio<\/strong> concorso inserito nel circuito di <strong>9\u00b0 Portfolio Italia <\/strong>ed al pomeriggio la presentazione dei libri FIAF editi nell\u2019anno con la presentazione dell\u2019<strong>Autore dell\u2019anno FIAF Enrico Genovesi <\/strong>e la presentazione della monografia del <strong>Grande Autore <\/strong>dedicata a<strong> Cesare Colombo<\/strong>.<\/p>\n<p style=\"text-align: justify\" align=\"center\">\u00a0<strong>Riflessioni sul percorso comune<\/strong><\/p>\n<p style=\"text-align: justify\"><strong>\u00a0<\/strong>Quando ci sono delle attivit\u00e0 inevitabilmente il lavoro di elaborazione viene momentaneamente interrotto. Vi ricordo che per noi i Post non scadono mai e quindi possono essere ripresi in qualsiasi momento.<\/p>\n<p style=\"text-align: justify\">Vi informo che dai dati statistici di frequentazione del Blog Agor\u00e0 Di Cult risulta che a due mesi e mezzo dall\u2019avvio abbiamo giornalmente l\u2019apertura di 700 pagine.<\/p>\n<p style=\"text-align: justify\">Il Blog <strong>Agor\u00e0 Di Cult<\/strong> ha un archivio che attende ci\u00f2 che avete gi\u00e0 realizzato e i vostri nuovi progetti. Rilancio alcune idee sulle quali potete lavorare:<\/p>\n<p style=\"text-align: justify\">&#8211;\u00a0\u00a0\u00a0\u00a0\u00a0\u00a0\u00a0\u00a0 Presentate gli autori che amate, contemporanei o del passato, pi\u00f9 o meno noti.<\/p>\n<p style=\"text-align: justify\">&#8211;\u00a0\u00a0\u00a0\u00a0\u00a0\u00a0\u00a0\u00a0 Presentate il vostro percorso fotografico, come a hanno gi\u00e0 fatto Marco Nicolini e Massimo Bardelli, ponendo in <strong>Galleria<\/strong> le vostre fotografie pi\u00f9 significative.<\/p>\n<p style=\"text-align: justify\">&#8211;\u00a0\u00a0\u00a0\u00a0\u00a0\u00a0\u00a0\u00a0 Esponete con vostre foto e riflessioni il genere fotografico che pi\u00f9 amate.<\/p>\n<p style=\"text-align: justify\">&#8211;\u00a0\u00a0\u00a0\u00a0\u00a0\u00a0\u00a0\u00a0 Presentate riflessioni su brani di testi che ritenete per voi importanti.<\/p>\n<p style=\"text-align: justify\">&#8211;\u00a0\u00a0\u00a0\u00a0\u00a0\u00a0\u00a0\u00a0 Proponente riflessioni su eventi di cultura contemporanea.<\/p>\n<p style=\"text-align: justify\">&#8211;\u00a0\u00a0\u00a0\u00a0\u00a0\u00a0\u00a0\u00a0 Ecc\u2026<\/p>\n<p style=\"text-align: justify\">Proponetemi i vostri progetti e diventeremo i compagni di viaggio gli uni degli altri!<\/p>\n<p style=\"text-align: justify\">Silvano Bicocchi<\/p>\n<p style=\"text-align: justify\">Direttore del <strong>Dipartimento Cultura<\/strong><\/p>\n<p style=\"text-align: justify\">Nonantola, 01\/05\/2012<\/p>\n\n    <div class=\"xs_social_share_widget xs_share_url after_content \t\tmain_content  wslu-style-1 wslu-share-box-shaped wslu-fill-colored wslu-none wslu-share-horizontal wslu-theme-font-no wslu-main_content\">\n\n\t\t\n        <ul>\n\t\t\t        <\/ul>\n    <\/div> \n","protected":false},"excerpt":{"rendered":"<p>\u00a0Face to Face II\u00b0 \u201cPortfolio Tornado Ghedi\u201d Come dal programma in Agenda, il 29\/04 a Ghedi (BS) si \u00e8 svolto &hellip;<\/p>\n","protected":false},"author":15,"featured_media":1718,"comment_status":"open","ping_status":"open","sticky":false,"template":"","format":"standard","meta":{"_acf_changed":false,"footnotes":""},"categories":[7,24],"tags":[],"class_list":["post-1713","post","type-post","status-publish","format-standard","has-post-thumbnail","hentry","category-archivio","category-i-post-di-silvano-bicocchi"],"acf":[],"_links":{"self":[{"href":"https:\/\/fiaf.net\/agoradicult\/wp-json\/wp\/v2\/posts\/1713","targetHints":{"allow":["GET"]}}],"collection":[{"href":"https:\/\/fiaf.net\/agoradicult\/wp-json\/wp\/v2\/posts"}],"about":[{"href":"https:\/\/fiaf.net\/agoradicult\/wp-json\/wp\/v2\/types\/post"}],"author":[{"embeddable":true,"href":"https:\/\/fiaf.net\/agoradicult\/wp-json\/wp\/v2\/users\/15"}],"replies":[{"embeddable":true,"href":"https:\/\/fiaf.net\/agoradicult\/wp-json\/wp\/v2\/comments?post=1713"}],"version-history":[{"count":0,"href":"https:\/\/fiaf.net\/agoradicult\/wp-json\/wp\/v2\/posts\/1713\/revisions"}],"wp:featuredmedia":[{"embeddable":true,"href":"https:\/\/fiaf.net\/agoradicult\/wp-json\/wp\/v2\/media\/1718"}],"wp:attachment":[{"href":"https:\/\/fiaf.net\/agoradicult\/wp-json\/wp\/v2\/media?parent=1713"}],"wp:term":[{"taxonomy":"category","embeddable":true,"href":"https:\/\/fiaf.net\/agoradicult\/wp-json\/wp\/v2\/categories?post=1713"},{"taxonomy":"post_tag","embeddable":true,"href":"https:\/\/fiaf.net\/agoradicult\/wp-json\/wp\/v2\/tags?post=1713"}],"curies":[{"name":"wp","href":"https:\/\/api.w.org\/{rel}","templated":true}]}}