{"id":18093,"date":"2018-03-11T17:00:06","date_gmt":"2018-03-11T15:00:06","guid":{"rendered":"https:\/\/fiaf.net\/agoradicult\/?p=18093"},"modified":"2018-03-11T17:00:06","modified_gmt":"2018-03-11T15:00:06","slug":"manifesti-virtuali_-04-3-di-monica-mazzolini","status":"publish","type":"post","link":"https:\/\/fiaf.net\/agoradicult\/2018\/03\/11\/manifesti-virtuali_-04-3-di-monica-mazzolini\/","title":{"rendered":"MANIFESTI VIRTUALI_ 04.3 \u2013 di Monica Mazzolini"},"content":{"rendered":"<p>.<br \/>\n&nbsp;<br \/>\n.<br \/>\n&nbsp;<br \/>\n&nbsp;<br \/>\n&nbsp;<br \/>\n&nbsp;<br \/>\n&nbsp;<\/p>\n<h2 style=\"text-align: center\">Laboratorio di Storia della fotografia<br \/>\nLAB Di Cult 025 FIAF, coordinato da<br \/>\nMonica Mazzolini<\/h2>\n<h3 style=\"text-align: center\">I \u201cmanifesti\u201d degli albori della fotografia<br \/>\nTerza parte: \u201cLa Soci\u00e9t\u00e9 Fran\u00e7aise de Photographie\u201d<\/h3>\n<p>&nbsp;<br \/>\n<img loading=\"lazy\" decoding=\"async\" class=\"aligncenter size-full wp-image-18094\" src=\"https:\/\/fiaf.net\/agoradicult\/wp-content\/uploads\/sites\/23\/2018\/03\/01_Atelier-de-Nadar-au-35-boulevard-des-Capucines-\u00e0-Paris-e1520707730570.jpg\" alt=\"\" width=\"580\" height=\"771\" \/><\/p>\n<p style=\"text-align: center\"><i>Atelier di Felix Nadar al numero 35 di Boulevard des Capucines a Parigi<\/i><\/p>\n<p>La \u201cSoci\u00e9t\u00e9 H\u00e9liographique\u201d (di cui abbiamo parlato nel precedente post: <a href=\"https:\/\/fiaf.net\/agoradicult\/2018\/01\/21\/manifesti-virtuali_-04-2-di-monica-mazzolini\/\">https:\/\/fiaf.net\/agoradicult\/2018\/01\/21\/manifesti-virtuali_-04-2-di-monica-mazzolini\/<\/a>) ceder\u00e0 il posto a \u201cLa Soci\u00e9t\u00e9 Fran\u00e7aise de Photographie\u201d che fondata il 15 novembre del 1854 rediger\u00e0 un nuovo statuto ed un bollettino periodico. E\u2019 la societ\u00e0 pi\u00f9 vecchia al mondo ed \u00e8 tutt\u2019ora attiva a Parigi.<br \/>\n<img loading=\"lazy\" decoding=\"async\" class=\"aligncenter size-full wp-image-18095\" src=\"https:\/\/fiaf.net\/agoradicult\/wp-content\/uploads\/sites\/23\/2018\/03\/02_Esempio-dellinterno-di-un-Atelier-del-fotografo-nel-19esimo-secolo-e1520707781602.jpg\" alt=\"\" width=\"580\" height=\"820\" \/><\/p>\n<p style=\"text-align: center\"><i>Esempio dell&#8217;interno di un atelier del fotografo nella seconda met\u00e0 del 1800<\/i><\/p>\n<p>Lo statuto della Soci\u00e9t\u00e9 Fran\u00e7aise de Photographie prevede molti punti, alcuni dei quali sono riportati qui di seguito per descrivere le principali caratteristiche che sono poi molto simili a quelle delle nostre societ\u00e0, dei nostri circoli fotografici. Lo scopo nel 1854 consisteva nell\u2019aggregazione delle persone con l\u2019intento di valorizzare la tecnica e la storia, favorire gli incontri, la condivisione e lo studio, tutto volto al progresso ed alla crescita della fotografia. Erano previste mostre fotografiche e pubblicazioni delle fotografie dei soci, il tutto senza scopo di lucro.<br \/>\n<img loading=\"lazy\" decoding=\"async\" class=\"aligncenter size-full wp-image-18096\" src=\"https:\/\/fiaf.net\/agoradicult\/wp-content\/uploads\/sites\/23\/2018\/03\/03_statuts-la-societe-francaise-de-photographie-1854-e1520707830941.jpg\" alt=\"\" width=\"580\" height=\"888\" \/><\/p>\n<p style=\"text-align: center\"><i>Prima pagina dello Statuto: \u201cLa Soci\u00e9t\u00e9 Fran\u00e7aise de Photographie\u201d fondata il 15 novembre 1854.<\/i><\/p>\n<p><i>Art. 1 [\u2026] una Societ\u00e0 civile\u2026<\/i><br \/>\n<i>Art. 2 La <\/i>Soci\u00e9t\u00e9 Fran\u00e7aise de Photographie<i> \u00e8 stata fondata allo scopo di riunire in un\u2019associazione, puramente artistica e scientifica, uomini dediti allo studio e alla pratica di questo ramo dell&#8217;arte e della scienza, che cerca di riprodurre e fissare con l&#8217;azione spontanea della luce le immagini della natura.<\/i><br \/>\n<i>Art. 3 I suoi membri non avranno altro impegno oltre a quello di lavorare, in base alle loro capacit\u00e0, ai progressi nel campo della fotografia, ai sensi del regolamento della Societ\u00e0, attraverso incontri periodici, per la comunicazione libera e volontaria delle opere, attraverso lo svelare facoltativo delle scoperte e dei processi. Gli esperimenti accuratamente controllati, utili alla ricerca e alla pubblicazione, saranno a spese della Societ\u00e0, se \u00e8 necessario e nei limiti delle sue risorse, a patto che possano, direttamente o indirettamente, interessare al miglioramento dell\u2019impressione della luce.<\/i><br \/>\n<i>Art. 4 La Societ\u00e0, anche se estranea ad ogni speculazione commerciale, incoraggia, protegge e patrocina, con tutti i mezzi a disposizione, le industrie che sono legate alla pratica della fotografia.<\/i><br \/>\n<i>Art 32 [\u2026] In caso contrario, potranno essere resi noti attraverso la Societ\u00e0, specialmente se utili per contribuire al progresso della fotografia.<\/i><br \/>\n<i>Art. 36 [&#8230;] per promuovere il progresso della tecnica e della scienza fotografica e per valorizzare la storia. Un apposito registro annoter\u00e0 il tipo e la data del deposito.<\/i><br \/>\n<i>Art. 37 La Societ\u00e0 assicurer\u00e0, sia con la pubblicazione di una raccolta o con un giornale esistente, la\u00a0 pubblicit\u00e0 dei suoi lavori [&#8230;].<\/i><br \/>\n<i>Art. 38 Ogni membro titolare, corrispondente o socio amatoriale riceve gratuitamente il Bollettino della Societ\u00e0.<\/i><br \/>\n<i>Art. 42 Per mezzo del Comitato d\u2019Amministrazione, ogni anno si terr\u00e0 una mostra pubblica di opere e strumenti fotografici, a seguito di un&#8217;assemblea generale [\u2026] sia con fondi propri che attraverso un\u2019erogazione fatta dagli amici della fotografia o utilizzando sussidi governativi. La Societ\u00e0 potr\u00e0 anche, secondo le risorse, pubblicare, ogni anno, un album con un certo numero di documenti scelti tra quelli cui \u00e8 stato reso omaggio dai membri della Societ\u00e0 [&#8230;].<\/i><br \/>\n(Traduzione dal francese curata da Monica Mazzolini)<br \/>\n<img loading=\"lazy\" decoding=\"async\" class=\"aligncenter size-full wp-image-18097\" src=\"https:\/\/fiaf.net\/agoradicult\/wp-content\/uploads\/sites\/23\/2018\/03\/04_Atelier-de-Nadar-au-51-rue-dAnjou-\u00e0-Paris-e1520707883885.jpg\" alt=\"\" width=\"580\" height=\"799\" \/><\/p>\n<p style=\"text-align: center\"><i>Atelier di Felix Nadar al numero 51 di rue d&#8217;Anjou a Parigi<\/i><\/p>\n\n    <div class=\"xs_social_share_widget xs_share_url after_content \t\tmain_content  wslu-style-1 wslu-share-box-shaped wslu-fill-colored wslu-none wslu-share-horizontal wslu-theme-font-no wslu-main_content\">\n\n\t\t\n        <ul>\n\t\t\t        <\/ul>\n    <\/div> \n","protected":false},"excerpt":{"rendered":"<p>. &nbsp; . &nbsp; &nbsp; &nbsp; &nbsp; &nbsp; Laboratorio di Storia della fotografia LAB Di Cult 025 FIAF, coordinato da &hellip;<\/p>\n","protected":false},"author":51,"featured_media":18095,"comment_status":"open","ping_status":"open","sticky":false,"template":"","format":"standard","meta":{"_acf_changed":false,"footnotes":""},"categories":[4,7],"tags":[],"class_list":["post-18093","post","type-post","status-publish","format-standard","has-post-thumbnail","hentry","category-storico-della-fotografia","category-archivio"],"acf":[],"_links":{"self":[{"href":"https:\/\/fiaf.net\/agoradicult\/wp-json\/wp\/v2\/posts\/18093","targetHints":{"allow":["GET"]}}],"collection":[{"href":"https:\/\/fiaf.net\/agoradicult\/wp-json\/wp\/v2\/posts"}],"about":[{"href":"https:\/\/fiaf.net\/agoradicult\/wp-json\/wp\/v2\/types\/post"}],"author":[{"embeddable":true,"href":"https:\/\/fiaf.net\/agoradicult\/wp-json\/wp\/v2\/users\/51"}],"replies":[{"embeddable":true,"href":"https:\/\/fiaf.net\/agoradicult\/wp-json\/wp\/v2\/comments?post=18093"}],"version-history":[{"count":0,"href":"https:\/\/fiaf.net\/agoradicult\/wp-json\/wp\/v2\/posts\/18093\/revisions"}],"wp:featuredmedia":[{"embeddable":true,"href":"https:\/\/fiaf.net\/agoradicult\/wp-json\/wp\/v2\/media\/18095"}],"wp:attachment":[{"href":"https:\/\/fiaf.net\/agoradicult\/wp-json\/wp\/v2\/media?parent=18093"}],"wp:term":[{"taxonomy":"category","embeddable":true,"href":"https:\/\/fiaf.net\/agoradicult\/wp-json\/wp\/v2\/categories?post=18093"},{"taxonomy":"post_tag","embeddable":true,"href":"https:\/\/fiaf.net\/agoradicult\/wp-json\/wp\/v2\/tags?post=18093"}],"curies":[{"name":"wp","href":"https:\/\/api.w.org\/{rel}","templated":true}]}}