{"id":18260,"date":"2018-04-05T21:15:51","date_gmt":"2018-04-05T19:15:51","guid":{"rendered":"https:\/\/fiaf.net\/agoradicult\/?p=18260"},"modified":"2018-04-05T21:15:51","modified_gmt":"2018-04-05T19:15:51","slug":"catalogo-lab-di-cult-020-fiaf-capolinea-di-giancarla-lorenzini","status":"publish","type":"post","link":"https:\/\/fiaf.net\/agoradicult\/2018\/04\/05\/catalogo-lab-di-cult-020-fiaf-capolinea-di-giancarla-lorenzini\/","title":{"rendered":"Catalogo LAB Di Cult 020 FIAF \u201cCapolinea\u201d di Giancarla Lorenzini"},"content":{"rendered":"<p>.<br \/>\n&nbsp;<br \/>\n.<br \/>\n&nbsp;<br \/>\n.<br \/>\n&nbsp;<br \/>\n.<br \/>\n&nbsp;<\/p>\n<h2 style=\"text-align: center\">Catalogo LAB Di Cult 020 FIAF \u201cCapolinea\u201d<\/h2>\n<h3 style=\"text-align: center\">Coordinatore: Giancarla Lorenzini<\/h3>\n<p>&nbsp;<br \/>\nIl nostro laboratorio \u00e8 partito a Marzo 2017, coinvolgendo 3 circoli di 2 province delle Marche:<br \/>\n&#8211; \u00a0il Fotoclub Potenza Picena<br \/>\n&#8211;\u00a0il Circolo Fotografico Avis BFI di Chiaravalle<br \/>\n&#8211; il Circolo Fotografico Avis M.Giacomelli BFI di Osimo.<br \/>\n&#8211; 40 gli iscritti che hanno realizzato 32 lavori.<br \/>\nDopo una prima fase di presentazione del tema tenuta singolarmente nei 3 fotoclub, i gruppi hanno sviluppato i loro argomenti di interesse con il prezioso contributo dei capogruppo che hanno coinvolto ed interessato i partecipanti. Come \u00e8 nello spirito del laboratorio, questa esperienza di condivisione ha coinvolto anche coloro che non si erano mai cimentati nella produzione di un portfolio. La prima verifica con tutti e 3 i fotoclub si \u00e8 svolta a fine Aprile, ed ha dato modo di conoscere e far conoscere le proprie potenzialit\u00e0 espressive, le letture dei portfolio sono state fatte coralmente, con una viva partecipazione in cui tutti hanno dato il loro contributo.<br \/>\nL&#8217;ultima verifica a fine Maggio in un clima piacevole e costruttivo \u00e8 stata l&#8217;anticipo della mostra a Sassoferrato in occasione del Festival Nazionale dedicato al portfolio &#8221; Face Photo news&#8221;, ed ha avuto un seguito con una mostra itinerante che ha toccato i comuni di appartenenza dei Fotoclub: Chiaravalle, Osimo e Potenza Picena.<br \/>\nE&#8217;\u00a0opinione comune che il termine Capolinea sia sinonimo di fine. I nostri incontri, le mostre, le amicizie che ne sono scaturite ci hanno fatto sviscerare il termine ed abbiamo capito che \u00e8 un tema di vastissima interpretazione.<br \/>\nOgni giorno \u00e8 un capolinea, ogni vita \u00e8 un capolinea. La vita \u00e8 essenzialmente movimento ed il suo arresto ne determina la scomparsa.<br \/>\nQuindi ogni suo momento di capolinea rappresenta in realt\u00e0 uno snodo, un nuovo punto di partenza, un nuovo percorso, nuovi significati.<br \/>\nInfatti per chi crede, neanche la morte rappresenta la fine di un&#8217;esistenza, ma solo la chiave di volta di una trasformazione in un&#8217;altra dimensione.<br \/>\nGiancarla Lorenzini<br \/>\nCoordinatore <strong>LAB di Cult 020 FIAF<\/strong><br \/>\n&nbsp;<\/p>\n<h1 style=\"text-align: center\">Una foto per Autore<\/h1>\n<p>&nbsp;<br \/>\n<figure style=\"width: 388px\" class=\"wp-caption aligncenter\"><a href=\"https:\/\/fiaf.net\/agoradicult\/wp-content\/uploads\/sites\/23\/2018\/04\/Andrea-Carloni-inizio-dalla-fine--e1522869564232.jpg\"><img loading=\"lazy\" decoding=\"async\" class=\"wp-image-18261 size-full\" src=\"https:\/\/fiaf.net\/agoradicult\/wp-content\/uploads\/sites\/23\/2018\/04\/Andrea-Carloni-inizio-dalla-fine--e1522869564232.jpg\" alt=\"\" width=\"388\" height=\"582\" \/><\/a><figcaption class=\"wp-caption-text\">Andrea Carloni &#8211; inizio dalla fine &#8211;<\/figcaption><\/figure>\n&nbsp;<br \/>\n<figure id=\"attachment_18262\" aria-describedby=\"caption-attachment-18262\" style=\"width: 580px\" class=\"wp-caption aligncenter\"><a href=\"https:\/\/fiaf.net\/agoradicult\/wp-content\/uploads\/sites\/23\/2018\/04\/Antonio-Giantomassi-79-dc-forse-il-24-ottobre.jpg\"><img loading=\"lazy\" decoding=\"async\" class=\"wp-image-18262 size-full\" src=\"https:\/\/fiaf.net\/agoradicult\/wp-content\/uploads\/sites\/23\/2018\/04\/Antonio-Giantomassi-79-dc-forse-il-24-ottobre.jpg\" alt=\"\" width=\"580\" height=\"385\" srcset=\"https:\/\/fiaf.net\/agoradicult\/wp-content\/uploads\/sites\/23\/2018\/04\/Antonio-Giantomassi-79-dc-forse-il-24-ottobre.jpg 580w, https:\/\/fiaf.net\/agoradicult\/wp-content\/uploads\/sites\/23\/2018\/04\/Antonio-Giantomassi-79-dc-forse-il-24-ottobre-300x199.jpg 300w\" sizes=\"auto, (max-width: 580px) 100vw, 580px\" \/><\/a><figcaption id=\"caption-attachment-18262\" class=\"wp-caption-text\">Antonio Giantomassi &#8211; 79 dc forse il 24 ottobre<\/figcaption><\/figure>\n&nbsp;<br \/>\n<figure id=\"attachment_18263\" aria-describedby=\"caption-attachment-18263\" style=\"width: 388px\" class=\"wp-caption aligncenter\"><a href=\"https:\/\/fiaf.net\/agoradicult\/wp-content\/uploads\/sites\/23\/2018\/04\/Barbara-Palombi-vite-al-bivio.jpg\"><img loading=\"lazy\" decoding=\"async\" class=\"size-full wp-image-18263\" src=\"https:\/\/fiaf.net\/agoradicult\/wp-content\/uploads\/sites\/23\/2018\/04\/Barbara-Palombi-vite-al-bivio-e1522869635423.jpg\" alt=\"\" width=\"388\" height=\"582\" \/><\/a><figcaption id=\"caption-attachment-18263\" class=\"wp-caption-text\">Barbara Palombi &#8211; vite al bivio<\/figcaption><\/figure>\n&nbsp;<br \/>\n<figure id=\"attachment_18264\" aria-describedby=\"caption-attachment-18264\" style=\"width: 580px\" class=\"wp-caption aligncenter\"><a href=\"https:\/\/fiaf.net\/agoradicult\/wp-content\/uploads\/sites\/23\/2018\/04\/Beatrice-Bramucci-ipo-visione.jpg\"><img loading=\"lazy\" decoding=\"async\" class=\"size-full wp-image-18264\" src=\"https:\/\/fiaf.net\/agoradicult\/wp-content\/uploads\/sites\/23\/2018\/04\/Beatrice-Bramucci-ipo-visione.jpg\" alt=\"\" width=\"580\" height=\"387\" srcset=\"https:\/\/fiaf.net\/agoradicult\/wp-content\/uploads\/sites\/23\/2018\/04\/Beatrice-Bramucci-ipo-visione.jpg 580w, https:\/\/fiaf.net\/agoradicult\/wp-content\/uploads\/sites\/23\/2018\/04\/Beatrice-Bramucci-ipo-visione-300x200.jpg 300w\" sizes=\"auto, (max-width: 580px) 100vw, 580px\" \/><\/a><figcaption id=\"caption-attachment-18264\" class=\"wp-caption-text\">Beatrice Bramucci &#8211; ipo-visione<\/figcaption><\/figure>\n&nbsp;<br \/>\n<figure id=\"attachment_18265\" aria-describedby=\"caption-attachment-18265\" style=\"width: 580px\" class=\"wp-caption aligncenter\"><a href=\"https:\/\/fiaf.net\/agoradicult\/wp-content\/uploads\/sites\/23\/2018\/04\/Benedetta-Pasquinelli-Andrea-Matteucci-Elena-Munteanu-Matteo-Sbrollini-Capo-Linea.jpg\"><img loading=\"lazy\" decoding=\"async\" class=\"size-full wp-image-18265\" src=\"https:\/\/fiaf.net\/agoradicult\/wp-content\/uploads\/sites\/23\/2018\/04\/Benedetta-Pasquinelli-Andrea-Matteucci-Elena-Munteanu-Matteo-Sbrollini-Capo-Linea.jpg\" alt=\"\" width=\"580\" height=\"387\" srcset=\"https:\/\/fiaf.net\/agoradicult\/wp-content\/uploads\/sites\/23\/2018\/04\/Benedetta-Pasquinelli-Andrea-Matteucci-Elena-Munteanu-Matteo-Sbrollini-Capo-Linea.jpg 580w, https:\/\/fiaf.net\/agoradicult\/wp-content\/uploads\/sites\/23\/2018\/04\/Benedetta-Pasquinelli-Andrea-Matteucci-Elena-Munteanu-Matteo-Sbrollini-Capo-Linea-300x200.jpg 300w\" sizes=\"auto, (max-width: 580px) 100vw, 580px\" \/><\/a><figcaption id=\"caption-attachment-18265\" class=\"wp-caption-text\">Benedetta Pasquinelli &#8211; Andrea Matteucci &#8211; Elena Munteanu Matteo Sbrollini &#8211; Capo-Linea<\/figcaption><\/figure>\n&nbsp;<br \/>\n<figure id=\"attachment_18266\" aria-describedby=\"caption-attachment-18266\" style=\"width: 580px\" class=\"wp-caption aligncenter\"><a href=\"https:\/\/fiaf.net\/agoradicult\/wp-content\/uploads\/sites\/23\/2018\/04\/Benedetta-Pasquinelli-Andrea-Matteucci-Elena-Munteanu-Matteo-Sbrollini-Magnitudo-6.5.jpg\"><img loading=\"lazy\" decoding=\"async\" class=\"size-full wp-image-18266\" src=\"https:\/\/fiaf.net\/agoradicult\/wp-content\/uploads\/sites\/23\/2018\/04\/Benedetta-Pasquinelli-Andrea-Matteucci-Elena-Munteanu-Matteo-Sbrollini-Magnitudo-6.5.jpg\" alt=\"\" width=\"580\" height=\"387\" srcset=\"https:\/\/fiaf.net\/agoradicult\/wp-content\/uploads\/sites\/23\/2018\/04\/Benedetta-Pasquinelli-Andrea-Matteucci-Elena-Munteanu-Matteo-Sbrollini-Magnitudo-6.5.jpg 580w, https:\/\/fiaf.net\/agoradicult\/wp-content\/uploads\/sites\/23\/2018\/04\/Benedetta-Pasquinelli-Andrea-Matteucci-Elena-Munteanu-Matteo-Sbrollini-Magnitudo-6.5-300x200.jpg 300w\" sizes=\"auto, (max-width: 580px) 100vw, 580px\" \/><\/a><figcaption id=\"caption-attachment-18266\" class=\"wp-caption-text\">Benedetta Pasquinelli &#8211; Andrea Matteucci &#8211; Elena Munteanu Matteo Sbrollini &#8211; Magnitudo 6.5<\/figcaption><\/figure>\n&nbsp;<br \/>\n<figure id=\"attachment_18267\" aria-describedby=\"caption-attachment-18267\" style=\"width: 580px\" class=\"wp-caption aligncenter\"><a href=\"https:\/\/fiaf.net\/agoradicult\/wp-content\/uploads\/sites\/23\/2018\/04\/Carlo-Lupetti-Scorci-di-vita.jpg\"><img loading=\"lazy\" decoding=\"async\" class=\"size-full wp-image-18267\" src=\"https:\/\/fiaf.net\/agoradicult\/wp-content\/uploads\/sites\/23\/2018\/04\/Carlo-Lupetti-Scorci-di-vita.jpg\" alt=\"\" width=\"580\" height=\"387\" srcset=\"https:\/\/fiaf.net\/agoradicult\/wp-content\/uploads\/sites\/23\/2018\/04\/Carlo-Lupetti-Scorci-di-vita.jpg 580w, https:\/\/fiaf.net\/agoradicult\/wp-content\/uploads\/sites\/23\/2018\/04\/Carlo-Lupetti-Scorci-di-vita-300x200.jpg 300w\" sizes=\"auto, (max-width: 580px) 100vw, 580px\" \/><\/a><figcaption id=\"caption-attachment-18267\" class=\"wp-caption-text\">Carlo Lupetti &#8211; Scorci di vita<\/figcaption><\/figure>\n&nbsp;<br \/>\n<figure id=\"attachment_18268\" aria-describedby=\"caption-attachment-18268\" style=\"width: 580px\" class=\"wp-caption aligncenter\"><a href=\"https:\/\/fiaf.net\/agoradicult\/wp-content\/uploads\/sites\/23\/2018\/04\/Cesare-Bora-Capolinea.jpg\"><img loading=\"lazy\" decoding=\"async\" class=\"size-full wp-image-18268\" src=\"https:\/\/fiaf.net\/agoradicult\/wp-content\/uploads\/sites\/23\/2018\/04\/Cesare-Bora-Capolinea.jpg\" alt=\"\" width=\"580\" height=\"386\" srcset=\"https:\/\/fiaf.net\/agoradicult\/wp-content\/uploads\/sites\/23\/2018\/04\/Cesare-Bora-Capolinea.jpg 580w, https:\/\/fiaf.net\/agoradicult\/wp-content\/uploads\/sites\/23\/2018\/04\/Cesare-Bora-Capolinea-300x200.jpg 300w\" sizes=\"auto, (max-width: 580px) 100vw, 580px\" \/><\/a><figcaption id=\"caption-attachment-18268\" class=\"wp-caption-text\">Cesare Bora &#8211; Capolinea<\/figcaption><\/figure>\n&nbsp;<br \/>\n<figure id=\"attachment_18269\" aria-describedby=\"caption-attachment-18269\" style=\"width: 388px\" class=\"wp-caption aligncenter\"><a href=\"https:\/\/fiaf.net\/agoradicult\/wp-content\/uploads\/sites\/23\/2018\/04\/chantal-giaccaglia-Sfioriture--e1522869726764.jpg\"><img loading=\"lazy\" decoding=\"async\" class=\"size-full wp-image-18269\" src=\"https:\/\/fiaf.net\/agoradicult\/wp-content\/uploads\/sites\/23\/2018\/04\/chantal-giaccaglia-Sfioriture--e1522869726764.jpg\" alt=\"\" width=\"388\" height=\"585\" \/><\/a><figcaption id=\"caption-attachment-18269\" class=\"wp-caption-text\">Chantal Giaccaglia &#8211; Sfioriture-<\/figcaption><\/figure>\n&nbsp;<br \/>\n<figure id=\"attachment_18270\" aria-describedby=\"caption-attachment-18270\" style=\"width: 580px\" class=\"wp-caption aligncenter\"><a href=\"https:\/\/fiaf.net\/agoradicult\/wp-content\/uploads\/sites\/23\/2018\/04\/Cinzia-Gabbanelli-il-tempo-\u00e4-finito.jpg\"><img loading=\"lazy\" decoding=\"async\" class=\"size-full wp-image-18270\" src=\"https:\/\/fiaf.net\/agoradicult\/wp-content\/uploads\/sites\/23\/2018\/04\/Cinzia-Gabbanelli-il-tempo-\u00e4-finito.jpg\" alt=\"\" width=\"580\" height=\"387\" srcset=\"https:\/\/fiaf.net\/agoradicult\/wp-content\/uploads\/sites\/23\/2018\/04\/Cinzia-Gabbanelli-il-tempo-\u00e4-finito.jpg 580w, https:\/\/fiaf.net\/agoradicult\/wp-content\/uploads\/sites\/23\/2018\/04\/Cinzia-Gabbanelli-il-tempo-\u00e4-finito-300x200.jpg 300w\" sizes=\"auto, (max-width: 580px) 100vw, 580px\" \/><\/a><figcaption id=\"caption-attachment-18270\" class=\"wp-caption-text\">Cinzia Gabbanelli &#8211; il tempo \u00e8 finito<\/figcaption><\/figure>\n&nbsp;<br \/>\n<figure id=\"attachment_18271\" aria-describedby=\"caption-attachment-18271\" style=\"width: 517px\" class=\"wp-caption aligncenter\"><a href=\"https:\/\/fiaf.net\/agoradicult\/wp-content\/uploads\/sites\/23\/2018\/04\/Claudio-Silvestrini-Cartedicarta-e1522869675353.jpg\"><img loading=\"lazy\" decoding=\"async\" class=\"size-full wp-image-18271\" src=\"https:\/\/fiaf.net\/agoradicult\/wp-content\/uploads\/sites\/23\/2018\/04\/Claudio-Silvestrini-Cartedicarta-e1522869675353.jpg\" alt=\"\" width=\"517\" height=\"388\" \/><\/a><figcaption id=\"caption-attachment-18271\" class=\"wp-caption-text\">Claudio Silvestrini &#8211; Cartedicarta<\/figcaption><\/figure>\n&nbsp;<br \/>\n<figure id=\"attachment_18272\" aria-describedby=\"caption-attachment-18272\" style=\"width: 580px\" class=\"wp-caption aligncenter\"><a href=\"https:\/\/fiaf.net\/agoradicult\/wp-content\/uploads\/sites\/23\/2018\/04\/Damiano-Maiani-passaggio-di-consegna.jpg\"><img loading=\"lazy\" decoding=\"async\" class=\"size-full wp-image-18272\" src=\"https:\/\/fiaf.net\/agoradicult\/wp-content\/uploads\/sites\/23\/2018\/04\/Damiano-Maiani-passaggio-di-consegna.jpg\" alt=\"\" width=\"580\" height=\"387\" srcset=\"https:\/\/fiaf.net\/agoradicult\/wp-content\/uploads\/sites\/23\/2018\/04\/Damiano-Maiani-passaggio-di-consegna.jpg 580w, https:\/\/fiaf.net\/agoradicult\/wp-content\/uploads\/sites\/23\/2018\/04\/Damiano-Maiani-passaggio-di-consegna-300x200.jpg 300w\" sizes=\"auto, (max-width: 580px) 100vw, 580px\" \/><\/a><figcaption id=\"caption-attachment-18272\" class=\"wp-caption-text\">Damiano Maiani &#8211; passaggio di consegna<\/figcaption><\/figure>\n&nbsp;<br \/>\n<figure id=\"attachment_18273\" aria-describedby=\"caption-attachment-18273\" style=\"width: 388px\" class=\"wp-caption aligncenter\"><a href=\"https:\/\/fiaf.net\/agoradicult\/wp-content\/uploads\/sites\/23\/2018\/04\/Daniele-Cardinali-il-capolinea-delle-nostre-Barche-e1522870161601.jpg\"><img loading=\"lazy\" decoding=\"async\" class=\"size-full wp-image-18273\" src=\"https:\/\/fiaf.net\/agoradicult\/wp-content\/uploads\/sites\/23\/2018\/04\/Daniele-Cardinali-il-capolinea-delle-nostre-Barche-e1522870161601.jpg\" alt=\"\" width=\"388\" height=\"582\" \/><\/a><figcaption id=\"caption-attachment-18273\" class=\"wp-caption-text\">Daniele Cardinali &#8211; il capolinea delle nostre Barche<\/figcaption><\/figure>\n&nbsp;<br \/>\n<figure id=\"attachment_18274\" aria-describedby=\"caption-attachment-18274\" style=\"width: 580px\" class=\"wp-caption aligncenter\"><a href=\"https:\/\/fiaf.net\/agoradicult\/wp-content\/uploads\/sites\/23\/2018\/04\/Elisabetta-Aquilanti-Passaggi.jpg\"><img loading=\"lazy\" decoding=\"async\" class=\"size-full wp-image-18274\" src=\"https:\/\/fiaf.net\/agoradicult\/wp-content\/uploads\/sites\/23\/2018\/04\/Elisabetta-Aquilanti-Passaggi.jpg\" alt=\"\" width=\"580\" height=\"386\" srcset=\"https:\/\/fiaf.net\/agoradicult\/wp-content\/uploads\/sites\/23\/2018\/04\/Elisabetta-Aquilanti-Passaggi.jpg 580w, https:\/\/fiaf.net\/agoradicult\/wp-content\/uploads\/sites\/23\/2018\/04\/Elisabetta-Aquilanti-Passaggi-300x200.jpg 300w\" sizes=\"auto, (max-width: 580px) 100vw, 580px\" \/><\/a><figcaption id=\"caption-attachment-18274\" class=\"wp-caption-text\">Elisabetta Aquilanti &#8211; Passaggi<\/figcaption><\/figure>\n&nbsp;<br \/>\n<figure id=\"attachment_18275\" aria-describedby=\"caption-attachment-18275\" style=\"width: 580px\" class=\"wp-caption aligncenter\"><a href=\"https:\/\/fiaf.net\/agoradicult\/wp-content\/uploads\/sites\/23\/2018\/04\/Ernesto-Riccobelli-Capolinea-di-una-civilt\u00d6.jpg\"><img loading=\"lazy\" decoding=\"async\" class=\"size-full wp-image-18275\" src=\"https:\/\/fiaf.net\/agoradicult\/wp-content\/uploads\/sites\/23\/2018\/04\/Ernesto-Riccobelli-Capolinea-di-una-civilt\u00d6.jpg\" alt=\"\" width=\"580\" height=\"387\" srcset=\"https:\/\/fiaf.net\/agoradicult\/wp-content\/uploads\/sites\/23\/2018\/04\/Ernesto-Riccobelli-Capolinea-di-una-civilt\u00d6.jpg 580w, https:\/\/fiaf.net\/agoradicult\/wp-content\/uploads\/sites\/23\/2018\/04\/Ernesto-Riccobelli-Capolinea-di-una-civilt\u00d6-300x200.jpg 300w\" sizes=\"auto, (max-width: 580px) 100vw, 580px\" \/><\/a><figcaption id=\"caption-attachment-18275\" class=\"wp-caption-text\">Ernesto Riccobelli &#8211; Capolinea di una civilt\u00e0<\/figcaption><\/figure>\n&nbsp;<br \/>\n<figure id=\"attachment_18276\" aria-describedby=\"caption-attachment-18276\" style=\"width: 580px\" class=\"wp-caption aligncenter\"><a href=\"https:\/\/fiaf.net\/agoradicult\/wp-content\/uploads\/sites\/23\/2018\/04\/Ernesto-Scarpini-Anuta-RiP.jpg\"><img loading=\"lazy\" decoding=\"async\" class=\"size-full wp-image-18276\" src=\"https:\/\/fiaf.net\/agoradicult\/wp-content\/uploads\/sites\/23\/2018\/04\/Ernesto-Scarpini-Anuta-RiP.jpg\" alt=\"\" width=\"580\" height=\"388\" srcset=\"https:\/\/fiaf.net\/agoradicult\/wp-content\/uploads\/sites\/23\/2018\/04\/Ernesto-Scarpini-Anuta-RiP.jpg 580w, https:\/\/fiaf.net\/agoradicult\/wp-content\/uploads\/sites\/23\/2018\/04\/Ernesto-Scarpini-Anuta-RiP-300x201.jpg 300w\" sizes=\"auto, (max-width: 580px) 100vw, 580px\" \/><\/a><figcaption id=\"caption-attachment-18276\" class=\"wp-caption-text\">Ernesto Scarpini &#8211; Anuta RiP<\/figcaption><\/figure>\n&nbsp;<br \/>\n<figure id=\"attachment_18277\" aria-describedby=\"caption-attachment-18277\" style=\"width: 580px\" class=\"wp-caption aligncenter\"><a href=\"https:\/\/fiaf.net\/agoradicult\/wp-content\/uploads\/sites\/23\/2018\/04\/Eugenio-Verolo-viaggio-di-sola-andata.jpg\"><img loading=\"lazy\" decoding=\"async\" class=\"size-full wp-image-18277\" src=\"https:\/\/fiaf.net\/agoradicult\/wp-content\/uploads\/sites\/23\/2018\/04\/Eugenio-Verolo-viaggio-di-sola-andata.jpg\" alt=\"\" width=\"580\" height=\"387\" srcset=\"https:\/\/fiaf.net\/agoradicult\/wp-content\/uploads\/sites\/23\/2018\/04\/Eugenio-Verolo-viaggio-di-sola-andata.jpg 580w, https:\/\/fiaf.net\/agoradicult\/wp-content\/uploads\/sites\/23\/2018\/04\/Eugenio-Verolo-viaggio-di-sola-andata-300x200.jpg 300w\" sizes=\"auto, (max-width: 580px) 100vw, 580px\" \/><\/a><figcaption id=\"caption-attachment-18277\" class=\"wp-caption-text\">Eugenio Verolo &#8211; viaggio di sola andata<\/figcaption><\/figure>\n&nbsp;<br \/>\n<figure id=\"attachment_18278\" aria-describedby=\"caption-attachment-18278\" style=\"width: 517px\" class=\"wp-caption aligncenter\"><a href=\"https:\/\/fiaf.net\/agoradicult\/wp-content\/uploads\/sites\/23\/2018\/04\/Fabio-Mignanelli-Naim-Muca-e1522870085699.jpg\"><img loading=\"lazy\" decoding=\"async\" class=\"size-full wp-image-18278\" src=\"https:\/\/fiaf.net\/agoradicult\/wp-content\/uploads\/sites\/23\/2018\/04\/Fabio-Mignanelli-Naim-Muca-e1522870085699.jpg\" alt=\"\" width=\"517\" height=\"388\" \/><\/a><figcaption id=\"caption-attachment-18278\" class=\"wp-caption-text\">Fabio Mignanelli &#8211; Naim Muca<\/figcaption><\/figure>\n&nbsp;<br \/>\n<figure id=\"attachment_18279\" aria-describedby=\"caption-attachment-18279\" style=\"width: 518px\" class=\"wp-caption aligncenter\"><a href=\"https:\/\/fiaf.net\/agoradicult\/wp-content\/uploads\/sites\/23\/2018\/04\/Federico-Biagioli-Capolinea--e1522870057968.jpg\"><img loading=\"lazy\" decoding=\"async\" class=\"size-full wp-image-18279\" src=\"https:\/\/fiaf.net\/agoradicult\/wp-content\/uploads\/sites\/23\/2018\/04\/Federico-Biagioli-Capolinea--e1522870057968.jpg\" alt=\"\" width=\"518\" height=\"388\" \/><\/a><figcaption id=\"caption-attachment-18279\" class=\"wp-caption-text\">Federico Biagioli &#8211; Capolinea &#8211;<\/figcaption><\/figure>\n&nbsp;<br \/>\n<figure id=\"attachment_18280\" aria-describedby=\"caption-attachment-18280\" style=\"width: 580px\" class=\"wp-caption aligncenter\"><a href=\"https:\/\/fiaf.net\/agoradicult\/wp-content\/uploads\/sites\/23\/2018\/04\/Giuliano-Margheritini-senza-uscita.jpg\"><img loading=\"lazy\" decoding=\"async\" class=\"size-full wp-image-18280\" src=\"https:\/\/fiaf.net\/agoradicult\/wp-content\/uploads\/sites\/23\/2018\/04\/Giuliano-Margheritini-senza-uscita.jpg\" alt=\"\" width=\"580\" height=\"387\" srcset=\"https:\/\/fiaf.net\/agoradicult\/wp-content\/uploads\/sites\/23\/2018\/04\/Giuliano-Margheritini-senza-uscita.jpg 580w, https:\/\/fiaf.net\/agoradicult\/wp-content\/uploads\/sites\/23\/2018\/04\/Giuliano-Margheritini-senza-uscita-300x200.jpg 300w\" sizes=\"auto, (max-width: 580px) 100vw, 580px\" \/><\/a><figcaption id=\"caption-attachment-18280\" class=\"wp-caption-text\">Giuliano Margheritini &#8211; senza uscita<\/figcaption><\/figure>\n&nbsp;<br \/>\n<figure id=\"attachment_18281\" aria-describedby=\"caption-attachment-18281\" style=\"width: 580px\" class=\"wp-caption aligncenter\"><a href=\"https:\/\/fiaf.net\/agoradicult\/wp-content\/uploads\/sites\/23\/2018\/04\/Luca-Cardoni_partenza-da-un-arrivo.jpg\"><img loading=\"lazy\" decoding=\"async\" class=\"size-full wp-image-18281\" src=\"https:\/\/fiaf.net\/agoradicult\/wp-content\/uploads\/sites\/23\/2018\/04\/Luca-Cardoni_partenza-da-un-arrivo.jpg\" alt=\"\" width=\"580\" height=\"192\" srcset=\"https:\/\/fiaf.net\/agoradicult\/wp-content\/uploads\/sites\/23\/2018\/04\/Luca-Cardoni_partenza-da-un-arrivo.jpg 580w, https:\/\/fiaf.net\/agoradicult\/wp-content\/uploads\/sites\/23\/2018\/04\/Luca-Cardoni_partenza-da-un-arrivo-300x99.jpg 300w\" sizes=\"auto, (max-width: 580px) 100vw, 580px\" \/><\/a><figcaption id=\"caption-attachment-18281\" class=\"wp-caption-text\">Luca Cardoni_partenza da un arrivo<\/figcaption><\/figure>\n&nbsp;<br \/>\n<figure id=\"attachment_18282\" aria-describedby=\"caption-attachment-18282\" style=\"width: 580px\" class=\"wp-caption aligncenter\"><a href=\"https:\/\/fiaf.net\/agoradicult\/wp-content\/uploads\/sites\/23\/2018\/04\/MANLIO_MORETTI_il-mio-Capolinea.jpg\"><img loading=\"lazy\" decoding=\"async\" class=\"size-full wp-image-18282\" src=\"https:\/\/fiaf.net\/agoradicult\/wp-content\/uploads\/sites\/23\/2018\/04\/MANLIO_MORETTI_il-mio-Capolinea.jpg\" alt=\"\" width=\"580\" height=\"387\" srcset=\"https:\/\/fiaf.net\/agoradicult\/wp-content\/uploads\/sites\/23\/2018\/04\/MANLIO_MORETTI_il-mio-Capolinea.jpg 580w, https:\/\/fiaf.net\/agoradicult\/wp-content\/uploads\/sites\/23\/2018\/04\/MANLIO_MORETTI_il-mio-Capolinea-300x200.jpg 300w\" sizes=\"auto, (max-width: 580px) 100vw, 580px\" \/><\/a><figcaption id=\"caption-attachment-18282\" class=\"wp-caption-text\">MANLIO_MORETTI_il mio Capolinea<\/figcaption><\/figure>\n&nbsp;<br \/>\n<figure id=\"attachment_18283\" aria-describedby=\"caption-attachment-18283\" style=\"width: 388px\" class=\"wp-caption aligncenter\"><a href=\"https:\/\/fiaf.net\/agoradicult\/wp-content\/uploads\/sites\/23\/2018\/04\/Manuela-Fratoni-capolinea-e1522869968353.jpg\"><img loading=\"lazy\" decoding=\"async\" class=\"size-full wp-image-18283\" src=\"https:\/\/fiaf.net\/agoradicult\/wp-content\/uploads\/sites\/23\/2018\/04\/Manuela-Fratoni-capolinea-e1522869968353.jpg\" alt=\"\" width=\"388\" height=\"388\" \/><\/a><figcaption id=\"caption-attachment-18283\" class=\"wp-caption-text\">Manuela Fratoni -capolinea<\/figcaption><\/figure>\n&nbsp;<br \/>\n<figure id=\"attachment_18284\" aria-describedby=\"caption-attachment-18284\" style=\"width: 580px\" class=\"wp-caption aligncenter\"><a href=\"https:\/\/fiaf.net\/agoradicult\/wp-content\/uploads\/sites\/23\/2018\/04\/Michele-Carrano-Passaggi-Ovvero-trasformazioni.jpg\"><img loading=\"lazy\" decoding=\"async\" class=\"size-full wp-image-18284\" src=\"https:\/\/fiaf.net\/agoradicult\/wp-content\/uploads\/sites\/23\/2018\/04\/Michele-Carrano-Passaggi-Ovvero-trasformazioni.jpg\" alt=\"\" width=\"580\" height=\"387\" srcset=\"https:\/\/fiaf.net\/agoradicult\/wp-content\/uploads\/sites\/23\/2018\/04\/Michele-Carrano-Passaggi-Ovvero-trasformazioni.jpg 580w, https:\/\/fiaf.net\/agoradicult\/wp-content\/uploads\/sites\/23\/2018\/04\/Michele-Carrano-Passaggi-Ovvero-trasformazioni-300x200.jpg 300w\" sizes=\"auto, (max-width: 580px) 100vw, 580px\" \/><\/a><figcaption id=\"caption-attachment-18284\" class=\"wp-caption-text\">Michele Carrano &#8211; Passaggi Ovvero trasformazioni<\/figcaption><\/figure>\n&nbsp;<br \/>\n<figure id=\"attachment_18285\" aria-describedby=\"caption-attachment-18285\" style=\"width: 580px\" class=\"wp-caption aligncenter\"><a href=\"https:\/\/fiaf.net\/agoradicult\/wp-content\/uploads\/sites\/23\/2018\/04\/Rosella-Centanni-Anima-densa-si-disperde-nell-aria-dolore-in-terra.jpg\"><img loading=\"lazy\" decoding=\"async\" class=\"size-full wp-image-18285\" src=\"https:\/\/fiaf.net\/agoradicult\/wp-content\/uploads\/sites\/23\/2018\/04\/Rosella-Centanni-Anima-densa-si-disperde-nell-aria-dolore-in-terra.jpg\" alt=\"\" width=\"580\" height=\"387\" srcset=\"https:\/\/fiaf.net\/agoradicult\/wp-content\/uploads\/sites\/23\/2018\/04\/Rosella-Centanni-Anima-densa-si-disperde-nell-aria-dolore-in-terra.jpg 580w, https:\/\/fiaf.net\/agoradicult\/wp-content\/uploads\/sites\/23\/2018\/04\/Rosella-Centanni-Anima-densa-si-disperde-nell-aria-dolore-in-terra-300x200.jpg 300w\" sizes=\"auto, (max-width: 580px) 100vw, 580px\" \/><\/a><figcaption id=\"caption-attachment-18285\" class=\"wp-caption-text\">Rosella Centanni &#8211; Anima densa si disperde nell aria dolore in terra<\/figcaption><\/figure>\n&nbsp;<br \/>\n<figure id=\"attachment_18286\" aria-describedby=\"caption-attachment-18286\" style=\"width: 388px\" class=\"wp-caption aligncenter\"><a href=\"https:\/\/fiaf.net\/agoradicult\/wp-content\/uploads\/sites\/23\/2018\/04\/Sauro-Marini-Age-20.jpg\"><img loading=\"lazy\" decoding=\"async\" class=\"size-full wp-image-18286\" src=\"https:\/\/fiaf.net\/agoradicult\/wp-content\/uploads\/sites\/23\/2018\/04\/Sauro-Marini-Age-20-e1522869909492.jpg\" alt=\"\" width=\"388\" height=\"582\" \/><\/a><figcaption id=\"caption-attachment-18286\" class=\"wp-caption-text\">Sauro Marini &#8211; Age 20<\/figcaption><\/figure>\n&nbsp;<br \/>\n<figure id=\"attachment_18287\" aria-describedby=\"caption-attachment-18287\" style=\"width: 580px\" class=\"wp-caption aligncenter\"><a href=\"https:\/\/fiaf.net\/agoradicult\/wp-content\/uploads\/sites\/23\/2018\/04\/Sauro-Strappato-Peperoni.jpg\"><img loading=\"lazy\" decoding=\"async\" class=\"size-full wp-image-18287\" src=\"https:\/\/fiaf.net\/agoradicult\/wp-content\/uploads\/sites\/23\/2018\/04\/Sauro-Strappato-Peperoni.jpg\" alt=\"\" width=\"580\" height=\"386\" srcset=\"https:\/\/fiaf.net\/agoradicult\/wp-content\/uploads\/sites\/23\/2018\/04\/Sauro-Strappato-Peperoni.jpg 580w, https:\/\/fiaf.net\/agoradicult\/wp-content\/uploads\/sites\/23\/2018\/04\/Sauro-Strappato-Peperoni-300x200.jpg 300w\" sizes=\"auto, (max-width: 580px) 100vw, 580px\" \/><\/a><figcaption id=\"caption-attachment-18287\" class=\"wp-caption-text\">Sauro Strappato &#8211; Peperoni<\/figcaption><\/figure>\n&nbsp;<br \/>\n<figure id=\"attachment_18288\" aria-describedby=\"caption-attachment-18288\" style=\"width: 580px\" class=\"wp-caption aligncenter\"><a href=\"https:\/\/fiaf.net\/agoradicult\/wp-content\/uploads\/sites\/23\/2018\/04\/Serenella-Osimani-Ri-partenza.jpg\"><img loading=\"lazy\" decoding=\"async\" class=\"size-full wp-image-18288\" src=\"https:\/\/fiaf.net\/agoradicult\/wp-content\/uploads\/sites\/23\/2018\/04\/Serenella-Osimani-Ri-partenza.jpg\" alt=\"\" width=\"580\" height=\"387\" srcset=\"https:\/\/fiaf.net\/agoradicult\/wp-content\/uploads\/sites\/23\/2018\/04\/Serenella-Osimani-Ri-partenza.jpg 580w, https:\/\/fiaf.net\/agoradicult\/wp-content\/uploads\/sites\/23\/2018\/04\/Serenella-Osimani-Ri-partenza-300x200.jpg 300w\" sizes=\"auto, (max-width: 580px) 100vw, 580px\" \/><\/a><figcaption id=\"caption-attachment-18288\" class=\"wp-caption-text\">Serenella Osimani &#8211; Ri-partenza<\/figcaption><\/figure>\n&nbsp;<br \/>\n<figure id=\"attachment_18289\" aria-describedby=\"caption-attachment-18289\" style=\"width: 580px\" class=\"wp-caption aligncenter\"><a href=\"https:\/\/fiaf.net\/agoradicult\/wp-content\/uploads\/sites\/23\/2018\/04\/Sergio-Ceccotti-Tutto-\u00e4-compiuto.jpg\"><img loading=\"lazy\" decoding=\"async\" class=\"size-full wp-image-18289\" src=\"https:\/\/fiaf.net\/agoradicult\/wp-content\/uploads\/sites\/23\/2018\/04\/Sergio-Ceccotti-Tutto-\u00e4-compiuto.jpg\" alt=\"\" width=\"580\" height=\"380\" srcset=\"https:\/\/fiaf.net\/agoradicult\/wp-content\/uploads\/sites\/23\/2018\/04\/Sergio-Ceccotti-Tutto-\u00e4-compiuto.jpg 580w, https:\/\/fiaf.net\/agoradicult\/wp-content\/uploads\/sites\/23\/2018\/04\/Sergio-Ceccotti-Tutto-\u00e4-compiuto-300x197.jpg 300w\" sizes=\"auto, (max-width: 580px) 100vw, 580px\" \/><\/a><figcaption id=\"caption-attachment-18289\" class=\"wp-caption-text\">Sergio Ceccotti &#8211; Tutto \u00e8 compiuto<\/figcaption><\/figure>\n&nbsp;<br \/>\n<figure id=\"attachment_18290\" aria-describedby=\"caption-attachment-18290\" style=\"width: 580px\" class=\"wp-caption aligncenter\"><a href=\"https:\/\/fiaf.net\/agoradicult\/wp-content\/uploads\/sites\/23\/2018\/04\/Silvana-Vici-nel-ventre-di-Cracco-aspettando-la-Rinascita.jpg\"><img loading=\"lazy\" decoding=\"async\" class=\"size-full wp-image-18290\" src=\"https:\/\/fiaf.net\/agoradicult\/wp-content\/uploads\/sites\/23\/2018\/04\/Silvana-Vici-nel-ventre-di-Cracco-aspettando-la-Rinascita.jpg\" alt=\"\" width=\"580\" height=\"387\" srcset=\"https:\/\/fiaf.net\/agoradicult\/wp-content\/uploads\/sites\/23\/2018\/04\/Silvana-Vici-nel-ventre-di-Cracco-aspettando-la-Rinascita.jpg 580w, https:\/\/fiaf.net\/agoradicult\/wp-content\/uploads\/sites\/23\/2018\/04\/Silvana-Vici-nel-ventre-di-Cracco-aspettando-la-Rinascita-300x200.jpg 300w\" sizes=\"auto, (max-width: 580px) 100vw, 580px\" \/><\/a><figcaption id=\"caption-attachment-18290\" class=\"wp-caption-text\">Silvana Vici &#8211; nel ventre di Cracco aspettando la Rinascita<\/figcaption><\/figure>\n&nbsp;<br \/>\n<figure id=\"attachment_18291\" aria-describedby=\"caption-attachment-18291\" style=\"width: 580px\" class=\"wp-caption aligncenter\"><a href=\"https:\/\/fiaf.net\/agoradicult\/wp-content\/uploads\/sites\/23\/2018\/04\/Stefano-Belardinelli-ultimo-capolinea.jpg\"><img loading=\"lazy\" decoding=\"async\" class=\"size-full wp-image-18291\" src=\"https:\/\/fiaf.net\/agoradicult\/wp-content\/uploads\/sites\/23\/2018\/04\/Stefano-Belardinelli-ultimo-capolinea.jpg\" alt=\"\" width=\"580\" height=\"387\" srcset=\"https:\/\/fiaf.net\/agoradicult\/wp-content\/uploads\/sites\/23\/2018\/04\/Stefano-Belardinelli-ultimo-capolinea.jpg 580w, https:\/\/fiaf.net\/agoradicult\/wp-content\/uploads\/sites\/23\/2018\/04\/Stefano-Belardinelli-ultimo-capolinea-300x200.jpg 300w\" sizes=\"auto, (max-width: 580px) 100vw, 580px\" \/><\/a><figcaption id=\"caption-attachment-18291\" class=\"wp-caption-text\">Stefano Belardinelli &#8211; ultimo capolinea<\/figcaption><\/figure>\n&nbsp;<br \/>\n<figure id=\"attachment_18292\" aria-describedby=\"caption-attachment-18292\" style=\"width: 580px\" class=\"wp-caption aligncenter\"><a href=\"https:\/\/fiaf.net\/agoradicult\/wp-content\/uploads\/sites\/23\/2018\/04\/Vincenzo-Baldeschi-la-magia-del-vetro.jpg\"><img loading=\"lazy\" decoding=\"async\" class=\"size-full wp-image-18292\" src=\"https:\/\/fiaf.net\/agoradicult\/wp-content\/uploads\/sites\/23\/2018\/04\/Vincenzo-Baldeschi-la-magia-del-vetro.jpg\" alt=\"\" width=\"580\" height=\"387\" srcset=\"https:\/\/fiaf.net\/agoradicult\/wp-content\/uploads\/sites\/23\/2018\/04\/Vincenzo-Baldeschi-la-magia-del-vetro.jpg 580w, https:\/\/fiaf.net\/agoradicult\/wp-content\/uploads\/sites\/23\/2018\/04\/Vincenzo-Baldeschi-la-magia-del-vetro-300x200.jpg 300w\" sizes=\"auto, (max-width: 580px) 100vw, 580px\" \/><\/a><figcaption id=\"caption-attachment-18292\" class=\"wp-caption-text\">Vincenzo Baldeschi -la magia del vetro<\/figcaption><\/figure>\n&nbsp;<br \/>\nLe Opere complete nel Catalogo on line<br \/>\n<a href=\"https:\/\/fiaf.net\/agoradicult\/wp-content\/uploads\/sites\/23\/2018\/04\/CAPOLINEA-LAB-020-MARCHE_bicu-.pdf\">Lab di Cult 020-Catalogo<\/a>\u00a0 (pdf scaricabile de catalogo)<\/p>\n\n    <div class=\"xs_social_share_widget xs_share_url after_content \t\tmain_content  wslu-style-1 wslu-share-box-shaped wslu-fill-colored wslu-none wslu-share-horizontal wslu-theme-font-no wslu-main_content\">\n\n\t\t\n        <ul>\n\t\t\t        <\/ul>\n    <\/div> \n","protected":false},"excerpt":{"rendered":"<p>. &nbsp; . &nbsp; . &nbsp; . &nbsp; Catalogo LAB Di Cult 020 FIAF \u201cCapolinea\u201d Coordinatore: Giancarla Lorenzini &nbsp; Il &hellip;<\/p>\n","protected":false},"author":53,"featured_media":18284,"comment_status":"open","ping_status":"open","sticky":false,"template":"","format":"standard","meta":{"_acf_changed":false,"footnotes":""},"categories":[2],"tags":[],"class_list":["post-18260","post","type-post","status-publish","format-standard","has-post-thumbnail","hentry","category-animatore-culturale"],"acf":[],"_links":{"self":[{"href":"https:\/\/fiaf.net\/agoradicult\/wp-json\/wp\/v2\/posts\/18260","targetHints":{"allow":["GET"]}}],"collection":[{"href":"https:\/\/fiaf.net\/agoradicult\/wp-json\/wp\/v2\/posts"}],"about":[{"href":"https:\/\/fiaf.net\/agoradicult\/wp-json\/wp\/v2\/types\/post"}],"author":[{"embeddable":true,"href":"https:\/\/fiaf.net\/agoradicult\/wp-json\/wp\/v2\/users\/53"}],"replies":[{"embeddable":true,"href":"https:\/\/fiaf.net\/agoradicult\/wp-json\/wp\/v2\/comments?post=18260"}],"version-history":[{"count":0,"href":"https:\/\/fiaf.net\/agoradicult\/wp-json\/wp\/v2\/posts\/18260\/revisions"}],"wp:featuredmedia":[{"embeddable":true,"href":"https:\/\/fiaf.net\/agoradicult\/wp-json\/wp\/v2\/media\/18284"}],"wp:attachment":[{"href":"https:\/\/fiaf.net\/agoradicult\/wp-json\/wp\/v2\/media?parent=18260"}],"wp:term":[{"taxonomy":"category","embeddable":true,"href":"https:\/\/fiaf.net\/agoradicult\/wp-json\/wp\/v2\/categories?post=18260"},{"taxonomy":"post_tag","embeddable":true,"href":"https:\/\/fiaf.net\/agoradicult\/wp-json\/wp\/v2\/tags?post=18260"}],"curies":[{"name":"wp","href":"https:\/\/api.w.org\/{rel}","templated":true}]}}