{"id":18360,"date":"2018-04-16T21:34:14","date_gmt":"2018-04-16T19:34:14","guid":{"rendered":"https:\/\/fiaf.net\/agoradicult\/?p=18360"},"modified":"2018-04-16T21:34:14","modified_gmt":"2018-04-16T19:34:14","slug":"brent-stirton-ambassador-canon","status":"publish","type":"post","link":"https:\/\/fiaf.net\/agoradicult\/2018\/04\/16\/brent-stirton-ambassador-canon\/","title":{"rendered":"BRENT STIRTON \u2013 Ambassador CANON"},"content":{"rendered":"<p>.<br \/>\n&nbsp;<br \/>\n.<br \/>\n&nbsp;<br \/>\n.<br \/>\n&nbsp;<br \/>\n.<br \/>\n&nbsp;<\/p>\n<p style=\"text-align: center\">.<img loading=\"lazy\" decoding=\"async\" class=\"aligncenter size-full wp-image-18361\" src=\"https:\/\/fiaf.net\/agoradicult\/wp-content\/uploads\/sites\/23\/2018\/04\/FOTO_1_CANON-e1523907485818.jpg\" alt=\"\" width=\"580\" height=\"895\" \/><\/p>\n<p>&nbsp;<br \/>\n.<\/p>\n<h2 style=\"text-align: center\">BRENT STIRTON<\/h2>\n<h3 style=\"text-align: center\">\u00a0Ambassador CANON<\/h3>\n<p>&nbsp;<br \/>\nL&#8217;Ambassador Canon Brent Stirton e la cecit\u00e0: Al mondo ci sono oltre 40 milioni di non vedenti. La maggior parte di loro avrebbe potuto evitare la cecit\u00e0: sarebbe bastato fare delle cure oculistiche adeguate fin dall&#8217;infanzia. Purtroppo, milioni di persone non vi hanno accesso e sono obbligate a vivere per sempre nell&#8217;oscurit\u00e0. Scegliere una strada diversa \u00e8 possibile.<br \/>\n&nbsp;<br \/>\nDurante un soggiorno in India, mentre lavoravo a una storia su una cura per<br \/>\nla cecit\u00e0, sentii parlare di una scuola per studenti ciechi. In India, dove moltissimi non vedenti sono condannati a una dura e spesso breve vita d&#8217;elemosina, strutture come questa sono difficili da trovare e rappresentano un raro investimento sulle cure per non vedenti. La scuola, inoltre, \u00e8 collegata a un ospedale che opera gratuitamente i pi\u00f9 poveri per aiutarli a guadagnarsi un posto nella societ\u00e0.<br \/>\n&nbsp;<br \/>\nIl primo giorno, notai un gruppo di ragazzi albini: l&#8217;albinismo \u00e8 un disordine congenito caratterizzato da un&#8217;assenza parziale o totale di pigmenti negli occhi, nei capelli e nella pelle. Le persone che ne soffrono hanno solo il 5% della vista: nonostante siano considerati non vedenti, riescono a distinguere le sagome di ci\u00f2 che hanno davanti. L&#8217;albinismo non li rende predisposti a sviluppare solo il cancro alla pelle, ma li porta anche a perdere la vista.<br \/>\n&nbsp;<br \/>\nDurante quel primo viaggio realizzai un ritratto formale di quei ragazzi, e nel corso degli anni sono tornato pi\u00f9 volte nella scuola per fotografarli man mano che crescevano. Spero un giorno di poterli ritrarre in ruoli produttivi della societ\u00e0 Indiana mentre mettono a frutto le abilit\u00e0 che hanno acquisito sui banchi di scuola. Sarebbe un&#8217;enorme soddisfazione.<br \/>\n&nbsp;<br \/>\nPer un fotografo, la vista \u00e8 tutto: se non vedessi, non potrei scattare, e se non potessi scattare, non saprei cosa fare. In un certo senso, chi non vede rappresenta la mia paura pi\u00f9 grande. Eppure, quando queste persone si scrollano di dosso le sofferenze che vivono, e dimostrano il proprio valore alla societ\u00e0, incarnano il trionfo dello spirito umano. Questa scuola ha dato ai suoi studenti, provenienti spesso dai contesti pi\u00f9 disagiati, la consapevolezza di valere come esseri umani, offrendo loro solidariet\u00e0 e ambizioni, e cambiandone radicalmente la vita.<br \/>\nAver avuto l&#8217;occasione di fotografarli, ha cambiato di certo la mia.<br \/>\nBrent Stirton<br \/>\n&nbsp;<br \/>\n&nbsp;<\/p>\n<p style=\"text-align: center\"><img loading=\"lazy\" decoding=\"async\" class=\"aligncenter size-full wp-image-18362\" src=\"https:\/\/fiaf.net\/agoradicult\/wp-content\/uploads\/sites\/23\/2018\/04\/-Brent-Stirton-Ambassador-Canon--e1523907588507.jpg\" alt=\"\" width=\"580\" height=\"379\" \/><\/p>\n<p>&nbsp;<br \/>\nScopri di pi\u00f9 su canon.it\/pro<br \/>\n<a href=\"https:\/\/fiaf.net\/agoradicult\/wp-content\/uploads\/sites\/23\/2018\/04\/323250_Foto-IT_Italy.pdf\">323250_Foto IT_Italy<\/a>\u00a0 (pdf scaricabile, documentazione completa)<\/p>\n\n    <div class=\"xs_social_share_widget xs_share_url after_content \t\tmain_content  wslu-style-1 wslu-share-box-shaped wslu-fill-colored wslu-none wslu-share-horizontal wslu-theme-font-no wslu-main_content\">\n\n\t\t\n        <ul>\n\t\t\t        <\/ul>\n    <\/div> \n","protected":false},"excerpt":{"rendered":"<p>. &nbsp; . &nbsp; . &nbsp; . &nbsp; . &nbsp; . BRENT STIRTON \u00a0Ambassador CANON &nbsp; L&#8217;Ambassador Canon Brent Stirton &hellip;<\/p>\n","protected":false},"author":3,"featured_media":18362,"comment_status":"open","ping_status":"open","sticky":false,"template":"","format":"standard","meta":{"_acf_changed":false,"footnotes":""},"categories":[11],"tags":[],"class_list":["post-18360","post","type-post","status-publish","format-standard","has-post-thumbnail","hentry","category-comunicazioni-del-dipartimento"],"acf":[],"_links":{"self":[{"href":"https:\/\/fiaf.net\/agoradicult\/wp-json\/wp\/v2\/posts\/18360","targetHints":{"allow":["GET"]}}],"collection":[{"href":"https:\/\/fiaf.net\/agoradicult\/wp-json\/wp\/v2\/posts"}],"about":[{"href":"https:\/\/fiaf.net\/agoradicult\/wp-json\/wp\/v2\/types\/post"}],"author":[{"embeddable":true,"href":"https:\/\/fiaf.net\/agoradicult\/wp-json\/wp\/v2\/users\/3"}],"replies":[{"embeddable":true,"href":"https:\/\/fiaf.net\/agoradicult\/wp-json\/wp\/v2\/comments?post=18360"}],"version-history":[{"count":0,"href":"https:\/\/fiaf.net\/agoradicult\/wp-json\/wp\/v2\/posts\/18360\/revisions"}],"wp:featuredmedia":[{"embeddable":true,"href":"https:\/\/fiaf.net\/agoradicult\/wp-json\/wp\/v2\/media\/18362"}],"wp:attachment":[{"href":"https:\/\/fiaf.net\/agoradicult\/wp-json\/wp\/v2\/media?parent=18360"}],"wp:term":[{"taxonomy":"category","embeddable":true,"href":"https:\/\/fiaf.net\/agoradicult\/wp-json\/wp\/v2\/categories?post=18360"},{"taxonomy":"post_tag","embeddable":true,"href":"https:\/\/fiaf.net\/agoradicult\/wp-json\/wp\/v2\/tags?post=18360"}],"curies":[{"name":"wp","href":"https:\/\/api.w.org\/{rel}","templated":true}]}}