{"id":18869,"date":"2018-06-03T20:09:03","date_gmt":"2018-06-03T18:09:03","guid":{"rendered":"https:\/\/fiaf.net\/agoradicult\/?p=18869"},"modified":"2018-06-03T20:09:03","modified_gmt":"2018-06-03T18:09:03","slug":"juergen-teller-di-francesca-lampredi","status":"publish","type":"post","link":"https:\/\/fiaf.net\/agoradicult\/2018\/06\/03\/juergen-teller-di-francesca-lampredi\/","title":{"rendered":"JUERGEN TELLER &#8211;  di Francesca Lampredi"},"content":{"rendered":"<p style=\"text-align: left\">.<\/p>\n<p style=\"text-align: left\">.<\/p>\n<p style=\"text-align: left\">.<\/p>\n<p style=\"text-align: left\">.<\/p>\n<p style=\"text-align: left\">.<\/p>\n<p style=\"text-align: left\">.<\/p>\n<p style=\"text-align: left\">.<\/p>\n<p style=\"text-align: left\">.<\/p>\n<h4 style=\"text-align: center\">Progetto editoriale: Hipsterismi fotografici<br \/>\na cura di Francesca Lampredi<\/h4>\n<p>&nbsp;<br \/>\n<img loading=\"lazy\" decoding=\"async\" class=\"aligncenter size-full wp-image-18870\" src=\"https:\/\/fiaf.net\/agoradicult\/wp-content\/uploads\/sites\/23\/2018\/06\/001_jurgen-Teller.jpg\" alt=\"\" width=\"580\" height=\"435\" srcset=\"https:\/\/fiaf.net\/agoradicult\/wp-content\/uploads\/sites\/23\/2018\/06\/001_jurgen-Teller.jpg 580w, https:\/\/fiaf.net\/agoradicult\/wp-content\/uploads\/sites\/23\/2018\/06\/001_jurgen-Teller-300x225.jpg 300w\" sizes=\"auto, (max-width: 580px) 100vw, 580px\" \/><br \/>\n&nbsp;<br \/>\n&nbsp;<\/p>\n<h2 style=\"text-align: center\">JUERGEN TELLER,<br \/>\nTrasgressioni e quotidianit\u00e0 nel mondo della moda<\/h2>\n<h3 style=\"text-align: center\"><\/h3>\n<p>Juergen Teller \u00e8 uno dei nomi pi\u00f9 apprezzati dalle nuove generazioni per quanto riguarda la fotografia di moda, in particolare da chi ha abbracciato la subcultura hipster.<br \/>\nIl motivo \u00e8 semplice. Alla base della filosofia di Teller c&#8217;\u00e8 l&#8217;istantanea oltre che l&#8217;intimit\u00e0 e l&#8217;interesse per la quotidianit\u00e0. Un linguaggio che viene ricalcato dai nuovi social network come Instagram.<br \/>\nEppure per comprendere al meglio la poetica di questo fotografo tedesco \u00e8 assolutamente necessario collocarlo in un preciso periodo storico.<br \/>\n&nbsp;<br \/>\n<img loading=\"lazy\" decoding=\"async\" class=\"aligncenter size-full wp-image-18871\" src=\"https:\/\/fiaf.net\/agoradicult\/wp-content\/uploads\/sites\/23\/2018\/06\/002_sinead-oconnor-nothing-compares-to-you.jpg\" alt=\"\" width=\"580\" height=\"580\" srcset=\"https:\/\/fiaf.net\/agoradicult\/wp-content\/uploads\/sites\/23\/2018\/06\/002_sinead-oconnor-nothing-compares-to-you.jpg 580w, https:\/\/fiaf.net\/agoradicult\/wp-content\/uploads\/sites\/23\/2018\/06\/002_sinead-oconnor-nothing-compares-to-you-150x150.jpg 150w, https:\/\/fiaf.net\/agoradicult\/wp-content\/uploads\/sites\/23\/2018\/06\/002_sinead-oconnor-nothing-compares-to-you-300x300.jpg 300w\" sizes=\"auto, (max-width: 580px) 100vw, 580px\" \/><br \/>\n&nbsp;<br \/>\nLe trasgressioni fotografiche di Teller si oppongono alla fotografia di moda anni &#8217;80, dominata da un&#8217;immagine patinata, illuminazione a farfalla, scenografie manieriste e ossessione per il dettaglio. L&#8217;edonismo intendeva evidenziare l&#8217;importante dell&#8217;establishment, della societ\u00e0 del benessere.<br \/>\nGli anni novanta rovesciano questa situazione mostrandone il lato oscuro. Essi sono infatti caratterizzati da un equilibrio che diviene sempre pi\u00f9 precario, dalla\u00a0 formazione di\u00a0 una societ\u00e0\u00a0\u00a0 liquida dove i confini e i valori sociali si perdono.<br \/>\nIn questo mutamento storico si colloca la fotografia di Juergen Teller.<br \/>\n&nbsp;<br \/>\n<img loading=\"lazy\" decoding=\"async\" class=\"aligncenter size-full wp-image-18872\" src=\"https:\/\/fiaf.net\/agoradicult\/wp-content\/uploads\/sites\/23\/2018\/06\/003_kate-moss-.jpg\" alt=\"\" width=\"580\" height=\"382\" srcset=\"https:\/\/fiaf.net\/agoradicult\/wp-content\/uploads\/sites\/23\/2018\/06\/003_kate-moss-.jpg 580w, https:\/\/fiaf.net\/agoradicult\/wp-content\/uploads\/sites\/23\/2018\/06\/003_kate-moss--300x198.jpg 300w\" sizes=\"auto, (max-width: 580px) 100vw, 580px\" \/><br \/>\n&nbsp;<br \/>\nIl fotografo emerge agli inizi degli anni &#8217;90 sulla rivista \u201cThe Face.\u201d Fotografa modelle, musicisti. Celebre il suo lavoro per la copertina di \u201cNothing compares to you\u201d di Sinead O&#8217;connor.<br \/>\nI suoi scatti sono realizzati con una Contax, spesso presentano irregolarit\u00e0 nella messa a fuoco per accentuare\u00a0 l&#8217;\u201chic et nunc\u201d.\u00a0 Essi sono tutti caratterizzati da una grande capacit\u00e0 di entrare a contatto con il soggetto. Non ci sono scenografie artificiali, ma stanze e oggetti vissuti da questi personaggi. L&#8217;osservatore penetra cos\u00ec nella loro vita senza filtri.<br \/>\nLa trasgressione del fotografo dimostra anche i pericoli di questi ambienti, i lati nascosti;\u00a0 ci\u00f2 che avviene dietro alle quinte del mondo delle passerelle.\u00a0 Emblematico \u00e8 il ritratto a\u00a0 Kristen Mc Menamy. La modella, ritratta nuda\u00a0 con un cuore disegnato sul seno con scritto Versace, presenta una cicatrice sul ventre. Il frutto di un incidente con la zip di un abito tra una sfilata e un&#8217;altra.<br \/>\n&nbsp;<br \/>\nFrancesca Lampredi<br \/>\n<strong>Lettore della Fotografia FIAF<\/strong><br \/>\n&nbsp;<br \/>\n&nbsp;<br \/>\n<img loading=\"lazy\" decoding=\"async\" class=\"aligncenter size-full wp-image-18873\" src=\"https:\/\/fiaf.net\/agoradicult\/wp-content\/uploads\/sites\/23\/2018\/06\/004.jpg\" alt=\"\" width=\"580\" height=\"777\" srcset=\"https:\/\/fiaf.net\/agoradicult\/wp-content\/uploads\/sites\/23\/2018\/06\/004.jpg 580w, https:\/\/fiaf.net\/agoradicult\/wp-content\/uploads\/sites\/23\/2018\/06\/004-224x300.jpg 224w\" sizes=\"auto, (max-width: 580px) 100vw, 580px\" \/><br \/>\n&nbsp;<br \/>\n<img loading=\"lazy\" decoding=\"async\" class=\"aligncenter size-full wp-image-18874\" src=\"https:\/\/fiaf.net\/agoradicult\/wp-content\/uploads\/sites\/23\/2018\/06\/005_teller1-Bjork.jpg\" alt=\"\" width=\"580\" height=\"393\" srcset=\"https:\/\/fiaf.net\/agoradicult\/wp-content\/uploads\/sites\/23\/2018\/06\/005_teller1-Bjork.jpg 580w, https:\/\/fiaf.net\/agoradicult\/wp-content\/uploads\/sites\/23\/2018\/06\/005_teller1-Bjork-300x203.jpg 300w\" sizes=\"auto, (max-width: 580px) 100vw, 580px\" \/><br \/>\n&nbsp;<\/p>\n\n    <div class=\"xs_social_share_widget xs_share_url after_content \t\tmain_content  wslu-style-1 wslu-share-box-shaped wslu-fill-colored wslu-none wslu-share-horizontal wslu-theme-font-no wslu-main_content\">\n\n\t\t\n        <ul>\n\t\t\t        <\/ul>\n    <\/div> \n","protected":false},"excerpt":{"rendered":"<p>. . . . . . . . Progetto editoriale: Hipsterismi fotografici a cura di Francesca Lampredi &nbsp; &nbsp; &nbsp; &hellip;<\/p>\n","protected":false},"author":15,"featured_media":18481,"comment_status":"open","ping_status":"open","sticky":false,"template":"","format":"standard","meta":{"_acf_changed":false,"footnotes":""},"categories":[7,31],"tags":[],"class_list":["post-18869","post","type-post","status-publish","format-standard","has-post-thumbnail","hentry","category-archivio","category-saggistica-archivio"],"acf":[],"_links":{"self":[{"href":"https:\/\/fiaf.net\/agoradicult\/wp-json\/wp\/v2\/posts\/18869","targetHints":{"allow":["GET"]}}],"collection":[{"href":"https:\/\/fiaf.net\/agoradicult\/wp-json\/wp\/v2\/posts"}],"about":[{"href":"https:\/\/fiaf.net\/agoradicult\/wp-json\/wp\/v2\/types\/post"}],"author":[{"embeddable":true,"href":"https:\/\/fiaf.net\/agoradicult\/wp-json\/wp\/v2\/users\/15"}],"replies":[{"embeddable":true,"href":"https:\/\/fiaf.net\/agoradicult\/wp-json\/wp\/v2\/comments?post=18869"}],"version-history":[{"count":0,"href":"https:\/\/fiaf.net\/agoradicult\/wp-json\/wp\/v2\/posts\/18869\/revisions"}],"wp:featuredmedia":[{"embeddable":true,"href":"https:\/\/fiaf.net\/agoradicult\/wp-json\/wp\/v2\/media\/18481"}],"wp:attachment":[{"href":"https:\/\/fiaf.net\/agoradicult\/wp-json\/wp\/v2\/media?parent=18869"}],"wp:term":[{"taxonomy":"category","embeddable":true,"href":"https:\/\/fiaf.net\/agoradicult\/wp-json\/wp\/v2\/categories?post=18869"},{"taxonomy":"post_tag","embeddable":true,"href":"https:\/\/fiaf.net\/agoradicult\/wp-json\/wp\/v2\/tags?post=18869"}],"curies":[{"name":"wp","href":"https:\/\/api.w.org\/{rel}","templated":true}]}}