{"id":19158,"date":"2018-07-08T21:00:37","date_gmt":"2018-07-08T19:00:37","guid":{"rendered":"https:\/\/fiaf.net\/agoradicult\/?p=19158"},"modified":"2018-07-08T21:00:37","modified_gmt":"2018-07-08T19:00:37","slug":"il-surrealismo-caposaldo-della-fotografia-creativa-di-massimo-pascutti","status":"publish","type":"post","link":"https:\/\/fiaf.net\/agoradicult\/2018\/07\/08\/il-surrealismo-caposaldo-della-fotografia-creativa-di-massimo-pascutti\/","title":{"rendered":"Il Surrealismo caposaldo della fotografia creativa \u2013 di Massimo Pascutti"},"content":{"rendered":"<p>&nbsp;<br \/>\n&nbsp;<br \/>\n&nbsp;<br \/>\n&nbsp;<br \/>\n&nbsp;<br \/>\n&nbsp;<br \/>\n&nbsp;<br \/>\n&nbsp;<\/p>\n<h2 style=\"text-align: center\"><b>Laboratorio di fotografia creativa<\/b><\/h2>\n<h3 style=\"text-align: center\"><b><br \/>\nPrima parte<\/b><\/h3>\n<p>&nbsp;<br \/>\n&nbsp;<br \/>\nChe cosa vuol dire esprimersi attraverso la fotografia, considerando che l\u2019immagine fotografica \u00e8 spesso qualcosa di inafferrabile, sfuggente e a volte impossibile da decifrare con certezza ?<br \/>\nEsprimersi con la fotografia potrebbe voler dire semplicemente incontrare un\u2019idea e vivere questa esperienza soggettiva.<br \/>\nMolto spesso il fotografo appare come un \u201canimale\u201d in agguato pronto a catturare l\u2019idea\/preda ; se volessimo rendere il concetto pi\u00f9 affascinante potremmo dire che il fotografo \u00e8 invece il pi\u00f9 delle volte vittima dell\u2019agguato dell\u2019idea. Cio\u00e8 sarebbe l\u2019idea a catturare il fotografo.<br \/>\nOra se la fotografia \u00e8 idea e l\u2019idea \u00e8 creativa, viene da chiedersi come si esprime la creativit\u00e0.<br \/>\nTutti gli studiosi del fenomeno creativo concordano su un punto preciso: la capacit\u00e0 di visualizzare strutture complesse e di pensare per immagini, sembra essere una componente ricorrente dell\u2019attitudine a sviluppare un pensiero creativo, anche al di fuori dell\u2019ambito delle arti figurative.<br \/>\nE\u2019 singolare il fatto che molte delle metafore relative alla creativit\u00e0 hanno carattere visivo ( brancolare nel buio\u2026avere un\u2019illuminazione\u2026.lampo di genio\u2026.)<br \/>\nMa alla fine che cos\u2019\u00e8 dunque la creativit\u00e0? La definizione pi\u00f9 chiara e brillante appartiene al matematico Henri Poincar\u00e9 e viene formulata nel 1929: \u201c\u2026 creativit\u00e0 \u00e8 unire elementi esistenti con connessioni nuove che siano utili\u2026\u201d. Essere creativi significa dunque rompere le regole esistenti per crearne delle altre migliori o comunque diverse.<br \/>\nFacendo un passo indietro, nel 1924 Andr\u00e9 Breton pubblic\u00f2 il manifesto del Surrealismo, che cos\u00ec recitava: \u201c\u00a0Automatismo psichico puro con il quale ci si propone di esprimere, sia verbalmente che in ogni altro modo, il funzionamento reale del pensiero, in assenza di qualsiasi controllo esercitato dalla ragione, al di fuori di ogni preoccupazione estetica o morale \u201c.<br \/>\nDa questa definizione si evince che il primo grande movimento creativo \u00e8 stato il Surrealismo, che ha abbracciato tutti i campi dell\u2019arte dalla pittura alla scultura, dalla fotografia al cinema, alla letteratura.<br \/>\nA questo movimento artistico hanno aderito alcuni dei pi\u00f9 grandi fotografi del \u2018900.<br \/>\nSicuramente capostipite del Surrealismo fotografico \u00e8 stato Man Ray che con la sua opera \u201cCadeau\u201d present\u00f2 un vero e proprio \u201cmanifesto\u201d visivo del Surrealismo: un ferro da stiro su cui erano stati incollati dei chiodi, tipico esempio della giustapposizione sintagmatica di oggetti senza un legame logico, ma solo mentale, decontestualizzandone la normale utilizzazione \u201ccodificata\u201d.<br \/>\n<img loading=\"lazy\" decoding=\"async\" class=\"aligncenter size-full wp-image-19159\" src=\"https:\/\/fiaf.net\/agoradicult\/wp-content\/uploads\/sites\/23\/2018\/07\/1_Senza-titolo-e1531069170236.jpg\" alt=\"\" width=\"580\" height=\"777\" \/><br \/>\nTutta la sua vita artistica fu caratterizzata dalla volont\u00e0 di sperimentare tecniche nuove , ricordiamoci delle \u201crayografie \u201c e delle \u201csolarizzazioni\u201de fondamentale fu la sua influenza sui fotografi del novecento.<br \/>\n<img loading=\"lazy\" decoding=\"async\" class=\"aligncenter size-full wp-image-19160\" src=\"https:\/\/fiaf.net\/agoradicult\/wp-content\/uploads\/sites\/23\/2018\/07\/2_Senza-titolo-e1531069252376.jpg\" alt=\"\" width=\"580\" height=\"774\" \/><br \/>\n<img loading=\"lazy\" decoding=\"async\" class=\"aligncenter size-full wp-image-19161\" src=\"https:\/\/fiaf.net\/agoradicult\/wp-content\/uploads\/sites\/23\/2018\/07\/3_Senza-titolo.jpg\" alt=\"\" width=\"482\" height=\"622\" srcset=\"https:\/\/fiaf.net\/agoradicult\/wp-content\/uploads\/sites\/23\/2018\/07\/3_Senza-titolo.jpg 482w, https:\/\/fiaf.net\/agoradicult\/wp-content\/uploads\/sites\/23\/2018\/07\/3_Senza-titolo-232x300.jpg 232w\" sizes=\"auto, (max-width: 482px) 100vw, 482px\" \/><br \/>\nProfondamente influenzato dal Surrealismo \u00e8 stato anche Andr\u00e9 Kert\u00e9sz, fotografo ungherese, che all\u2019inizio della sua carriera a Parigi entr\u00f2 in contatto con artisti del calibro di Germaine Krull, Robert Capa, Berenice Abbott, Brassai, Atget e naturalmente Man Ray. La sperimentazione visiva delle \u201cdistorsioni\u201d , \u00e8 rimasta ancora oggi un punto di riferimento per i fotografi moderni.<br \/>\n<img loading=\"lazy\" decoding=\"async\" class=\"aligncenter size-full wp-image-19163\" src=\"https:\/\/fiaf.net\/agoradicult\/wp-content\/uploads\/sites\/23\/2018\/07\/4_Senza-titolo.jpg\" alt=\"\" width=\"482\" height=\"272\" srcset=\"https:\/\/fiaf.net\/agoradicult\/wp-content\/uploads\/sites\/23\/2018\/07\/4_Senza-titolo.jpg 482w, https:\/\/fiaf.net\/agoradicult\/wp-content\/uploads\/sites\/23\/2018\/07\/4_Senza-titolo-300x169.jpg 300w\" sizes=\"auto, (max-width: 482px) 100vw, 482px\" \/><br \/>\n&nbsp;<br \/>\n<img loading=\"lazy\" decoding=\"async\" class=\"aligncenter size-full wp-image-19164\" src=\"https:\/\/fiaf.net\/agoradicult\/wp-content\/uploads\/sites\/23\/2018\/07\/5_Senza-titolo.jpg\" alt=\"\" width=\"482\" height=\"366\" srcset=\"https:\/\/fiaf.net\/agoradicult\/wp-content\/uploads\/sites\/23\/2018\/07\/5_Senza-titolo.jpg 482w, https:\/\/fiaf.net\/agoradicult\/wp-content\/uploads\/sites\/23\/2018\/07\/5_Senza-titolo-300x228.jpg 300w\" sizes=\"auto, (max-width: 482px) 100vw, 482px\" \/><br \/>\n&nbsp;<br \/>\n<img loading=\"lazy\" decoding=\"async\" class=\"aligncenter size-full wp-image-19165\" src=\"https:\/\/fiaf.net\/agoradicult\/wp-content\/uploads\/sites\/23\/2018\/07\/6_Senza-titolo.jpg\" alt=\"\" width=\"482\" height=\"648\" srcset=\"https:\/\/fiaf.net\/agoradicult\/wp-content\/uploads\/sites\/23\/2018\/07\/6_Senza-titolo.jpg 482w, https:\/\/fiaf.net\/agoradicult\/wp-content\/uploads\/sites\/23\/2018\/07\/6_Senza-titolo-223x300.jpg 223w\" sizes=\"auto, (max-width: 482px) 100vw, 482px\" \/><br \/>\n&nbsp;<br \/>\nUn altro grande sperimentatore \u00e8 stato Bill Brandt; la sua ricerca, derivata dagli insegnamenti surrealisti, si \u00e8 spinta soprattutto in direzione psicoanalitica e metafisica, con un uso rivoluzionario e assolutamente controcorrente degli obbiettivi grandangolari, applicato al corpo umano.<br \/>\n<img loading=\"lazy\" decoding=\"async\" class=\"aligncenter size-full wp-image-19166\" src=\"https:\/\/fiaf.net\/agoradicult\/wp-content\/uploads\/sites\/23\/2018\/07\/7_Senza-titolo.jpg\" alt=\"\" width=\"482\" height=\"535\" srcset=\"https:\/\/fiaf.net\/agoradicult\/wp-content\/uploads\/sites\/23\/2018\/07\/7_Senza-titolo.jpg 482w, https:\/\/fiaf.net\/agoradicult\/wp-content\/uploads\/sites\/23\/2018\/07\/7_Senza-titolo-270x300.jpg 270w\" sizes=\"auto, (max-width: 482px) 100vw, 482px\" \/><br \/>\n<img loading=\"lazy\" decoding=\"async\" class=\"aligncenter size-full wp-image-19167\" src=\"https:\/\/fiaf.net\/agoradicult\/wp-content\/uploads\/sites\/23\/2018\/07\/8_Senza-titolo.jpg\" alt=\"\" width=\"482\" height=\"311\" srcset=\"https:\/\/fiaf.net\/agoradicult\/wp-content\/uploads\/sites\/23\/2018\/07\/8_Senza-titolo.jpg 482w, https:\/\/fiaf.net\/agoradicult\/wp-content\/uploads\/sites\/23\/2018\/07\/8_Senza-titolo-300x194.jpg 300w\" sizes=\"auto, (max-width: 482px) 100vw, 482px\" \/><br \/>\n&nbsp;<br \/>\n<img loading=\"lazy\" decoding=\"async\" class=\"aligncenter size-full wp-image-19168\" src=\"https:\/\/fiaf.net\/agoradicult\/wp-content\/uploads\/sites\/23\/2018\/07\/9_Senza-titolo.jpg\" alt=\"\" width=\"482\" height=\"568\" srcset=\"https:\/\/fiaf.net\/agoradicult\/wp-content\/uploads\/sites\/23\/2018\/07\/9_Senza-titolo.jpg 482w, https:\/\/fiaf.net\/agoradicult\/wp-content\/uploads\/sites\/23\/2018\/07\/9_Senza-titolo-255x300.jpg 255w\" sizes=\"auto, (max-width: 482px) 100vw, 482px\" \/><br \/>\nNella seconda parte analizzeremo l\u2019influenza che la fotografia surrealista ha avuto nella fotografia creativa contemporanea. Segue\u2026..<br \/>\nMassimo Pascutti<br \/>\n<strong>Tutor Fotografico FIAF<\/strong><br \/>\n&nbsp;<\/p>\n\n    <div class=\"xs_social_share_widget xs_share_url after_content \t\tmain_content  wslu-style-1 wslu-share-box-shaped wslu-fill-colored wslu-none wslu-share-horizontal wslu-theme-font-no wslu-main_content\">\n\n\t\t\n        <ul>\n\t\t\t        <\/ul>\n    <\/div> \n","protected":false},"excerpt":{"rendered":"<p>&nbsp; &nbsp; &nbsp; &nbsp; &nbsp; &nbsp; &nbsp; &nbsp; Laboratorio di fotografia creativa Prima parte &nbsp; &nbsp; Che cosa vuol dire &hellip;<\/p>\n","protected":false},"author":51,"featured_media":19168,"comment_status":"open","ping_status":"open","sticky":false,"template":"","format":"standard","meta":{"_acf_changed":false,"footnotes":""},"categories":[5,7,19],"tags":[],"class_list":["post-19158","post","type-post","status-publish","format-standard","has-post-thumbnail","hentry","category-critico-della-fotografia","category-archivio","category-eventi-di-studio-della-fotografia"],"acf":[],"_links":{"self":[{"href":"https:\/\/fiaf.net\/agoradicult\/wp-json\/wp\/v2\/posts\/19158","targetHints":{"allow":["GET"]}}],"collection":[{"href":"https:\/\/fiaf.net\/agoradicult\/wp-json\/wp\/v2\/posts"}],"about":[{"href":"https:\/\/fiaf.net\/agoradicult\/wp-json\/wp\/v2\/types\/post"}],"author":[{"embeddable":true,"href":"https:\/\/fiaf.net\/agoradicult\/wp-json\/wp\/v2\/users\/51"}],"replies":[{"embeddable":true,"href":"https:\/\/fiaf.net\/agoradicult\/wp-json\/wp\/v2\/comments?post=19158"}],"version-history":[{"count":0,"href":"https:\/\/fiaf.net\/agoradicult\/wp-json\/wp\/v2\/posts\/19158\/revisions"}],"wp:featuredmedia":[{"embeddable":true,"href":"https:\/\/fiaf.net\/agoradicult\/wp-json\/wp\/v2\/media\/19168"}],"wp:attachment":[{"href":"https:\/\/fiaf.net\/agoradicult\/wp-json\/wp\/v2\/media?parent=19158"}],"wp:term":[{"taxonomy":"category","embeddable":true,"href":"https:\/\/fiaf.net\/agoradicult\/wp-json\/wp\/v2\/categories?post=19158"},{"taxonomy":"post_tag","embeddable":true,"href":"https:\/\/fiaf.net\/agoradicult\/wp-json\/wp\/v2\/tags?post=19158"}],"curies":[{"name":"wp","href":"https:\/\/api.w.org\/{rel}","templated":true}]}}