{"id":19683,"date":"2018-10-11T20:30:15","date_gmt":"2018-10-11T18:30:15","guid":{"rendered":"https:\/\/fiaf.net\/agoradicult\/?p=19683"},"modified":"2018-10-11T20:30:15","modified_gmt":"2018-10-11T18:30:15","slug":"carpi-foto-fest-2018-focus-giovani","status":"publish","type":"post","link":"https:\/\/fiaf.net\/agoradicult\/2018\/10\/11\/carpi-foto-fest-2018-focus-giovani\/","title":{"rendered":"Carpi Foto Fest 2018 Focus Giovani"},"content":{"rendered":"<h2 style=\"text-align: center\"><\/h2>\n<h2 style=\"text-align: center\"><\/h2>\n<h2 style=\"text-align: center\"><\/h2>\n<h2 style=\"text-align: center\"><\/h2>\n<h2 style=\"text-align: center\">Carpi Foto Fest 2018<\/h2>\n<h2 style=\"text-align: center\">Focus Giovani<\/h2>\n<p>&nbsp;<br \/>\nDobbiamo considerarci fortunati di vivere in un&#8217;epoca ricca di attivit\u00e0 fotografiche come mai abbiamo avuto in\u00a0passato, diffuse in tante regioni italiane. Assistiamo a eventi inediti come i Super-Festival, i Festival tematici che si affiancano ai Festival territoriali. I festival realizzati col Volontariato Culturale della FIAF nascono con limitati mezzi finanziari e hanno lo scopo di offrire un momento di esposizione, di incontro e di studio a tutti i gli appassionati della fotografia. In particolare vogliono essere un momento, aperto a tutti, dove le attivit\u00e0 della FIAF e in particolare quelle del Di Cult trovano un concreto esercizio, dopo i mesi di condivisione sull&#8217;WEB.<br \/>\n<div id='gallery-1' class='gallery galleryid-19683 gallery-columns-1 gallery-size-full'><figure class='gallery-item'>\n\t\t\t<div class='gallery-icon portrait'>\n\t\t\t\t<a href='https:\/\/fiaf.net\/agoradicult\/wp-content\/uploads\/sites\/23\/2018\/10\/2018-CFF_Manifesto_bassa.jpg'><img loading=\"lazy\" decoding=\"async\" width=\"590\" height=\"842\" src=\"https:\/\/fiaf.net\/agoradicult\/wp-content\/uploads\/sites\/23\/2018\/10\/2018-CFF_Manifesto_bassa.jpg\" class=\"attachment-full size-full\" alt=\"\" srcset=\"https:\/\/fiaf.net\/agoradicult\/wp-content\/uploads\/sites\/23\/2018\/10\/2018-CFF_Manifesto_bassa.jpg 590w, https:\/\/fiaf.net\/agoradicult\/wp-content\/uploads\/sites\/23\/2018\/10\/2018-CFF_Manifesto_bassa-210x300.jpg 210w\" sizes=\"auto, (max-width: 590px) 100vw, 590px\" \/><\/a>\n\t\t\t<\/div><\/figure>\n\t\t<\/div>\n\n&nbsp;<br \/>\nQuesti festival sono un momento privilegiato dove le Figure Operative FIAF, promosse dal Di Cult, hanno un&#8217;occasione di esercizio. Ci\u00f2 che a noi preme sono i contenuti e le attivit\u00e0 di approfondimento collettivo, perch\u00e9 riteniamo che una societ\u00e0 come quella contemporanea non offra\u00a0sufficienti occasioni per strutturare dei percorsi di crescita culturale individuale e collettiva. <strong>Carpi Foto Festival<\/strong> si inquadra perfettamente in questo progetto che trova continui nuovi \u00a0consensi.<br \/>\nScaricate il programma delle attivit\u00e0 nei pdf sotto allegati e se potete partecipate, troverete tanta fotografia vissuta com il\u00a0nostro consueto clima di amicizia aperto alla conoscenza dell&#8217;altro e all&#8217;ampliamento delle relazioni interpersonali.<br \/>\nSilvano Bicocchi<br \/>\nDirettore del <strong>Dipartimento Cultura FIAF<\/strong><br \/>\n&nbsp;<\/p>\n<h3 style=\"text-align: center\">Momenti della precedente edizione del 2017<\/h3>\n<div id='gallery-2' class='gallery galleryid-19683 gallery-columns-3 gallery-size-thumbnail'><figure class='gallery-item'>\n\t\t\t<div class='gallery-icon landscape'>\n\t\t\t\t<a href='https:\/\/fiaf.net\/agoradicult\/wp-content\/uploads\/sites\/23\/2018\/10\/010_IMG_0906.jpg'><img loading=\"lazy\" decoding=\"async\" width=\"150\" height=\"150\" src=\"https:\/\/fiaf.net\/agoradicult\/wp-content\/uploads\/sites\/23\/2018\/10\/010_IMG_0906-150x150.jpg\" class=\"attachment-thumbnail size-thumbnail\" alt=\"\" \/><\/a>\n\t\t\t<\/div><\/figure><figure class='gallery-item'>\n\t\t\t<div class='gallery-icon landscape'>\n\t\t\t\t<a href='https:\/\/fiaf.net\/agoradicult\/wp-content\/uploads\/sites\/23\/2018\/10\/020_IMG_0946.jpg'><img loading=\"lazy\" decoding=\"async\" width=\"150\" height=\"150\" src=\"https:\/\/fiaf.net\/agoradicult\/wp-content\/uploads\/sites\/23\/2018\/10\/020_IMG_0946-150x150.jpg\" class=\"attachment-thumbnail size-thumbnail\" alt=\"\" \/><\/a>\n\t\t\t<\/div><\/figure><figure class='gallery-item'>\n\t\t\t<div class='gallery-icon landscape'>\n\t\t\t\t<a href='https:\/\/fiaf.net\/agoradicult\/wp-content\/uploads\/sites\/23\/2018\/10\/030_IMG_0938.jpg'><img loading=\"lazy\" decoding=\"async\" width=\"150\" height=\"150\" src=\"https:\/\/fiaf.net\/agoradicult\/wp-content\/uploads\/sites\/23\/2018\/10\/030_IMG_0938-150x150.jpg\" class=\"attachment-thumbnail size-thumbnail\" alt=\"\" \/><\/a>\n\t\t\t<\/div><\/figure><figure class='gallery-item'>\n\t\t\t<div class='gallery-icon landscape'>\n\t\t\t\t<a href='https:\/\/fiaf.net\/agoradicult\/wp-content\/uploads\/sites\/23\/2018\/10\/050_IMG_0954.jpg'><img loading=\"lazy\" decoding=\"async\" width=\"150\" height=\"150\" src=\"https:\/\/fiaf.net\/agoradicult\/wp-content\/uploads\/sites\/23\/2018\/10\/050_IMG_0954-150x150.jpg\" class=\"attachment-thumbnail size-thumbnail\" alt=\"\" \/><\/a>\n\t\t\t<\/div><\/figure><figure class='gallery-item'>\n\t\t\t<div class='gallery-icon landscape'>\n\t\t\t\t<a href='https:\/\/fiaf.net\/agoradicult\/wp-content\/uploads\/sites\/23\/2018\/10\/CFF-2017_Maurizio-Ligabue-17_assegnazione-Ticonoscimenti-DiCult.jpg'><img loading=\"lazy\" decoding=\"async\" width=\"150\" height=\"150\" src=\"https:\/\/fiaf.net\/agoradicult\/wp-content\/uploads\/sites\/23\/2018\/10\/CFF-2017_Maurizio-Ligabue-17_assegnazione-Ticonoscimenti-DiCult-150x150.jpg\" class=\"attachment-thumbnail size-thumbnail\" alt=\"\" \/><\/a>\n\t\t\t<\/div><\/figure><figure class='gallery-item'>\n\t\t\t<div class='gallery-icon landscape'>\n\t\t\t\t<a href='https:\/\/fiaf.net\/agoradicult\/wp-content\/uploads\/sites\/23\/2018\/10\/CFF-2017_Maurizio-Ligabue-41.jpg'><img loading=\"lazy\" decoding=\"async\" width=\"150\" height=\"150\" src=\"https:\/\/fiaf.net\/agoradicult\/wp-content\/uploads\/sites\/23\/2018\/10\/CFF-2017_Maurizio-Ligabue-41-150x150.jpg\" class=\"attachment-thumbnail size-thumbnail\" alt=\"\" \/><\/a>\n\t\t\t<\/div><\/figure><figure class='gallery-item'>\n\t\t\t<div class='gallery-icon landscape'>\n\t\t\t\t<a href='https:\/\/fiaf.net\/agoradicult\/wp-content\/uploads\/sites\/23\/2018\/10\/CFF-2017_Maurizio-Ligabue-43.jpg'><img loading=\"lazy\" decoding=\"async\" width=\"150\" height=\"150\" src=\"https:\/\/fiaf.net\/agoradicult\/wp-content\/uploads\/sites\/23\/2018\/10\/CFF-2017_Maurizio-Ligabue-43-150x150.jpg\" class=\"attachment-thumbnail size-thumbnail\" alt=\"\" \/><\/a>\n\t\t\t<\/div><\/figure><figure class='gallery-item'>\n\t\t\t<div class='gallery-icon landscape'>\n\t\t\t\t<a href='https:\/\/fiaf.net\/agoradicult\/wp-content\/uploads\/sites\/23\/2018\/10\/CFF-2017_Pietro-Sorano-10_inaugurazione-saluto-autorit\u00e0.jpg'><img loading=\"lazy\" decoding=\"async\" width=\"150\" height=\"150\" src=\"https:\/\/fiaf.net\/agoradicult\/wp-content\/uploads\/sites\/23\/2018\/10\/CFF-2017_Pietro-Sorano-10_inaugurazione-saluto-autorit\u00e0-150x150.jpg\" class=\"attachment-thumbnail size-thumbnail\" alt=\"\" \/><\/a>\n\t\t\t<\/div><\/figure><figure class='gallery-item'>\n\t\t\t<div class='gallery-icon landscape'>\n\t\t\t\t<a href='https:\/\/fiaf.net\/agoradicult\/wp-content\/uploads\/sites\/23\/2018\/10\/CFF-2017_Pietro-Sorano-12_inuaugurazione-presentazione-La-Famiglia-In-Italia.jpg'><img loading=\"lazy\" decoding=\"async\" width=\"150\" height=\"150\" src=\"https:\/\/fiaf.net\/agoradicult\/wp-content\/uploads\/sites\/23\/2018\/10\/CFF-2017_Pietro-Sorano-12_inuaugurazione-presentazione-La-Famiglia-In-Italia-150x150.jpg\" class=\"attachment-thumbnail size-thumbnail\" alt=\"\" \/><\/a>\n\t\t\t<\/div><\/figure><figure class='gallery-item'>\n\t\t\t<div class='gallery-icon landscape'>\n\t\t\t\t<a href='https:\/\/fiaf.net\/agoradicult\/wp-content\/uploads\/sites\/23\/2018\/10\/CFF-2017_Pietro-Sorano-43_lettura-portfolio.jpg'><img loading=\"lazy\" decoding=\"async\" width=\"150\" height=\"150\" src=\"https:\/\/fiaf.net\/agoradicult\/wp-content\/uploads\/sites\/23\/2018\/10\/CFF-2017_Pietro-Sorano-43_lettura-portfolio-150x150.jpg\" class=\"attachment-thumbnail size-thumbnail\" alt=\"\" \/><\/a>\n\t\t\t<\/div><\/figure><figure class='gallery-item'>\n\t\t\t<div class='gallery-icon landscape'>\n\t\t\t\t<a href='https:\/\/fiaf.net\/agoradicult\/wp-content\/uploads\/sites\/23\/2018\/10\/CFF-2017_Pietro-Sorano-65_lettura-portfolio.jpg'><img loading=\"lazy\" decoding=\"async\" width=\"150\" height=\"150\" src=\"https:\/\/fiaf.net\/agoradicult\/wp-content\/uploads\/sites\/23\/2018\/10\/CFF-2017_Pietro-Sorano-65_lettura-portfolio-150x150.jpg\" class=\"attachment-thumbnail size-thumbnail\" alt=\"\" \/><\/a>\n\t\t\t<\/div><\/figure><figure class='gallery-item'>\n\t\t\t<div class='gallery-icon landscape'>\n\t\t\t\t<a href='https:\/\/fiaf.net\/agoradicult\/wp-content\/uploads\/sites\/23\/2018\/10\/DSCF7419.jpg'><img loading=\"lazy\" decoding=\"async\" width=\"150\" height=\"150\" src=\"https:\/\/fiaf.net\/agoradicult\/wp-content\/uploads\/sites\/23\/2018\/10\/DSCF7419-150x150.jpg\" class=\"attachment-thumbnail size-thumbnail\" alt=\"\" \/><\/a>\n\t\t\t<\/div><\/figure>\n\t\t<\/div>\n\n&nbsp;<br \/>\n&nbsp;<br \/>\nProgramma ed info scaricabili:<br \/>\n<a href=\"https:\/\/fiaf.net\/agoradicult\/wp-content\/uploads\/sites\/23\/2018\/10\/2018-CFF_Programma_pieghevole_fronte.pdf\">Volantino Fronte<\/a><br \/>\n<a href=\"https:\/\/fiaf.net\/agoradicult\/wp-content\/uploads\/sites\/23\/2018\/10\/2018-CFF_Programma_pieghevole_retro.pdf\">Volantino Retro<\/a><br \/>\n<a href=\"https:\/\/fiaf.net\/agoradicult\/wp-content\/uploads\/sites\/23\/2018\/10\/2018-CFF_cartolina_fronte.pdf\">Cartolina Fronte<\/a><br \/>\n<a href=\"https:\/\/fiaf.net\/agoradicult\/wp-content\/uploads\/sites\/23\/2018\/10\/2018-CFF_cartolina_retro.pdf\">Cartolina Retro<\/a><\/p>\n\n    <div class=\"xs_social_share_widget xs_share_url after_content \t\tmain_content  wslu-style-1 wslu-share-box-shaped wslu-fill-colored wslu-none wslu-share-horizontal wslu-theme-font-no wslu-main_content\">\n\n\t\t\n        <ul>\n\t\t\t        <\/ul>\n    <\/div> \n","protected":false},"excerpt":{"rendered":"<p>Carpi Foto Fest 2018 Focus Giovani &nbsp; Dobbiamo considerarci fortunati di vivere in un&#8217;epoca ricca di attivit\u00e0 fotografiche come mai &hellip;<\/p>\n","protected":false},"author":15,"featured_media":19696,"comment_status":"open","ping_status":"open","sticky":false,"template":"","format":"standard","meta":{"_acf_changed":false,"footnotes":""},"categories":[7,20],"tags":[],"class_list":["post-19683","post","type-post","status-publish","format-standard","has-post-thumbnail","hentry","category-archivio","category-eventi-fotografici"],"acf":[],"_links":{"self":[{"href":"https:\/\/fiaf.net\/agoradicult\/wp-json\/wp\/v2\/posts\/19683","targetHints":{"allow":["GET"]}}],"collection":[{"href":"https:\/\/fiaf.net\/agoradicult\/wp-json\/wp\/v2\/posts"}],"about":[{"href":"https:\/\/fiaf.net\/agoradicult\/wp-json\/wp\/v2\/types\/post"}],"author":[{"embeddable":true,"href":"https:\/\/fiaf.net\/agoradicult\/wp-json\/wp\/v2\/users\/15"}],"replies":[{"embeddable":true,"href":"https:\/\/fiaf.net\/agoradicult\/wp-json\/wp\/v2\/comments?post=19683"}],"version-history":[{"count":0,"href":"https:\/\/fiaf.net\/agoradicult\/wp-json\/wp\/v2\/posts\/19683\/revisions"}],"wp:featuredmedia":[{"embeddable":true,"href":"https:\/\/fiaf.net\/agoradicult\/wp-json\/wp\/v2\/media\/19696"}],"wp:attachment":[{"href":"https:\/\/fiaf.net\/agoradicult\/wp-json\/wp\/v2\/media?parent=19683"}],"wp:term":[{"taxonomy":"category","embeddable":true,"href":"https:\/\/fiaf.net\/agoradicult\/wp-json\/wp\/v2\/categories?post=19683"},{"taxonomy":"post_tag","embeddable":true,"href":"https:\/\/fiaf.net\/agoradicult\/wp-json\/wp\/v2\/tags?post=19683"}],"curies":[{"name":"wp","href":"https:\/\/api.w.org\/{rel}","templated":true}]}}