{"id":19840,"date":"2018-11-01T09:00:22","date_gmt":"2018-11-01T07:00:22","guid":{"rendered":"https:\/\/fiaf.net\/agoradicult\/?p=19840"},"modified":"2018-11-01T09:00:22","modified_gmt":"2018-11-01T07:00:22","slug":"leffimero-e-leterno-i-laboratori-lab-di-cult-fiaf","status":"publish","type":"post","link":"https:\/\/fiaf.net\/agoradicult\/2018\/11\/01\/leffimero-e-leterno-i-laboratori-lab-di-cult-fiaf\/","title":{"rendered":"&quot;L&#039;effimero e l&#039;eterno&quot;, i Laboratori LAB Di Cult FIAF 2019"},"content":{"rendered":"<p>.<br \/>\n&nbsp;<br \/>\n.<br \/>\n&nbsp;<br \/>\n.<br \/>\n&nbsp;<br \/>\n&nbsp;<br \/>\n&nbsp;<\/p>\n<h2 style=\"text-align: center\">i Laboratori LAB Di Cult FIAF 2019<\/h2>\n<p>&nbsp;<br \/>\n&nbsp;<\/p>\n<p style=\"text-align: center\"><img loading=\"lazy\" decoding=\"async\" class=\"aligncenter size-full wp-image-19843\" src=\"https:\/\/fiaf.net\/agoradicult\/wp-content\/uploads\/sites\/23\/2018\/11\/MG-M7-e1541020669809.jpg\" alt=\"\" width=\"580\" height=\"387\" \/>Quale Cina?, 2011 &#8211; Ivano Bolondi<\/p>\n<h1 style=\"text-align: center\"><\/h1>\n<h2 style=\"text-align: center\">&#8220;L&#8217;effimero e l&#8217;eterno&#8221;<\/h2>\n<p>E&#8217; stato facile, e un vero piacere, ricorrere a un Maestro come Ivano Bolondi, per rendere visibile una punta altissima del tema con una sola fotografia. In effetti \u00e8 un tema che si presta molto all&#8217;immagine singola. Ovviamente si possono fare opere non a portfolio ma con immagini singole, quando in esse sono intrecciati l&#8217;effimero e l&#8217;eterno.<br \/>\nAvendo approfondito con diversi Coordinatori l&#8217;avvio dei lavori,\u00a0noto che questo \u00e8 un tema che \u00e8 sentito nell&#8217;inconscio; perch\u00e9 se c&#8217;\u00e8 entusiasmo nel volerlo trattare, poi ci si intimorisce quando si comincia a parlarne; come se ci fosse un territorio, sconosciuto e inatteso da attraversare, tra il nostro sentire e il ragionare. Penso che il ragionare con la parola sia la strada per chi ha la mente logica, per gli altri resta la &#8220;pancia&#8221; e\u00a0parlare con le immagini. Fatelo vi sorprender\u00e0!<br \/>\nInfatti guardando nel mio archivio ho estratto, frettolosamente, \u00a0alcuni scatti che &#8220;valgono pi\u00f9 di mille parole&#8221;. Ho messo miei scatti per mettermi nella condizione comune di ogni componente dei Laboratori e ho capito che pi\u00f9 facile vedere la profondit\u00e0 del tema nelle immagini che nelle parole; anche perch\u00e9 le immagini a volte hanno messaggi inesprimibili con la parola.<br \/>\n&nbsp;<\/p>\n<ul>\n<li>LAB Di Cult 046 FIAF, tematico \u201cL\u2019effimero e l\u2019eterno\u201d\n<ul>\n<li>Coordinatore: Silvia Tampucci,<\/li>\n<li>Collaboratori Paolo Bini e Alessio Brondi. (LI, PI, LU)<\/li>\n<\/ul>\n<\/li>\n<li>LAB Di Cult 047 FIAF, tematico \u201cL\u2019effimero e l\u2019eterno\u201d\n<ul>\n<li>Coordinatore: Danilo Baraldi. (Carpi, MO)<\/li>\n<\/ul>\n<\/li>\n<\/ul>\n<ul>\n<li>LAB Di Cult 048 FIAF, tematico \u201cL\u2019effimero e l\u2019eterno\u201d\n<ul>\n<li>Coordinatore: Monica Benassi. (Boretto, RE)<\/li>\n<\/ul>\n<\/li>\n<\/ul>\n<ul>\n<li>LAB Di Cult 049 FIAF, tematico \u201cL\u2019effimero e l\u2019eterno\u201d\n<ul>\n<li>Coordinatore: Giancarla Lorenzini. (AN)<\/li>\n<\/ul>\n<\/li>\n<\/ul>\n<ul>\n<li>LAB Di Cult 050 FIAF, tematico \u201cL\u2019effimero e l\u2019eterno\u201d\n<ul>\n<li>Coordinatore: Claudia Ioan e Massimiliano Tuveri. (PG)<\/li>\n<\/ul>\n<\/li>\n<\/ul>\n<ul>\n<li>LAB Di Cult 051 FIAF, tematico \u201cL\u2019effimero e l\u2019eterno\u201d\n<ul>\n<li>Coordinatore: Massimo Pascutti. (TO)<\/li>\n<\/ul>\n<\/li>\n<\/ul>\n<ul>\n<li>LAB Di Cult 052 FIAF, tematico \u201cL\u2019effimero e l\u2019eterno\u201d\n<ul>\n<li>Coordinatore: Marco Fantechi,<\/li>\n<li>Collaboratori Antonio Desideri e Lia Mucciarini. (FI)<\/li>\n<\/ul>\n<\/li>\n<\/ul>\n<ul>\n<li>LAB Di Cult 053 FIAF, tematico \u201cL\u2019effimero e l\u2019eterno\u201d\n<ul>\n<li>Coordinatore: Gigi Montali. (Colorno, PR)<\/li>\n<\/ul>\n<\/li>\n<\/ul>\n<ul>\n<li>LAB Di Cult 054 FIAF, tematico \u201cL\u2019effimero e l\u2019eterno\u201d\n<ul>\n<li>Coordinatore: Andrea Angelini. (FC)<\/li>\n<\/ul>\n<\/li>\n<\/ul>\n<ul>\n<li>LAB Di Cult 055 FIAF, tematico \u201cL\u2019effimero e l\u2019eterno\u201d\n<ul>\n<li>Coordinatore: Nadia Cianelli, Vinicio Drappo. (PG)<\/li>\n<\/ul>\n<\/li>\n<\/ul>\n<ul>\n<li>LAB Di Cult 056 FIAF, tematico \u201cL\u2019effimero e l\u2019eterno\u201d\n<ul>\n<li>Coordinatore: Orietta Bay, Roberto Montanari. (Sestri Levante, GE)<\/li>\n<\/ul>\n<\/li>\n<\/ul>\n<ul>\n<li>LAB Di Cult 057 FIAF, tematico \u201cL\u2019effimero e l\u2019eterno\u201d\n<ul>\n<li>Coordinatore: Alma Schianchi. (SP)<\/li>\n<\/ul>\n<\/li>\n<\/ul>\n<ul>\n<li>LAB Di Cult 058 FIAF, tematico \u201cL\u2019effimero e l\u2019eterno\u201d\n<ul>\n<li>Coordinatore: Paolo Tavaroli. (SV)<\/li>\n<\/ul>\n<\/li>\n<\/ul>\n<ul>\n<li>LAB Di Cult 059 FIAF, tematico \u201cL\u2019effimero e l\u2019eterno\u201d\n<ul>\n<li>Coordinatore: Paolo Cappellini, Mario Filabozzi. (GR)<\/li>\n<\/ul>\n<\/li>\n<\/ul>\n<p>. \u00a0 \u00a0LAB Di Cult 060 FIAF, tematico\u00a0\u201cL\u2019effimero e l\u2019eterno\u201d<br \/>\n\u00b0 \u00a0 Coordinatore: Roberto Pileri. (RI)<\/p>\n<ul>\n<li>LAB Di Cult 061 FIAF, tematico \u201cL\u2019effimero e l\u2019eterno\u201d\n<ul>\n<li>Coordinatore: Doretta Gerevini e Marco Brioni. (MN)<\/li>\n<\/ul>\n<\/li>\n<\/ul>\n<ul>\n<li>LAB Di Cult 062 FIAF, tematico \u201cL\u2019effimero e l\u2019eterno\u201d\n<ul>\n<li>Coordinatore: Luca Monelli. (San Felice, MO)<\/li>\n<\/ul>\n<\/li>\n<\/ul>\n<ul>\n<li>LAB Di Cult 063 FIAF, tematico \u201cL\u2019effimero e l\u2019eterno\u201d\n<ul>\n<li>Coordinatore: Paolo Mangoni e Antonio La Montanara. (Casalmaggiore (CR))<\/li>\n<\/ul>\n<\/li>\n<\/ul>\n<ul>\n<li>LAB Di Cult 064 FIAF, tematico \u201cL\u2019effimero e l\u2019eterno\u201d\n<ul>\n<li>Coordinatore: Saverio Langianni. (Prato e Pistoia)<\/li>\n<\/ul>\n<\/li>\n<\/ul>\n<ul>\n<li>LAB Di Cult 065 FIAF, tematico \u201cL\u2019effimero e l\u2019eterno\u201d\n<ul>\n<li>Coordinatore: Maurizio Tieghi. (Ferrara)<\/li>\n<\/ul>\n<\/li>\n<\/ul>\n<ul>\n<li>LAB Di Cult 066 FIAF, tematico \u201cL\u2019effimero e l\u2019eterno\u201d\n<ul>\n<li>Coordinatore: Giovanna Ziveri, Massimo Marazzini.<\/li>\n<\/ul>\n<\/li>\n<\/ul>\n<p>&nbsp;<br \/>\n&nbsp;<\/p>\n<h1 style=\"text-align: center\">Stimoli visivi<\/h1>\n<h3 style=\"text-align: center\">(Partecipate anche Voi inviando uno scatto)<\/h3>\n<p style=\"text-align: center\"><img loading=\"lazy\" decoding=\"async\" class=\"aligncenter size-full wp-image-19847\" src=\"https:\/\/fiaf.net\/agoradicult\/wp-content\/uploads\/sites\/23\/2018\/11\/IMG_0840C.jpg\" alt=\"\" width=\"580\" height=\"870\" srcset=\"https:\/\/fiaf.net\/agoradicult\/wp-content\/uploads\/sites\/23\/2018\/11\/IMG_0840C.jpg 580w, https:\/\/fiaf.net\/agoradicult\/wp-content\/uploads\/sites\/23\/2018\/11\/IMG_0840C-200x300.jpg 200w\" sizes=\"auto, (max-width: 580px) 100vw, 580px\" \/>Ferrara 2011 &#8211; Silvano Bicocchi<\/p>\n<p style=\"text-align: center\"><img loading=\"lazy\" decoding=\"async\" class=\"aligncenter size-full wp-image-19845\" src=\"https:\/\/fiaf.net\/agoradicult\/wp-content\/uploads\/sites\/23\/2018\/11\/IMG_2730a-e1541020827473.jpg\" alt=\"\" width=\"580\" height=\"435\" \/>Ferrara &#8211; 2008 &#8211; Silvano Bicocchi<\/p>\n<p style=\"text-align: center\"><img loading=\"lazy\" decoding=\"async\" class=\"aligncenter size-full wp-image-19849\" src=\"https:\/\/fiaf.net\/agoradicult\/wp-content\/uploads\/sites\/23\/2018\/11\/EE00000003.jpg\" alt=\"\" width=\"580\" height=\"387\" srcset=\"https:\/\/fiaf.net\/agoradicult\/wp-content\/uploads\/sites\/23\/2018\/11\/EE00000003.jpg 580w, https:\/\/fiaf.net\/agoradicult\/wp-content\/uploads\/sites\/23\/2018\/11\/EE00000003-300x200.jpg 300w\" sizes=\"auto, (max-width: 580px) 100vw, 580px\" \/>Mirandola, 2018 &#8211; Silvano Bicocchi<\/p>\n<p style=\"text-align: center\"><img loading=\"lazy\" decoding=\"async\" class=\"aligncenter size-full wp-image-19848\" src=\"https:\/\/fiaf.net\/agoradicult\/wp-content\/uploads\/sites\/23\/2018\/11\/EE00000001-e1541024219410.jpg\" alt=\"\" width=\"580\" height=\"387\" \/>Sestri Levante, 2018 &#8211; Silvano Bicocchi<\/p>\n<p style=\"text-align: center\"><img loading=\"lazy\" decoding=\"async\" class=\"aligncenter size-full wp-image-19889\" src=\"https:\/\/fiaf.net\/agoradicult\/wp-content\/uploads\/sites\/23\/2018\/11\/Pavia-2016-Teofilo-Celani-e1541454243843.jpg\" alt=\"\" width=\"581\" height=\"361\" \/>Pavia &#8211; \u00a0Teofilo Celani<\/p>\n<p style=\"text-align: center\"><img loading=\"lazy\" decoding=\"async\" class=\"aligncenter size-full wp-image-19890\" src=\"https:\/\/fiaf.net\/agoradicult\/wp-content\/uploads\/sites\/23\/2018\/11\/W.Turcato_Effimero-Eterno_Fuorisalone18-Milano.jpg\" alt=\"\" width=\"580\" height=\"387\" srcset=\"https:\/\/fiaf.net\/agoradicult\/wp-content\/uploads\/sites\/23\/2018\/11\/W.Turcato_Effimero-Eterno_Fuorisalone18-Milano.jpg 580w, https:\/\/fiaf.net\/agoradicult\/wp-content\/uploads\/sites\/23\/2018\/11\/W.Turcato_Effimero-Eterno_Fuorisalone18-Milano-300x200.jpg 300w\" sizes=\"auto, (max-width: 580px) 100vw, 580px\" \/>Milano &#8211; Walter Turcato<\/p>\n<p style=\"text-align: center\"><img loading=\"lazy\" decoding=\"async\" class=\"aligncenter size-full wp-image-19893\" src=\"https:\/\/fiaf.net\/agoradicult\/wp-content\/uploads\/sites\/23\/2018\/11\/giorgio-paparella-ambiente-ruggine-e1541620120125.jpg\" alt=\"\" width=\"581\" height=\"387\" \/>Savona &#8211; Giorgio Papparella<\/p>\n<p style=\"text-align: center\"><img loading=\"lazy\" decoding=\"async\" class=\"aligncenter size-full wp-image-19892\" src=\"https:\/\/fiaf.net\/agoradicult\/wp-content\/uploads\/sites\/23\/2018\/11\/APC-0347-e1541620093515.jpg\" alt=\"\" width=\"580\" height=\"435\" \/>San Martino di Castrozza &#8211; Luca Monelli<\/p>\n<p style=\"text-align: center\"><img loading=\"lazy\" decoding=\"async\" class=\"aligncenter wp-image-19914\" src=\"https:\/\/fiaf.net\/agoradicult\/wp-content\/uploads\/sites\/23\/2018\/11\/Monica-B_cercando-hopper-5_C.jpg\" alt=\"\" width=\"579\" height=\"388\" srcset=\"https:\/\/fiaf.net\/agoradicult\/wp-content\/uploads\/sites\/23\/2018\/11\/Monica-B_cercando-hopper-5_C.jpg 480w, https:\/\/fiaf.net\/agoradicult\/wp-content\/uploads\/sites\/23\/2018\/11\/Monica-B_cercando-hopper-5_C-300x201.jpg 300w\" sizes=\"auto, (max-width: 579px) 100vw, 579px\" \/>Cercando Hopper &#8211; Monica Benassi<\/p>\n<p style=\"text-align: center\"><img loading=\"lazy\" decoding=\"async\" class=\"aligncenter size-full wp-image-19916\" src=\"https:\/\/fiaf.net\/agoradicult\/wp-content\/uploads\/sites\/23\/2018\/11\/Massimo-Scaramelli.-Ferrara.jpg\" alt=\"\" width=\"580\" height=\"374\" srcset=\"https:\/\/fiaf.net\/agoradicult\/wp-content\/uploads\/sites\/23\/2018\/11\/Massimo-Scaramelli.-Ferrara.jpg 580w, https:\/\/fiaf.net\/agoradicult\/wp-content\/uploads\/sites\/23\/2018\/11\/Massimo-Scaramelli.-Ferrara-300x193.jpg 300w\" sizes=\"auto, (max-width: 580px) 100vw, 580px\" \/>Ferrara -Massimo Scaramelli<\/p>\n<p style=\"text-align: center\"><img loading=\"lazy\" decoding=\"async\" class=\"aligncenter size-full wp-image-19970\" src=\"https:\/\/fiaf.net\/agoradicult\/wp-content\/uploads\/sites\/23\/2018\/11\/Perugia-Bardelli-e1542230008716.jpg\" alt=\"\" width=\"580\" height=\"387\" \/>Perugia &#8211; Massimo Bardelli<\/p>\n<p style=\"text-align: center\"><img loading=\"lazy\" decoding=\"async\" class=\"aligncenter size-full wp-image-19971\" src=\"https:\/\/fiaf.net\/agoradicult\/wp-content\/uploads\/sites\/23\/2018\/11\/Gabriella-Novelli-Il-Ponte-morandi-e1542230049795.jpg\" alt=\"\" width=\"580\" height=\"387\" \/>Genova, Ponte Morandi &#8211; Gabriella Novelli<\/p>\n<p style=\"text-align: center\"><img loading=\"lazy\" decoding=\"async\" class=\"aligncenter size-full wp-image-19972\" src=\"https:\/\/fiaf.net\/agoradicult\/wp-content\/uploads\/sites\/23\/2018\/11\/Orietta-Bay-ora-e-sempre-e1542230080730.jpg\" alt=\"\" width=\"580\" height=\"387\" \/>Ora e sempre &#8211; Orietta Bay<\/p>\n<p style=\"text-align: center\"><img loading=\"lazy\" decoding=\"async\" class=\"aligncenter size-full wp-image-19973\" src=\"https:\/\/fiaf.net\/agoradicult\/wp-content\/uploads\/sites\/23\/2018\/11\/Renzo-DellOrto-effimero-mdetropolitano-e1542230116663.jpg\" alt=\"\" width=\"580\" height=\"387\" \/>Effimero Metropolitano &#8211; Renzo Dell&#8217;Orto<\/p>\n<p style=\"text-align: center\">Penso di interpretare la soddisfazione di tutti, col dare il benvenuto ai nuovi Laboratori che sono cresciuti spontaneamente a 21 (erano 18 nel precedente \u00a0tema della &#8220;Famiglia in Italia&#8221;). Sono aumentati grazie alla volont\u00e0, di intraprendere quest&#8217;esperienza, da parte di Circoli fotografici e di Delegati Provinciali. Il Laboratorio diventa un modo di mantenere viva la ricerca fotografica nei Circoli e nei territori, incentivando l&#8217;attivit\u00e0 intercircolo, interprovinciale, interregionale.<\/p>\n<p style=\"text-align: left\">In un contesto economico che presenta difficolt\u00e0 a frequentemente viaggiare, questo lavorare insieme in un progetto collettivo da vivere a livello locale per poi condividerlo a livello nazionale, risponde alle nuove necessit\u00e0 interiori di persone che vivono in quest&#8217;epoca complessa, molto diversa dal passato.<\/p>\n<p style=\"text-align: left\">Vi ricordo che chi vorr\u00e0 tentare ad affrontare il tema senza aver la nomina a LAB DI Cult FIAF, potr\u00e0 richiedere la nomina a Laboratorio fino al 30\/05\/2019 presentandomi i lavori prodotti.<\/p>\n<p style=\"text-align: left\">Auguro a Tutti un buon Weekend dei Santi e tanta Buona luce (interiore e esteriore) nel realizzare i vostri progetti.<\/p>\n<p style=\"text-align: left\">Silvano Bicocchi<br \/>\nDirettore del <strong>Dipartimento Cultura FIAF<\/strong><\/p>\n<p style=\"text-align: left\">Per inviare uno scatto e partecipare a stimoli visivi scarica le istruzioni:\u00a0<a href=\"https:\/\/fiaf.net\/agoradicult\/wp-content\/uploads\/sites\/23\/2018\/11\/Indirizzo-Email.pdf\">Indirizzo-Email<\/a><\/p>\n\n    <div class=\"xs_social_share_widget xs_share_url after_content \t\tmain_content  wslu-style-1 wslu-share-box-shaped wslu-fill-colored wslu-none wslu-share-horizontal wslu-theme-font-no wslu-main_content\">\n\n\t\t\n        <ul>\n\t\t\t        <\/ul>\n    <\/div> \n","protected":false},"excerpt":{"rendered":"<p>. &nbsp; . &nbsp; . &nbsp; &nbsp; &nbsp; i Laboratori LAB Di Cult FIAF 2019 &nbsp; &nbsp; Quale Cina?, 2011 &hellip;<\/p>\n","protected":false},"author":3,"featured_media":19843,"comment_status":"open","ping_status":"open","sticky":false,"template":"","format":"standard","meta":{"_acf_changed":false,"footnotes":""},"categories":[2],"tags":[53,56],"class_list":["post-19840","post","type-post","status-publish","format-standard","has-post-thumbnail","hentry","category-animatore-culturale","tag-leffimero","tag-leterno"],"acf":[],"_links":{"self":[{"href":"https:\/\/fiaf.net\/agoradicult\/wp-json\/wp\/v2\/posts\/19840","targetHints":{"allow":["GET"]}}],"collection":[{"href":"https:\/\/fiaf.net\/agoradicult\/wp-json\/wp\/v2\/posts"}],"about":[{"href":"https:\/\/fiaf.net\/agoradicult\/wp-json\/wp\/v2\/types\/post"}],"author":[{"embeddable":true,"href":"https:\/\/fiaf.net\/agoradicult\/wp-json\/wp\/v2\/users\/3"}],"replies":[{"embeddable":true,"href":"https:\/\/fiaf.net\/agoradicult\/wp-json\/wp\/v2\/comments?post=19840"}],"version-history":[{"count":0,"href":"https:\/\/fiaf.net\/agoradicult\/wp-json\/wp\/v2\/posts\/19840\/revisions"}],"wp:featuredmedia":[{"embeddable":true,"href":"https:\/\/fiaf.net\/agoradicult\/wp-json\/wp\/v2\/media\/19843"}],"wp:attachment":[{"href":"https:\/\/fiaf.net\/agoradicult\/wp-json\/wp\/v2\/media?parent=19840"}],"wp:term":[{"taxonomy":"category","embeddable":true,"href":"https:\/\/fiaf.net\/agoradicult\/wp-json\/wp\/v2\/categories?post=19840"},{"taxonomy":"post_tag","embeddable":true,"href":"https:\/\/fiaf.net\/agoradicult\/wp-json\/wp\/v2\/tags?post=19840"}],"curies":[{"name":"wp","href":"https:\/\/api.w.org\/{rel}","templated":true}]}}