{"id":2040,"date":"2012-06-10T22:25:42","date_gmt":"2012-06-10T20:25:42","guid":{"rendered":"https:\/\/fiaf.net\/agoradicult\/?p=2040"},"modified":"2012-06-10T22:25:42","modified_gmt":"2012-06-10T20:25:42","slug":"iii-colorno-photolife","status":"publish","type":"post","link":"https:\/\/fiaf.net\/agoradicult\/2012\/06\/10\/iii-colorno-photolife\/","title":{"rendered":"III\u00b0 Colorno Photo Life"},"content":{"rendered":"<p align=\"center\"><strong>3\u00b0 Colorno Photo Life<\/strong><\/p>\n<p align=\"center\"><strong>08-10\/06 Colorno (Pr)<\/strong><\/p>\n<p>&nbsp;<\/p>\n<p style=\"text-align: justify\">Come dal programma in Agenda, dal 8 al 10\/06 si \u00e8 svolto il <strong>3\u00b0 Colorno Photo Life,<\/strong> organizzato dal Gruppo<strong> Color\u2019s Light<\/strong> di Colorno (PR) il cui programma lo trovate al link\u00a0 seguente:<\/p>\n<p style=\"text-align: justify\"><a title=\"http:\/\/3\u00b0 Colorno Photo Life 08-10\/06 Colorno (Pr)  Come dal programma in Agenda, dal 8 al 10\/06 si \u00e8 svolto il 3\u00b0 Colorno Photo Life, organizzato dal Gruppo Color\u2019s Light di Colorno (PR) il cui programma lo trovate al link  seguente:  http:\/\/www.colornophotolife.it\/  L\u2019azione del Dipartimento Cultura all\u2019interno del Festival si \u00e8 espressa nelle seguenti attivit\u00e0: -\tLa curateria dell\u2019inaugurazione. -\tLa lettura di portfolio con modalit\u00e0 \u201cFace to Face\u201d. -\tLa lettura delle mostre con modalit\u00e0 \u201cFace to Face\u201d. La Reggia di Colorno \u00e8 un contenitore straordinario anche per un festival fotografico, oltre che ai sui ampi spazi coperti e cortilivi, grazie all\u2019ambiente sospeso nel tempo che per un attivit\u00e0 fotografica \u00e8 catalizzatore di spaesamento sia nel fotografare che nello studiare la fotografia. \" href=\"http:\/\/www.colornophotolife.it\" target=\"_blank\" rel=\"noopener\">http:\/\/www.colornophotolife.it\/<\/a><\/p>\n<p style=\"text-align: justify\">L\u2019azione del <strong>Dipartimento Cultura<\/strong> all\u2019interno del Festival si \u00e8 espressa nelle seguenti attivit\u00e0:<\/p>\n<p style=\"text-align: justify\">&#8211;\u00a0\u00a0\u00a0\u00a0\u00a0\u00a0\u00a0\u00a0 La curateria dell\u2019inaugurazione.<\/p>\n<p style=\"text-align: justify\">&#8211;\u00a0\u00a0\u00a0\u00a0\u00a0\u00a0\u00a0\u00a0 La lettura di portfolio con modalit\u00e0 \u201cFace to Face\u201d.<\/p>\n<p style=\"text-align: justify\">&#8211;\u00a0\u00a0\u00a0\u00a0\u00a0\u00a0\u00a0\u00a0 La lettura delle mostre con modalit\u00e0 \u201cFace to Face\u201d.<\/p>\n<p style=\"text-align: justify\">La Reggia di Colorno \u00e8 un contenitore straordinario anche per un festival fotografico, oltre che\u00a0per suoi ampi spazi coperti e cortilivi, grazie all\u2019ambiente sospeso nel tempo che per un attivit\u00e0 fotografica \u00e8 catalizzatore di spaesamento sia nel fotografare che nello studiare la fotografia.<\/p>\n<p style=\"text-align: justify\"><a href=\"https:\/\/fiaf.net\/agoradicult\/wp-content\/uploads\/sites\/23\/2012\/06\/012.jpg\"><img loading=\"lazy\" decoding=\"async\" class=\"aligncenter size-full wp-image-2043\" title=\"01\" src=\"https:\/\/fiaf.net\/agoradicult\/wp-content\/uploads\/sites\/23\/2012\/06\/012.jpg\" alt=\"\" width=\"600\" height=\"450\" srcset=\"https:\/\/fiaf.net\/agoradicult\/wp-content\/uploads\/sites\/23\/2012\/06\/012.jpg 600w, https:\/\/fiaf.net\/agoradicult\/wp-content\/uploads\/sites\/23\/2012\/06\/012-300x225.jpg 300w\" sizes=\"auto, (max-width: 600px) 100vw, 600px\" \/><\/a><\/p>\n<p style=\"text-align: justify\">L\u2019inaugurazione \u00e8 il momento solenne dove la dignit\u00e0 del fare si conquista con la capacit\u00e0 di comunicare i contenuti con ricchezza di dettagli ed eleganza, \u00e8 stato importante presentare tutte le mostre nella sala del trono con l\u2019intervento degli autori accompagnati dal proprio critico mentre sullo schermo venivano proiettate le immagini delle loro mostre.<\/p>\n<p style=\"text-align: justify\"><a href=\"https:\/\/fiaf.net\/agoradicult\/wp-content\/uploads\/sites\/23\/2012\/06\/021.jpg\"><img loading=\"lazy\" decoding=\"async\" class=\"aligncenter size-full wp-image-2044\" title=\"02\" src=\"https:\/\/fiaf.net\/agoradicult\/wp-content\/uploads\/sites\/23\/2012\/06\/021.jpg\" alt=\"\" width=\"600\" height=\"400\" srcset=\"https:\/\/fiaf.net\/agoradicult\/wp-content\/uploads\/sites\/23\/2012\/06\/021.jpg 600w, https:\/\/fiaf.net\/agoradicult\/wp-content\/uploads\/sites\/23\/2012\/06\/021-300x200.jpg 300w\" sizes=\"auto, (max-width: 600px) 100vw, 600px\" \/><\/a><\/p>\n<p style=\"text-align: justify\"><a href=\"https:\/\/fiaf.net\/agoradicult\/wp-content\/uploads\/sites\/23\/2012\/06\/00.jpg\"><img loading=\"lazy\" decoding=\"async\" class=\"aligncenter size-full wp-image-2070\" title=\"00\" src=\"https:\/\/fiaf.net\/agoradicult\/wp-content\/uploads\/sites\/23\/2012\/06\/00.jpg\" alt=\"\" width=\"600\" height=\"585\" srcset=\"https:\/\/fiaf.net\/agoradicult\/wp-content\/uploads\/sites\/23\/2012\/06\/00.jpg 600w, https:\/\/fiaf.net\/agoradicult\/wp-content\/uploads\/sites\/23\/2012\/06\/00-300x293.jpg 300w\" sizes=\"auto, (max-width: 600px) 100vw, 600px\" \/><\/a><\/p>\n<p style=\"text-align: center\">La lettura Portofolio esercitata sotto un pergolato ideato nel \u2018700 \u00e8 un\u2019esperienza unica.<\/p>\n<p style=\"text-align: center\"><a href=\"https:\/\/fiaf.net\/agoradicult\/wp-content\/uploads\/sites\/23\/2012\/06\/0000.jpg\"><img loading=\"lazy\" decoding=\"async\" class=\"aligncenter size-full wp-image-2072\" title=\"0000\" src=\"https:\/\/fiaf.net\/agoradicult\/wp-content\/uploads\/sites\/23\/2012\/06\/0000.jpg\" alt=\"\" width=\"600\" height=\"283\" srcset=\"https:\/\/fiaf.net\/agoradicult\/wp-content\/uploads\/sites\/23\/2012\/06\/0000.jpg 600w, https:\/\/fiaf.net\/agoradicult\/wp-content\/uploads\/sites\/23\/2012\/06\/0000-300x142.jpg 300w\" sizes=\"auto, (max-width: 600px) 100vw, 600px\" \/><\/a><\/p>\n<p style=\"text-align: justify\"><a href=\"https:\/\/fiaf.net\/agoradicult\/wp-content\/uploads\/sites\/23\/2012\/06\/031.jpg\"><img loading=\"lazy\" decoding=\"async\" class=\"aligncenter size-full wp-image-2045\" title=\"03\" src=\"https:\/\/fiaf.net\/agoradicult\/wp-content\/uploads\/sites\/23\/2012\/06\/031.jpg\" alt=\"\" width=\"489\" height=\"300\" srcset=\"https:\/\/fiaf.net\/agoradicult\/wp-content\/uploads\/sites\/23\/2012\/06\/031.jpg 489w, https:\/\/fiaf.net\/agoradicult\/wp-content\/uploads\/sites\/23\/2012\/06\/031-300x184.jpg 300w\" sizes=\"auto, (max-width: 489px) 100vw, 489px\" \/><\/a><\/p>\n<p style=\"text-align: justify\">Il Face to Face \u00e8 stata la rivelazione del festival in quanto ha cambiato il modello dell\u2019attivit\u00e0 culturale svolta nelle precedenti edizioni con delle Congerenze. Il Face to Face con la casualit\u00e0 degli argomenti trattati,\u00a0dettati dalle opere presentate, \u00e8 stato\u00a0orientata nei suoi contenuti dai fotografi. Le letture in Face to Face non sono fatte solo per l\u2019autore, come avviene nelle letture dei tavoli, ma diventano pretesto per approfondimenti ampi rivolti al pubblico presente.<\/p>\n<p style=\"text-align: justify\"><a href=\"https:\/\/fiaf.net\/agoradicult\/wp-content\/uploads\/sites\/23\/2012\/06\/04.jpg\"><img loading=\"lazy\" decoding=\"async\" class=\"aligncenter size-full wp-image-2047\" title=\"04\" src=\"https:\/\/fiaf.net\/agoradicult\/wp-content\/uploads\/sites\/23\/2012\/06\/04.jpg\" alt=\"\" width=\"600\" height=\"200\" srcset=\"https:\/\/fiaf.net\/agoradicult\/wp-content\/uploads\/sites\/23\/2012\/06\/04.jpg 600w, https:\/\/fiaf.net\/agoradicult\/wp-content\/uploads\/sites\/23\/2012\/06\/04-300x100.jpg 300w\" sizes=\"auto, (max-width: 600px) 100vw, 600px\" \/><\/a><\/p>\n<p style=\"text-align: center\"><a href=\"https:\/\/fiaf.net\/agoradicult\/wp-content\/uploads\/sites\/23\/2012\/06\/000001.jpg\"><img loading=\"lazy\" decoding=\"async\" class=\"aligncenter size-full wp-image-2074\" title=\"00000\" src=\"https:\/\/fiaf.net\/agoradicult\/wp-content\/uploads\/sites\/23\/2012\/06\/000001.jpg\" alt=\"\" width=\"600\" height=\"200\" srcset=\"https:\/\/fiaf.net\/agoradicult\/wp-content\/uploads\/sites\/23\/2012\/06\/000001.jpg 600w, https:\/\/fiaf.net\/agoradicult\/wp-content\/uploads\/sites\/23\/2012\/06\/000001-300x100.jpg 300w\" sizes=\"auto, (max-width: 600px) 100vw, 600px\" \/><\/a><\/p>\n<p style=\"text-align: center\">Il Face to Face \u00e8 stato applicato anche alle mostre diventando un modo vivace d leggere le opere esposte.<\/p>\n<p style=\"text-align: justify\"><a href=\"https:\/\/fiaf.net\/agoradicult\/wp-content\/uploads\/sites\/23\/2012\/06\/05.jpg\"><img loading=\"lazy\" decoding=\"async\" class=\"aligncenter size-full wp-image-2048\" title=\"05\" src=\"https:\/\/fiaf.net\/agoradicult\/wp-content\/uploads\/sites\/23\/2012\/06\/05.jpg\" alt=\"\" width=\"600\" height=\"450\" srcset=\"https:\/\/fiaf.net\/agoradicult\/wp-content\/uploads\/sites\/23\/2012\/06\/05.jpg 600w, https:\/\/fiaf.net\/agoradicult\/wp-content\/uploads\/sites\/23\/2012\/06\/05-300x225.jpg 300w\" sizes=\"auto, (max-width: 600px) 100vw, 600px\" \/><\/a><\/p>\n<p style=\"text-align: justify\"><a href=\"https:\/\/fiaf.net\/agoradicult\/wp-content\/uploads\/sites\/23\/2012\/06\/000.jpg\"><img loading=\"lazy\" decoding=\"async\" class=\"aligncenter size-full wp-image-2071\" title=\"000\" src=\"https:\/\/fiaf.net\/agoradicult\/wp-content\/uploads\/sites\/23\/2012\/06\/000.jpg\" alt=\"\" width=\"600\" height=\"425\" srcset=\"https:\/\/fiaf.net\/agoradicult\/wp-content\/uploads\/sites\/23\/2012\/06\/000.jpg 600w, https:\/\/fiaf.net\/agoradicult\/wp-content\/uploads\/sites\/23\/2012\/06\/000-300x213.jpg 300w\" sizes=\"auto, (max-width: 600px) 100vw, 600px\" \/><\/a><\/p>\n<p style=\"text-align: center\">Alcune immagini relative alle splendide diaproiezioni protagoniste delle serate di venerdi e sabato.<\/p>\n<p style=\"text-align: justify\"><a href=\"https:\/\/fiaf.net\/agoradicult\/wp-content\/uploads\/sites\/23\/2012\/06\/000000.jpg\"><img loading=\"lazy\" decoding=\"async\" class=\"aligncenter size-full wp-image-2075\" title=\"000000\" src=\"https:\/\/fiaf.net\/agoradicult\/wp-content\/uploads\/sites\/23\/2012\/06\/000000.jpg\" alt=\"\" width=\"600\" height=\"200\" srcset=\"https:\/\/fiaf.net\/agoradicult\/wp-content\/uploads\/sites\/23\/2012\/06\/000000.jpg 600w, https:\/\/fiaf.net\/agoradicult\/wp-content\/uploads\/sites\/23\/2012\/06\/000000-300x100.jpg 300w\" sizes=\"auto, (max-width: 600px) 100vw, 600px\" \/><\/a><\/p>\n<p style=\"text-align: center\">Un momento della giuria relativa alla prima edizione del 1\u00b0 Concorso Lettura Portfolio Maria Luigia<\/p>\n<p style=\"text-align: justify\"><a href=\"https:\/\/fiaf.net\/agoradicult\/wp-content\/uploads\/sites\/23\/2012\/06\/IMG_0392_p.jpg\"><img loading=\"lazy\" decoding=\"async\" class=\"aligncenter size-full wp-image-2057\" title=\"IMG_0392_p\" src=\"https:\/\/fiaf.net\/agoradicult\/wp-content\/uploads\/sites\/23\/2012\/06\/IMG_0392_p.jpg\" alt=\"\" width=\"600\" height=\"400\" srcset=\"https:\/\/fiaf.net\/agoradicult\/wp-content\/uploads\/sites\/23\/2012\/06\/IMG_0392_p.jpg 600w, https:\/\/fiaf.net\/agoradicult\/wp-content\/uploads\/sites\/23\/2012\/06\/IMG_0392_p-300x200.jpg 300w\" sizes=\"auto, (max-width: 600px) 100vw, 600px\" \/><\/a><\/p>\n<p style=\"text-align: justify\">Durante tutta la manifestazione \u00e8 stata organizzata una raccolta fondi per testimoniare agli amici di San Felice sul Panaro la solidariet\u00e0 e l&#8217;affetto del mondo fotografico amatoriale.<\/p>\n<p style=\"text-align: justify\"><a href=\"https:\/\/fiaf.net\/agoradicult\/wp-content\/uploads\/sites\/23\/2012\/06\/06.jpg\"><img loading=\"lazy\" decoding=\"async\" class=\"aligncenter size-full wp-image-2058\" title=\"06\" src=\"https:\/\/fiaf.net\/agoradicult\/wp-content\/uploads\/sites\/23\/2012\/06\/06.jpg\" alt=\"\" width=\"600\" height=\"263\" srcset=\"https:\/\/fiaf.net\/agoradicult\/wp-content\/uploads\/sites\/23\/2012\/06\/06.jpg 600w, https:\/\/fiaf.net\/agoradicult\/wp-content\/uploads\/sites\/23\/2012\/06\/06-300x132.jpg 300w\" sizes=\"auto, (max-width: 600px) 100vw, 600px\" \/><\/a><br \/>\nCome sempre spetta ai partecipanti contribuire con i loro commenti a dare la rappresentazione completa dell\u2019attivit\u00e0 evidenziandone pregi e\u00a0carenze.<\/p>\n<p style=\"text-align: justify\">La prossima attivit\u00e0 in Agenda \u00e8 <strong>16 e 17\/06\/2012, Bibbiena (AR) <\/strong>\u2013 durante la manifestazione <strong>\u201cITAca \u2013 Storie d\u2019Itala\u201d al CIFA<\/strong> (Centro Italiano della Fotografia\u00a0 d\u2019Autore).<\/p>\n<p style=\"text-align: justify\"><a href=\"http:\/\/www.centrofotografia.org\/\" target=\"_blank\" rel=\"noopener\">http:\/\/www.centrofotografia.org\/<\/a><\/p>\n<p style=\"text-align: justify\">Che si svilupper\u00e0 il sabato pomeriggio con l\u2019inaugurazione della mostre di Giovanni Marrozzini e gli Autori partecipanti agli workshop selezionati.<br \/>\nLa domenica mattina sar\u00e0 dedicata alla lettura pubblica da parte dei Tutor delle opere degli autori partecipanti agli Work Shop, ammessi nella selezione finale, presenti all\u2019attivit\u00e0.<\/p>\n<p style=\"text-align: justify\"><a href=\"https:\/\/fiaf.net\/agoradicult\/wp-content\/uploads\/sites\/23\/2012\/06\/itaca_logo_p.jpg\"><img loading=\"lazy\" decoding=\"async\" class=\"aligncenter size-medium wp-image-2049\" title=\"itaca_logo_p\" src=\"https:\/\/fiaf.net\/agoradicult\/wp-content\/uploads\/sites\/23\/2012\/06\/itaca_logo_p-300x141.jpg\" alt=\"\" width=\"300\" height=\"141\" srcset=\"https:\/\/fiaf.net\/agoradicult\/wp-content\/uploads\/sites\/23\/2012\/06\/itaca_logo_p-300x141.jpg 300w, https:\/\/fiaf.net\/agoradicult\/wp-content\/uploads\/sites\/23\/2012\/06\/itaca_logo_p.jpg 580w\" sizes=\"auto, (max-width: 300px) 100vw, 300px\" \/><\/a><\/p>\n<p style=\"text-align: justify\">L\u2019elenco dei partecipanti iscritti del <strong>Dipartimento Cultura<\/strong> li trovate elencati nell\u2019Agenda di <strong>Agor\u00e0 Di Cult<\/strong>. Chi ha la possibilit\u00e0 di partecipare non perda l\u2019occasione di partecipare.<\/p>\n<p style=\"text-align: justify\">Silvano Bicocchi<\/p>\n<p style=\"text-align: justify\">Direttore del <strong>Dipartimento Cultura<\/strong><\/p>\n<p style=\"text-align: justify\">Nonantola, 10\/06\/2012<\/p>\n\n    <div class=\"xs_social_share_widget xs_share_url after_content \t\tmain_content  wslu-style-1 wslu-share-box-shaped wslu-fill-colored wslu-none wslu-share-horizontal wslu-theme-font-no wslu-main_content\">\n\n\t\t\n        <ul>\n\t\t\t        <\/ul>\n    <\/div> \n","protected":false},"excerpt":{"rendered":"<p>3\u00b0 Colorno Photo Life 08-10\/06 Colorno (Pr) &nbsp; Come dal programma in Agenda, dal 8 al 10\/06 si \u00e8 svolto &hellip;<\/p>\n","protected":false},"author":15,"featured_media":2041,"comment_status":"open","ping_status":"open","sticky":false,"template":"","format":"standard","meta":{"_acf_changed":false,"footnotes":""},"categories":[7,20],"tags":[],"class_list":["post-2040","post","type-post","status-publish","format-standard","has-post-thumbnail","hentry","category-archivio","category-eventi-fotografici"],"acf":[],"_links":{"self":[{"href":"https:\/\/fiaf.net\/agoradicult\/wp-json\/wp\/v2\/posts\/2040","targetHints":{"allow":["GET"]}}],"collection":[{"href":"https:\/\/fiaf.net\/agoradicult\/wp-json\/wp\/v2\/posts"}],"about":[{"href":"https:\/\/fiaf.net\/agoradicult\/wp-json\/wp\/v2\/types\/post"}],"author":[{"embeddable":true,"href":"https:\/\/fiaf.net\/agoradicult\/wp-json\/wp\/v2\/users\/15"}],"replies":[{"embeddable":true,"href":"https:\/\/fiaf.net\/agoradicult\/wp-json\/wp\/v2\/comments?post=2040"}],"version-history":[{"count":0,"href":"https:\/\/fiaf.net\/agoradicult\/wp-json\/wp\/v2\/posts\/2040\/revisions"}],"wp:featuredmedia":[{"embeddable":true,"href":"https:\/\/fiaf.net\/agoradicult\/wp-json\/wp\/v2\/media\/2041"}],"wp:attachment":[{"href":"https:\/\/fiaf.net\/agoradicult\/wp-json\/wp\/v2\/media?parent=2040"}],"wp:term":[{"taxonomy":"category","embeddable":true,"href":"https:\/\/fiaf.net\/agoradicult\/wp-json\/wp\/v2\/categories?post=2040"},{"taxonomy":"post_tag","embeddable":true,"href":"https:\/\/fiaf.net\/agoradicult\/wp-json\/wp\/v2\/tags?post=2040"}],"curies":[{"name":"wp","href":"https:\/\/api.w.org\/{rel}","templated":true}]}}