{"id":205,"date":"2012-01-29T10:06:04","date_gmt":"2012-01-29T10:06:04","guid":{"rendered":"https:\/\/fiaf.net\/agoradicult\/?p=205"},"modified":"2012-01-29T10:06:04","modified_gmt":"2012-01-29T10:06:04","slug":"photospot-n-7-la-macchina-fotografica","status":"publish","type":"post","link":"https:\/\/fiaf.net\/agoradicult\/2012\/01\/29\/photospot-n-7-la-macchina-fotografica\/","title":{"rendered":"Photospot n\u00b0 7 &#8211; La macchina fotografica"},"content":{"rendered":"<figure id=\"attachment_206\" aria-describedby=\"caption-attachment-206\" style=\"width: 600px\" class=\"wp-caption aligncenter\"><a href=\"https:\/\/fiaf.net\/agoradicult\/wp-content\/uploads\/sites\/23\/2012\/01\/07.jpg\"><img loading=\"lazy\" decoding=\"async\" class=\"size-full wp-image-206\" title=\"Photospot 07\" src=\"https:\/\/fiaf.net\/agoradicult\/wp-content\/uploads\/sites\/23\/2012\/01\/07.jpg\" alt=\"\" width=\"600\" height=\"451\" srcset=\"https:\/\/fiaf.net\/agoradicult\/wp-content\/uploads\/sites\/23\/2012\/01\/07.jpg 600w, https:\/\/fiaf.net\/agoradicult\/wp-content\/uploads\/sites\/23\/2012\/01\/07-300x226.jpg 300w\" sizes=\"auto, (max-width: 600px) 100vw, 600px\" \/><\/a><figcaption id=\"caption-attachment-206\" class=\"wp-caption-text\">Silvano Bicocchi- Tropea 2007.<\/figcaption><\/figure>\n<p style=\"text-align: center\"><strong>La macchina fotografica.<\/strong>\n<\/p>\n<p style=\"text-align: justify\">Nel pensiero popolare quando si dice fotografia si pensa alla macchina fotografica.<br \/>\nGis\u00e8le Freund in \u201cFotografia e Societ\u00e0\u201d (1974) osserva con stupore che i fotoamatori investono cospicue somme di danaro per acquistare attrezzature fotografiche professionali.<br \/>\nEbbene si! Per noi fotoamatori la fotocamera \u00e8 un oggetto d\u2019affezione. Ci sentiamo completi quando abbiamo la macchina fotografica al collo, quando non l\u2019abbiamo ci manca. La macchina \u00e8 simbolo identitario, oppure pu\u00f2 essere solo ornamento, purtroppo \u00e8 anche oggetto invidiato, ossessione e status symbol.<br \/>\nEssa \u00e8 fonte di mille suggestioni: \u00e8 diversa una macchina metallica da una di plastica, una cromata da una nera, una reflex da una con mirino galileiano, una con la leva di carica da una senza, una grande e pesa da una piccola e leggera, una analogica da una digitale, una col mirino ottico da una col monitor.<br \/>\nCi\u00a0 affascina la macchina posseduta dal grande autore perch\u00e9 \u00e8\u00a0 stata il media col quale egli ha scattato le sue famose fotografie; ma forse ci colpisce perch\u00e9 sappiamo che lui l\u2019ha amata.<br \/>\nPer il fotografo \u00e8 difficile scattare la stessa fotografia con macchine diverse. E\u2019 per lui difficile anche trovare un\u2019intesa perfetta con una macchina nuova, a volte non la trova.<br \/>\nCon la fotocamera non si \u00e8 mai soli, ci dona energia il toccarla e il guardarla. E\u2019 intimo l\u2019ascolto del movimento meccanico allo scatto e il sentire scorrere la pellicola muovendo la leva di carica. Nel digitale \u00e8 una curiosit\u00e0 insopprimibile guardare subito lo scatto nel monitor e una necessit\u00e0 personalizzare i numerosi parametri funzionali per rendere la propria fotocamera unica.<br \/>\nQuando il fotografo la porta all\u2019occhio sembra che tutto il suo corpo accompagni con intima eleganza l\u2019atto dello scatto, come in una danza misteriosa. C\u2019\u00e8 chi, nella vita, passa da una macchina all\u2019altra sull\u2019onda della novit\u00e0, e chi invece non riesce a pi\u00f9 fotografare se non ha la sua vecchia macchina.<br \/>\nLa fotocamera non deve essere solo il mezzo col quale scattiamo le fotografie deve diventare invece il media, c<em>io\u00e8 il modo per noi pi\u00f9 immediato<\/em> per realizzare l\u2019immagine fotografica.<br \/>\n<strong>Il Direttore del Dipartimento Cultura.<\/strong><br \/>\n<strong>Silvano Bicocchi<\/strong>\n<\/p>\n<p>&nbsp;<\/p>\n\n    <div class=\"xs_social_share_widget xs_share_url after_content \t\tmain_content  wslu-style-1 wslu-share-box-shaped wslu-fill-colored wslu-none wslu-share-horizontal wslu-theme-font-no wslu-main_content\">\n\n\t\t\n        <ul>\n\t\t\t        <\/ul>\n    <\/div> \n","protected":false},"excerpt":{"rendered":"<p>La macchina fotografica. Nel pensiero popolare quando si dice fotografia si pensa alla macchina fotografica. Gis\u00e8le Freund in \u201cFotografia e &hellip;<\/p>\n","protected":false},"author":15,"featured_media":210,"comment_status":"open","ping_status":"open","sticky":false,"template":"","format":"standard","meta":{"_acf_changed":false,"footnotes":""},"categories":[30],"tags":[],"class_list":["post-205","post","type-post","status-publish","format-standard","has-post-thumbnail","hentry","category-photospot"],"acf":[],"_links":{"self":[{"href":"https:\/\/fiaf.net\/agoradicult\/wp-json\/wp\/v2\/posts\/205","targetHints":{"allow":["GET"]}}],"collection":[{"href":"https:\/\/fiaf.net\/agoradicult\/wp-json\/wp\/v2\/posts"}],"about":[{"href":"https:\/\/fiaf.net\/agoradicult\/wp-json\/wp\/v2\/types\/post"}],"author":[{"embeddable":true,"href":"https:\/\/fiaf.net\/agoradicult\/wp-json\/wp\/v2\/users\/15"}],"replies":[{"embeddable":true,"href":"https:\/\/fiaf.net\/agoradicult\/wp-json\/wp\/v2\/comments?post=205"}],"version-history":[{"count":0,"href":"https:\/\/fiaf.net\/agoradicult\/wp-json\/wp\/v2\/posts\/205\/revisions"}],"wp:featuredmedia":[{"embeddable":true,"href":"https:\/\/fiaf.net\/agoradicult\/wp-json\/wp\/v2\/media\/210"}],"wp:attachment":[{"href":"https:\/\/fiaf.net\/agoradicult\/wp-json\/wp\/v2\/media?parent=205"}],"wp:term":[{"taxonomy":"category","embeddable":true,"href":"https:\/\/fiaf.net\/agoradicult\/wp-json\/wp\/v2\/categories?post=205"},{"taxonomy":"post_tag","embeddable":true,"href":"https:\/\/fiaf.net\/agoradicult\/wp-json\/wp\/v2\/tags?post=205"}],"curies":[{"name":"wp","href":"https:\/\/api.w.org\/{rel}","templated":true}]}}