{"id":21233,"date":"2019-04-28T20:55:13","date_gmt":"2019-04-28T18:55:13","guid":{"rendered":"https:\/\/fiaf.net\/agoradicult\/?p=21233"},"modified":"2019-04-28T20:55:13","modified_gmt":"2019-04-28T18:55:13","slug":"i-cassetti-della-memoria-leffimero-e-leterno-elaborazione-del-concept-_-09","status":"publish","type":"post","link":"https:\/\/fiaf.net\/agoradicult\/2019\/04\/28\/i-cassetti-della-memoria-leffimero-e-leterno-elaborazione-del-concept-_-09\/","title":{"rendered":"I CASSETTI DELLA MEMORIA, L\u2019EFFIMERO E L\u2019ETERNO &#8211; Elaborazione del Concept _ 09"},"content":{"rendered":"<p>.<br \/>\n&nbsp;<br \/>\n.<br \/>\n&nbsp;<br \/>\n&nbsp;<br \/>\n&nbsp;<br \/>\n&nbsp;<br \/>\n&nbsp;<\/p>\n<h3 style=\"text-align: center\"><b>I CASSETTI DELLA MEMORIA,<br \/>\nL\u2019EFFIMERO E L\u2019ETERNO &#8211;<br \/>\nElaborazione del Concept _ 09<\/b><\/h3>\n<p style=\"text-align: center\"><b>LAB Di Cult 059 FIAF<\/b><b>,<br \/>\nCoordinatori PAOLO CAPPELLINI e MARIO FILABOZZI.<\/b><\/p>\n<p>&nbsp;<br \/>\nDopo due incontri del LAB Di Cult 059 FIAF, condotto da me e Mario Filabozzi . Con la partecipazione di molti, sono qui a trarre alcune riflessioni.<br \/>\n<strong>L\u2019Effimero e l\u2019Eterno.<\/strong><br \/>\nNei due incontri abbiamo proposto musica e film per stimolare la mente al tema.<br \/>\nBene, rivedendo e preparando il secondo incontro, dove parlavamo di cinema proponendo il fil \u201cIl cielo sopra Belino \u201c di Wim Wenders . Mi \u00e8 venuta fuori questa riflessione :<br \/>\nQuando il bambino era bambino\u2026\u2026\u2026\u2026 (dialogo tratto dal film \u201cIl cielo sopra Berlino\u201d Wim Wenders<br \/>\n<img loading=\"lazy\" decoding=\"async\" class=\"aligncenter size-full wp-image-21234\" src=\"https:\/\/fiaf.net\/agoradicult\/wp-content\/uploads\/sites\/23\/2019\/04\/01_QUANDO-IL-BAMBINO-ERA-BAMBINO.jpg\" alt=\"\" width=\"580\" height=\"326\" srcset=\"https:\/\/fiaf.net\/agoradicult\/wp-content\/uploads\/sites\/23\/2019\/04\/01_QUANDO-IL-BAMBINO-ERA-BAMBINO.jpg 580w, https:\/\/fiaf.net\/agoradicult\/wp-content\/uploads\/sites\/23\/2019\/04\/01_QUANDO-IL-BAMBINO-ERA-BAMBINO-300x169.jpg 300w\" sizes=\"auto, (max-width: 580px) 100vw, 580px\" \/>Fotogramma inizio del film \u201cIl cielo sopra Berlino\u201d di Wim Wenders<br \/>\n<img loading=\"lazy\" decoding=\"async\" class=\"aligncenter size-full wp-image-21235\" src=\"https:\/\/fiaf.net\/agoradicult\/wp-content\/uploads\/sites\/23\/2019\/04\/02_MARIO-MASONI-PUGILE-AMBULANTE-11.jpg\" alt=\"\" width=\"580\" height=\"387\" srcset=\"https:\/\/fiaf.net\/agoradicult\/wp-content\/uploads\/sites\/23\/2019\/04\/02_MARIO-MASONI-PUGILE-AMBULANTE-11.jpg 580w, https:\/\/fiaf.net\/agoradicult\/wp-content\/uploads\/sites\/23\/2019\/04\/02_MARIO-MASONI-PUGILE-AMBULANTE-11-300x200.jpg 300w\" sizes=\"auto, (max-width: 580px) 100vw, 580px\" \/>Foto tratta dal portfolio \u201c Mario Masoni Pugile Ambulante\u201d Paolo Cappellini anno 2008<br \/>\n&nbsp;<br \/>\n\u2026..Aspetter\u00f2 davanti ad un automatico, verr\u00e0 fuori una foto con un altro viso cos\u00ec potr\u00e0 venire fuori una storia\u2026.. ( dialogo dal film \u201cil cielo sopra Berlino\u201d di Wim Wenders<br \/>\n<img loading=\"lazy\" decoding=\"async\" class=\"aligncenter size-full wp-image-21236\" src=\"https:\/\/fiaf.net\/agoradicult\/wp-content\/uploads\/sites\/23\/2019\/04\/03_MARION-ALLO-SPECCHIO.jpg\" alt=\"\" width=\"580\" height=\"326\" srcset=\"https:\/\/fiaf.net\/agoradicult\/wp-content\/uploads\/sites\/23\/2019\/04\/03_MARION-ALLO-SPECCHIO.jpg 580w, https:\/\/fiaf.net\/agoradicult\/wp-content\/uploads\/sites\/23\/2019\/04\/03_MARION-ALLO-SPECCHIO-300x169.jpg 300w\" sizes=\"auto, (max-width: 580px) 100vw, 580px\" \/>Fotogramma del film \u201cIl cielo sopra Berlino\u201d Wim Wenders<br \/>\n<img loading=\"lazy\" decoding=\"async\" class=\"aligncenter size-full wp-image-21238\" src=\"https:\/\/fiaf.net\/agoradicult\/wp-content\/uploads\/sites\/23\/2019\/04\/04_IL-PIU-GRANDE-SPETTACOLO-DEL-MONDO-88.jpg\" alt=\"\" width=\"580\" height=\"387\" srcset=\"https:\/\/fiaf.net\/agoradicult\/wp-content\/uploads\/sites\/23\/2019\/04\/04_IL-PIU-GRANDE-SPETTACOLO-DEL-MONDO-88.jpg 580w, https:\/\/fiaf.net\/agoradicult\/wp-content\/uploads\/sites\/23\/2019\/04\/04_IL-PIU-GRANDE-SPETTACOLO-DEL-MONDO-88-300x200.jpg 300w\" sizes=\"auto, (max-width: 580px) 100vw, 580px\" \/>Foto di Paolo Cappellini dal portfolio \u201cIl pi\u00f9 grande spettacolo del mondo\u201d<span class=\"Apple-converted-space\">\u00a0 <\/span>anno 2015<br \/>\n<img loading=\"lazy\" decoding=\"async\" class=\"aligncenter size-full wp-image-21239\" src=\"https:\/\/fiaf.net\/agoradicult\/wp-content\/uploads\/sites\/23\/2019\/04\/05_OMBRA-DI-MARION-ALLA-FUNE.jpg\" alt=\"\" width=\"580\" height=\"326\" srcset=\"https:\/\/fiaf.net\/agoradicult\/wp-content\/uploads\/sites\/23\/2019\/04\/05_OMBRA-DI-MARION-ALLA-FUNE.jpg 580w, https:\/\/fiaf.net\/agoradicult\/wp-content\/uploads\/sites\/23\/2019\/04\/05_OMBRA-DI-MARION-ALLA-FUNE-300x169.jpg 300w\" sizes=\"auto, (max-width: 580px) 100vw, 580px\" \/>Fotogramma del film \u201cIl cielo sopra Berlino\u201d Wim Wenders<br \/>\n<img loading=\"lazy\" decoding=\"async\" class=\"aligncenter size-full wp-image-21240\" src=\"https:\/\/fiaf.net\/agoradicult\/wp-content\/uploads\/sites\/23\/2019\/04\/06_IL-PIU-GRABDE-SPETTACOLO-DEL-MONDO-99.jpg\" alt=\"\" width=\"580\" height=\"387\" srcset=\"https:\/\/fiaf.net\/agoradicult\/wp-content\/uploads\/sites\/23\/2019\/04\/06_IL-PIU-GRABDE-SPETTACOLO-DEL-MONDO-99.jpg 580w, https:\/\/fiaf.net\/agoradicult\/wp-content\/uploads\/sites\/23\/2019\/04\/06_IL-PIU-GRABDE-SPETTACOLO-DEL-MONDO-99-300x200.jpg 300w\" sizes=\"auto, (max-width: 580px) 100vw, 580px\" \/>Foto di Paolo Cappellini dal portfolio \u201cIl pi\u00f9 grande spettacolo del mondo\u201d<span class=\"Apple-converted-space\">\u00a0 <\/span>anno 2015<br \/>\nQuesti fotogrammi del film mi hanno ispirato inconsciamente nei miei lavori fotografici. Pensate che io ho visto il film nel 1990 ed i portfolio sono stati realizzati , il primo nel 2008 ed il secondo nel 2015. Rivedendo il film oggi per preparare il lavoro del laboratorio, mi sono reso conto che la mia mente ha viaggiato ed ha carpito quello che io sono. Rovistando in cassetti di una memoria nascosta ma che \u00e8 sempre rimasta viva.<span class=\"Apple-converted-space\">\u00a0<\/span><br \/>\nUna specie di inno all\u2019effimero che io ho materializzato con le mie foto rendendolo Eterno.<br \/>\nSaper trasmettere emozioni \u00e8 il nostro eterno, perch\u00e9 quella scintilla che scatta dentro noi fa si che ci riconosciamo e non ci sentiamo pi\u00f9 soli.<br \/>\n\u2026.Salve Companeros\u2026\u2026<br \/>\n(chi ha visto il film di Wim Wenders pu\u00f2 capire )<br \/>\nPaolo Cappellini<br \/>\n<b>Fotogrammi film \u201cIl cielo Sopra Berlino\u201d<\/b><br \/>\n<b>Fotografie di Paolo Cappellini dai portfolio<\/b><br \/>\n<b>\u201cMario Masoni Pugile ambulante\u201d 2008<\/b><br \/>\n<b>\u201cIl pi\u00f9 grande spettacolo del mondo\u201d 2015<\/b><\/p>\n\n    <div class=\"xs_social_share_widget xs_share_url after_content \t\tmain_content  wslu-style-1 wslu-share-box-shaped wslu-fill-colored wslu-none wslu-share-horizontal wslu-theme-font-no wslu-main_content\">\n\n\t\t\n        <ul>\n\t\t\t        <\/ul>\n    <\/div> \n","protected":false},"excerpt":{"rendered":"<p>. &nbsp; . &nbsp; &nbsp; &nbsp; &nbsp; &nbsp; I CASSETTI DELLA MEMORIA, L\u2019EFFIMERO E L\u2019ETERNO &#8211; Elaborazione del Concept _ &hellip;<\/p>\n","protected":false},"author":51,"featured_media":21240,"comment_status":"open","ping_status":"open","sticky":false,"template":"","format":"standard","meta":{"_acf_changed":false,"footnotes":""},"categories":[7,16],"tags":[],"class_list":["post-21233","post","type-post","status-publish","format-standard","has-post-thumbnail","hentry","category-archivio","category-cronache"],"acf":[],"_links":{"self":[{"href":"https:\/\/fiaf.net\/agoradicult\/wp-json\/wp\/v2\/posts\/21233","targetHints":{"allow":["GET"]}}],"collection":[{"href":"https:\/\/fiaf.net\/agoradicult\/wp-json\/wp\/v2\/posts"}],"about":[{"href":"https:\/\/fiaf.net\/agoradicult\/wp-json\/wp\/v2\/types\/post"}],"author":[{"embeddable":true,"href":"https:\/\/fiaf.net\/agoradicult\/wp-json\/wp\/v2\/users\/51"}],"replies":[{"embeddable":true,"href":"https:\/\/fiaf.net\/agoradicult\/wp-json\/wp\/v2\/comments?post=21233"}],"version-history":[{"count":0,"href":"https:\/\/fiaf.net\/agoradicult\/wp-json\/wp\/v2\/posts\/21233\/revisions"}],"wp:featuredmedia":[{"embeddable":true,"href":"https:\/\/fiaf.net\/agoradicult\/wp-json\/wp\/v2\/media\/21240"}],"wp:attachment":[{"href":"https:\/\/fiaf.net\/agoradicult\/wp-json\/wp\/v2\/media?parent=21233"}],"wp:term":[{"taxonomy":"category","embeddable":true,"href":"https:\/\/fiaf.net\/agoradicult\/wp-json\/wp\/v2\/categories?post=21233"},{"taxonomy":"post_tag","embeddable":true,"href":"https:\/\/fiaf.net\/agoradicult\/wp-json\/wp\/v2\/tags?post=21233"}],"curies":[{"name":"wp","href":"https:\/\/api.w.org\/{rel}","templated":true}]}}