{"id":2178,"date":"2012-06-28T21:16:06","date_gmt":"2012-06-28T19:16:06","guid":{"rendered":"https:\/\/fiaf.net\/agoradicult\/?p=2178"},"modified":"2012-06-28T21:16:06","modified_gmt":"2012-06-28T19:16:06","slug":"arno-raphael-minkkinen-di-massimo-pascutti","status":"publish","type":"post","link":"https:\/\/fiaf.net\/agoradicult\/2012\/06\/28\/arno-raphael-minkkinen-di-massimo-pascutti\/","title":{"rendered":"Arno Raphael Minkkinen di Massimo Pascutti"},"content":{"rendered":"<p style=\"text-align: center\"><strong>Arno Raphael Minkkinen<\/strong><\/p>\n<p style=\"text-align: center\"><strong>\u00a0The Body Land<\/strong><\/p>\n<p>&nbsp;<\/p>\n<p style=\"text-align: justify\">Fotografo finlandese, nato a Helsinki nel 1945 ed emigrato negli Stati Uniti nel 1951, Harno Minkkinen, pu\u00f2 essere considerato un ritrattista o pi\u00f9 esattamente \u201cautoritrattista\u201d, grande maestro del bianco e nero analogico.<\/p>\n<p style=\"text-align: justify\">La sua particolarit\u00e0, originalit\u00e0 e genialit\u00e0 sta nell\u2019essere riuscito ad integrare il proprio corpo nudo all\u2019interno del paesaggio e dell\u2019habitat quotidiano. Questa sua ricerca spesso \u00e8 permeata da ironia e giocosit\u00e0 e la sua presenza spesso va ricercata in luoghi impensabili dell\u2019ambiente circostante.<\/p>\n<p style=\"text-align: justify\">Nelle sue fotografie per\u00f2 non mostra mai il volto e il motivo di questa decisione sta in una deformazione grave di bocca, labbra e palato, la labio-palato-schisi, che l\u2019autore presenta dalla nascita e che tanta sofferenza e infelicit\u00e0 gli ha procurato nell\u2019et\u00e0 infantile e nell\u2019adolescenza e che lo ha portato a cercare armonia e complicit\u00e0 con la natura, che lo accetta senza giudicarlo.<\/p>\n<p style=\"text-align: justify\">La prima fotografia che normalmente Minkkinen presenta quando parla di se \u00e8 particolarmente importante: si tratta di un\u2019immagine altamente drammatica in cui l\u2019artista cerca di rappresentare la disperazione per la sua disabilit\u00e0, quasi come se fosse un \u201curlo muto\u201d. Da questo momento in poi inizia una sorta di autoanalisi fotografica che lo porta a nascondersi e a giocare con tutto quello che lo circonda.<\/p>\n<p style=\"text-align: justify\"><a href=\"https:\/\/fiaf.net\/agoradicult\/wp-content\/uploads\/sites\/23\/2012\/06\/vands_01.jpg\"><img loading=\"lazy\" decoding=\"async\" class=\"aligncenter size-full wp-image-2179\" title=\"vands_01\" src=\"https:\/\/fiaf.net\/agoradicult\/wp-content\/uploads\/sites\/23\/2012\/06\/vands_01.jpg\" alt=\"\" width=\"600\" height=\"438\" srcset=\"https:\/\/fiaf.net\/agoradicult\/wp-content\/uploads\/sites\/23\/2012\/06\/vands_01.jpg 600w, https:\/\/fiaf.net\/agoradicult\/wp-content\/uploads\/sites\/23\/2012\/06\/vands_01-300x219.jpg 300w\" sizes=\"auto, (max-width: 600px) 100vw, 600px\" \/><\/a><\/p>\n<p style=\"text-align: justify\"><a href=\"https:\/\/fiaf.net\/agoradicult\/wp-content\/uploads\/sites\/23\/2012\/06\/tandf_15.jpg\"><img loading=\"lazy\" decoding=\"async\" class=\"aligncenter size-full wp-image-2180\" title=\"tandf_15\" src=\"https:\/\/fiaf.net\/agoradicult\/wp-content\/uploads\/sites\/23\/2012\/06\/tandf_15.jpg\" alt=\"\" width=\"480\" height=\"600\" srcset=\"https:\/\/fiaf.net\/agoradicult\/wp-content\/uploads\/sites\/23\/2012\/06\/tandf_15.jpg 480w, https:\/\/fiaf.net\/agoradicult\/wp-content\/uploads\/sites\/23\/2012\/06\/tandf_15-240x300.jpg 240w\" sizes=\"auto, (max-width: 480px) 100vw, 480px\" \/><\/a><\/p>\n<p><a href=\"https:\/\/fiaf.net\/agoradicult\/wp-content\/uploads\/sites\/23\/2012\/06\/tandf_10.jpg\"><img loading=\"lazy\" decoding=\"async\" class=\"aligncenter size-full wp-image-2181\" title=\"tandf_10\" src=\"https:\/\/fiaf.net\/agoradicult\/wp-content\/uploads\/sites\/23\/2012\/06\/tandf_10.jpg\" alt=\"\" width=\"600\" height=\"454\" srcset=\"https:\/\/fiaf.net\/agoradicult\/wp-content\/uploads\/sites\/23\/2012\/06\/tandf_10.jpg 600w, https:\/\/fiaf.net\/agoradicult\/wp-content\/uploads\/sites\/23\/2012\/06\/tandf_10-300x227.jpg 300w\" sizes=\"auto, (max-width: 600px) 100vw, 600px\" \/><\/a><br \/>\nMolto particolare il rapporto di Minkkinen con le donne che in qualche modo hanno avuto un\u2019importanza nella sua vita, rappresentate in delicatissimi nudi, in cui l\u2019artista \u00e8 sempre presente in modo discreto ma importante.<br \/>\n<a href=\"https:\/\/fiaf.net\/agoradicult\/wp-content\/uploads\/sites\/23\/2012\/06\/mandw_20.jpg\"><img loading=\"lazy\" decoding=\"async\" class=\"aligncenter size-full wp-image-2182\" title=\"mandw_20\" src=\"https:\/\/fiaf.net\/agoradicult\/wp-content\/uploads\/sites\/23\/2012\/06\/mandw_20.jpg\" alt=\"\" width=\"600\" height=\"473\" srcset=\"https:\/\/fiaf.net\/agoradicult\/wp-content\/uploads\/sites\/23\/2012\/06\/mandw_20.jpg 600w, https:\/\/fiaf.net\/agoradicult\/wp-content\/uploads\/sites\/23\/2012\/06\/mandw_20-300x237.jpg 300w\" sizes=\"auto, (max-width: 600px) 100vw, 600px\" \/><\/a><br \/>\n<a href=\"https:\/\/fiaf.net\/agoradicult\/wp-content\/uploads\/sites\/23\/2012\/06\/mandw_37.jpg\"><img loading=\"lazy\" decoding=\"async\" class=\"aligncenter size-full wp-image-2183\" title=\"mandw_37\" src=\"https:\/\/fiaf.net\/agoradicult\/wp-content\/uploads\/sites\/23\/2012\/06\/mandw_37.jpg\" alt=\"\" width=\"600\" height=\"445\" srcset=\"https:\/\/fiaf.net\/agoradicult\/wp-content\/uploads\/sites\/23\/2012\/06\/mandw_37.jpg 600w, https:\/\/fiaf.net\/agoradicult\/wp-content\/uploads\/sites\/23\/2012\/06\/mandw_37-300x223.jpg 300w\" sizes=\"auto, (max-width: 600px) 100vw, 600px\" \/><\/a><br \/>\nAd interrompere la solitudine dei suoi autoritratti, la nascita del figlio e la sua crescita, che sembra portare uno spiraglio di serenit\u00e0 nelle sue opere.<br \/>\n<a href=\"https:\/\/fiaf.net\/agoradicult\/wp-content\/uploads\/sites\/23\/2012\/06\/fands_08.jpg\"><img loading=\"lazy\" decoding=\"async\" class=\"aligncenter size-full wp-image-2184\" title=\"fands_08\" src=\"https:\/\/fiaf.net\/agoradicult\/wp-content\/uploads\/sites\/23\/2012\/06\/fands_08.jpg\" alt=\"\" width=\"600\" height=\"614\" srcset=\"https:\/\/fiaf.net\/agoradicult\/wp-content\/uploads\/sites\/23\/2012\/06\/fands_08.jpg 600w, https:\/\/fiaf.net\/agoradicult\/wp-content\/uploads\/sites\/23\/2012\/06\/fands_08-293x300.jpg 293w\" sizes=\"auto, (max-width: 600px) 100vw, 600px\" \/><\/a><br \/>\n<a href=\"https:\/\/fiaf.net\/agoradicult\/wp-content\/uploads\/sites\/23\/2012\/06\/fands_21.jpg\"><img loading=\"lazy\" decoding=\"async\" class=\"aligncenter size-full wp-image-2185\" title=\"fands_21\" src=\"https:\/\/fiaf.net\/agoradicult\/wp-content\/uploads\/sites\/23\/2012\/06\/fands_21.jpg\" alt=\"\" width=\"600\" height=\"467\" srcset=\"https:\/\/fiaf.net\/agoradicult\/wp-content\/uploads\/sites\/23\/2012\/06\/fands_21.jpg 600w, https:\/\/fiaf.net\/agoradicult\/wp-content\/uploads\/sites\/23\/2012\/06\/fands_21-300x234.jpg 300w\" sizes=\"auto, (max-width: 600px) 100vw, 600px\" \/><\/a><\/p>\n<p style=\"text-align: justify\">Un altro elemento essenziale nelle fotografie di questo geniale artista, sembra essere l\u2019acqua, che riveste importanza nel sottolineare la relazione del fotografo con la sua immagine, quasi come se egli riflettendosi nella massa liquida che lo circonda, si innamorasse, come Narciso, del suo aspetto e riuscisse in questo modo ad accettarsi, finalmente integrato nel mondo circostante.<\/p>\n<p style=\"text-align: justify\"><a href=\"https:\/\/fiaf.net\/agoradicult\/wp-content\/uploads\/sites\/23\/2012\/06\/wands_15.jpg\"><img loading=\"lazy\" decoding=\"async\" class=\"aligncenter size-full wp-image-2186\" title=\"wands_15\" src=\"https:\/\/fiaf.net\/agoradicult\/wp-content\/uploads\/sites\/23\/2012\/06\/wands_15.jpg\" alt=\"\" width=\"600\" height=\"439\" srcset=\"https:\/\/fiaf.net\/agoradicult\/wp-content\/uploads\/sites\/23\/2012\/06\/wands_15.jpg 600w, https:\/\/fiaf.net\/agoradicult\/wp-content\/uploads\/sites\/23\/2012\/06\/wands_15-300x220.jpg 300w\" sizes=\"auto, (max-width: 600px) 100vw, 600px\" \/><\/a><\/p>\n<p style=\"text-align: justify\"><a href=\"https:\/\/fiaf.net\/agoradicult\/wp-content\/uploads\/sites\/23\/2012\/06\/handf_15.jpg\"><img loading=\"lazy\" decoding=\"async\" class=\"aligncenter size-full wp-image-2187\" title=\"handf_15\" src=\"https:\/\/fiaf.net\/agoradicult\/wp-content\/uploads\/sites\/23\/2012\/06\/handf_15.jpg\" alt=\"\" width=\"600\" height=\"458\" srcset=\"https:\/\/fiaf.net\/agoradicult\/wp-content\/uploads\/sites\/23\/2012\/06\/handf_15.jpg 600w, https:\/\/fiaf.net\/agoradicult\/wp-content\/uploads\/sites\/23\/2012\/06\/handf_15-300x229.jpg 300w\" sizes=\"auto, (max-width: 600px) 100vw, 600px\" \/><\/a><\/p>\n<p style=\"text-align: justify\">Appare evidente in tutta l\u2019opera di Minkkinen, la sua solitudine che , se nelle prime foto sembra quasi disperata, nelle immagini della maturit\u00e0 si fa complice della natura e della quotidianit\u00e0; il tutto accompagnato da un grande rigore espressivo e da una tecnica veramente stupefacente.<\/p>\n<p style=\"text-align: justify\">Da diversi anni ormai, \u00e8 docente presso il TPW, dove mette a disposizione degli allievi la sua esperienza di autoanalisi condotta attraverso la ricerca fotografica.<\/p>\n<p style=\"text-align: justify\"><strong>Massimo Pascutti<\/strong><\/p>\n\n    <div class=\"xs_social_share_widget xs_share_url after_content \t\tmain_content  wslu-style-1 wslu-share-box-shaped wslu-fill-colored wslu-none wslu-share-horizontal wslu-theme-font-no wslu-main_content\">\n\n\t\t\n        <ul>\n\t\t\t        <\/ul>\n    <\/div> \n","protected":false},"excerpt":{"rendered":"<p>Arno Raphael Minkkinen \u00a0The Body Land &nbsp; Fotografo finlandese, nato a Helsinki nel 1945 ed emigrato negli Stati Uniti nel &hellip;<\/p>\n","protected":false},"author":15,"featured_media":2189,"comment_status":"open","ping_status":"open","sticky":false,"template":"","format":"standard","meta":{"_acf_changed":false,"footnotes":""},"categories":[7,23],"tags":[],"class_list":["post-2178","post","type-post","status-publish","format-standard","has-post-thumbnail","hentry","category-archivio","category-galleria-fotografica-opere"],"acf":[],"_links":{"self":[{"href":"https:\/\/fiaf.net\/agoradicult\/wp-json\/wp\/v2\/posts\/2178","targetHints":{"allow":["GET"]}}],"collection":[{"href":"https:\/\/fiaf.net\/agoradicult\/wp-json\/wp\/v2\/posts"}],"about":[{"href":"https:\/\/fiaf.net\/agoradicult\/wp-json\/wp\/v2\/types\/post"}],"author":[{"embeddable":true,"href":"https:\/\/fiaf.net\/agoradicult\/wp-json\/wp\/v2\/users\/15"}],"replies":[{"embeddable":true,"href":"https:\/\/fiaf.net\/agoradicult\/wp-json\/wp\/v2\/comments?post=2178"}],"version-history":[{"count":0,"href":"https:\/\/fiaf.net\/agoradicult\/wp-json\/wp\/v2\/posts\/2178\/revisions"}],"wp:featuredmedia":[{"embeddable":true,"href":"https:\/\/fiaf.net\/agoradicult\/wp-json\/wp\/v2\/media\/2189"}],"wp:attachment":[{"href":"https:\/\/fiaf.net\/agoradicult\/wp-json\/wp\/v2\/media?parent=2178"}],"wp:term":[{"taxonomy":"category","embeddable":true,"href":"https:\/\/fiaf.net\/agoradicult\/wp-json\/wp\/v2\/categories?post=2178"},{"taxonomy":"post_tag","embeddable":true,"href":"https:\/\/fiaf.net\/agoradicult\/wp-json\/wp\/v2\/tags?post=2178"}],"curies":[{"name":"wp","href":"https:\/\/api.w.org\/{rel}","templated":true}]}}