{"id":22074,"date":"2019-09-08T08:39:41","date_gmt":"2019-09-08T06:39:41","guid":{"rendered":"https:\/\/fiaf.net\/agoradicult\/?p=22074"},"modified":"2019-09-08T08:39:41","modified_gmt":"2019-09-08T06:39:41","slug":"i-lab-di-cult-fiaf-leffimero-e-leterno-sono-al-giro-di-boa-a-cura-del-direttore-silvano-bcocchi","status":"publish","type":"post","link":"https:\/\/fiaf.net\/agoradicult\/2019\/09\/08\/i-lab-di-cult-fiaf-leffimero-e-leterno-sono-al-giro-di-boa-a-cura-del-direttore-silvano-bcocchi\/","title":{"rendered":"I LAB Di Cult FIAF &quot;L&#039;effimero e l&#039;eterno&quot; al Giro di boa &#8211; a cura del Direttore Silvano Bicocchi"},"content":{"rendered":"<p>.<br \/>\n&nbsp;<br \/>\n.<br \/>\n&nbsp;<br \/>\n.<br \/>\n&nbsp;<br \/>\n.<br \/>\n&nbsp;<br \/>\n<figure id=\"attachment_22081\" aria-describedby=\"caption-attachment-22081\" style=\"width: 580px\" class=\"wp-caption aligncenter\"><img loading=\"lazy\" decoding=\"async\" class=\"size-full wp-image-22081\" src=\"https:\/\/fiaf.net\/agoradicult\/wp-content\/uploads\/sites\/23\/2019\/09\/LAB-Sasso_19.jpg\" alt=\"\" width=\"580\" height=\"444\" srcset=\"https:\/\/fiaf.net\/agoradicult\/wp-content\/uploads\/sites\/23\/2019\/09\/LAB-Sasso_19.jpg 580w, https:\/\/fiaf.net\/agoradicult\/wp-content\/uploads\/sites\/23\/2019\/09\/LAB-Sasso_19-300x230.jpg 300w\" sizes=\"auto, (max-width: 580px) 100vw, 580px\" \/><figcaption id=\"caption-attachment-22081\" class=\"wp-caption-text\">Sassoferrato\/06\/2019_ Inaugurazione delle mostre dei LAB Di Cult a FacePhotonews<\/figcaption><\/figure>\n&nbsp;<\/p>\n<h2 style=\"text-align: center\">I LAB Di Cult FIAF &#8220;L&#8217;effimero e l&#8217;eterno&#8221; al Giro di boa<\/h2>\n<p>&nbsp;<br \/>\nA un anno dall&#8217;annuncio del tema su Agor\u00e0 Di Cult, il 09 settembre 2018, ci troviamo al &#8220;giro di boa&#8221; che vede la maggior parte dei Laboratori con i lavori terminati nella realizzazione delle opere; sono gi\u00e0 stati fatti due Concorsi a lettura di portfolio, e inizia la stagione delle mostre che si prolungher\u00e0 fino a fine anno. Restano alcuni Laboratori avviati a met\u00e0 del 2019 che si protrarranno oltre anche nell&#8217;esperienza espositiva.<br \/>\nIn questa edizione ci siamo dati i tempi giusti perch\u00e9 l&#8217;esperienza creativa potesse essere piacevole per gli esperti e serena per chi ha iniziato questo esercizio. Ormai nell&#8217;esperienza sono sempre pi\u00f9 chiari o momenti strutturali che regolano i tempi del Laboratorio:<\/p>\n<ul>\n<li>1) La formazione del Laboratorio con l&#8217;autocandidatura dei Coordinatori presentata\u00a0al Direttore del Di Cult.<\/li>\n<li>2) L&#8217;elaborazione del Concept in ogni Laboratorio e la condivisione su Agor\u00e0 Di Cult.<\/li>\n<li>3) Il Tutoraggio durante la gestazione delle opere nei laboratori e poi quello conclusivo di verifica finale.<\/li>\n<li>4) La mostra locale delle opere prodotte.<\/li>\n<li>5) L&#8217;esposizione delle opere (proiettate o esposte) nei festival collegati al Dipartimento Cultura FIAF.<\/li>\n<li>6) La partecipazione ai Concorsi che presentano la sezione al tema dell&#8217;anno.<\/li>\n<li>7) La produzione del Catalogo in formato pdf e la sua condivisione su Agor\u00e0 Di Cult.<\/li>\n<\/ul>\n<p>&#8220;L&#8217;effimero e l&#8217;eterno&#8221; \u00e8 stata la quarta edizione dei LAB Di Cult\u00a0FIAF ( dopo: Il silenzio &#8211; Capolinea &#8211; La Famiglia in Italia)\u00a0e il suo percorso segna delle evoluzioni molto importanti:<\/p>\n<ul>\n<li>La crescita personale davvero importante dei Coordinatori dei Laboratori, con:\n<ul>\n<li>L&#8217;elaborazione del concept tematico condotta su Agor\u00e0 Di Cult dai Coordinatori dei Laboratori.<\/li>\n<li>La realizzazione della propria opera anche da parte dei Coordinatori dei Laboratori.<\/li>\n<\/ul>\n<\/li>\n<li>La crescita dei Tutor operanti nei Laboratori, che si dimostrano una figura fondamentale per la persona che lo interpreta e per il Laboratorio stesso.<\/li>\n<li>La crescita artistica dei fotografi che hanno partecipato alle diverse edizioni dei LAB Di Cult FIAF.<\/li>\n<li>La collaborazione con il Dipartimento Didattica FIAF in Toscana con il contributo nell&#8217;elaborazione del concept. e nel Tutoraggio.<\/li>\n<li>La condivisione del tema da parte del DIAF che ha allargato il genere d&#8217;opera anche all&#8217;audiovisivo.<\/li>\n<li>L&#8217;aumento del numero dei Laboratori, da 18 (della Famiglia in Italia) a 26.<\/li>\n<li>L&#8217;aumento delle Regioni presenti, che da 7 (da nord a sud: Piemonte, Lombardia, Emilia Romagna, Toscana, Liguria, Marche, Umbria) sono diventate 8 con l&#8217;ingresso della Regione Campania.<\/li>\n<\/ul>\n<p>&nbsp;<br \/>\n<figure id=\"attachment_22082\" aria-describedby=\"caption-attachment-22082\" style=\"width: 580px\" class=\"wp-caption aligncenter\"><img loading=\"lazy\" decoding=\"async\" class=\"size-full wp-image-22082\" src=\"https:\/\/fiaf.net\/agoradicult\/wp-content\/uploads\/sites\/23\/2019\/09\/Sestri-LAB_19.jpg\" alt=\"\" width=\"580\" height=\"387\" srcset=\"https:\/\/fiaf.net\/agoradicult\/wp-content\/uploads\/sites\/23\/2019\/09\/Sestri-LAB_19.jpg 580w, https:\/\/fiaf.net\/agoradicult\/wp-content\/uploads\/sites\/23\/2019\/09\/Sestri-LAB_19-300x200.jpg 300w\" sizes=\"auto, (max-width: 580px) 100vw, 580px\" \/><figcaption id=\"caption-attachment-22082\" class=\"wp-caption-text\">Sestri Levante 13\/07\/2019_ Riflessione sull&#8217;esperienza del Laboratorio Di Cult.<\/figcaption><\/figure>\n&nbsp;<br \/>\nTutto questo \u00e8 stato possibile solo perch\u00e9 le varie componenti della FIAF (Circoli fotografici, Soci singoli, Dipartimenti), spinte dal sentimento d&#8217;appartenenza alla stessa federazione, hanno iniziato a guardare dal locale verso la dimensione nazionale della FIAF. Ritengo che i punti che hanno incoraggiato questa crescita siano i seguenti:<\/p>\n<ul>\n<li>La libert\u00e0 di gestire il Laboratorio secondo le esigenze e mentalit\u00e0 locali, pur rispettando il Regolamento.<\/li>\n<li>La prospettiva che il lavoro locale trovi visibilit\u00e0 nelle manifestazioni nazionali e nel WEB (processo di glocalizzazione).<\/li>\n<li>L&#8217;arricchimento umano e culturale che nasce dalla conoscenza tra i Laboratori, numerose sono le nuove conoscenze e\u00a0amicizie\u00a0nate in questi anni.<\/li>\n<li>La maturazione dei Coordinatori che oggi sono figure che hanno raggiunto una maturit\u00e0 espressiva e organizzativa prima inesistente.<\/li>\n<li>L&#8217;avvio al Tutoraggio di nuovi fotografi all&#8217;interno del singolo laboratorio, che si rivela un fondamentale inizio di percorso e allargamento della condivisione nel coordinamento del laboratorio.<\/li>\n<li>Con queste qualit\u00e0 il LAB Di Cult FIAF \u00e8 diventato, per i giovani e non solo, un modo interessante per entrare nel mondo FIAF.<\/li>\n<\/ul>\n<p>&nbsp;<br \/>\n<img loading=\"lazy\" decoding=\"async\" class=\"aligncenter size-full wp-image-22093\" src=\"https:\/\/fiaf.net\/agoradicult\/wp-content\/uploads\/sites\/23\/2019\/09\/060.jpg\" alt=\"\" width=\"580\" height=\"435\" srcset=\"https:\/\/fiaf.net\/agoradicult\/wp-content\/uploads\/sites\/23\/2019\/09\/060.jpg 580w, https:\/\/fiaf.net\/agoradicult\/wp-content\/uploads\/sites\/23\/2019\/09\/060-300x225.jpg 300w\" sizes=\"auto, (max-width: 580px) 100vw, 580px\" \/><br \/>\n&nbsp;<br \/>\nOgnuno di questi punti pu\u00f2 essere materia di approfondimento e non mancheranno i momenti d&#8217;incontro che permetteranno di farlo pubblicamente; vi invito a iniziare qua su Agor\u00e0 Di Cult ad esporre il vostro parere postando commenti.<br \/>\nVi informo che ci sar\u00e0 un incontro importante a FOTO CONFRONTI al CIFA di Bibbiena 21 e 22\/09:<\/p>\n<ul>\n<li>sabato 21\/09 alle 11:00 incontro tra i coordinatori e partecipanti ai Laboratori per condividere le proprie esperienze.<\/li>\n<li>Nel Concorso a \u00a0Lettura di portfolio, parte di Portfolio Italia, ci sar\u00e0 la sezione tematica &#8220;L&#8217;effimero e l&#8217;eterno&#8221;,\u00a0anche questa \u00e8 una ricca ragione per partecipare.<\/li>\n<\/ul>\n<p>Auguro a tutti i LAB Di Cult FIAF di trarre dalle mostre e dai concorsi le migliori soddisfazioni.<br \/>\n&nbsp;<br \/>\nUn cordialissimo saluto<br \/>\nSilvano Bicocchi<br \/>\nDirettore del <strong>Dipartimento Cultura FIAF<\/strong><br \/>\n&nbsp;<br \/>\n<a href=\"https:\/\/fiaf.net\/agoradicult\/wp-content\/uploads\/sites\/23\/2019\/09\/Regolamento-dei-LAB-Di-Cult_03.pdf\">Regolamento dei LAB Di Cult_03<\/a>\u00a0 (pdf scaricabile del Regolamento dei Lab Di Cult)<br \/>\n&nbsp;<\/p>\n<h2 style=\"text-align: center\">Mostra a FacePhotoNews<\/h2>\n<h3 style=\"text-align: center\">di Sassoferrato (AN)<\/h3>\n<p>&nbsp;<\/p>\n<p style=\"text-align: center\"><img loading=\"lazy\" decoding=\"async\" class=\"aligncenter size-full wp-image-22088\" src=\"https:\/\/fiaf.net\/agoradicult\/wp-content\/uploads\/sites\/23\/2019\/09\/010.jpg\" alt=\"\" width=\"580\" height=\"435\" srcset=\"https:\/\/fiaf.net\/agoradicult\/wp-content\/uploads\/sites\/23\/2019\/09\/010.jpg 580w, https:\/\/fiaf.net\/agoradicult\/wp-content\/uploads\/sites\/23\/2019\/09\/010-300x225.jpg 300w\" sizes=\"auto, (max-width: 580px) 100vw, 580px\" \/><\/p>\n<p style=\"text-align: center\"><img loading=\"lazy\" decoding=\"async\" class=\"aligncenter size-full wp-image-22089\" src=\"https:\/\/fiaf.net\/agoradicult\/wp-content\/uploads\/sites\/23\/2019\/09\/020.jpg\" alt=\"\" width=\"580\" height=\"435\" srcset=\"https:\/\/fiaf.net\/agoradicult\/wp-content\/uploads\/sites\/23\/2019\/09\/020.jpg 580w, https:\/\/fiaf.net\/agoradicult\/wp-content\/uploads\/sites\/23\/2019\/09\/020-300x225.jpg 300w\" sizes=\"auto, (max-width: 580px) 100vw, 580px\" \/><\/p>\n<p style=\"text-align: center\"><img loading=\"lazy\" decoding=\"async\" class=\"aligncenter size-full wp-image-22091\" src=\"https:\/\/fiaf.net\/agoradicult\/wp-content\/uploads\/sites\/23\/2019\/09\/040.jpg\" alt=\"\" width=\"580\" height=\"435\" srcset=\"https:\/\/fiaf.net\/agoradicult\/wp-content\/uploads\/sites\/23\/2019\/09\/040.jpg 580w, https:\/\/fiaf.net\/agoradicult\/wp-content\/uploads\/sites\/23\/2019\/09\/040-300x225.jpg 300w\" sizes=\"auto, (max-width: 580px) 100vw, 580px\" \/><\/p>\n<p style=\"text-align: center\"><img loading=\"lazy\" decoding=\"async\" class=\"aligncenter size-full wp-image-22092\" src=\"https:\/\/fiaf.net\/agoradicult\/wp-content\/uploads\/sites\/23\/2019\/09\/050.jpg\" alt=\"\" width=\"580\" height=\"435\" srcset=\"https:\/\/fiaf.net\/agoradicult\/wp-content\/uploads\/sites\/23\/2019\/09\/050.jpg 580w, https:\/\/fiaf.net\/agoradicult\/wp-content\/uploads\/sites\/23\/2019\/09\/050-300x225.jpg 300w\" sizes=\"auto, (max-width: 580px) 100vw, 580px\" \/><\/p>\n<h2 style=\"text-align: center\">Installazione con Proiezione no stop<\/h2>\n<h3 style=\"text-align: center\">a Sestri levante<\/h3>\n<p style=\"text-align: center\"><img loading=\"lazy\" decoding=\"async\" class=\"aligncenter size-full wp-image-21846\" src=\"https:\/\/fiaf.net\/agoradicult\/wp-content\/uploads\/sites\/23\/2019\/07\/IMG_4642c.jpg\" alt=\"\" width=\"580\" height=\"936\" srcset=\"https:\/\/fiaf.net\/agoradicult\/wp-content\/uploads\/sites\/23\/2019\/07\/IMG_4642c.jpg 580w, https:\/\/fiaf.net\/agoradicult\/wp-content\/uploads\/sites\/23\/2019\/07\/IMG_4642c-186x300.jpg 186w\" sizes=\"auto, (max-width: 580px) 100vw, 580px\" \/><\/p>\n\n    <div class=\"xs_social_share_widget xs_share_url after_content \t\tmain_content  wslu-style-1 wslu-share-box-shaped wslu-fill-colored wslu-none wslu-share-horizontal wslu-theme-font-no wslu-main_content\">\n\n\t\t\n        <ul>\n\t\t\t        <\/ul>\n    <\/div> \n","protected":false},"excerpt":{"rendered":"<p>. &nbsp; . &nbsp; . &nbsp; . &nbsp; &nbsp; I LAB Di Cult FIAF &#8220;L&#8217;effimero e l&#8217;eterno&#8221; al Giro di &hellip;<\/p>\n","protected":false},"author":3,"featured_media":22093,"comment_status":"open","ping_status":"open","sticky":false,"template":"","format":"standard","meta":{"_acf_changed":false,"footnotes":""},"categories":[2,11],"tags":[55],"class_list":["post-22074","post","type-post","status-publish","format-standard","has-post-thumbnail","hentry","category-animatore-culturale","category-comunicazioni-del-dipartimento","tag-leffimero-e-leterno-laboratorio-lab-di-cult"],"acf":[],"_links":{"self":[{"href":"https:\/\/fiaf.net\/agoradicult\/wp-json\/wp\/v2\/posts\/22074","targetHints":{"allow":["GET"]}}],"collection":[{"href":"https:\/\/fiaf.net\/agoradicult\/wp-json\/wp\/v2\/posts"}],"about":[{"href":"https:\/\/fiaf.net\/agoradicult\/wp-json\/wp\/v2\/types\/post"}],"author":[{"embeddable":true,"href":"https:\/\/fiaf.net\/agoradicult\/wp-json\/wp\/v2\/users\/3"}],"replies":[{"embeddable":true,"href":"https:\/\/fiaf.net\/agoradicult\/wp-json\/wp\/v2\/comments?post=22074"}],"version-history":[{"count":0,"href":"https:\/\/fiaf.net\/agoradicult\/wp-json\/wp\/v2\/posts\/22074\/revisions"}],"wp:featuredmedia":[{"embeddable":true,"href":"https:\/\/fiaf.net\/agoradicult\/wp-json\/wp\/v2\/media\/22093"}],"wp:attachment":[{"href":"https:\/\/fiaf.net\/agoradicult\/wp-json\/wp\/v2\/media?parent=22074"}],"wp:term":[{"taxonomy":"category","embeddable":true,"href":"https:\/\/fiaf.net\/agoradicult\/wp-json\/wp\/v2\/categories?post=22074"},{"taxonomy":"post_tag","embeddable":true,"href":"https:\/\/fiaf.net\/agoradicult\/wp-json\/wp\/v2\/tags?post=22074"}],"curies":[{"name":"wp","href":"https:\/\/api.w.org\/{rel}","templated":true}]}}