{"id":22617,"date":"2019-11-24T20:00:01","date_gmt":"2019-11-24T18:00:01","guid":{"rendered":"https:\/\/fiaf.net\/agoradicult\/?p=22617"},"modified":"2019-11-24T20:00:01","modified_gmt":"2019-11-24T18:00:01","slug":"hugs-abbracci-di-luca-zampini","status":"publish","type":"post","link":"https:\/\/fiaf.net\/agoradicult\/2019\/11\/24\/hugs-abbracci-di-luca-zampini\/","title":{"rendered":"HUGS \/ ABBRACCI \u2013 di Luca Zampini"},"content":{"rendered":"<p>&nbsp;<br \/>\n&nbsp;<br \/>\n&nbsp;<br \/>\n&nbsp;<br \/>\n&nbsp;<br \/>\n&nbsp;<br \/>\n&nbsp;<br \/>\n&nbsp;<\/p>\n<h3 style=\"text-align: center\">HUGS \/ ABBRACCI<\/h3>\n<h3 style=\"text-align: center\">di Luca Zampini<\/h3>\n<p>&nbsp;<br \/>\n&nbsp;<br \/>\n<img loading=\"lazy\" decoding=\"async\" class=\"size-full wp-image-22618 aligncenter\" src=\"https:\/\/fiaf.net\/agoradicult\/wp-content\/uploads\/sites\/23\/2019\/11\/030LucaZampini_Lessinia-1.jpg\" alt=\"\" width=\"580\" height=\"435\" srcset=\"https:\/\/fiaf.net\/agoradicult\/wp-content\/uploads\/sites\/23\/2019\/11\/030LucaZampini_Lessinia-1.jpg 580w, https:\/\/fiaf.net\/agoradicult\/wp-content\/uploads\/sites\/23\/2019\/11\/030LucaZampini_Lessinia-1-300x225.jpg 300w\" sizes=\"auto, (max-width: 580px) 100vw, 580px\" \/><br \/>\n&nbsp;<br \/>\n&nbsp;<\/p>\n<h3 style=\"text-align: center\"><em>QUASI MANIFESTO<\/em><\/h3>\n<h3 style=\"text-align: center\">PER UNA FOTOGRAFIA COME POESIA<\/h3>\n<p>&nbsp;<br \/>\nAmo gli alberi sin da quando ero bambino. Spesso mi arrampicavo e giocavo tra le fronde.<br \/>\n\u201cHUGS \/ ABBRACCI\u201d \u00e8 un progetto di vita non finalizzato a realizzare mostre. \u00c8 un\u2019emozione che non riesco a frenare, che continuer\u00e0 finch\u00e9 avr\u00f2 la possibilit\u00e0 di cercare nuovi alberi.<br \/>\nA volte, li cerco negli elenchi degli \u201calberi monumentali\u201d, oppure mi lascio guidare da foto viste nel Web. Spesso li incontro per caso, mentre viaggio. Questi ultimi, \u201ci Trovatelli\u201d, cos\u00ec mi piace chiamarli, possono essere alberi apparentemente insignificanti, perch\u00e9 non particolarmente vecchi o importanti per portamento, storia o locazione, ma per me sono unici.<br \/>\nPosso percorrere centinaia di chilometri per trovare un albero monumentale, ma non per tutti provo il desiderio di abbracciarli. Gli alberi mi piacciono tutti, ma solo per alcuni percepisco qualcosa di cos\u00ec forte da non resistere al loro richiamo. Sento la loro energia, provo emozioni indescrivibili. Sono rapito come per incanto, \u00e8 una magia.<br \/>\nSono selettivo, non riesco a fotografare alberi che sento soffrire: gli alberi di citt\u00e0, ad esempio, perch\u00e9 non sono <em>liberi<\/em>, oppure gli alberi dei boschi, perch\u00e9 non riesco a percepire la loro <em>individualit\u00e0<\/em>.<br \/>\nL\u2019effetto finale che ne deriva mi piace: mettere in rilievo contemporaneamente parti nitide e altre totalmente rarefatte, mi consente di offrire al lettore la possibilit\u00e0 di vedere nell\u2019opera cose che io non avevo notato. Egli \u00e8 libero di spaziare oltre i limiti della foto tradizionale, che pu\u00f2 essere tecnicamente perfetta, ma \u00e8 e rimane solo descrittiva.<br \/>\nL\u2019idea fondamentale del mio lavoro \u00e8 tradurre in fotografia i sentimenti che provo. Non desidero riprodurre solo un\u2019immagine reale. Ho impiegato tanto tempo per capirlo, ma ora sono certo che tutto ci\u00f2 abbia un senso.<br \/>\nPosso dire che ogni mio albero \u00e8 una storia e ho creato con lui un legame speciale.<br \/>\n<img loading=\"lazy\" decoding=\"async\" class=\"size-full wp-image-22619 aligncenter\" src=\"https:\/\/fiaf.net\/agoradicult\/wp-content\/uploads\/sites\/23\/2019\/11\/130_LucaZampini_Simmetrie.jpg\" alt=\"\" width=\"580\" height=\"435\" srcset=\"https:\/\/fiaf.net\/agoradicult\/wp-content\/uploads\/sites\/23\/2019\/11\/130_LucaZampini_Simmetrie.jpg 580w, https:\/\/fiaf.net\/agoradicult\/wp-content\/uploads\/sites\/23\/2019\/11\/130_LucaZampini_Simmetrie-300x225.jpg 300w\" sizes=\"auto, (max-width: 580px) 100vw, 580px\" \/><br \/>\nIn sintesi, questi sono i cinque <em>punti fondamentali <\/em>del dialogo mentale che avvio con gli alberi, le <em>chiavi<\/em> per arrivare all\u2019abbraccio:<\/p>\n<ul>\n<li>Sono qui per te!<\/li>\n<\/ul>\n<p><em>&#8211; Con quest\u2019affermazione, desidero rassicurare l\u2019albero e fargli comprendere che l\u2019amore che provo per lui \u00e8 la \u201cluce\u201d con cui lo fotografer\u00f2. Avere delle \u201cluci bruciate\u201d, come si dice in fotografia, \u00e8 considerato un errore. A me non interessano. Quasi mai nelle mie foto ci sono dei \u201cneri pieni\u201d. <\/em><br \/>\n&nbsp;<\/p>\n<ul>\n<li>Desidero avvicinarmi a te e starti accanto!<\/li>\n<\/ul>\n<p>&#8211; <em>Penso a quante volte nella mia vita ho scattato foto da lontano, magari seduto in auto perch\u00e9 pioveva o faceva freddo, e non mi avvicinavo. Oggi, riguardando quelle foto, ho capito che restare lontano era un controsenso, perch\u00e9 non mi consentiva di entrare in contatto con l\u2019albero. Ora, faccio scatti in avvicinamento e il mio sentimento prende corpo in semitrasparenza intorno alla chioma.\u00a0 <\/em><br \/>\n&nbsp;<\/p>\n<ul>\n<li>Desidero stare pi\u00f9 tempo con te!<\/li>\n<\/ul>\n<p>&#8211; <em>In contrasto con le foto fatte in precedenza, gli scatti frettolosi non m\u2019interessarono pi\u00f9. Stare pi\u00f9 tempo con l\u2019albero senza fotografarlo \u00e8 diventata una necessit\u00e0 meravigliosa e inderogabile per entrare in sintonia e instaurare cos\u00ec un rapporto empatico. Trascorrere il tempo in sua compagnia mi rigenera e mi d\u00e0 una carica enorme. Quando mi allontano, mi volto per guardarlo ancora una volta e provo la soddisfazione di avergli prestato l\u2019attenzione che merita.<\/em><br \/>\n&nbsp;<\/p>\n<ul>\n<li>Desidero proteggerti!<\/li>\n<\/ul>\n<p>&#8211; <em>Ho impiegato molto tempo per capire come raggiungere questo scopo con la fotografia. Alla fine, mi sono reso conto che potevo farlo muovendomi attorno all\u2019albero e scattandogli foto solo quando il transfert affettivo avesse raggiunto l\u2019apice. In quell\u2019attimo, nella mia mente il processo creativo d\u00e0 forma all\u2019immagine finale. Modifico poco prima della stampa.<\/em><br \/>\n<em>\u00a0Tuttora, \u00e8 come se, cos\u00ec facendo, lo avvolgessi in una coltre d\u2019amore e potessi veramente proteggerlo.<\/em><br \/>\n&nbsp;<\/p>\n<ul>\n<li>Desidero abbracciarti!<\/li>\n<\/ul>\n<p>&#8211; <em>Abbraccio fisicamente l\u2019albero e, contemporaneamente, fisso l\u2019attimo inquadrando la corteccia e le fronde in controluce. Questi scatti, sovrapposti, affioreranno nelle parti pi\u00f9 chiare dell\u2019immagine finale.<\/em><br \/>\n<em>Ho un unico autoscatto in cui mi sono ripreso.<\/em><br \/>\n&nbsp;<br \/>\nDedico molta cura alla qualit\u00e0 delle mie stampe <em>fine art<\/em>. Ho fatto prove per oltre un anno prima di arrivare a definire ci\u00f2 che ora porto in mostra. Credo che l\u2019effetto\u00a0 visivo che ottengo, trasferito su supporto digitale non potr\u00e0 mai avere la stessa qualit\u00e0 d\u2019impatto emotivo sul lettore.<br \/>\nLe cornici dipinte a mano, in cui racchiudo le mie immagini non esistono in commercio, le creo io stesso facendo uso di materiali naturali. Una speciale vernice protettiva garantisce all\u2019opera una maggior durata nel tempo.<\/p>\n<p style=\"text-align: right\">Luca Zampini<\/p>\n<p>&nbsp;<\/p>\n<h3 style=\"text-align: center\">HUGS \/ ABBRACCI<\/h3>\n<h3 style=\"text-align: center\">di Luca Zampini<\/h3>\n<div id='gallery-1' class='gallery galleryid-22617 gallery-columns-4 gallery-size-thumbnail'><figure class='gallery-item'>\n\t\t\t<div class='gallery-icon portrait'>\n\t\t\t\t<a href='https:\/\/fiaf.net\/agoradicult\/wp-content\/uploads\/sites\/23\/2019\/11\/010_LucaZampini_LA-SEQUOIA-DI-MARTINA_Biella.jpg'><img loading=\"lazy\" decoding=\"async\" width=\"150\" height=\"150\" src=\"https:\/\/fiaf.net\/agoradicult\/wp-content\/uploads\/sites\/23\/2019\/11\/010_LucaZampini_LA-SEQUOIA-DI-MARTINA_Biella-150x150.jpg\" class=\"attachment-thumbnail size-thumbnail\" alt=\"\" \/><\/a>\n\t\t\t<\/div><\/figure><figure class='gallery-item'>\n\t\t\t<div class='gallery-icon portrait'>\n\t\t\t\t<a href='https:\/\/fiaf.net\/agoradicult\/wp-content\/uploads\/sites\/23\/2019\/11\/020LucaZampini_Lessinia-2.jpg'><img loading=\"lazy\" decoding=\"async\" width=\"150\" height=\"150\" src=\"https:\/\/fiaf.net\/agoradicult\/wp-content\/uploads\/sites\/23\/2019\/11\/020LucaZampini_Lessinia-2-150x150.jpg\" class=\"attachment-thumbnail size-thumbnail\" alt=\"\" \/><\/a>\n\t\t\t<\/div><\/figure><figure class='gallery-item'>\n\t\t\t<div class='gallery-icon landscape'>\n\t\t\t\t<a href='https:\/\/fiaf.net\/agoradicult\/wp-content\/uploads\/sites\/23\/2019\/11\/030LucaZampini_Lessinia-1-1.jpg'><img loading=\"lazy\" decoding=\"async\" width=\"150\" height=\"150\" src=\"https:\/\/fiaf.net\/agoradicult\/wp-content\/uploads\/sites\/23\/2019\/11\/030LucaZampini_Lessinia-1-1-150x150.jpg\" class=\"attachment-thumbnail size-thumbnail\" alt=\"\" \/><\/a>\n\t\t\t<\/div><\/figure><figure class='gallery-item'>\n\t\t\t<div class='gallery-icon landscape'>\n\t\t\t\t<a href='https:\/\/fiaf.net\/agoradicult\/wp-content\/uploads\/sites\/23\/2019\/11\/040_LucaZampini_I-FAGGI-DI-MONTE-CUCCO.jpg'><img loading=\"lazy\" decoding=\"async\" width=\"150\" height=\"150\" src=\"https:\/\/fiaf.net\/agoradicult\/wp-content\/uploads\/sites\/23\/2019\/11\/040_LucaZampini_I-FAGGI-DI-MONTE-CUCCO-150x150.jpg\" class=\"attachment-thumbnail size-thumbnail\" alt=\"\" \/><\/a>\n\t\t\t<\/div><\/figure><figure class='gallery-item'>\n\t\t\t<div class='gallery-icon landscape'>\n\t\t\t\t<a href='https:\/\/fiaf.net\/agoradicult\/wp-content\/uploads\/sites\/23\/2019\/11\/050_LucaZampini_GELSO_Verso-Stanghella.jpg'><img loading=\"lazy\" decoding=\"async\" width=\"150\" height=\"150\" src=\"https:\/\/fiaf.net\/agoradicult\/wp-content\/uploads\/sites\/23\/2019\/11\/050_LucaZampini_GELSO_Verso-Stanghella-150x150.jpg\" class=\"attachment-thumbnail size-thumbnail\" alt=\"\" \/><\/a>\n\t\t\t<\/div><\/figure><figure class='gallery-item'>\n\t\t\t<div class='gallery-icon landscape'>\n\t\t\t\t<a href='https:\/\/fiaf.net\/agoradicult\/wp-content\/uploads\/sites\/23\/2019\/11\/060_LucaZampini_Acero-di-monte_Lessinia.jpg'><img loading=\"lazy\" decoding=\"async\" width=\"150\" height=\"150\" src=\"https:\/\/fiaf.net\/agoradicult\/wp-content\/uploads\/sites\/23\/2019\/11\/060_LucaZampini_Acero-di-monte_Lessinia-150x150.jpg\" class=\"attachment-thumbnail size-thumbnail\" alt=\"\" \/><\/a>\n\t\t\t<\/div><\/figure><figure class='gallery-item'>\n\t\t\t<div class='gallery-icon landscape'>\n\t\t\t\t<a href='https:\/\/fiaf.net\/agoradicult\/wp-content\/uploads\/sites\/23\/2019\/11\/070_LucaZampini_FARNIA_Bagnoli-di-Sopra.jpg'><img loading=\"lazy\" decoding=\"async\" width=\"150\" height=\"150\" src=\"https:\/\/fiaf.net\/agoradicult\/wp-content\/uploads\/sites\/23\/2019\/11\/070_LucaZampini_FARNIA_Bagnoli-di-Sopra-150x150.jpg\" class=\"attachment-thumbnail size-thumbnail\" alt=\"\" \/><\/a>\n\t\t\t<\/div><\/figure><figure class='gallery-item'>\n\t\t\t<div class='gallery-icon portrait'>\n\t\t\t\t<a href='https:\/\/fiaf.net\/agoradicult\/wp-content\/uploads\/sites\/23\/2019\/11\/080_LucaZampini_IL-SALICE-DI-BOSCHI.jpg'><img loading=\"lazy\" decoding=\"async\" width=\"150\" height=\"150\" src=\"https:\/\/fiaf.net\/agoradicult\/wp-content\/uploads\/sites\/23\/2019\/11\/080_LucaZampini_IL-SALICE-DI-BOSCHI-150x150.jpg\" class=\"attachment-thumbnail size-thumbnail\" alt=\"\" \/><\/a>\n\t\t\t<\/div><\/figure><figure class='gallery-item'>\n\t\t\t<div class='gallery-icon landscape'>\n\t\t\t\t<a href='https:\/\/fiaf.net\/agoradicult\/wp-content\/uploads\/sites\/23\/2019\/11\/090_LucaZampini_SOPHORA_SAVORGNANO.jpg'><img loading=\"lazy\" decoding=\"async\" width=\"150\" height=\"150\" src=\"https:\/\/fiaf.net\/agoradicult\/wp-content\/uploads\/sites\/23\/2019\/11\/090_LucaZampini_SOPHORA_SAVORGNANO-150x150.jpg\" class=\"attachment-thumbnail size-thumbnail\" alt=\"\" \/><\/a>\n\t\t\t<\/div><\/figure><figure class='gallery-item'>\n\t\t\t<div class='gallery-icon landscape'>\n\t\t\t\t<a href='https:\/\/fiaf.net\/agoradicult\/wp-content\/uploads\/sites\/23\/2019\/11\/100_LucaZampini_Gelso-Bianco.jpg'><img loading=\"lazy\" decoding=\"async\" width=\"150\" height=\"150\" src=\"https:\/\/fiaf.net\/agoradicult\/wp-content\/uploads\/sites\/23\/2019\/11\/100_LucaZampini_Gelso-Bianco-150x150.jpg\" class=\"attachment-thumbnail size-thumbnail\" alt=\"\" \/><\/a>\n\t\t\t<\/div><\/figure><figure class='gallery-item'>\n\t\t\t<div class='gallery-icon landscape'>\n\t\t\t\t<a href='https:\/\/fiaf.net\/agoradicult\/wp-content\/uploads\/sites\/23\/2019\/11\/110_LucaZampini_Gelso-nero_Massalombarda.jpg'><img loading=\"lazy\" decoding=\"async\" width=\"150\" height=\"150\" src=\"https:\/\/fiaf.net\/agoradicult\/wp-content\/uploads\/sites\/23\/2019\/11\/110_LucaZampini_Gelso-nero_Massalombarda-150x150.jpg\" class=\"attachment-thumbnail size-thumbnail\" alt=\"\" \/><\/a>\n\t\t\t<\/div><\/figure><figure class='gallery-item'>\n\t\t\t<div class='gallery-icon landscape'>\n\t\t\t\t<a href='https:\/\/fiaf.net\/agoradicult\/wp-content\/uploads\/sites\/23\/2019\/11\/112_LucaZampini_PINO_Val-dOrcia.jpg'><img loading=\"lazy\" decoding=\"async\" width=\"150\" height=\"150\" src=\"https:\/\/fiaf.net\/agoradicult\/wp-content\/uploads\/sites\/23\/2019\/11\/112_LucaZampini_PINO_Val-dOrcia-150x150.jpg\" class=\"attachment-thumbnail size-thumbnail\" alt=\"\" \/><\/a>\n\t\t\t<\/div><\/figure><figure class='gallery-item'>\n\t\t\t<div class='gallery-icon landscape'>\n\t\t\t\t<a href='https:\/\/fiaf.net\/agoradicult\/wp-content\/uploads\/sites\/23\/2019\/11\/115_LucaZampini_I-due-vicini_Lessinia.jpg'><img loading=\"lazy\" decoding=\"async\" width=\"150\" height=\"150\" src=\"https:\/\/fiaf.net\/agoradicult\/wp-content\/uploads\/sites\/23\/2019\/11\/115_LucaZampini_I-due-vicini_Lessinia-150x150.jpg\" class=\"attachment-thumbnail size-thumbnail\" alt=\"\" \/><\/a>\n\t\t\t<\/div><\/figure><figure class='gallery-item'>\n\t\t\t<div class='gallery-icon landscape'>\n\t\t\t\t<a href='https:\/\/fiaf.net\/agoradicult\/wp-content\/uploads\/sites\/23\/2019\/11\/117_LucaZampini_Omaggio.jpg'><img loading=\"lazy\" decoding=\"async\" width=\"150\" height=\"150\" src=\"https:\/\/fiaf.net\/agoradicult\/wp-content\/uploads\/sites\/23\/2019\/11\/117_LucaZampini_Omaggio-150x150.jpg\" class=\"attachment-thumbnail size-thumbnail\" alt=\"\" \/><\/a>\n\t\t\t<\/div><\/figure><figure class='gallery-item'>\n\t\t\t<div class='gallery-icon landscape'>\n\t\t\t\t<a href='https:\/\/fiaf.net\/agoradicult\/wp-content\/uploads\/sites\/23\/2019\/11\/120_LucaZampini_IL-FAGGIO-DI-PANI.jpg'><img loading=\"lazy\" decoding=\"async\" width=\"150\" height=\"150\" src=\"https:\/\/fiaf.net\/agoradicult\/wp-content\/uploads\/sites\/23\/2019\/11\/120_LucaZampini_IL-FAGGIO-DI-PANI-150x150.jpg\" class=\"attachment-thumbnail size-thumbnail\" alt=\"\" \/><\/a>\n\t\t\t<\/div><\/figure><figure class='gallery-item'>\n\t\t\t<div class='gallery-icon landscape'>\n\t\t\t\t<a href='https:\/\/fiaf.net\/agoradicult\/wp-content\/uploads\/sites\/23\/2019\/11\/125_LucaZampini_IL-MELO-DI-PESARIIS.jpg'><img loading=\"lazy\" decoding=\"async\" width=\"150\" height=\"150\" src=\"https:\/\/fiaf.net\/agoradicult\/wp-content\/uploads\/sites\/23\/2019\/11\/125_LucaZampini_IL-MELO-DI-PESARIIS-150x150.jpg\" class=\"attachment-thumbnail size-thumbnail\" alt=\"\" \/><\/a>\n\t\t\t<\/div><\/figure><figure class='gallery-item'>\n\t\t\t<div class='gallery-icon landscape'>\n\t\t\t\t<a href='https:\/\/fiaf.net\/agoradicult\/wp-content\/uploads\/sites\/23\/2019\/11\/130_LucaZampini_Simmetrie-1.jpg'><img loading=\"lazy\" decoding=\"async\" width=\"150\" height=\"150\" src=\"https:\/\/fiaf.net\/agoradicult\/wp-content\/uploads\/sites\/23\/2019\/11\/130_LucaZampini_Simmetrie-1-150x150.jpg\" class=\"attachment-thumbnail size-thumbnail\" alt=\"\" \/><\/a>\n\t\t\t<\/div><\/figure><figure class='gallery-item'>\n\t\t\t<div class='gallery-icon landscape'>\n\t\t\t\t<a href='https:\/\/fiaf.net\/agoradicult\/wp-content\/uploads\/sites\/23\/2019\/11\/140_LucaZampini_PLATANO.jpg'><img loading=\"lazy\" decoding=\"async\" width=\"150\" height=\"150\" src=\"https:\/\/fiaf.net\/agoradicult\/wp-content\/uploads\/sites\/23\/2019\/11\/140_LucaZampini_PLATANO-150x150.jpg\" class=\"attachment-thumbnail size-thumbnail\" alt=\"\" \/><\/a>\n\t\t\t<\/div><\/figure><figure class='gallery-item'>\n\t\t\t<div class='gallery-icon landscape'>\n\t\t\t\t<a href='https:\/\/fiaf.net\/agoradicult\/wp-content\/uploads\/sites\/23\/2019\/11\/150_LucaZampini_Roma_LECCIO.jpg'><img loading=\"lazy\" decoding=\"async\" width=\"150\" height=\"150\" src=\"https:\/\/fiaf.net\/agoradicult\/wp-content\/uploads\/sites\/23\/2019\/11\/150_LucaZampini_Roma_LECCIO-150x150.jpg\" class=\"attachment-thumbnail size-thumbnail\" alt=\"\" \/><\/a>\n\t\t\t<\/div><\/figure><figure class='gallery-item'>\n\t\t\t<div class='gallery-icon portrait'>\n\t\t\t\t<a href='https:\/\/fiaf.net\/agoradicult\/wp-content\/uploads\/sites\/23\/2019\/11\/160_LucaZampini_Roma_SUGHERA.jpg'><img loading=\"lazy\" decoding=\"async\" width=\"150\" height=\"150\" src=\"https:\/\/fiaf.net\/agoradicult\/wp-content\/uploads\/sites\/23\/2019\/11\/160_LucaZampini_Roma_SUGHERA-150x150.jpg\" class=\"attachment-thumbnail size-thumbnail\" alt=\"\" \/><\/a>\n\t\t\t<\/div><\/figure>\n\t\t<\/div>\n\n\n    <div class=\"xs_social_share_widget xs_share_url after_content \t\tmain_content  wslu-style-1 wslu-share-box-shaped wslu-fill-colored wslu-none wslu-share-horizontal wslu-theme-font-no wslu-main_content\">\n\n\t\t\n        <ul>\n\t\t\t        <\/ul>\n    <\/div> \n","protected":false},"excerpt":{"rendered":"<p>&nbsp; &nbsp; &nbsp; &nbsp; &nbsp; &nbsp; &nbsp; &nbsp; HUGS \/ ABBRACCI di Luca Zampini &nbsp; &nbsp; &nbsp; &nbsp; QUASI MANIFESTO &hellip;<\/p>\n","protected":false},"author":51,"featured_media":22626,"comment_status":"open","ping_status":"open","sticky":false,"template":"","format":"standard","meta":{"_acf_changed":false,"footnotes":""},"categories":[7,8],"tags":[],"class_list":["post-22617","post","type-post","status-publish","format-standard","has-post-thumbnail","hentry","category-archivio","category-biblioteca-autori"],"acf":[],"_links":{"self":[{"href":"https:\/\/fiaf.net\/agoradicult\/wp-json\/wp\/v2\/posts\/22617","targetHints":{"allow":["GET"]}}],"collection":[{"href":"https:\/\/fiaf.net\/agoradicult\/wp-json\/wp\/v2\/posts"}],"about":[{"href":"https:\/\/fiaf.net\/agoradicult\/wp-json\/wp\/v2\/types\/post"}],"author":[{"embeddable":true,"href":"https:\/\/fiaf.net\/agoradicult\/wp-json\/wp\/v2\/users\/51"}],"replies":[{"embeddable":true,"href":"https:\/\/fiaf.net\/agoradicult\/wp-json\/wp\/v2\/comments?post=22617"}],"version-history":[{"count":0,"href":"https:\/\/fiaf.net\/agoradicult\/wp-json\/wp\/v2\/posts\/22617\/revisions"}],"wp:featuredmedia":[{"embeddable":true,"href":"https:\/\/fiaf.net\/agoradicult\/wp-json\/wp\/v2\/media\/22626"}],"wp:attachment":[{"href":"https:\/\/fiaf.net\/agoradicult\/wp-json\/wp\/v2\/media?parent=22617"}],"wp:term":[{"taxonomy":"category","embeddable":true,"href":"https:\/\/fiaf.net\/agoradicult\/wp-json\/wp\/v2\/categories?post=22617"},{"taxonomy":"post_tag","embeddable":true,"href":"https:\/\/fiaf.net\/agoradicult\/wp-json\/wp\/v2\/tags?post=22617"}],"curies":[{"name":"wp","href":"https:\/\/api.w.org\/{rel}","templated":true}]}}