{"id":23083,"date":"2020-02-02T21:47:00","date_gmt":"2020-02-02T19:47:00","guid":{"rendered":"https:\/\/fiaf.net\/agoradicult\/?p=23083"},"modified":"2020-02-02T21:47:00","modified_gmt":"2020-02-02T19:47:00","slug":"cataloghi-laboratorio-fiaf-effimeroeterno","status":"publish","type":"post","link":"https:\/\/fiaf.net\/agoradicult\/2020\/02\/02\/cataloghi-laboratorio-fiaf-effimeroeterno\/","title":{"rendered":"Cataloghi Laboratori Di Cult FIAF &#8211; Effimero&amp;Eterno"},"content":{"rendered":"<p>.<br \/>\n&nbsp;<br \/>\n.<br \/>\n&nbsp;<br \/>\n.<br \/>\n&nbsp;<br \/>\n.<br \/>\n&nbsp;<br \/>\n.<img loading=\"lazy\" decoding=\"async\" class=\"aligncenter size-full wp-image-23128\" src=\"https:\/\/fiaf.net\/agoradicult\/wp-content\/uploads\/sites\/23\/2020\/02\/Luna-e1580576526243.jpg\" alt=\"\" width=\"580\" height=\"433\" \/><br \/>\n&nbsp;<br \/>\n&nbsp;<\/p>\n<h3 style=\"text-align: center\">Conclusione del progetto\u00a0fotografico<\/h3>\n<h2 style=\"text-align: center\">L&#8217;effimero e l&#8217;eterno<\/h2>\n<p>&nbsp;<br \/>\nDopo il &#8220;Giro di boa&#8221; del 08\/09\/2019 abbiamo vissuto momenti intensi nei festival FOTO CONFRONTI al CIFA di Bibbiena, COLORNO PHOTO LIFE, CARPI Foto FEST dove ancora sono state studiate\u00a0le opere ai tavoli di portfolio, con questo post concludiamo il progetto tematico &#8220;L&#8217;effimero e l&#8217;eterno&#8221; con la presentazione dei Cataloghi in formato pdf con un&#8217;unica pubblicazione perch\u00e9 sia pi\u00f9 pratico trovarli e leggerli.<br \/>\nL\u2019esperienza creativa nel partecipare a un progetto fotografico a \u201ctema dato\u201d, trova il principale risultato nei contenuti che sono stati espressi nelle opere realizzate. Ho tratto un elenco degli argomenti trattati dagli oltre 500 autori partecipanti, che ordino per genere in modo di facilitare la comprensione:<br \/>\n<strong>Dimensione collettiva<\/strong>: La ciclicit\u00e0 esistenziale di tutti gli esseri viventi; Il naturale; L\u2019artificiale; L\u2019archetipo; La memoria; I siti archeologici; Il trascendente; La guerra e i sacrari; Il perpetuarsi della legge di natura, indifferente alla storia umana; Il dramma dell&#8217;inquinamento ambientale.<br \/>\n<strong>Dimensione Individuale<\/strong>: Il dramma del nascere e morire; Le stagioni della vita e della morte; Il richiamo del passato; ; Il perturbante problema di dare senso al proprio esistere; Il\u00a0dramma della malattia; I mutamenti del corpo; I vizi e le dipendenze; La dimensione sospesa del viaggiare; La vita di coppia e la scomparsa dell\u2019amato; L\u2019amore per l\u2019animale.<br \/>\n<strong>Dimensione della natura umana<\/strong>: La procreazione; I passaggi generazionali; Il dramma dell\u2019esistenza a termine; La violenza sulla donna; La solidariet\u00e0; La ribellione; Il sogno; Le pulsioni dall\u2019istante all\u2019eterno; Il mistero dell\u2019alterit\u00e0.<br \/>\n<strong>Dimensione artistica<\/strong>: La percezione e il simbolo; La fragilit\u00e0; Le cose che restano e il simulacro; L\u2019imbalsamazione; L\u2019usura di senso del simbolo e la sua morte; L\u2019apparire e l\u2019essere\/la maschera e l\u2019identit\u00e0; La realt\u00e0 e l\u2019apparenza; Il fotografico rivelatore del fugace; L\u2019incompiuto; L\u2019evanescente; L\u2019iperreale; Il ritorno del morto; Il flash back; La sparizione del mondo e l\u2019obblio; L\u2019eterno che \u00e8 nell\u2019effimero; La sospensione dei sentimenti; Le passioni portano all\u2019eterno.<br \/>\nGli argomenti ci danno immediatamente un\u2019idea del clima umano che si \u00e8 formato nei Laboratori, e nel leggerli ci rendiamo conto che il percorso compiuto da ogni autore, nel maturare la scelta del \u201cTema personale\u201d, l\u2019ha portato verso le proprie intime urgenze che animano il suo mondo interiore. Dallo scenario \u00e8 evidente che ai Laboratori partecipa un\u2019umanit\u00e0 sensibile e ricca di valori. Il riuscire poi a scrivere con le immagini questi sentimenti e vissuti, \u00e8 una formidabile esperienza fotografica che costituisce un altro passo nella costruzione dell\u2019autore che \u00e8 in noi ed attende di essere rivelato. Ricordo sempre a tutti il concetto di percorso che sta alla base della condivisione dell\u2019esperienza creativa: dove c\u2019\u00e8 l\u2019esordiente e l\u2019esperto che inevitabilmente producono opere di diverso livello artistico. Noto che questo lavorare insieme fa crescere molto rapidamente anche il livello di chi inizia, fin dalla prima opera.<br \/>\n&nbsp;<\/p>\n<h2 style=\"text-align: center\">I CATALOGHI<\/h2>\n<p>&nbsp;<\/p>\n<table>\n<tbody>\n<tr>\n<td width=\"321\">\n<figure id=\"attachment_23137\" aria-describedby=\"caption-attachment-23137\" style=\"width: 250px\" class=\"wp-caption aligncenter\"><a href=\"https:\/\/drive.google.com\/open?id=1PuQYx9lLi72JKxpiHgfkSFbEu8RSzRmg\" target=\"_blank\" rel=\"noopener noreferrer\"><img loading=\"lazy\" decoding=\"async\" class=\"wp-image-23137 size-full\" src=\"https:\/\/fiaf.net\/agoradicult\/wp-content\/uploads\/sites\/23\/2020\/02\/LAB-DI-CULT-042-FIAF_Giancarla-Lorenzini-1-e1580668423312.jpg\" alt=\"\" width=\"250\" height=\"177\" \/><\/a><figcaption id=\"caption-attachment-23137\" class=\"wp-caption-text\">LAB Di Cult 042 FIAF &#8211; Giancarla Lorenzini &#8211; Senigallia<\/figcaption><\/figure><\/td>\n<td width=\"321\">\n<figure id=\"attachment_23092\" aria-describedby=\"caption-attachment-23092\" style=\"width: 250px\" class=\"wp-caption aligncenter\"><a href=\"https:\/\/fiaf.net\/agoradicult\/wp-content\/uploads\/sites\/23\/2020\/01\/LAB-Di-Cult-046-FIAF-EE-Coord.-Silvia-Tampucci-Paolo-Bini-Alessio-Brondi-Livorno.pdf\" target=\"_blank\" rel=\"noopener noreferrer\"><img loading=\"lazy\" decoding=\"async\" class=\"wp-image-23092 size-full\" src=\"https:\/\/fiaf.net\/agoradicult\/wp-content\/uploads\/sites\/23\/2020\/01\/LabDiCult-046-FIAF-e1580235966740.jpg\" alt=\"\" width=\"250\" height=\"188\" \/><\/a><figcaption id=\"caption-attachment-23092\" class=\"wp-caption-text\">LAB Di Cult 046 FIAF &#8211; Silvia Tampucci, Paolo, Bini, Alessio Brondi &#8211; Livorno<\/figcaption><\/figure><\/td>\n<\/tr>\n<tr>\n<td width=\"321\">\n<figure id=\"attachment_23094\" aria-describedby=\"caption-attachment-23094\" style=\"width: 250px\" class=\"wp-caption aligncenter\"><a href=\"https:\/\/fiaf.net\/agoradicult\/wp-content\/uploads\/sites\/23\/2020\/01\/LAB-Di-Cult-047-FIAF-EE-Coord.-Danilo-Baraldi-Carpi.pdf\" target=\"_blank\" rel=\"noopener noreferrer\"><img loading=\"lazy\" decoding=\"async\" class=\"wp-image-23094 size-full\" src=\"https:\/\/fiaf.net\/agoradicult\/wp-content\/uploads\/sites\/23\/2020\/01\/LABDiCult-047-FIAF-e1580236075362.jpg\" alt=\"\" width=\"250\" height=\"188\" \/><\/a><figcaption id=\"caption-attachment-23094\" class=\"wp-caption-text\">LAB Di Cult 047 FIAF &#8211; Danilo Baraldi &#8211; Carpi<\/figcaption><\/figure><\/td>\n<td width=\"321\">\n<figure id=\"attachment_23098\" aria-describedby=\"caption-attachment-23098\" style=\"width: 250px\" class=\"wp-caption aligncenter\"><a href=\"https:\/\/fiaf.net\/agoradicult\/wp-content\/uploads\/sites\/23\/2020\/01\/LAB-Di-Cult-048-FIAF-EE_Monica-benassi_Boretto-RE.pdf\" target=\"_blank\" rel=\"noopener noreferrer\"><img loading=\"lazy\" decoding=\"async\" class=\"wp-image-23098 size-full\" src=\"https:\/\/fiaf.net\/agoradicult\/wp-content\/uploads\/sites\/23\/2020\/01\/LABDICULT-048-FIAF-e1580236645324.jpg\" alt=\"\" width=\"250\" height=\"188\" \/><\/a><figcaption id=\"caption-attachment-23098\" class=\"wp-caption-text\">LAB Di Cult 048 FIAF &#8211; Monica Benassi Boretto (RE)<\/figcaption><\/figure><\/td>\n<\/tr>\n<tr>\n<td width=\"321\">\n<figure id=\"attachment_23175\" aria-describedby=\"caption-attachment-23175\" style=\"width: 177px\" class=\"wp-caption aligncenter\"><a href=\"https:\/\/fiaf.net\/agoradicult\/wp-content\/uploads\/sites\/23\/2020\/01\/LAB-Di-Cult-051-FIAF-EE-Massimo-Pascutti_Torino.pdf\" target=\"_blank\" rel=\"noopener noreferrer\"><img loading=\"lazy\" decoding=\"async\" class=\"wp-image-23175 size-full\" src=\"https:\/\/fiaf.net\/agoradicult\/wp-content\/uploads\/sites\/23\/2020\/02\/LAB-Di-Cult-051-FIAF-E_E-Massimo-Pascutti_Torino-1.jpg\" alt=\"\" width=\"177\" height=\"250\" \/><\/a><figcaption id=\"caption-attachment-23175\" class=\"wp-caption-text\">LAB Di Cult 051 FIAF &#8211; Massimo Pascutti_Torino<\/figcaption><\/figure><\/td>\n<td width=\"321\">\n<figure id=\"attachment_23099\" aria-describedby=\"caption-attachment-23099\" style=\"width: 250px\" class=\"wp-caption aligncenter\"><a href=\"https:\/\/fiaf.net\/agoradicult\/wp-content\/uploads\/sites\/23\/2020\/01\/LAB-Di-Cult-052-FIAF-EE-Coord.-Marco-Fantechi-Lia-Mucciarini-Antonio-Desideri-Firenze.pdf\" target=\"_blank\" rel=\"noopener noreferrer\"><img loading=\"lazy\" decoding=\"async\" class=\"wp-image-23099 size-full\" src=\"https:\/\/fiaf.net\/agoradicult\/wp-content\/uploads\/sites\/23\/2020\/01\/LABDiCult-052-FIAF-e1580236719286.jpg\" alt=\"\" width=\"250\" height=\"188\" \/><\/a><figcaption id=\"caption-attachment-23099\" class=\"wp-caption-text\">LAB Di Cult 052 FIAF &#8211; Marco Fantechi, Lia Mucciarini, Antonio Desideri &#8211; Firenze<\/figcaption><\/figure><\/td>\n<\/tr>\n<tr>\n<td width=\"321\">\n<figure id=\"attachment_23156\" aria-describedby=\"caption-attachment-23156\" style=\"width: 250px\" class=\"wp-caption aligncenter\"><a href=\"https:\/\/fiaf.net\/agoradicult\/wp-content\/uploads\/sites\/23\/2020\/02\/LAB-Di-Cult-053-FIAF-EE-Coord.-Gigi-Colorno-PR.pdf\" target=\"_blank\" rel=\"noopener noreferrer\"><img loading=\"lazy\" decoding=\"async\" class=\"wp-image-23156 size-full\" src=\"https:\/\/fiaf.net\/agoradicult\/wp-content\/uploads\/sites\/23\/2020\/02\/LABDiCult-053-FIAF-e1580670072553.jpg\" alt=\"\" width=\"250\" height=\"167\" \/><\/a><figcaption id=\"caption-attachment-23156\" class=\"wp-caption-text\">LAB Di Cult 053 FIAF &#8211; Gigi Montali &#8211; Colorno (PR)<\/figcaption><\/figure><\/td>\n<td width=\"321\">\n<figure id=\"attachment_23158\" aria-describedby=\"caption-attachment-23158\" style=\"width: 250px\" class=\"wp-caption aligncenter\"><a href=\"https:\/\/fiaf.net\/agoradicult\/wp-content\/uploads\/sites\/23\/2020\/02\/LAB-Di-Cult-055-FIAF-EE-Coord.-Nadia-Cianeli-Vinicio-Drappo-Perugia.pdf\" target=\"_blank\" rel=\"noopener noreferrer\"><img loading=\"lazy\" decoding=\"async\" class=\"wp-image-23158 size-full\" src=\"https:\/\/fiaf.net\/agoradicult\/wp-content\/uploads\/sites\/23\/2020\/02\/LABDiCult-055-FIAF-e1580670575373.jpg\" alt=\"\" width=\"250\" height=\"188\" \/><\/a><figcaption id=\"caption-attachment-23158\" class=\"wp-caption-text\">LAB Di Cult 055 &#8211; Nadia Cianeli, Vinicio Drappo &#8211; Perugia<\/figcaption><\/figure><\/td>\n<\/tr>\n<tr>\n<td width=\"321\">\n<figure id=\"attachment_23159\" aria-describedby=\"caption-attachment-23159\" style=\"width: 251px\" class=\"wp-caption aligncenter\"><a href=\"https:\/\/fiaf.net\/agoradicult\/wp-content\/uploads\/sites\/23\/2020\/02\/LAB-Di-Cult-056-FIAF-EE-Coord.-Orietta-Roberto-Montanari-Sestri-Levante.pdf\" target=\"_blank\" rel=\"noopener noreferrer\"><img loading=\"lazy\" decoding=\"async\" class=\"wp-image-23159 size-full\" src=\"https:\/\/fiaf.net\/agoradicult\/wp-content\/uploads\/sites\/23\/2020\/02\/LABDiCult-056-FIAF-e1580670850591.jpg\" alt=\"\" width=\"251\" height=\"188\" \/><\/a><figcaption id=\"caption-attachment-23159\" class=\"wp-caption-text\">LAB Di Cult 056 FIAF &#8211; Orietta Bay, Roberto Montanari &#8211; Sestri Levante<\/figcaption><\/figure><\/td>\n<td width=\"321\">\n<figure id=\"attachment_23160\" aria-describedby=\"caption-attachment-23160\" style=\"width: 250px\" class=\"wp-caption aligncenter\"><a href=\"https:\/\/fiaf.net\/agoradicult\/wp-content\/uploads\/sites\/23\/2020\/02\/LAB-Di-Cult-057-FIAF-EE-Coord.-Alma-Schianchi-La-Spezia.pdf\" target=\"_blank\" rel=\"noopener noreferrer\"><img loading=\"lazy\" decoding=\"async\" class=\"wp-image-23160 size-full\" src=\"https:\/\/fiaf.net\/agoradicult\/wp-content\/uploads\/sites\/23\/2020\/02\/LABDiCult-057-FIAF-e1580670917810.jpg\" alt=\"\" width=\"250\" height=\"239\" \/><\/a><figcaption id=\"caption-attachment-23160\" class=\"wp-caption-text\">LAB Di Cult 057 FIAF- Alma Schianchi &#8211; La Spezia<\/figcaption><\/figure><\/td>\n<\/tr>\n<tr>\n<td width=\"321\">\n<figure id=\"attachment_23161\" aria-describedby=\"caption-attachment-23161\" style=\"width: 251px\" class=\"wp-caption aligncenter\"><a href=\"https:\/\/fiaf.net\/agoradicult\/wp-content\/uploads\/sites\/23\/2020\/02\/LAB-Di-Cult-058-FIAF-EE-Coord.-Paolo-Tavaroli-Albenga-SV.pdf\" target=\"_blank\" rel=\"noopener noreferrer\"><img loading=\"lazy\" decoding=\"async\" class=\"wp-image-23161 size-full\" src=\"https:\/\/fiaf.net\/agoradicult\/wp-content\/uploads\/sites\/23\/2020\/02\/LABDiCult-058-FIAF-e1580670990789.jpg\" alt=\" \" width=\"251\" height=\"167\" \/><\/a><figcaption id=\"caption-attachment-23161\" class=\"wp-caption-text\">LAB Di Cult 058 FIAF -Paolo Tavaroli &#8211; Albenga (SV)<\/figcaption><\/figure><\/td>\n<td width=\"321\">\n<figure id=\"attachment_23163\" aria-describedby=\"caption-attachment-23163\" style=\"width: 250px\" class=\"wp-caption aligncenter\"><a href=\"https:\/\/fiaf.net\/agoradicult\/wp-content\/uploads\/sites\/23\/2020\/02\/LAB-Di-Cult-060-FIAF_EE_Roberto-Pileri_Terni.pdf\" target=\"_blank\" rel=\"noopener noreferrer\"><img loading=\"lazy\" decoding=\"async\" class=\"wp-image-23163 size-full\" src=\"https:\/\/fiaf.net\/agoradicult\/wp-content\/uploads\/sites\/23\/2020\/02\/LABDiCult-060-FIAF-e1580671086456.jpg\" alt=\"\" width=\"250\" height=\"167\" \/><\/a><figcaption id=\"caption-attachment-23163\" class=\"wp-caption-text\">LAB Di Cult 060 FIAF &#8211; Roberto Pileri &#8211; Terni<\/figcaption><\/figure><\/td>\n<\/tr>\n<tr>\n<td width=\"321\">\n<figure id=\"attachment_23164\" aria-describedby=\"caption-attachment-23164\" style=\"width: 250px\" class=\"wp-caption aligncenter\"><a href=\"https:\/\/fiaf.net\/agoradicult\/wp-content\/uploads\/sites\/23\/2020\/02\/LAB-DI-CULT-061-FIAF_Doretta-Gerevini_res.pdf\" target=\"_blank\" rel=\"noopener noreferrer\"><img loading=\"lazy\" decoding=\"async\" class=\"wp-image-23164 size-full\" src=\"https:\/\/fiaf.net\/agoradicult\/wp-content\/uploads\/sites\/23\/2020\/02\/LABDiCult-061-FIAF-e1580671426786.jpg\" alt=\"\" width=\"250\" height=\"217\" \/><\/a><figcaption id=\"caption-attachment-23164\" class=\"wp-caption-text\">LAB Di Cult 061 FIAF &#8211; Doretta Gerevini, Marco Brioni- Mantova<\/figcaption><\/figure><\/td>\n<td width=\"321\">\n<figure id=\"attachment_23167\" aria-describedby=\"caption-attachment-23167\" style=\"width: 251px\" class=\"wp-caption aligncenter\"><a href=\"https:\/\/fiaf.net\/agoradicult\/wp-content\/uploads\/sites\/23\/2020\/02\/LAB-Di-Cult-065-FIAF-EE-Coord.-Maurizio-Tieghi-Ferrara_.pdf\" target=\"_blank\" rel=\"noopener noreferrer\"><img loading=\"lazy\" decoding=\"async\" class=\"wp-image-23167 size-full\" src=\"https:\/\/fiaf.net\/agoradicult\/wp-content\/uploads\/sites\/23\/2020\/02\/LABDiCult-065-FIAF-e1580671152616.jpg\" alt=\"\" width=\"251\" height=\"141\" \/><\/a><figcaption id=\"caption-attachment-23167\" class=\"wp-caption-text\">LAB Di Cult 065 FIAF &#8211; Maurizio Tieghi -Ferrara<\/figcaption><\/figure><\/td>\n<\/tr>\n<tr>\n<td width=\"321\">\n<figure id=\"attachment_23176\" aria-describedby=\"caption-attachment-23176\" style=\"width: 188px\" class=\"wp-caption aligncenter\"><a href=\"https:\/\/fiaf.net\/agoradicult\/wp-content\/uploads\/sites\/23\/2020\/02\/LAB-Di-Cult-066-FIAF-EE-Coord.-Giovanna-Zivieri-Massimo-marazzini-Parma.pdf\" target=\"_blank\" rel=\"noopener noreferrer\"><img loading=\"lazy\" decoding=\"async\" class=\"wp-image-23176 size-full\" src=\"https:\/\/fiaf.net\/agoradicult\/wp-content\/uploads\/sites\/23\/2020\/02\/LAB-Di-Cult-066-FIAF-E_E-Coord.-Giovanna-Zivieri-Massimo-marazzini-Parma-1.jpg\" alt=\"\" width=\"188\" height=\"250\" \/><\/a><figcaption id=\"caption-attachment-23176\" class=\"wp-caption-text\">LAB Di Cult 066 FIAF &#8211; Giovanna Zivieri, Massimo Marazzini &#8211; Parma<\/figcaption><\/figure><\/td>\n<td width=\"321\">\n<figure id=\"attachment_23168\" aria-describedby=\"caption-attachment-23168\" style=\"width: 251px\" class=\"wp-caption aligncenter\"><a href=\"https:\/\/fiaf.net\/agoradicult\/wp-content\/uploads\/sites\/23\/2020\/02\/LAB-Di-CULT-068-FIAF-EE-Coord.-Roberto-Armanino-Genova.pdf\" target=\"_blank\" rel=\"noopener noreferrer\"><img loading=\"lazy\" decoding=\"async\" class=\"wp-image-23168 size-full\" src=\"https:\/\/fiaf.net\/agoradicult\/wp-content\/uploads\/sites\/23\/2020\/02\/LABDiCult-068-FIAF-e1580671631180.jpg\" alt=\"\" width=\"251\" height=\"141\" \/><\/a><figcaption id=\"caption-attachment-23168\" class=\"wp-caption-text\">LAB Di CULT 068 FIAF &#8211; Roberto Armanino &#8211; Genova<\/figcaption><\/figure><\/td>\n<\/tr>\n<tr>\n<td width=\"321\">\n<figure id=\"attachment_23169\" aria-describedby=\"caption-attachment-23169\" style=\"width: 251px\" class=\"wp-caption aligncenter\"><a href=\"https:\/\/fiaf.net\/agoradicult\/wp-content\/uploads\/sites\/23\/2020\/02\/LAB-Di-Cult-070-FIAF-EE-Coord.-Francesca-Sciarra-Anna-Serrato-Napoli.pdf\" target=\"_blank\" rel=\"noopener noreferrer\"><img loading=\"lazy\" decoding=\"async\" class=\"wp-image-23169 size-full\" src=\"https:\/\/fiaf.net\/agoradicult\/wp-content\/uploads\/sites\/23\/2020\/02\/LABDiCult-070-FIAF-e1580671709651.jpg\" alt=\"\" width=\"251\" height=\"167\" \/><\/a><figcaption id=\"caption-attachment-23169\" class=\"wp-caption-text\">LAB Di Cult 070 FIAF &#8211; Francesca Sciarra, Anna Serrato &#8211; Napoli<\/figcaption><\/figure><\/td>\n<td width=\"321\">\n<figure id=\"attachment_23177\" aria-describedby=\"caption-attachment-23177\" style=\"width: 250px\" class=\"wp-caption aligncenter\"><a href=\"https:\/\/fiaf.net\/agoradicult\/wp-content\/uploads\/sites\/23\/2020\/02\/LAB-Di-Cult-072-FIAF-EE-Tiziana-Mastropasqua_Napoli.pdf\" target=\"_blank\" rel=\"noopener noreferrer\"><img loading=\"lazy\" decoding=\"async\" class=\"wp-image-23177 size-full\" src=\"https:\/\/fiaf.net\/agoradicult\/wp-content\/uploads\/sites\/23\/2020\/02\/LAB-Di-Cult-072-FIAF-E_E-Tiziana-Mastropasqua_Napoli-1.jpg\" alt=\"\" width=\"250\" height=\"140\" \/><\/a><figcaption id=\"caption-attachment-23177\" class=\"wp-caption-text\">LAB Di Cult 072 FIAF &#8211; Tiziana Mastropasqua &#8211; Napoli<\/figcaption><\/figure><\/td>\n<\/tr>\n<tr>\n<td width=\"321\">\n<figure id=\"attachment_26130\" aria-describedby=\"caption-attachment-26130\" style=\"width: 251px\" class=\"wp-caption aligncenter\"><a href=\"https:\/\/fiaf.net\/agoradicult\/wp-content\/uploads\/sites\/23\/2020\/02\/Laboratorio-69_4.pdf\" target=\"_blank\" rel=\"noopener\"><img loading=\"lazy\" decoding=\"async\" class=\"wp-image-26130 size-full\" src=\"https:\/\/fiaf.net\/agoradicult\/wp-content\/uploads\/sites\/23\/2020\/02\/LABDiCult-069-FIAF.jpg\" alt=\"\" width=\"251\" height=\"177\" \/><\/a><figcaption id=\"caption-attachment-26130\" class=\"wp-caption-text\">LAB Di Cult 069 FIAF &#8211; Lorenzo Castegnero &#8211; Brescia<\/figcaption><\/figure><\/td>\n<td width=\"321\"><\/td>\n<\/tr>\n<\/tbody>\n<\/table>\n<p>&nbsp;<br \/>\nIn questa edizione de \u201cL\u2019effimero e l\u2019eterno\u201d ci siamo dati i tempi giusti, perch\u00e9 l\u2019esperienza creativa potesse essere piacevole per gli esperti e serena per chi ha iniziato questo esercizio. Ormai nell\u2019esperienza sono sempre pi\u00f9 chiari o momenti strutturali che regolano le fasi del Laboratorio:<br \/>\n1) La formazione del Laboratorio con l\u2019autocandidatura dei Coordinatori, presentata\u00a0al Direttore del Di Cult.<br \/>\n2) L\u2019elaborazione del Concept compiuta in ogni Laboratorio e la condivisione su Agor\u00e0 Di Cult.<br \/>\n3) Il Tutoraggio durante la gestazione delle opere nei laboratori e poi quello conclusivo di verifica finale.<br \/>\n4) La mostra locale delle opere prodotte.<br \/>\n5) L\u2019esposizione delle opere (proiettate o esposte) nei festival collegati al Dipartimento Cultura FIAF.<br \/>\n6) La partecipazione ai Concorsi che presentano la sezione del tema dell\u2019anno.<br \/>\n7) La produzione del Catalogo in formato pdf e la sua condivisione su Agor\u00e0 Di Cult.<br \/>\n\u201cL\u2019effimero e l\u2019eterno\u201d \u00e8 stata la quarta edizione dei LAB Di Cult\u00a0FIAF ( dopo: Il silenzio \u2013 Capolinea \u2013 La Famiglia in Italia)\u00a0e il suo percorso segna delle evoluzioni molto importanti:<\/p>\n<ul>\n<li>La crescita personale davvero importante dei Coordinatori dei Laboratori, con:\n<ul>\n<li>L\u2019elaborazione del concept tematico condotta spontaneamente su Agor\u00e0 Di Cult dai Coordinatori dei Laboratori.<\/li>\n<li>E\u2019 continuata la realizzazione di una propria opera, anche da parte dei Coordinatori dei Laboratori.<\/li>\n<\/ul>\n<\/li>\n<li>La crescita dei Tutor operanti nei Laboratori che si dimostrano una figura fondamentale per la persona che lo interpreta e per il Laboratorio stesso.<\/li>\n<li>La crescita artistica dei fotografi che hanno partecipato alle diverse edizioni dei LAB Di Cult FIAF.<\/li>\n<li>La collaborazione con il Dipartimento Didattica FIAF in Toscana con il contributo nell\u2019elaborazione del concept e nel Tutoraggio.<\/li>\n<li>La condivisione del tema da parte del DIAF che ha allargato il genere d\u2019opera anche all\u2019audiovisivo.<\/li>\n<li>L\u2019aumento del numero dei Laboratori, da 18 (della Famiglia in Italia) a 26.<\/li>\n<li>L\u2019aumento delle Regioni presenti, che da 7 (da nord a sud: Piemonte, Lombardia, Emilia Romagna, Toscana, Liguria, Marche, Umbria) sono diventate 8 con l\u2019ingresso della Regione Campania.<\/li>\n<\/ul>\n<p>Tutto questo \u00e8 stato possibile solo perch\u00e9 le varie componenti della FIAF (Circoli fotografici, Soci singoli, Dipartimenti) spinte dal sentimento d\u2019appartenenza alla stessa federazione, hanno iniziato a guardare dal locale verso la dimensione nazionale della FIAF.<br \/>\nCon questo scenario possiamo renderci conto di quanto lavoro concreto ci sia nell\u2019esercizio del Laboratorio, \u00e8 per questo che il modo corretto di gestirlo \u00e8 quello del condividere lo sforzo, trovando il posto per ognuno in questa emozionante impresa. \u00c8 fondamentale che in ogni singolo Laboratorio ci sia la mobilit\u00e0 dei ruoli tendente a far esprimere ad ognuno il meglio delle proprie\u00a0potenzialit\u00e0. Che vuol dire: l\u2019autore esperto diventi Tutor per affiancare il processo creativo di altri autori e gli autori imparino per diventare a loro volta Tutor. Col tutoraggio si impara sempre insieme: il Tutor che fa esperienza e l\u2019autore che \u00e8 stimolato alla coerenza e alla conclusione. In questo modo vedrete che la capacit\u00e0 organizzativa e il livello artistico delle opere sar\u00e0 sempre in crescita. Vi ricordo che le Figure Operative Di Cult FIAF nascono in questo modo.<br \/>\nComplimenti a tutti per aver portato a termine la realizzazione delle opere di questa fantastica esperienza de \u201cL\u2019effimero e l\u2019eterno\u201d, ora vi auguro di trarre le giuste soddisfazioni dal Vs. impegno, e alla prossima.<br \/>\n&nbsp;<br \/>\nSilvano Bicocchi<br \/>\nDirettore del <strong>Dipartimento Cultura FIAF<\/strong><\/p>\n\n    <div class=\"xs_social_share_widget xs_share_url after_content \t\tmain_content  wslu-style-1 wslu-share-box-shaped wslu-fill-colored wslu-none wslu-share-horizontal wslu-theme-font-no wslu-main_content\">\n\n\t\t\n        <ul>\n\t\t\t        <\/ul>\n    <\/div> \n","protected":false},"excerpt":{"rendered":"<p>. &nbsp; . &nbsp; . &nbsp; . &nbsp; . &nbsp; &nbsp; Conclusione del progetto\u00a0fotografico L&#8217;effimero e l&#8217;eterno &nbsp; Dopo il &hellip;<\/p>\n","protected":false},"author":51,"featured_media":23127,"comment_status":"open","ping_status":"open","sticky":false,"template":"","format":"standard","meta":{"_acf_changed":false,"footnotes":""},"categories":[2,7,21],"tags":[],"class_list":["post-23083","post","type-post","status-publish","format-standard","has-post-thumbnail","hentry","category-animatore-culturale","category-archivio","category-fotografia-regionale"],"acf":[],"_links":{"self":[{"href":"https:\/\/fiaf.net\/agoradicult\/wp-json\/wp\/v2\/posts\/23083","targetHints":{"allow":["GET"]}}],"collection":[{"href":"https:\/\/fiaf.net\/agoradicult\/wp-json\/wp\/v2\/posts"}],"about":[{"href":"https:\/\/fiaf.net\/agoradicult\/wp-json\/wp\/v2\/types\/post"}],"author":[{"embeddable":true,"href":"https:\/\/fiaf.net\/agoradicult\/wp-json\/wp\/v2\/users\/51"}],"replies":[{"embeddable":true,"href":"https:\/\/fiaf.net\/agoradicult\/wp-json\/wp\/v2\/comments?post=23083"}],"version-history":[{"count":0,"href":"https:\/\/fiaf.net\/agoradicult\/wp-json\/wp\/v2\/posts\/23083\/revisions"}],"wp:featuredmedia":[{"embeddable":true,"href":"https:\/\/fiaf.net\/agoradicult\/wp-json\/wp\/v2\/media\/23127"}],"wp:attachment":[{"href":"https:\/\/fiaf.net\/agoradicult\/wp-json\/wp\/v2\/media?parent=23083"}],"wp:term":[{"taxonomy":"category","embeddable":true,"href":"https:\/\/fiaf.net\/agoradicult\/wp-json\/wp\/v2\/categories?post=23083"},{"taxonomy":"post_tag","embeddable":true,"href":"https:\/\/fiaf.net\/agoradicult\/wp-json\/wp\/v2\/tags?post=23083"}],"curies":[{"name":"wp","href":"https:\/\/api.w.org\/{rel}","templated":true}]}}