{"id":2334,"date":"2012-07-29T19:39:11","date_gmt":"2012-07-29T17:39:11","guid":{"rendered":"https:\/\/fiaf.net\/agoradicult\/?p=2334"},"modified":"2012-07-29T19:39:11","modified_gmt":"2012-07-29T17:39:11","slug":"cento-e-cinquanta-da-itaca-storie-ditalia-di-maria-rosa-randoli","status":"publish","type":"post","link":"https:\/\/fiaf.net\/agoradicult\/2012\/07\/29\/cento-e-cinquanta-da-itaca-storie-ditalia-di-maria-rosa-randoli\/","title":{"rendered":"&quot;Cento e Cinquanta&quot; da ITAca &#8211; Storie d&#039;Italia, di Maria Rosa Randoli"},"content":{"rendered":"<p style=\"text-align: center\">Cento e Cinquanta<\/p>\n<p style=\"text-align: justify\">Nel 2011 l\u2019Italia ha festeggiato i 150 anni dell\u2019Unit\u00e0 del Paese.<\/p>\n<p style=\"text-align: justify\">Per una ricorrenza cos\u00ec particolare ed unica ho voluto raccogliere le testimonianze di persone altrettanto uniche.<\/p>\n<p style=\"text-align: justify\">Ho cercato quindi nella provincia di Ferrara i \u201cCentenari\u201d in grado di raccontarmi qualche cosa del loro passato.<\/p>\n<p style=\"text-align: justify\">Attraverso le fotografie ho provato a far rivivere un loro ricordo lontano. In base alle chiacchierate nate di volta in volta, ho pensato a quale immagine poteva accompagnare il ritratto della persona, magari una vecchia foto, un oggetto oppure un luogo del loro passato.<\/p>\n<p style=\"text-align: justify\">Ho cos\u00ec scoperto che siamo un popolo di \u201cCentenari\u201d, questa ne \u00e8 solo una piccola rappresentanza. Sono stata accolta nelle loro case con l\u2019 affetto e la disponibilit\u00e0 che si riserva alle persone care e di questo ne sono profondamente grata.<\/p>\n<p style=\"text-align: justify\">Attraverso le fotografie ho cercato di rendere \u201cimmortali\u201d coloro che gi\u00e0 stanno sfidando la natura con la loro longevit\u00e0 e ho provato a rubare dai loro sguardi il segreto che li rende cosi \u201cunici\u201d.<\/p>\n<p style=\"text-align: justify\">Maria Rosa Randoli<\/p>\n<figure id=\"attachment_2335\" aria-describedby=\"caption-attachment-2335\" style=\"width: 600px\" class=\"wp-caption aligncenter\"><a href=\"https:\/\/fiaf.net\/agoradicult\/wp-content\/uploads\/sites\/23\/2012\/07\/a.jpg\"><img loading=\"lazy\" decoding=\"async\" class=\"size-full wp-image-2335\" title=\"a\" src=\"https:\/\/fiaf.net\/agoradicult\/wp-content\/uploads\/sites\/23\/2012\/07\/a.jpg\" alt=\"\" width=\"600\" height=\"300\" srcset=\"https:\/\/fiaf.net\/agoradicult\/wp-content\/uploads\/sites\/23\/2012\/07\/a.jpg 600w, https:\/\/fiaf.net\/agoradicult\/wp-content\/uploads\/sites\/23\/2012\/07\/a-300x150.jpg 300w\" sizes=\"auto, (max-width: 600px) 100vw, 600px\" \/><\/a><figcaption id=\"caption-attachment-2335\" class=\"wp-caption-text\">Maria (detta Alma) Biavati \u00e8 nata a Gambulaga di Portomaggiore (Fe) il 13 luglio 1904 - &quot;Ho vissuto diversi anni nel Fondo Bertolda a Maiero di Portomaggiore (Fe)...eravamo 17 in famiglia...della vecchia casa oggi \u00e8 rimasto solo il pozzo...&quot;<\/figcaption><\/figure>\n&nbsp;<br \/>\n<figure id=\"attachment_2336\" aria-describedby=\"caption-attachment-2336\" style=\"width: 600px\" class=\"wp-caption aligncenter\"><a href=\"https:\/\/fiaf.net\/agoradicult\/wp-content\/uploads\/sites\/23\/2012\/07\/b.jpg\"><img loading=\"lazy\" decoding=\"async\" class=\"size-full wp-image-2336\" title=\"b\" src=\"https:\/\/fiaf.net\/agoradicult\/wp-content\/uploads\/sites\/23\/2012\/07\/b.jpg\" alt=\"\" width=\"600\" height=\"300\" srcset=\"https:\/\/fiaf.net\/agoradicult\/wp-content\/uploads\/sites\/23\/2012\/07\/b.jpg 600w, https:\/\/fiaf.net\/agoradicult\/wp-content\/uploads\/sites\/23\/2012\/07\/b-300x150.jpg 300w\" sizes=\"auto, (max-width: 600px) 100vw, 600px\" \/><\/a><figcaption id=\"caption-attachment-2336\" class=\"wp-caption-text\">Bruno Tumaini \u00e8 nato ad Ambrogio di Copparo (Fe) l&#039;1 novembre 1910 - &quot;La mia grande passione \u00e8 l&#039;Opera...prima della guerra partivo da Jolanda di Savoia (Fe)in bicicletta, per il Teatro Comunale di Ferrara. Quando mi sono trasferito a Verona ho fatto per anni l&#039;abbonamento alla stagione teatrale dell&#039;Arena...&quot;<\/figcaption><\/figure>\n&nbsp;<br \/>\n<figure id=\"attachment_2340\" aria-describedby=\"caption-attachment-2340\" style=\"width: 600px\" class=\"wp-caption aligncenter\"><a href=\"https:\/\/fiaf.net\/agoradicult\/wp-content\/uploads\/sites\/23\/2012\/07\/c1.jpg\"><img loading=\"lazy\" decoding=\"async\" class=\"size-full wp-image-2340\" title=\"c\" src=\"https:\/\/fiaf.net\/agoradicult\/wp-content\/uploads\/sites\/23\/2012\/07\/c1.jpg\" alt=\"\" width=\"600\" height=\"300\" srcset=\"https:\/\/fiaf.net\/agoradicult\/wp-content\/uploads\/sites\/23\/2012\/07\/c1.jpg 600w, https:\/\/fiaf.net\/agoradicult\/wp-content\/uploads\/sites\/23\/2012\/07\/c1-300x150.jpg 300w\" sizes=\"auto, (max-width: 600px) 100vw, 600px\" \/><\/a><figcaption id=\"caption-attachment-2340\" class=\"wp-caption-text\">Elsa Cattabriga \u00e8 nata a Ferrara il 18 luglio 1910 - &quot;Ho iniziato a lavorare a 16 anni presso il Setificio Reggio-Rietti di Ferrara. Facevamo gli scialli e li coloravamo spruzzando le vernici. Durante la seconda guerra mondiale il Setificio \u00e8 stato bombardato...&quot;<\/figcaption><\/figure>\n&nbsp;<br \/>\n<figure id=\"attachment_2341\" aria-describedby=\"caption-attachment-2341\" style=\"width: 600px\" class=\"wp-caption aligncenter\"><a href=\"https:\/\/fiaf.net\/agoradicult\/wp-content\/uploads\/sites\/23\/2012\/07\/d.jpg\"><img loading=\"lazy\" decoding=\"async\" class=\"size-full wp-image-2341\" title=\"d\" src=\"https:\/\/fiaf.net\/agoradicult\/wp-content\/uploads\/sites\/23\/2012\/07\/d.jpg\" alt=\"\" width=\"600\" height=\"300\" srcset=\"https:\/\/fiaf.net\/agoradicult\/wp-content\/uploads\/sites\/23\/2012\/07\/d.jpg 600w, https:\/\/fiaf.net\/agoradicult\/wp-content\/uploads\/sites\/23\/2012\/07\/d-300x150.jpg 300w\" sizes=\"auto, (max-width: 600px) 100vw, 600px\" \/><\/a><figcaption id=\"caption-attachment-2341\" class=\"wp-caption-text\">Giulio Lupi \u00e8 nato a S.Egidio (Fe) il 27 dicembre 1909 - &quot;Ho lavorato come muratore per 18 anni, al Polo chimico ex Montedison di Ferrara...&quot;<\/figcaption><\/figure>\n&nbsp;<br \/>\n<figure id=\"attachment_2342\" aria-describedby=\"caption-attachment-2342\" style=\"width: 600px\" class=\"wp-caption aligncenter\"><a href=\"https:\/\/fiaf.net\/agoradicult\/wp-content\/uploads\/sites\/23\/2012\/07\/e.jpg\"><img loading=\"lazy\" decoding=\"async\" class=\"size-full wp-image-2342\" title=\"e\" src=\"https:\/\/fiaf.net\/agoradicult\/wp-content\/uploads\/sites\/23\/2012\/07\/e.jpg\" alt=\"\" width=\"600\" height=\"300\" srcset=\"https:\/\/fiaf.net\/agoradicult\/wp-content\/uploads\/sites\/23\/2012\/07\/e.jpg 600w, https:\/\/fiaf.net\/agoradicult\/wp-content\/uploads\/sites\/23\/2012\/07\/e-300x150.jpg 300w\" sizes=\"auto, (max-width: 600px) 100vw, 600px\" \/><\/a><figcaption id=\"caption-attachment-2342\" class=\"wp-caption-text\">Clinia Castaldini \u00e8 nata a Ostellato (Fe) il 6 giugno 1911 - &quot;In questa foto \u00e8 ritratta tutta la mia famiglia...eravamo in 11 fratelli...8 femmine e 3 maschi...io sono la prima in piedi da sinistra...&quot;<\/figcaption><\/figure>\n&nbsp;<br \/>\n<figure id=\"attachment_2343\" aria-describedby=\"caption-attachment-2343\" style=\"width: 600px\" class=\"wp-caption aligncenter\"><a href=\"https:\/\/fiaf.net\/agoradicult\/wp-content\/uploads\/sites\/23\/2012\/07\/f.jpg\"><img loading=\"lazy\" decoding=\"async\" class=\"size-full wp-image-2343\" title=\"f\" src=\"https:\/\/fiaf.net\/agoradicult\/wp-content\/uploads\/sites\/23\/2012\/07\/f.jpg\" alt=\"\" width=\"600\" height=\"300\" srcset=\"https:\/\/fiaf.net\/agoradicult\/wp-content\/uploads\/sites\/23\/2012\/07\/f.jpg 600w, https:\/\/fiaf.net\/agoradicult\/wp-content\/uploads\/sites\/23\/2012\/07\/f-300x150.jpg 300w\" sizes=\"auto, (max-width: 600px) 100vw, 600px\" \/><\/a><figcaption id=\"caption-attachment-2343\" class=\"wp-caption-text\">Giuseppina Cornacchia \u00e8 nata a Pontelagoscuro (Fe) il 17 giugno 1910 - &quot;Quando avevo 17 anni d&#039;estate, andavo con gli amici sull&#039;Isola Bianca a Pontelagoscuro (Fe)...si mangiava, si beveva, si scherzava...era lo svago della gente di Ferrara...&quot;<\/figcaption><\/figure>\n&nbsp;<br \/>\n<figure id=\"attachment_2344\" aria-describedby=\"caption-attachment-2344\" style=\"width: 600px\" class=\"wp-caption aligncenter\"><a href=\"https:\/\/fiaf.net\/agoradicult\/wp-content\/uploads\/sites\/23\/2012\/07\/g.jpg\"><img loading=\"lazy\" decoding=\"async\" class=\"size-full wp-image-2344\" title=\"g\" src=\"https:\/\/fiaf.net\/agoradicult\/wp-content\/uploads\/sites\/23\/2012\/07\/g.jpg\" alt=\"\" width=\"600\" height=\"300\" srcset=\"https:\/\/fiaf.net\/agoradicult\/wp-content\/uploads\/sites\/23\/2012\/07\/g.jpg 600w, https:\/\/fiaf.net\/agoradicult\/wp-content\/uploads\/sites\/23\/2012\/07\/g-300x150.jpg 300w\" sizes=\"auto, (max-width: 600px) 100vw, 600px\" \/><\/a><figcaption id=\"caption-attachment-2344\" class=\"wp-caption-text\">Marcello Querzoli \u00e8 nato a Baura (Fe) il 29 luglio 1906 - &quot;Ho vissuto in questo fondo, il Magnanina, fino al 1920...fino a 9 anni ho dormito nel fienile perch\u00e8 in famiglia eravamo in 35 e in casa non c&#039;era posto...io sono nato qui, all&#039;ombra di un noce...la mamma stava lavorando nei campi, ha sentito le doglie, ma non \u00e8 riuscita ad arrivare fino a casa...&quot;<\/figcaption><\/figure>\n&nbsp;<br \/>\n<figure id=\"attachment_2345\" aria-describedby=\"caption-attachment-2345\" style=\"width: 600px\" class=\"wp-caption aligncenter\"><a href=\"https:\/\/fiaf.net\/agoradicult\/wp-content\/uploads\/sites\/23\/2012\/07\/h.jpg\"><img loading=\"lazy\" decoding=\"async\" class=\"size-full wp-image-2345\" title=\"h\" src=\"https:\/\/fiaf.net\/agoradicult\/wp-content\/uploads\/sites\/23\/2012\/07\/h.jpg\" alt=\"\" width=\"600\" height=\"300\" srcset=\"https:\/\/fiaf.net\/agoradicult\/wp-content\/uploads\/sites\/23\/2012\/07\/h.jpg 600w, https:\/\/fiaf.net\/agoradicult\/wp-content\/uploads\/sites\/23\/2012\/07\/h-300x150.jpg 300w\" sizes=\"auto, (max-width: 600px) 100vw, 600px\" \/><\/a><figcaption id=\"caption-attachment-2345\" class=\"wp-caption-text\">Cesarina (Pepita) Spinelli di Tarsia \u00e8 nata il 5 marzo 1911 sulla nave che portava la madre dal Brasile in Italia - &quot;Se mi chiedessero cos&#039;\u00e8 la vecchiaia risponderei...non lo so, non mi appartiene...sono stata e sono sempre giovane, vivendo con semplicit\u00e0 le fasi alterne di ogni giorno, senza mai chiedere di pi\u00f9 e ...fissando ad ogni istante, le vie ariose del cielo...&quot; &quot;Da &quot;I miei primi 100 anni &quot; di Pepita Spinelli di Tarsia&quot;<\/figcaption><\/figure>\n&nbsp;<br \/>\n&nbsp;<br \/>\n&nbsp;<br \/>\n&nbsp;<br \/>\n&nbsp;<\/p>\n\n    <div class=\"xs_social_share_widget xs_share_url after_content \t\tmain_content  wslu-style-1 wslu-share-box-shaped wslu-fill-colored wslu-none wslu-share-horizontal wslu-theme-font-no wslu-main_content\">\n\n\t\t\n        <ul>\n\t\t\t        <\/ul>\n    <\/div> \n","protected":false},"excerpt":{"rendered":"<p>Cento e Cinquanta Nel 2011 l\u2019Italia ha festeggiato i 150 anni dell\u2019Unit\u00e0 del Paese. Per una ricorrenza cos\u00ec particolare ed &hellip;<\/p>\n","protected":false},"author":15,"featured_media":2348,"comment_status":"open","ping_status":"open","sticky":false,"template":"","format":"standard","meta":{"_acf_changed":false,"footnotes":""},"categories":[7,23],"tags":[],"class_list":["post-2334","post","type-post","status-publish","format-standard","has-post-thumbnail","hentry","category-archivio","category-galleria-fotografica-opere"],"acf":[],"_links":{"self":[{"href":"https:\/\/fiaf.net\/agoradicult\/wp-json\/wp\/v2\/posts\/2334","targetHints":{"allow":["GET"]}}],"collection":[{"href":"https:\/\/fiaf.net\/agoradicult\/wp-json\/wp\/v2\/posts"}],"about":[{"href":"https:\/\/fiaf.net\/agoradicult\/wp-json\/wp\/v2\/types\/post"}],"author":[{"embeddable":true,"href":"https:\/\/fiaf.net\/agoradicult\/wp-json\/wp\/v2\/users\/15"}],"replies":[{"embeddable":true,"href":"https:\/\/fiaf.net\/agoradicult\/wp-json\/wp\/v2\/comments?post=2334"}],"version-history":[{"count":0,"href":"https:\/\/fiaf.net\/agoradicult\/wp-json\/wp\/v2\/posts\/2334\/revisions"}],"wp:featuredmedia":[{"embeddable":true,"href":"https:\/\/fiaf.net\/agoradicult\/wp-json\/wp\/v2\/media\/2348"}],"wp:attachment":[{"href":"https:\/\/fiaf.net\/agoradicult\/wp-json\/wp\/v2\/media?parent=2334"}],"wp:term":[{"taxonomy":"category","embeddable":true,"href":"https:\/\/fiaf.net\/agoradicult\/wp-json\/wp\/v2\/categories?post=2334"},{"taxonomy":"post_tag","embeddable":true,"href":"https:\/\/fiaf.net\/agoradicult\/wp-json\/wp\/v2\/tags?post=2334"}],"curies":[{"name":"wp","href":"https:\/\/api.w.org\/{rel}","templated":true}]}}