{"id":24414,"date":"2020-05-10T10:00:37","date_gmt":"2020-05-10T08:00:37","guid":{"rendered":"https:\/\/fiaf.net\/agoradicult\/?p=24414"},"modified":"2020-05-10T10:00:37","modified_gmt":"2020-05-10T08:00:37","slug":"una-nuova-realta-concreta-e-sorprendente-di-silvano-bicocchi","status":"publish","type":"post","link":"https:\/\/fiaf.net\/agoradicult\/2020\/05\/10\/una-nuova-realta-concreta-e-sorprendente-di-silvano-bicocchi\/","title":{"rendered":"Una nuova Realt\u00e0, concreta e sorprendente- di Silvano Bicocchi"},"content":{"rendered":"<p>.<br \/>\n&nbsp;<br \/>\n.<br \/>\n&nbsp;<br \/>\n.<br \/>\n&nbsp;<\/p>\n<h2 style=\"text-align: center\">Face to Face<br \/>\n<span style=\"font-size: 16px\">in diretta video streaming<\/span><\/h2>\n<p>&nbsp;<\/p>\n<p style=\"text-align: center\"><img loading=\"lazy\" decoding=\"async\" class=\"aligncenter size-full wp-image-24420\" src=\"https:\/\/fiaf.net\/agoradicult\/wp-content\/uploads\/sites\/23\/2020\/05\/92245590_10223545983502038_3414364877081280512_n-e1589014736843.jpg\" alt=\"\" width=\"580\" height=\"394\" \/><\/p>\n<p>&nbsp;<br \/>\n&nbsp;<br \/>\nDurante il lungo lockdown di Marzo e Aprile 2020, causato dal Covid-19, quegli strumenti digitali che pensavamo solo virtuali si sono\u00a0manifestati potentemente nella nostra vita come una nuova\u00a0Realt\u00e0, concreta e sorprendente.<br \/>\nPensate come sarebbe stato vivere in questo lungo isolamento se non avessimo avuto la possibilit\u00e0 di vedere e parlare con i nostri cari attraverso gli smartphone; avremmo sofferto enormemente di pi\u00f9. Quel contatto visivo e acustico, sempre a disposizione, ci \u00e8 bastato per nutrire la nostra umanit\u00e0, con la presenza viva degli affetti e il calore delle relazioni.<br \/>\nAnche le Associazioni fotografiche si sono trovate nella penosa condizione d&#8217;impedimento nel proseguire le proprie attivit\u00e0.<br \/>\nLa FIAF da anni ha messo a disposizione lo strumento della video conferenza che \u00e8 stato impiegato limitatamente per riunioni ristrette.<br \/>\nCon il sostegno della Presidenza FIAF, il festival FacePhotoNews (Sassoferrato -AN) in collaborazione del Dipartimento Cultura FIAF, ha lanciato il 04 aprile un&#8217;attivit\u00e0 di lettura di portfolio in diretta streaming con la modalit\u00e0 Face to Face coinvolgendo 6 Lettori e 12 Autori.<br \/>\n&nbsp;<br \/>\n<img loading=\"lazy\" decoding=\"async\" class=\"aligncenter size-full wp-image-24417\" src=\"https:\/\/fiaf.net\/agoradicult\/wp-content\/uploads\/sites\/23\/2020\/05\/90344169_1460828990766132_474391855241363456_o-e1589014601296.jpg\" alt=\"\" width=\"580\" height=\"803\" \/><br \/>\n<img loading=\"lazy\" decoding=\"async\" class=\"aligncenter wp-image-24421\" src=\"https:\/\/fiaf.net\/agoradicult\/wp-content\/uploads\/sites\/23\/2020\/05\/92393455_10223545982622016_6049498171271282688_n.jpg\" alt=\"\" width=\"570\" height=\"445\" srcset=\"https:\/\/fiaf.net\/agoradicult\/wp-content\/uploads\/sites\/23\/2020\/05\/92393455_10223545982622016_6049498171271282688_n.jpg 960w, https:\/\/fiaf.net\/agoradicult\/wp-content\/uploads\/sites\/23\/2020\/05\/92393455_10223545982622016_6049498171271282688_n-300x234.jpg 300w, https:\/\/fiaf.net\/agoradicult\/wp-content\/uploads\/sites\/23\/2020\/05\/92393455_10223545982622016_6049498171271282688_n-768x600.jpg 768w\" sizes=\"auto, (max-width: 570px) 100vw, 570px\" \/><br \/>\n&nbsp;<br \/>\nPer la prima edizione \u00e8 stata promossa in modo discreto perch\u00e9 non avevamo idea di\u00a0quali problemi avremmo dovuto affrontare e se la lettura Face to Face sarebbe stata la modalit\u00e0 giusta. Il risultato ha visto la continua presenza di 3 ore di 110 \u00a0ascoltatori e la modalit\u00e0 della lettura corale Face to Face ha trovato lo strumento ideale per essere praticata.<br \/>\nDopo la prima edizione, sono seguite la seconda al 18 aprile e la terza al 02 di maggio. Come Dipartimento Cultura FIAF abbiamo curato l&#8217;evoluzione dei contenuti e della crescita della partecipazione.<br \/>\nL&#8217;evoluzione dei contenuti \u00e8 stata raggiunta levando il numero di lettori prima a 9 e poi a 11.<br \/>\nLa crescita della partecipazione \u00e8 stata promossa invitando alla partecipazione un numero crescente di Regioni\u00a0fino a 14: Piemonte, Lombardia, Veneto, Friuli, Liguria, Emilia Romagna, Marche, Umbria, Toscana, Lazio, Campagna, Puglia, Calabria, Sicilia (da Nord a Sud).<br \/>\nGi\u00e0 nella seconda edizione \u00e8 stato superato\u00a0il numero massimo di ascoltatori di 150, e\u00a0abbiamo avuto la netta impressione che si potesse facilmente raggiungere le 200 presenze e oltre.<br \/>\nEcco i link per visionare la registrazione di ognuna delle edizioni:<\/p>\n<ul>\n<li>1\u00b0 edizione del 04 Aprile 2020:\u00a0<a href=\"https:\/\/www.youtube.com\/watch?v=NkJ9BHDxAdQ\" target=\"_blank\" rel=\"noopener\">https:\/\/www.youtube.com\/watch?v=NkJ9BHDxAdQ<\/a><\/li>\n<li>2\u00b0 edizione del 18 Aprile 2020:\u00a0<a href=\"https:\/\/www.youtube.com\/watch?v=DgHhbP-i704\" target=\"_blank\" rel=\"noopener\">https:\/\/www.youtube.com\/watch?v=DgHhbP-i704<\/a><\/li>\n<li>3\u00b0 edizione del 02 maggio 2020:\u00a0<a href=\"https:\/\/www.youtube.com\/watch?v=6fqYdMQPrQE\" target=\"_blank\" rel=\"noopener\">https:\/\/www.youtube.com\/watch?v=6fqYdMQPrQE<\/a><\/li>\n<\/ul>\n<p>&nbsp;<br \/>\nDopo l&#8217;esperienza di FacePhotoNews sono seguite con le medesime modalit\u00e0 Face to Face, nuove attivit\u00e0\u00a0\u00a0Firenze ed a Crotone che hanno avuto un ottimo riscontro in contenuti e partecipazione.<br \/>\n&nbsp;<br \/>\n<img loading=\"lazy\" decoding=\"async\" class=\"aligncenter size-full wp-image-24422\" src=\"https:\/\/fiaf.net\/agoradicult\/wp-content\/uploads\/sites\/23\/2020\/05\/95280716_10216522762168570_6224640855928471552_o-e1589016174650.jpg\" alt=\"\" width=\"580\" height=\"632\" \/><br \/>\n&nbsp;<br \/>\nEcco il link della registrazione dell&#8217;attivit\u00e0 di RIFREDI IMMAGINE:<br \/>\n<a href=\"http:\/\/www.rifredimmagine.it\/news\/2020_04_facetoface.mp4\" target=\"_blank\" rel=\"noopener\">http:\/\/www.rifredimmagine.it\/news\/2020_04_facetoface.mp4<\/a><br \/>\n&nbsp;<br \/>\n&nbsp;<\/p>\n<h3 style=\"text-align: center\">\u00a0 \u00a0 <span style=\"color: #0000ff\">Gioved\u00ec <strong>7 maggio 2020<\/strong>, con inizio alle ore <strong>21:20<\/strong>, <\/span><\/h3>\n<h3 style=\"text-align: center\"><span style=\"color: #0000ff\">\u00a0 \u00a0 \u00a0 sarai ospite in qualit\u00e0 di <strong>Autore<\/strong> a <\/span><\/h3>\n<h3 style=\"text-align: center\"><span style=\"color: #0000ff\">&#8220;CHE FOTO CHE FA&#8221; <\/span><\/h3>\n<h3 style=\"text-align: center\"><span style=\"color: #0000ff\">\u00a0 \u00a0 \u00a0 1\u00b0 incontro in videoconferenza, organizzata dal <\/span><\/h3>\n<h3 style=\"text-align: center\"><span style=\"color: #0000ff\">\u00a0 \u00a0 \u00a0 \u00a0GRUPPO FOTOAMATORI CROTONE<\/span><\/h3>\n<h3 style=\"text-align: center\"><span style=\"color: #0000ff\">\u00a0 \u00a0 \u00a0 \u00a0 \u00a0 \u00a0 \u00a0 \u00a0 con lettura di portfolio e fotografie singole Face to Face.<\/span><\/h3>\n<p><span style=\"color: #0000ff\"><strong>\u00a0 \u00a0 \u00a0 \u00a0 \u00a0 \u00a0 \u00a0 \u00a0 \u00a0 \u00a0 \u00a0 \u00a0 \u00a0 \u00a0 \u00a0 \u00a0 \u00a0 \u00a0 \u00a0 \u00a0 \u00a0 \u00a0 \u00a0 \u00a0 \u00a0 \u00a0 \u00a0 \u00a0L<\/strong><strong>ettori<\/strong> FIAF: Silvano Bicocchi, Daniela Sidari e Vincenzo Gerbasi.<\/span><br \/>\n&nbsp;<br \/>\nEcco il link della registrazione dell&#8217;attivit\u00e0 di &#8220;Che foto che fa&#8221;:\u00a0<a href=\"https:\/\/www.gruppofotoamatoricrotone.it\/lettura_portfolio_modalita_face_to_face_giovedi_7_maggio_2020-w6238\" target=\"_blank\" rel=\"noopener\">https:\/\/www.gruppofotoamatoricrotone.it\/lettura_portfolio_modalita_face_to_face_giovedi_7_maggio_2020-w6238<\/a><br \/>\n&nbsp;<\/p>\n<h2 style=\"text-align: center\">Il Face to Face<br \/>\n<span style=\"font-size: 16px\">in diretta video streaming<\/span><\/h2>\n<p>E&#8217; stato naturale applicare la diretta video streaming alla modalit\u00e0 <strong>Face to Face,<\/strong> perch\u00e9 \u00a0l&#8217;attivit\u00e0\u00a0\u00e8 nata per la condivisione della lettura delle fotografia. Il <em>faccia a faccia<\/em>\u00a0\u00e8 inteso tra l&#8217;autore e il pubblico. Nella versione iniziale \u00e8 stato praticato\u00a0cos\u00ec ma non si \u00e8 acceso nessun dialogo con l&#8217;autore, per questa ragione ho inserito due lettori in modo che prendesse avvio\u00a0l&#8217;approfondimento dell&#8217;opera.<br \/>\nVi ricordo che il Face to Face \u00e8 nato nel 2010 a Sassoferrato e da allora \u00e8 stato praticato costantemente nei festival di Colorno, Ghedi e Sestri Levante. Se scrivete Face to Face nel campo ricerca troverete numerosi post dedicati a questa attivit\u00e0.<br \/>\nNei festival non si\u00a0sono\u00a0mai superato i\u00a02 lettori e la contemporanea presenza massima di 50 ascoltatori, mai costantemente presenti perch\u00e9 un festival ha una ricca proposta culturale che non si pu\u00f2 ignorare (mostre, conferenze, tavoli di lettura, incontri&#8230;).<br \/>\nInsomma ci voleva il lockdown per faci capire che la formula vincente per praticare il Face to Face \u00e8 la diretta video streaming.<br \/>\nQuesto perch\u00e9 consente la perfetta visione collettiva del portfolio,\u00a0l&#8217;ascolto della presentazione dell&#8217;autore e delle letture; inoltre gli ascoltatori non sono distratti da altre attivit\u00e0 e partecipano comodamente da casa (senza costi di viaggio e soggiorno).<br \/>\nI vantaggi offerti dalla modalit\u00e0 video streaming sono numerosi:<\/p>\n<ul>\n<li>Si pu\u00f2 partecipare in diretta oppure rivedere la registrazione su YouTube.<\/li>\n<li>Si pu\u00f2 partecipare da tutte le Regioni italiane e oltre. Nella terza edizione del Face to Face di FacePhotoNews erano presenti autori dal Piemonte alla Sicilia.<\/li>\n<li>La squadra dei lettori pu\u00f2 essere numerosa (nella 3\u00b0 edizione \u00e8 stata di 10 tra Tutor e Lettori della Fotografia), in questo modo viene offerta la possibilit\u00e0 di praticare a un numero elevato di lettori e quindi di farsi conoscere.<\/li>\n<li>Si posso esercitare per ogni singolo portfolio pi\u00f9 lettori ( in questi face to face sono stati tre), offrendo contenuti di crescita tramite l&#8217;ascolto.<\/li>\n<li>Viene posta in evidenza che la lettura della fotografia trova un alto valore\u00a0culturale nella\u00a0coralit\u00e0 di pi\u00f9 letture \u00a0sul medesimo portfolio, il cui senso viene indagato con diverso approccio da ogni singolo lettore (per sensibilit\u00e0, vissuto, esperienza, cultura, metodo).<\/li>\n<\/ul>\n<p>I limiti imposti dalla modalit\u00e0 video streaming sono:<\/p>\n<ul>\n<li>Per ragioni di tempo l&#8217;intervento di ogni lettore, per portfolio, \u00e8 di 5 minuti. Non \u00e8 immaginabile introdurre dibattito perch\u00e9 l&#8217;attivit\u00e0 perde ritmo e diventa faticosa.<\/li>\n<li>Con questo limite temporale occorre fermare l&#8217;intervento del lettore alla prima fase della lettura di portfolio che \u00e8 la Lettura dell&#8217;opera. Non c&#8217;\u00e8 il tempo per un compiuto tutoraggio che\u00a0spesso richiede modifiche alla sequenza, comunque \u00e8 sempre possibile suggerire una riflessione all&#8217;autore.<\/li>\n<li>Occorre presentare quindi dei portfolio compiuti\u00a0pronti per essere letti, come si richiede a un lavoro per essere esposto. Non \u00e8 possibile presentare un pacchetto di foto senza titolo e chiedere al lettore se con quelle foto si pu\u00f2 editare un portfolio (come capita ai tavoli di lettura).<\/li>\n<li>Quando l&#8217;attivit\u00e0 supera i 30 ascoltatori spingendosi a 80, 100, 150 e oltre, \u00a0non siamo pi\u00f9 nel contesto familiare del\u00a0laboratorio ma inevitabilmente si entra nell&#8217;ambito dello spettacolo culturale, con le efficienze e le attrazioni che questo richiede. Pena la caduta di partecipazione della successiva edizione.<\/li>\n<\/ul>\n<p>L&#8217;esercizio della sola Lettura del portfolio \u00e8 un valore che richiede al Lettore di porsi alla ricerca del senso che l&#8217;opera pu\u00f2 avere, anche aldil\u00e0 del proprio gusto e delle personali consolidate conoscenze e attese.<br \/>\nConcludendo, viste le potenzialit\u00e0 del mezzo, anche alla fine di questa spaventosa emergenza sanitaria, proporr\u00f2 di organizzare momenti come questi in cui appassionati di tutta l&#8217;Italia possono condividere opere e letture fotografiche.<br \/>\nLe proporr\u00f2 con strategia graduale che dal locale si tenda al nazionale, in modo da permettere a tutti i Nominati alle Figure Operative di potersi cimentare nella loro passione.<br \/>\nAttendo le\u00a0vostre riflessioni su queste prime esperienze di dirette video streaming, per poi giungere alla definizione concreta di novi progetti.<br \/>\nSilvano Bicocchi<br \/>\nDirettore del <strong>Dipartimento Cultura FIAF<\/strong><\/p>\n\n    <div class=\"xs_social_share_widget xs_share_url after_content \t\tmain_content  wslu-style-1 wslu-share-box-shaped wslu-fill-colored wslu-none wslu-share-horizontal wslu-theme-font-no wslu-main_content\">\n\n\t\t\n        <ul>\n\t\t\t        <\/ul>\n    <\/div> \n","protected":false},"excerpt":{"rendered":"<p>. &nbsp; . &nbsp; . &nbsp; Face to Face in diretta video streaming &nbsp; &nbsp; &nbsp; Durante il lungo lockdown &hellip;<\/p>\n","protected":false},"author":3,"featured_media":24421,"comment_status":"open","ping_status":"open","sticky":false,"template":"","format":"standard","meta":{"_acf_changed":false,"footnotes":""},"categories":[11],"tags":[67],"class_list":["post-24414","post","type-post","status-publish","format-standard","has-post-thumbnail","hentry","category-comunicazioni-del-dipartimento","tag-portfolioface-to-face"],"acf":[],"_links":{"self":[{"href":"https:\/\/fiaf.net\/agoradicult\/wp-json\/wp\/v2\/posts\/24414","targetHints":{"allow":["GET"]}}],"collection":[{"href":"https:\/\/fiaf.net\/agoradicult\/wp-json\/wp\/v2\/posts"}],"about":[{"href":"https:\/\/fiaf.net\/agoradicult\/wp-json\/wp\/v2\/types\/post"}],"author":[{"embeddable":true,"href":"https:\/\/fiaf.net\/agoradicult\/wp-json\/wp\/v2\/users\/3"}],"replies":[{"embeddable":true,"href":"https:\/\/fiaf.net\/agoradicult\/wp-json\/wp\/v2\/comments?post=24414"}],"version-history":[{"count":0,"href":"https:\/\/fiaf.net\/agoradicult\/wp-json\/wp\/v2\/posts\/24414\/revisions"}],"wp:featuredmedia":[{"embeddable":true,"href":"https:\/\/fiaf.net\/agoradicult\/wp-json\/wp\/v2\/media\/24421"}],"wp:attachment":[{"href":"https:\/\/fiaf.net\/agoradicult\/wp-json\/wp\/v2\/media?parent=24414"}],"wp:term":[{"taxonomy":"category","embeddable":true,"href":"https:\/\/fiaf.net\/agoradicult\/wp-json\/wp\/v2\/categories?post=24414"},{"taxonomy":"post_tag","embeddable":true,"href":"https:\/\/fiaf.net\/agoradicult\/wp-json\/wp\/v2\/tags?post=24414"}],"curies":[{"name":"wp","href":"https:\/\/api.w.org\/{rel}","templated":true}]}}