{"id":25055,"date":"2020-07-19T21:00:51","date_gmt":"2020-07-19T19:00:51","guid":{"rendered":"https:\/\/fiaf.net\/agoradicult\/?p=25055"},"modified":"2020-07-19T21:00:51","modified_gmt":"2020-07-19T19:00:51","slug":"ambiente-clima-futuro_-elaborazione-del-concept_03-a-cura-di-anna-serrato-e-francesca-sciarra","status":"publish","type":"post","link":"https:\/\/fiaf.net\/agoradicult\/2020\/07\/19\/ambiente-clima-futuro_-elaborazione-del-concept_03-a-cura-di-anna-serrato-e-francesca-sciarra\/","title":{"rendered":"Ambiente, Clima, Futuro_ Elaborazione del Concept_03 \u2013 a cura di Anna Serrato e Francesca Sciarra"},"content":{"rendered":"<p>&nbsp;<br \/>\n&nbsp;<br \/>\n&nbsp;<br \/>\n&nbsp;<br \/>\n&nbsp;<br \/>\n&nbsp;<br \/>\n&nbsp;<\/p>\n<h2 style=\"text-align: center\"><\/h2>\n<h2 style=\"text-align: center\"><strong>L\u2019arte nell\u2019epoca della sostenibilit\u00e0 ambientale <\/strong><\/h2>\n<h2 style=\"text-align: center\">&#8220;Ambiente, Clima, Futuro&#8221; &#8211; Elaborazione del Concept_03<\/h2>\n<h3 style=\"text-align: center\">del LAB Di Cult 090 FIAF, a cura di Anna Serrato e Francesca Sciarra<\/h3>\n<p>&nbsp;<br \/>\nUno dei binomi fortemente presente nella storia dell\u2019arte universale \u00e8 quello tra Uomo e Natura.<br \/>\nDai primi graffiti degli uomini primitivi ai murales degli street artists contemporanei, l\u2019arte si \u00e8 sempre interrogata su quale fosse il proprio rapporto con la Natura.<br \/>\n<figure id=\"attachment_25056\" aria-describedby=\"caption-attachment-25056\" style=\"width: 580px\" class=\"wp-caption aligncenter\"><img loading=\"lazy\" decoding=\"async\" class=\"wp-image-25056 size-full\" src=\"https:\/\/fiaf.net\/agoradicult\/wp-content\/uploads\/sites\/23\/2020\/07\/Cavallo-di-Lascaux.jpg\" alt=\"\" width=\"580\" height=\"362\" srcset=\"https:\/\/fiaf.net\/agoradicult\/wp-content\/uploads\/sites\/23\/2020\/07\/Cavallo-di-Lascaux.jpg 580w, https:\/\/fiaf.net\/agoradicult\/wp-content\/uploads\/sites\/23\/2020\/07\/Cavallo-di-Lascaux-300x187.jpg 300w\" sizes=\"auto, (max-width: 580px) 100vw, 580px\" \/><figcaption id=\"caption-attachment-25056\" class=\"wp-caption-text\">Cavallo di Lascaux<\/figcaption><\/figure>\nNel corso dei secoli l\u2019artista ha trovato sempre nuove fonti di ispirazione dall\u2019ambiente in cui era immerso. La natura \u00e8 stata oggetto di osservazione, \u00e8 stata modello da imitare, \u00e8 stata limite da superare.<br \/>\nAd un certo punto, cambiando lo scenario, \u00e8 cambiato anche l\u2019atteggiamento dell\u2019artista: ed \u00e8 allora che l\u2019arte inizia ad interessarsi della sorte dell\u2019ambiente e della funzione che pu\u00f2 avere nell\u2019intervenire sul processo degenerativo ambientale e territoriale.<br \/>\nIl primo embrione di coscienza ambientale \u00e8 frutto dell\u2019epoca moderna: conseguenza della Rivoluzione Industriale \u00e8 l\u2019esigenza di creare spazi urbani dove la gente possa passeggiare nel verde.<br \/>\n<figure id=\"attachment_25057\" aria-describedby=\"caption-attachment-25057\" style=\"width: 580px\" class=\"wp-caption aligncenter\"><img loading=\"lazy\" decoding=\"async\" class=\"size-full wp-image-25057\" src=\"https:\/\/fiaf.net\/agoradicult\/wp-content\/uploads\/sites\/23\/2020\/07\/Friedrich-List-und-die-erste-grosse-Eisenbahn.jpg\" alt=\"\" width=\"580\" height=\"302\" srcset=\"https:\/\/fiaf.net\/agoradicult\/wp-content\/uploads\/sites\/23\/2020\/07\/Friedrich-List-und-die-erste-grosse-Eisenbahn.jpg 580w, https:\/\/fiaf.net\/agoradicult\/wp-content\/uploads\/sites\/23\/2020\/07\/Friedrich-List-und-die-erste-grosse-Eisenbahn-300x156.jpg 300w\" sizes=\"auto, (max-width: 580px) 100vw, 580px\" \/><figcaption id=\"caption-attachment-25057\" class=\"wp-caption-text\">Friedrich List und die erste grosse Eisenbahn<\/figcaption><\/figure>\nMa per vedere i primi intrecci tra arti visive ed ecologia dobbiamo aspettare la fine degli anni \u201960 del Novecento, quando matura una vera e propria forma di coscienza ecologica tra gli artisti.<br \/>\nIn seguito alla diffusione di idee di salvaguardia dell\u2019ambiente in campo scientifico e politico, alcuni artisti concepiscono nei confronti della natura un pensiero non tradizionale.<br \/>\nIl patto mimetico che legava l\u2019arte alla natura era andato in frantumi: il legame poteva essere recuperato non pi\u00f9 riproducendola ma solo operando all\u2019interno di essa.<br \/>\nNel 1968 in America si inaugura la mostra <strong>Earthworks<\/strong> che apre la storia della <strong>Land Art. <\/strong><br \/>\n<figure id=\"attachment_25058\" aria-describedby=\"caption-attachment-25058\" style=\"width: 580px\" class=\"wp-caption aligncenter\"><img loading=\"lazy\" decoding=\"async\" class=\"size-full wp-image-25058\" src=\"https:\/\/fiaf.net\/agoradicult\/wp-content\/uploads\/sites\/23\/2020\/07\/Michael-Heizer-Double-Negative.-Ph-Retis-Flickr.jpg\" alt=\"\" width=\"580\" height=\"486\" srcset=\"https:\/\/fiaf.net\/agoradicult\/wp-content\/uploads\/sites\/23\/2020\/07\/Michael-Heizer-Double-Negative.-Ph-Retis-Flickr.jpg 580w, https:\/\/fiaf.net\/agoradicult\/wp-content\/uploads\/sites\/23\/2020\/07\/Michael-Heizer-Double-Negative.-Ph-Retis-Flickr-300x251.jpg 300w\" sizes=\"auto, (max-width: 580px) 100vw, 580px\" \/><figcaption id=\"caption-attachment-25058\" class=\"wp-caption-text\">Michael Heizer, Double Negative. Ph Retis\/Flickr<\/figcaption><\/figure>\nNella Land Art gli artisti non sono pi\u00f9 interessati a riprodurre la natura con mezzi illusivi ma vogliono operare direttamente nell\u2019ambiente naturale.<br \/>\nGli<strong> Earthworks<\/strong> sono collocati in luoghi remoti e inaccessibili e l\u2019unico modo per documentare gli interventi degli artisti \u00e8 quello di usare la fotografia.<br \/>\nNon sempre questi interventi sono motivati da intenzioni ecologiste ma molti di essi vengono preceduti da valutazione circa l\u2019impatto ambientale. Altri addirittura vanno a migliorare esteticamente il luogo nei quali sorgono. Come la <strong>Spiral Jetty<\/strong> di Robert Smithson realizzata nel 1970 nel Great Salt Lake, Utah.<br \/>\nIl Grande Lago Salato aveva sopportato un tentativo di estrazione petrolifera che non era andato in porto; il risultato era stato devastante per l\u2019ambiente. Spiral Jetty rende il luogo esteticamente migliore, nel rispetto della sua topografia.<br \/>\n<figure id=\"attachment_25059\" aria-describedby=\"caption-attachment-25059\" style=\"width: 580px\" class=\"wp-caption aligncenter\"><img loading=\"lazy\" decoding=\"async\" class=\"size-full wp-image-25059\" src=\"https:\/\/fiaf.net\/agoradicult\/wp-content\/uploads\/sites\/23\/2020\/07\/Robert-Smithson-Spiral-Jetty.-Ph-George-Steinmetz.jpg\" alt=\"\" width=\"580\" height=\"388\" srcset=\"https:\/\/fiaf.net\/agoradicult\/wp-content\/uploads\/sites\/23\/2020\/07\/Robert-Smithson-Spiral-Jetty.-Ph-George-Steinmetz.jpg 580w, https:\/\/fiaf.net\/agoradicult\/wp-content\/uploads\/sites\/23\/2020\/07\/Robert-Smithson-Spiral-Jetty.-Ph-George-Steinmetz-300x201.jpg 300w\" sizes=\"auto, (max-width: 580px) 100vw, 580px\" \/><figcaption id=\"caption-attachment-25059\" class=\"wp-caption-text\">Robert Smithson, Spiral Jetty. Ph George Steinmetz<\/figcaption><\/figure>\nIn Italia <strong>Arte Sella<\/strong> rappresenta un\u2019esperienza a 360 gradi: nata nel 1986, \u00e8 il luogo dove arte, musica, danza e altre espressioni della creativit\u00e0 umana si\u00a0fondono, dando vita ad un dialogo unico tra l&#8217;ingegno\u00a0dell\u2019uomo e il mondo naturale.<br \/>\n<figure id=\"attachment_25060\" aria-describedby=\"caption-attachment-25060\" style=\"width: 580px\" class=\"wp-caption aligncenter\"><img loading=\"lazy\" decoding=\"async\" class=\"size-full wp-image-25060\" src=\"https:\/\/fiaf.net\/agoradicult\/wp-content\/uploads\/sites\/23\/2020\/07\/Cedric-Le-Borgne-La-donna-invisibile.-Ph-Giacomo-Bianchi-Arte-Sella.jpg\" alt=\"\" width=\"580\" height=\"388\" srcset=\"https:\/\/fiaf.net\/agoradicult\/wp-content\/uploads\/sites\/23\/2020\/07\/Cedric-Le-Borgne-La-donna-invisibile.-Ph-Giacomo-Bianchi-Arte-Sella.jpg 580w, https:\/\/fiaf.net\/agoradicult\/wp-content\/uploads\/sites\/23\/2020\/07\/Cedric-Le-Borgne-La-donna-invisibile.-Ph-Giacomo-Bianchi-Arte-Sella-300x201.jpg 300w\" sizes=\"auto, (max-width: 580px) 100vw, 580px\" \/><figcaption id=\"caption-attachment-25060\" class=\"wp-caption-text\">Cedric Le Borgne, La donna invisibile. Ph Giacomo Bianchi\/Arte Sella<\/figcaption><\/figure>\n&nbsp;<br \/>\nOggi l\u2019arte ha una duplice responsabilit\u00e0: da una parte denunciare gli scempi compiuti sull\u2019ambiente e dall\u2019altra invertire la rotta e realizzare opere che abbiano un ridotto o nessun impatto ambientale.<br \/>\nIl lavoro dello street artist <strong>Iena Cruz<\/strong> va in questa direzione: <strong>Hunting pollution <\/strong>\u00e8 un murales ecologico dipinto con una particolare pittura che \u201cmangia\u201d le polveri inquinanti trasformandole in sali inermi.<br \/>\n<figure id=\"attachment_25061\" aria-describedby=\"caption-attachment-25061\" style=\"width: 580px\" class=\"wp-caption aligncenter\"><img loading=\"lazy\" decoding=\"async\" class=\"size-full wp-image-25061\" src=\"https:\/\/fiaf.net\/agoradicult\/wp-content\/uploads\/sites\/23\/2020\/07\/Hunting-Pollution-murale-di-Federico-Massa-a.k.a.-iena-cruz-in-collaborazione-con-yourban-2030\u201d.-Ph-Benedetta-Ristori.jpg\" alt=\"\" width=\"580\" height=\"387\" srcset=\"https:\/\/fiaf.net\/agoradicult\/wp-content\/uploads\/sites\/23\/2020\/07\/Hunting-Pollution-murale-di-Federico-Massa-a.k.a.-iena-cruz-in-collaborazione-con-yourban-2030\u201d.-Ph-Benedetta-Ristori.jpg 580w, https:\/\/fiaf.net\/agoradicult\/wp-content\/uploads\/sites\/23\/2020\/07\/Hunting-Pollution-murale-di-Federico-Massa-a.k.a.-iena-cruz-in-collaborazione-con-yourban-2030\u201d.-Ph-Benedetta-Ristori-300x200.jpg 300w\" sizes=\"auto, (max-width: 580px) 100vw, 580px\" \/><figcaption id=\"caption-attachment-25061\" class=\"wp-caption-text\">Hunting Pollution, murale di Federico Massa a.k.a. iena cruz in collaborazione con yourban 2030\u201d. Ph Benedetta Ristori<\/figcaption><\/figure>\nL\u2019artista italiana <strong>Annarita Serra<\/strong> raccoglie sulle spiagge della Sardegna la plastica che il mare restituisce, donandogli una seconda vita e trasformandola in arte.<\/p>\n<table>\n<tbody>\n<tr>\n<td>\n<figure id=\"attachment_25062\" aria-describedby=\"caption-attachment-25062\" style=\"width: 250px\" class=\"wp-caption aligncenter\"><img loading=\"lazy\" decoding=\"async\" class=\"wp-image-25062\" src=\"https:\/\/fiaf.net\/agoradicult\/wp-content\/uploads\/sites\/23\/2020\/07\/Annarita-Serra-Frida-Plastica-dal-Mare-e1595180841823.jpg\" alt=\"\" width=\"250\" height=\"253\" \/><figcaption id=\"caption-attachment-25062\" class=\"wp-caption-text\">Annarita Serra, Frida, Plastica dal Mare<\/figcaption><\/figure><\/td>\n<td>\n<figure id=\"attachment_25063\" aria-describedby=\"caption-attachment-25063\" style=\"width: 250px\" class=\"wp-caption alignnone\"><img loading=\"lazy\" decoding=\"async\" class=\"wp-image-25063\" src=\"https:\/\/fiaf.net\/agoradicult\/wp-content\/uploads\/sites\/23\/2020\/07\/Annarita-Serra-Klimt-Plastica-dal-Mare-e1595180856733.jpg\" alt=\"\" width=\"250\" height=\"251\" \/><figcaption id=\"caption-attachment-25063\" class=\"wp-caption-text\">Annarita Serra, Klimt, Plastica dal Mare<\/figcaption><\/figure><\/td>\n<\/tr>\n<\/tbody>\n<\/table>\n<p>Il progetto di <strong>Alex Bellini<\/strong> \u00e8 stato di portata molto ampia: con <strong>10<\/strong> <strong>rivers 1 ocean<\/strong> ha deciso di navigare i dieci fiumi pi\u00f9 inquinati di plastica al mondo ed attraversare il Great Pacific Garbage Patch, la grande isola di plastica nell\u2019Oceano Pacifico, costruendo ad ogni viaggio un\u2019imbarcazione con materiale di riciclo.<br \/>\nIl tutto documentato attraverso filmati e foto che ha inserito nel suo blog.<br \/>\n<figure id=\"attachment_25067\" aria-describedby=\"caption-attachment-25067\" style=\"width: 580px\" class=\"wp-caption aligncenter\"><img loading=\"lazy\" decoding=\"async\" class=\"size-full wp-image-25067\" src=\"https:\/\/fiaf.net\/agoradicult\/wp-content\/uploads\/sites\/23\/2020\/07\/Alex-Bellini.-Ph-Mauro-Talamonti.jpg\" alt=\"\" width=\"580\" height=\"580\" srcset=\"https:\/\/fiaf.net\/agoradicult\/wp-content\/uploads\/sites\/23\/2020\/07\/Alex-Bellini.-Ph-Mauro-Talamonti.jpg 580w, https:\/\/fiaf.net\/agoradicult\/wp-content\/uploads\/sites\/23\/2020\/07\/Alex-Bellini.-Ph-Mauro-Talamonti-150x150.jpg 150w, https:\/\/fiaf.net\/agoradicult\/wp-content\/uploads\/sites\/23\/2020\/07\/Alex-Bellini.-Ph-Mauro-Talamonti-300x300.jpg 300w\" sizes=\"auto, (max-width: 580px) 100vw, 580px\" \/><figcaption id=\"caption-attachment-25067\" class=\"wp-caption-text\">Alex Bellini. Ph Mauro Talamonti<\/figcaption><\/figure>\n&nbsp;<br \/>\nA partire dagli anni \u201970 anche la fotografia ha vissuto il suo cambiamento di rotta nella percezione artistica del paesaggio.<br \/>\nNel 1975 a Rochester, in America, presso l\u2019International Museum of Photography si inaugura una mostra fotografica che rompe la relazione fra il paesaggio e le sue rappresentazioni iconografiche valide fino a quel momento.<br \/>\nI <strong>New Topographics<\/strong>, Photographs of a Man-Altered Landscape, sono tutti della generazione cresciuta nel dopoguerra.<br \/>\nIn contrapposizione con la wilderness di Ansel Adams, ma anche con i paesaggi emozionali di Minor White e con il sensuale still life naturalistico di Edward Weston, le immagini dei Topografi contengono tutti i segni della civilt\u00e0: pali e fili del telefono, bidoni, segnali stradali, strade, edifici. La neutralit\u00e0 e l\u2019assenza di emozione sono la chiave di lettura della loro opera.<br \/>\n&nbsp;<br \/>\n<figure id=\"attachment_25068\" aria-describedby=\"caption-attachment-25068\" style=\"width: 580px\" class=\"wp-caption aligncenter\"><img loading=\"lazy\" decoding=\"async\" class=\"size-full wp-image-25068\" src=\"https:\/\/fiaf.net\/agoradicult\/wp-content\/uploads\/sites\/23\/2020\/07\/New-Topographics-Joe-Deal_.jpg\" alt=\"\" width=\"580\" height=\"326\" srcset=\"https:\/\/fiaf.net\/agoradicult\/wp-content\/uploads\/sites\/23\/2020\/07\/New-Topographics-Joe-Deal_.jpg 580w, https:\/\/fiaf.net\/agoradicult\/wp-content\/uploads\/sites\/23\/2020\/07\/New-Topographics-Joe-Deal_-300x169.jpg 300w\" sizes=\"auto, (max-width: 580px) 100vw, 580px\" \/><figcaption id=\"caption-attachment-25068\" class=\"wp-caption-text\">New Topographics, Joe Deal<\/figcaption><\/figure>\nLa mappatura fotografica del nuovo paesaggio, oltre a documentare il boom economico e il benessere di quegli anni, rivela l\u2019altro lato della medaglia, un vero e proprio fallimento socio-culturale: i trofei della modernit\u00e0, visti dagli occhi dei New Topographics, si trasformano in elementi tangibili della degenerazione ambientale.<br \/>\n&nbsp;<br \/>\n<figure id=\"attachment_25069\" aria-describedby=\"caption-attachment-25069\" style=\"width: 579px\" class=\"wp-caption aligncenter\"><img loading=\"lazy\" decoding=\"async\" class=\"size-full wp-image-25069\" src=\"https:\/\/fiaf.net\/agoradicult\/wp-content\/uploads\/sites\/23\/2020\/07\/New-Topographics-Robert-Adams.jpg\" alt=\"\" width=\"579\" height=\"580\" srcset=\"https:\/\/fiaf.net\/agoradicult\/wp-content\/uploads\/sites\/23\/2020\/07\/New-Topographics-Robert-Adams.jpg 579w, https:\/\/fiaf.net\/agoradicult\/wp-content\/uploads\/sites\/23\/2020\/07\/New-Topographics-Robert-Adams-150x150.jpg 150w, https:\/\/fiaf.net\/agoradicult\/wp-content\/uploads\/sites\/23\/2020\/07\/New-Topographics-Robert-Adams-300x300.jpg 300w\" sizes=\"auto, (max-width: 579px) 100vw, 579px\" \/><figcaption id=\"caption-attachment-25069\" class=\"wp-caption-text\">New Topographics, Robert Adams<\/figcaption><\/figure>\nItalia, 1991: in una conversazione con Arturo Carlo Quintavalle, Luigi Ghirri si esprime a favore di uno sguardo fotografico attento all\u2019ambiente: <em>credo che, al di l\u00e0 di tanti discorsi e dibattiti intorno ai problemi dell\u2019ecologia, non si \u00e8 mai sufficientemente messo in rilievo come il paesaggio, i luoghi che le persone abitano, non vengono pi\u00f9\u0300 rappresentati [\u2026]; tutti sembrano essersene dimenticati. A me pare che il paesaggio, i luoghi, l\u2019habitat, siano come un territorio nascosto dove si pu\u00f2 perpetrare qualsiasi scempio: tutto avviene senza nessun controllo visivo. L\u2019incapacit\u00e0 di guardare all\u2019esterno determina cos\u00ec la possibilit\u00e0 di deturpare qualsiasi luogo senza che nessuno se ne accorga<\/em>.<br \/>\n<figure id=\"attachment_25070\" aria-describedby=\"caption-attachment-25070\" style=\"width: 580px\" class=\"wp-caption aligncenter\"><img loading=\"lazy\" decoding=\"async\" class=\"size-full wp-image-25070\" src=\"https:\/\/fiaf.net\/agoradicult\/wp-content\/uploads\/sites\/23\/2020\/07\/Luigi-Ghirri-Formigine-Modena-Viaggio-in-Italia.jpg\" alt=\"\" width=\"580\" height=\"423\" srcset=\"https:\/\/fiaf.net\/agoradicult\/wp-content\/uploads\/sites\/23\/2020\/07\/Luigi-Ghirri-Formigine-Modena-Viaggio-in-Italia.jpg 580w, https:\/\/fiaf.net\/agoradicult\/wp-content\/uploads\/sites\/23\/2020\/07\/Luigi-Ghirri-Formigine-Modena-Viaggio-in-Italia-300x219.jpg 300w\" sizes=\"auto, (max-width: 580px) 100vw, 580px\" \/><figcaption id=\"caption-attachment-25070\" class=\"wp-caption-text\">Luigi Ghirri, da Viaggio in Italia 1982<\/figcaption><\/figure>\nQuesta amara considerazione viene dopo alcuni anni dal <strong>Viaggio in Italia<\/strong>, quell\u2019immenso contributo fotografico degli anni \u201980 divenuto il manifesto della scuola italiana di paesaggio.<br \/>\nNei suoi pellegrinaggi nella valle del Po, in compagnia dello scrittore Gianni Celati, in <strong>un viaggio visivo e mentale caratterizzato dal disorientamento e dai confini incerti, Ghirri tenta di capire il nuovo paesaggio italiano alla luce dell\u2019industrializzazione e del suo impatto ambientale.<\/strong><strong>\u00a0<\/strong><br \/>\n<figure id=\"attachment_25072\" aria-describedby=\"caption-attachment-25072\" style=\"width: 580px\" class=\"wp-caption aligncenter\"><img loading=\"lazy\" decoding=\"async\" class=\"size-full wp-image-25072\" src=\"https:\/\/fiaf.net\/agoradicult\/wp-content\/uploads\/sites\/23\/2020\/07\/Gabriele-Basilico-Milano-Viaggio-in-Italia.jpg\" alt=\"\" width=\"580\" height=\"447\" srcset=\"https:\/\/fiaf.net\/agoradicult\/wp-content\/uploads\/sites\/23\/2020\/07\/Gabriele-Basilico-Milano-Viaggio-in-Italia.jpg 580w, https:\/\/fiaf.net\/agoradicult\/wp-content\/uploads\/sites\/23\/2020\/07\/Gabriele-Basilico-Milano-Viaggio-in-Italia-300x231.jpg 300w\" sizes=\"auto, (max-width: 580px) 100vw, 580px\" \/><figcaption id=\"caption-attachment-25072\" class=\"wp-caption-text\">Gabriele Basilico, da Viaggio in Italia 1980<\/figcaption><\/figure>\nBrasile, nuovo millennio. Sebasti\u00e3o Salgado scrive una splendida pagina di fotografia naturalistica che ha la doppia valenza di omaggio alla natura incontaminata e di grido di aiuto contro la distruzione dell\u2019uomo: <em>Il 46% del Pianeta \u00e8 rimasto ancora come era migliaia di anni fa al momento della creazione<\/em>, ricorda Salgado, <em>dobbiamo proteggere e conservare ci\u00f2 che esiste<\/em>. Il progetto <strong>Genesis<\/strong>, sostenuto dall\u2019Instituto Terra, si propone di far conoscere la bellezza del nostro Pianeta e preservarlo per le generazioni future.<br \/>\n<figure id=\"attachment_25073\" aria-describedby=\"caption-attachment-25073\" style=\"width: 580px\" class=\"wp-caption aligncenter\"><img loading=\"lazy\" decoding=\"async\" class=\"size-full wp-image-25073\" src=\"https:\/\/fiaf.net\/agoradicult\/wp-content\/uploads\/sites\/23\/2020\/07\/Genesis-Sebasti\u00e3o-Salgado.jpg\" alt=\"\" width=\"580\" height=\"424\" srcset=\"https:\/\/fiaf.net\/agoradicult\/wp-content\/uploads\/sites\/23\/2020\/07\/Genesis-Sebasti\u00e3o-Salgado.jpg 580w, https:\/\/fiaf.net\/agoradicult\/wp-content\/uploads\/sites\/23\/2020\/07\/Genesis-Sebasti\u00e3o-Salgado-300x219.jpg 300w\" sizes=\"auto, (max-width: 580px) 100vw, 580px\" \/><figcaption id=\"caption-attachment-25073\" class=\"wp-caption-text\">Genesis, Sebasti\u00e3o Salgado<\/figcaption><\/figure>\n&nbsp;<br \/>\nNel 2014 il progetto <strong>Cambiamo Clima<\/strong> ha messo insieme 24 fotografi in un\u2019unica mostra.<br \/>\nSono altrettante \u201cstorie italiane di uomini e di donne che brillano di un eroismo pi\u00f9 o meno libero, pi\u00f9 o meno consapevole, ma sempre parte esemplare del principio primo di ogni moderno ambientalismo: il diritto di soddisfare i nostri bisogni e le nostre aspirazioni, solo a patto di non sottrarre alle generazioni future la possibilit\u00e0 di fare altrettanto\u201d.<br \/>\nNel 2018\u00a0il collettivo fotografico Synap(see) ha presentato la mostra antologica <strong>Agro<\/strong> al termine di un triennio di investigazione tra ambiente e fotografia, risultato di un progetto volto a indagare la situazione dell\u2019ambiente in Italia. Agro ha interessato uno spaccato significativo del nostro territorio passando per oltre 9 Regioni.<br \/>\n<figure id=\"attachment_25074\" aria-describedby=\"caption-attachment-25074\" style=\"width: 580px\" class=\"wp-caption aligncenter\"><img loading=\"lazy\" decoding=\"async\" class=\"size-full wp-image-25074\" src=\"https:\/\/fiaf.net\/agoradicult\/wp-content\/uploads\/sites\/23\/2020\/07\/Collettivo-Synapsee-Agro.jpg\" alt=\"\" width=\"580\" height=\"458\" srcset=\"https:\/\/fiaf.net\/agoradicult\/wp-content\/uploads\/sites\/23\/2020\/07\/Collettivo-Synapsee-Agro.jpg 580w, https:\/\/fiaf.net\/agoradicult\/wp-content\/uploads\/sites\/23\/2020\/07\/Collettivo-Synapsee-Agro-300x237.jpg 300w\" sizes=\"auto, (max-width: 580px) 100vw, 580px\" \/><figcaption id=\"caption-attachment-25074\" class=\"wp-caption-text\">Agro, Collettivo Synap(see)<\/figcaption><\/figure>\n&nbsp;<br \/>\nL\u2019Antropocene segna dunque una svolta nelle arti visive, fotografia compresa, creando un ponte tra le nozioni di natura, ambiente umano ed ecologia.<br \/>\nViene accolta e superata la tradizionale dicotomia uomo-natura, e con lei le distinzioni tra rappresentazione della natura, mappatura dell\u2019ambiente antropizzato, restituzione emozionale del paesaggio umano: ci troviamo oggi a fare i conti con un principio di interconnessione globale, con un concetto di ambiente\/paesaggio che \u00e8 ritornato paradossalmente ad essere unico.<br \/>\nIn questo contesto gli artisti, uniti da un disagio epocale, attivano una sorta di responsabilit\u00e0 comune e cercano di dare voce, con i pi\u00f9 svariati linguaggi, ad una denuncia che risvegli la coscienza critica dello spettatore. Come dice Piero Gilardi, creatore del PAV Parco Arte Vivente, <em>il ruolo delle arti ecologiche \u00e8 quello di collaborare alla presa di coscienza della maggioranza degli abitanti del pianeta, superando con l&#8217;empatia estetica la &#8220;grande cecit\u00e0&#8221; che ci attanaglia.<\/em><br \/>\n&nbsp;<\/p>\n<h3>LINK<\/h3>\n<p>Alex Bellini\u00a0<a href=\"https:\/\/www.10rivers1ocean.com\/it\/diario\/\" target=\"_blank\" rel=\"noopener\">https:\/\/www.10rivers1ocean.com\/it\/diario\/<\/a><br \/>\nLand Art\u00a0\u00a0<a href=\"http:\/\/www.dibaio.com\/gli-artisti-e-la-naturanasce-la-land-art\/\" target=\"_blank\" rel=\"noopener\">http:\/\/www.dibaio.com\/gli-artisti-e-la-naturanasce-la-land-art\/<\/a><br \/>\nArte Sella\u00a0\u00a0<a href=\"http:\/\/www.artesella.it\/it\/\" target=\"_blank\" rel=\"noopener\">http:\/\/www.artesella.it\/it\/<\/a><br \/>\nAnnarita Serra\u00a0\u00a0<a href=\"https:\/\/annaritaserra.com\/\" target=\"_blank\" rel=\"noopener\">https:\/\/annaritaserra.com\/<\/a><br \/>\nIena Cruz\u00a0<a href=\"http:\/\/www.ienacruz.com\/\" target=\"_blank\" rel=\"noopener\">http:\/\/www.ienacruz.com\/<\/a><br \/>\nNew Topographics\u00a0\u00a0<a href=\"https:\/\/www.theguardian.com\/artanddesign\/2010\/feb\/08\/new-topographics-photographs-american-landscapes\" target=\"_blank\" rel=\"noopener\">https:\/\/www.theguardian.com\/artanddesign\/2010\/feb\/08\/new-topographics-photographs-american-landscapes<\/a><br \/>\nViaggio in Italia\u00a0<a href=\"http:\/\/www.mufoco.org\/digitalexhibitions\/portfolio\/1984-fotografie-da-viaggio-in-italia\/\" target=\"_blank\" rel=\"noopener\">http:\/\/www.mufoco.org\/digitalexhibitions\/portfolio\/1984-fotografie-da-viaggio-in-italia\/<\/a><br \/>\nCambiamo Clima\u00a0<a href=\"http:\/\/cambiamoclima.earthdayitalia.org\/index.php\" target=\"_blank\" rel=\"noopener\">http:\/\/cambiamoclima.earthdayitalia.org\/index.php<\/a><br \/>\nAnthropocene\u00a0<a href=\"https:\/\/anthropocene.mast.org\/\" target=\"_blank\" rel=\"noopener\">https:\/\/anthropocene.mast.org\/<\/a><br \/>\nSynap(see)\u00a0\u00a0<a href=\"http:\/\/www.synapsee.it\/Homepage\/\" target=\"_blank\" rel=\"noopener\">http:\/\/www.synapsee.it\/Homepage\/<\/a><br \/>\n&nbsp;<br \/>\n<a href=\"https:\/\/fiaf.net\/agoradicult\/wp-content\/uploads\/sites\/23\/2020\/07\/V_Larte-nellepoca-della-sostenibilit\u00e0-ambientale.pdf\">VERSIONE PDF SCARICABILE<\/a><\/p>\n\n    <div class=\"xs_social_share_widget xs_share_url after_content \t\tmain_content  wslu-style-1 wslu-share-box-shaped wslu-fill-colored wslu-none wslu-share-horizontal wslu-theme-font-no wslu-main_content\">\n\n\t\t\n        <ul>\n\t\t\t        <\/ul>\n    <\/div> \n","protected":false},"excerpt":{"rendered":"<p>&nbsp; &nbsp; &nbsp; &nbsp; &nbsp; &nbsp; &nbsp; L\u2019arte nell\u2019epoca della sostenibilit\u00e0 ambientale &#8220;Ambiente, Clima, Futuro&#8221; &#8211; Elaborazione del Concept_03 del &hellip;<\/p>\n","protected":false},"author":51,"featured_media":25067,"comment_status":"open","ping_status":"open","sticky":false,"template":"","format":"standard","meta":{"_acf_changed":false,"footnotes":""},"categories":[7,16],"tags":[],"class_list":["post-25055","post","type-post","status-publish","format-standard","has-post-thumbnail","hentry","category-archivio","category-cronache"],"acf":[],"_links":{"self":[{"href":"https:\/\/fiaf.net\/agoradicult\/wp-json\/wp\/v2\/posts\/25055","targetHints":{"allow":["GET"]}}],"collection":[{"href":"https:\/\/fiaf.net\/agoradicult\/wp-json\/wp\/v2\/posts"}],"about":[{"href":"https:\/\/fiaf.net\/agoradicult\/wp-json\/wp\/v2\/types\/post"}],"author":[{"embeddable":true,"href":"https:\/\/fiaf.net\/agoradicult\/wp-json\/wp\/v2\/users\/51"}],"replies":[{"embeddable":true,"href":"https:\/\/fiaf.net\/agoradicult\/wp-json\/wp\/v2\/comments?post=25055"}],"version-history":[{"count":0,"href":"https:\/\/fiaf.net\/agoradicult\/wp-json\/wp\/v2\/posts\/25055\/revisions"}],"wp:featuredmedia":[{"embeddable":true,"href":"https:\/\/fiaf.net\/agoradicult\/wp-json\/wp\/v2\/media\/25067"}],"wp:attachment":[{"href":"https:\/\/fiaf.net\/agoradicult\/wp-json\/wp\/v2\/media?parent=25055"}],"wp:term":[{"taxonomy":"category","embeddable":true,"href":"https:\/\/fiaf.net\/agoradicult\/wp-json\/wp\/v2\/categories?post=25055"},{"taxonomy":"post_tag","embeddable":true,"href":"https:\/\/fiaf.net\/agoradicult\/wp-json\/wp\/v2\/tags?post=25055"}],"curies":[{"name":"wp","href":"https:\/\/api.w.org\/{rel}","templated":true}]}}