{"id":2546,"date":"2012-10-07T21:42:05","date_gmt":"2012-10-07T19:42:05","guid":{"rendered":"https:\/\/fiaf.net\/agoradicult\/?p=2546"},"modified":"2012-10-07T21:42:05","modified_gmt":"2012-10-07T19:42:05","slug":"fotoleggendo-2012","status":"publish","type":"post","link":"https:\/\/fiaf.net\/agoradicult\/2012\/10\/07\/fotoleggendo-2012\/","title":{"rendered":"Fotoleggendo 2012"},"content":{"rendered":"<p style=\"text-align: center\"><strong>Ogni anno San Gennaro fa il miracolo anche a Fotoleggendo<\/strong><\/p>\n<p style=\"text-align: center\"><strong>marted\u00ec 25 settembre ore 12.00 \u2013 Conferenza stampa di Fotoleggendo<\/strong><\/p>\n<p style=\"text-align: justify\">Mi siedo alla conferenza stampa di FotoLeggendo 2012, giunto alla ottava edizione, tra i giovani giornalisti come se il tempo e le sette edizioni precedenti dell\u2019evento romano legato da sempre al Premio Portfolio Italia non avessero visto passare tanta acqua sotto i ponti di Roma. Ma Emilio D\u2019Itri, uno dei fondatori della manifestazione romana ed oggi Presidente di Officine Fotografiche che come Associazione Culturale continua a riproporre ogni anno l\u2019evento, prende il microfono per moderare ed immediatamente mi toglie l\u2019illusione dell\u2019inossidabilit\u00e0 del tempo. I fatti parlano chiaro: Fotoleggendo cammina da sola, ovvero completamente finanziata da Officine Fotografiche. E meno male! Meno male perch\u00e9 i sostegni economici pubblici e privati che negli anni si erano andati assottiliando da quest\u2019anno non ci sono pi\u00f9. Ma la passione e le capacit\u00e0 non sono acqua in chi ama disinteressatamente la fotografia, anzi sono un motore a quattro ruote motrici che porta la macchina dovunque si voglia. In questa Italia in parte colpita dalla mano della crisi economica mondiale e ancora di pi\u00f9 da quella del malaffare e del peculato, dove sembra che tutti si facciano i fatti propri e tutto sembra andare alla deriva, sembra quasi anacronistico che esista ancora qualcuno che offre gratuitamente un contenitore culturale come Fotoleggendo tirando fuori i soldi dalla propria saccoccia.<\/p>\n<p>\u00a0<a href=\"https:\/\/fiaf.net\/agoradicult\/wp-content\/uploads\/sites\/23\/2012\/10\/1_IMG_0045.jpg\"><img loading=\"lazy\" decoding=\"async\" class=\"aligncenter size-full wp-image-2547\" title=\"1_IMG_0045\" src=\"https:\/\/fiaf.net\/agoradicult\/wp-content\/uploads\/sites\/23\/2012\/10\/1_IMG_0045.jpg\" alt=\"\" width=\"400\" height=\"533\" srcset=\"https:\/\/fiaf.net\/agoradicult\/wp-content\/uploads\/sites\/23\/2012\/10\/1_IMG_0045.jpg 400w, https:\/\/fiaf.net\/agoradicult\/wp-content\/uploads\/sites\/23\/2012\/10\/1_IMG_0045-225x300.jpg 225w\" sizes=\"auto, (max-width: 400px) 100vw, 400px\" \/><\/a><\/p>\n<p style=\"text-align: justify\">Contenitore che rispetto alle altre proposte capitoline, tutte orientate in genere alla presentazione di mostre di autori noti e ancora sovvenzionate pubblicamente, si rivolge a quel mondo di giovani promesse per promuovere le loro capacit\u00e0 espressive sul racconto fotografico. E come una Araba Fenice ogni anno Fotoleggendo rinasce dalle ceneri della edizione precedente con rinnovato vigore e nuove proposte di autori e canali espressivi, come quest\u2019anno i video. Ogni anno per\u00f2 Fotoleggendo non si mette solo un nuovo \u201cvestito\u201d di proposte ma cambia lentamente e inesorabilmente \u201canima\u201d. Ad un\u2019anima amatoriale delle primissime edizioni che vedeva molti fotoamatori confrontarsi con lettori prestigiosi del mondo FIAF, si sta assistendo oramai da un po\u2019 di anni ad un lenta ma inesorabile sostituzione di un target che era prevalentemente composto da fotoamatori con giovani rampanti orientati al professionismo. E la stessa cosa \u00e8 successa con identica gradualit\u00e0 dall\u2019altro lato del tavolo, dove photo editor di agenzia e capiredattori dell\u2019editoria nazionale hanno preso il posto dei lettori del mondo FIAF. Fenomeno che pi\u00f9 o meno evidentemente sta avvenendo anche in altre manifestazioni del circuito Portfolio Italia.<\/p>\n<p style=\"text-align: justify\"><a href=\"https:\/\/fiaf.net\/agoradicult\/wp-content\/uploads\/sites\/23\/2012\/10\/2_IMG_0048.jpg\"><img loading=\"lazy\" decoding=\"async\" class=\"aligncenter size-full wp-image-2548\" title=\"2_IMG_0048\" src=\"https:\/\/fiaf.net\/agoradicult\/wp-content\/uploads\/sites\/23\/2012\/10\/2_IMG_0048.jpg\" alt=\"\" width=\"533\" height=\"400\" srcset=\"https:\/\/fiaf.net\/agoradicult\/wp-content\/uploads\/sites\/23\/2012\/10\/2_IMG_0048.jpg 533w, https:\/\/fiaf.net\/agoradicult\/wp-content\/uploads\/sites\/23\/2012\/10\/2_IMG_0048-300x225.jpg 300w\" sizes=\"auto, (max-width: 533px) 100vw, 533px\" \/><\/a><\/p>\n<p style=\"text-align: justify\">Dobbiamo chiederci se questo \u00e8 un bene o un male per la manifestazione e le giovani promesse? Io credo che non dovremmo porci la domanda in termini cos\u00ec manichei da metterci nella condizione estremistica che se si vede buona l\u2019anima foto amatoriale quella professionale \u00e8 per forza cattiva o viceversa. Credo invece che le due anime debbano essere viste come due facce della stessa medaglia e convivere. La convivenza dovrebbe per\u00f2 non creare un ambiente comune di sola e mera \u201csopportazione\u201d ma salvaguardare le peculiarit\u00e0 e le specificit\u00e0 pi\u00f9 forti di ciascun anima. Il mondo amatoriale dovrebbe forse essere confortato da lettori capaci di interpretare e difendere la fotografia introspettiva e creativa non asservita al denaro, i giovani orientati al professionismo invece dovrebbero avere riscontri e consigli da chi \u00e8 gi\u00e0 inserito o conosce gli sbocchi nel mondo del lavoro. Tutte e due le anime poi dovrebbero avere il supporto ed il conforto per una corretta modalit\u00e0 espressiva basata sulla progettualit\u00e0, con la passione e l\u2019onest\u00e0 intellettuale a fare da cardini e motori fondamentali della esistenza di ogni uomo-fotografo.<\/p>\n<p style=\"text-align: justify\"><a href=\"https:\/\/fiaf.net\/agoradicult\/wp-content\/uploads\/sites\/23\/2012\/10\/3_IMG_0069.jpg\"><img loading=\"lazy\" decoding=\"async\" class=\"aligncenter size-full wp-image-2549\" title=\"3_IMG_0069\" src=\"https:\/\/fiaf.net\/agoradicult\/wp-content\/uploads\/sites\/23\/2012\/10\/3_IMG_0069.jpg\" alt=\"\" width=\"533\" height=\"400\" srcset=\"https:\/\/fiaf.net\/agoradicult\/wp-content\/uploads\/sites\/23\/2012\/10\/3_IMG_0069.jpg 533w, https:\/\/fiaf.net\/agoradicult\/wp-content\/uploads\/sites\/23\/2012\/10\/3_IMG_0069-300x225.jpg 300w\" sizes=\"auto, (max-width: 533px) 100vw, 533px\" \/><\/a><\/p>\n<p style=\"text-align: justify\">E parlando di fotoamatorialit\u00e0 e professionismo mi piace ricordare che Gianni Berengo Gardin, schivo e molto parco nel parlare, intervenuto alla conferenza stampa e sollecitato a dire qualche parola, ha dato a tutti i presenti una lezione di come far convivere in noi le due anime. Lui che \u00e8 uno dei pi\u00f9 grandi interpreti del reportage introspettivo, quello per intenderci che non pesca nel \u201crumore dell\u2019eclatanza della piazza\u201d ma cattura l\u2019attimo nel \u201csilenzio del vicolo\u201d e che tradisce sempre il proprio punto di vista personale, ha detto semplicemente: \u201cHo cominciato a fotografare da amatore ed ho imparato tanto dal mondo foto amatoriale dei club fotografici. Oggi dopo oltre 50 anni di professionismo voglio riprendere a fotografare con la mentalit\u00e0 disinteressata e passionale del fotoamatore che forse non mi ha mai abbandonato\u201d.<\/p>\n<p style=\"text-align: justify\"><a href=\"https:\/\/fiaf.net\/agoradicult\/wp-content\/uploads\/sites\/23\/2012\/10\/4_IMG_0102.jpg\"><img loading=\"lazy\" decoding=\"async\" class=\"aligncenter size-full wp-image-2550\" title=\"4_IMG_0102\" src=\"https:\/\/fiaf.net\/agoradicult\/wp-content\/uploads\/sites\/23\/2012\/10\/4_IMG_0102.jpg\" alt=\"\" width=\"533\" height=\"400\" srcset=\"https:\/\/fiaf.net\/agoradicult\/wp-content\/uploads\/sites\/23\/2012\/10\/4_IMG_0102.jpg 533w, https:\/\/fiaf.net\/agoradicult\/wp-content\/uploads\/sites\/23\/2012\/10\/4_IMG_0102-300x225.jpg 300w\" sizes=\"auto, (max-width: 533px) 100vw, 533px\" \/><\/a><\/p>\n<p style=\"text-align: justify\"><a href=\"https:\/\/fiaf.net\/agoradicult\/wp-content\/uploads\/sites\/23\/2012\/10\/4_a_IMG_0106.jpg\"><img loading=\"lazy\" decoding=\"async\" class=\"aligncenter size-full wp-image-2551\" title=\"4_a_IMG_0106\" src=\"https:\/\/fiaf.net\/agoradicult\/wp-content\/uploads\/sites\/23\/2012\/10\/4_a_IMG_0106.jpg\" alt=\"\" width=\"400\" height=\"533\" srcset=\"https:\/\/fiaf.net\/agoradicult\/wp-content\/uploads\/sites\/23\/2012\/10\/4_a_IMG_0106.jpg 400w, https:\/\/fiaf.net\/agoradicult\/wp-content\/uploads\/sites\/23\/2012\/10\/4_a_IMG_0106-225x300.jpg 225w\" sizes=\"auto, (max-width: 400px) 100vw, 400px\" \/><\/a><\/p>\n<p style=\"text-align: center\">venerd\u00ec 5 ottobre ore 18.00 &#8211; Inaugurazione Mostre all\u2019ISA<\/p>\n<p style=\"text-align: justify\">Fotoleggendo ti prende e ti emoziona sia che lo fai sia che lo vivi. Tiziana Faraoni, Photoeditor di L\u2019Espresso e Direttore Artistico di Fotoleggendo, ha la voce emozionata e questo la dice lunga di come una manifestazione come questa giochi di questi scherzi anche a chi \u00e8 abituato per mestiere al pubblico. Solo Alberto Placidoli, Direttore Organizzativo, da vecchia volpe vaccinata a qualsiasi imprevisto o situazione, si presenta e strappa subito un sorriso benaugurante a tutta la platea con: \u201cOgni volta che si avvicina l\u2019inaugurazione di Fotoleggendo sono sicuro che San Gennaro fa una fuitina da Napoli a Roma e ripete il miracolo della liquefazione del sangue, ma al contrario. Solo cos\u00ec si spiega perche pochi attimi prima che si alzi il sipario ho il sangue ribollente per tutto quello che ancora per me non \u00e8 ottimale e subito dopo ho il sangue rappreso e coagulato dalla tranquillit\u00e0 che tutto funzioner\u00e0 per il meglio\u201d. Caro Alberto tu sai bene che non \u00e8 San Gennaro ma la passione e la dedizione di chi gratuitamente come te e altre decine di volontari di Officine Fotografiche mette a disposizione sempre per l\u2019amore che porta alla fotografia. Tra le tante mostre \u201cUrban Quilombo\u201d di Sebastian Liste suscita forti emozioni in tutti. E\u2019 un reportage sulla povert\u00e0 estrema e sul degrado in Brasile che sconvolge anche chi \u00e8 abituato e vaccinato alle sensazioni forti.<\/p>\n<p style=\"text-align: justify\"><a href=\"https:\/\/fiaf.net\/agoradicult\/wp-content\/uploads\/sites\/23\/2012\/10\/5_IMG_0058.jpg\"><img loading=\"lazy\" decoding=\"async\" class=\"aligncenter size-full wp-image-2552\" title=\"5_IMG_0058\" src=\"https:\/\/fiaf.net\/agoradicult\/wp-content\/uploads\/sites\/23\/2012\/10\/5_IMG_0058.jpg\" alt=\"\" width=\"533\" height=\"400\" srcset=\"https:\/\/fiaf.net\/agoradicult\/wp-content\/uploads\/sites\/23\/2012\/10\/5_IMG_0058.jpg 533w, https:\/\/fiaf.net\/agoradicult\/wp-content\/uploads\/sites\/23\/2012\/10\/5_IMG_0058-300x225.jpg 300w\" sizes=\"auto, (max-width: 533px) 100vw, 533px\" \/><\/a><\/p>\n<p style=\"text-align: justify\">Il sabato pomeriggio, subito dopo pranzo, vado in bagno e davanti ai lavabi mi trovo fianco a fianco con Tano D\u2019Amico, l\u2019anima ed il corpo per antonomasia della fotografia di reportage sulle contestazioni dal sessantotto in poi, per quaranta anni al Manifesto e in molta editoria di sinistra, una \u201cbandiera rossa\u201d che non ha smesso mai di sventolare quando si trattava di farsi voce dei pi\u00f9 deboli e diseredati. Stessa onest\u00e0 intellettuale di Che Guevara. Normalmente lo stuzzico sempre su qualche tema culturale ma visto che era impegnato a lavarsi i denti non gli dico nulla ma gli sorrido affettuosamente. Lui, appena la bocca gli ritorna libera, mi fa: \u201cA quel lavoro di Sebastian Liste manca l\u2019anima!\u201d. \u201cIn che senso?\u201d rispondo. \u201cNel senso che manca la speranza, un fotografo deve cercare Dio e Dio si deve cercare con l\u2019aiuto della speranza. Non dare speranza a quei diseredati significa non riconoscere Dio in quello che fai\u201d.<\/p>\n<p style=\"text-align: justify\">Sul piano religioso mi ha convinto di pi\u00f9 un vecchio e incallito comunista come Tano in 5 minuti a Fotoleggendo e dentro un \u2026 cesso che 18 anni di Gesuiti in chiesa!<\/p>\n<p><strong>Maurizio Lupi<\/strong><br \/>\n<a href=\"https:\/\/fiaf.net\/agoradicult\/wp-content\/uploads\/sites\/23\/2012\/10\/6_IMG_0096.jpg\"><img loading=\"lazy\" decoding=\"async\" class=\"aligncenter size-full wp-image-2553\" title=\"6_IMG_0096\" src=\"https:\/\/fiaf.net\/agoradicult\/wp-content\/uploads\/sites\/23\/2012\/10\/6_IMG_0096.jpg\" alt=\"\" width=\"533\" height=\"400\" srcset=\"https:\/\/fiaf.net\/agoradicult\/wp-content\/uploads\/sites\/23\/2012\/10\/6_IMG_0096.jpg 533w, https:\/\/fiaf.net\/agoradicult\/wp-content\/uploads\/sites\/23\/2012\/10\/6_IMG_0096-300x225.jpg 300w\" sizes=\"auto, (max-width: 533px) 100vw, 533px\" \/><\/a><br \/>\n<a href=\"https:\/\/fiaf.net\/agoradicult\/wp-content\/uploads\/sites\/23\/2012\/10\/7_IMG_0064.jpg\"><img loading=\"lazy\" decoding=\"async\" class=\"aligncenter size-full wp-image-2554\" title=\"7_IMG_0064\" src=\"https:\/\/fiaf.net\/agoradicult\/wp-content\/uploads\/sites\/23\/2012\/10\/7_IMG_0064.jpg\" alt=\"\" width=\"533\" height=\"400\" srcset=\"https:\/\/fiaf.net\/agoradicult\/wp-content\/uploads\/sites\/23\/2012\/10\/7_IMG_0064.jpg 533w, https:\/\/fiaf.net\/agoradicult\/wp-content\/uploads\/sites\/23\/2012\/10\/7_IMG_0064-300x225.jpg 300w\" sizes=\"auto, (max-width: 533px) 100vw, 533px\" \/><\/a><br \/>\n<a href=\"https:\/\/fiaf.net\/agoradicult\/wp-content\/uploads\/sites\/23\/2012\/10\/8_IMG_0083.jpg\"><img loading=\"lazy\" decoding=\"async\" class=\"aligncenter size-full wp-image-2555\" title=\"8_IMG_0083\" src=\"https:\/\/fiaf.net\/agoradicult\/wp-content\/uploads\/sites\/23\/2012\/10\/8_IMG_0083.jpg\" alt=\"\" width=\"533\" height=\"400\" srcset=\"https:\/\/fiaf.net\/agoradicult\/wp-content\/uploads\/sites\/23\/2012\/10\/8_IMG_0083.jpg 533w, https:\/\/fiaf.net\/agoradicult\/wp-content\/uploads\/sites\/23\/2012\/10\/8_IMG_0083-300x225.jpg 300w\" sizes=\"auto, (max-width: 533px) 100vw, 533px\" \/><\/a><br \/>\n<a href=\"https:\/\/fiaf.net\/agoradicult\/wp-content\/uploads\/sites\/23\/2012\/10\/9_IMG_0079.jpg\"><img loading=\"lazy\" decoding=\"async\" class=\"aligncenter size-full wp-image-2556\" title=\"9_IMG_0079\" src=\"https:\/\/fiaf.net\/agoradicult\/wp-content\/uploads\/sites\/23\/2012\/10\/9_IMG_0079.jpg\" alt=\"\" width=\"533\" height=\"400\" srcset=\"https:\/\/fiaf.net\/agoradicult\/wp-content\/uploads\/sites\/23\/2012\/10\/9_IMG_0079.jpg 533w, https:\/\/fiaf.net\/agoradicult\/wp-content\/uploads\/sites\/23\/2012\/10\/9_IMG_0079-300x225.jpg 300w\" sizes=\"auto, (max-width: 533px) 100vw, 533px\" \/><\/a><br \/>\n&nbsp;<br \/>\nOgni altro dettaglio lo trovate al link:\u00a0http:\/\/www.fotoleggendo.it<\/p>\n\n    <div class=\"xs_social_share_widget xs_share_url after_content \t\tmain_content  wslu-style-1 wslu-share-box-shaped wslu-fill-colored wslu-none wslu-share-horizontal wslu-theme-font-no wslu-main_content\">\n\n\t\t\n        <ul>\n\t\t\t        <\/ul>\n    <\/div> \n","protected":false},"excerpt":{"rendered":"<p>Ogni anno San Gennaro fa il miracolo anche a Fotoleggendo marted\u00ec 25 settembre ore 12.00 \u2013 Conferenza stampa di Fotoleggendo &hellip;<\/p>\n","protected":false},"author":15,"featured_media":2560,"comment_status":"open","ping_status":"open","sticky":false,"template":"","format":"standard","meta":{"_acf_changed":false,"footnotes":""},"categories":[7,20],"tags":[],"class_list":["post-2546","post","type-post","status-publish","format-standard","has-post-thumbnail","hentry","category-archivio","category-eventi-fotografici"],"acf":[],"_links":{"self":[{"href":"https:\/\/fiaf.net\/agoradicult\/wp-json\/wp\/v2\/posts\/2546","targetHints":{"allow":["GET"]}}],"collection":[{"href":"https:\/\/fiaf.net\/agoradicult\/wp-json\/wp\/v2\/posts"}],"about":[{"href":"https:\/\/fiaf.net\/agoradicult\/wp-json\/wp\/v2\/types\/post"}],"author":[{"embeddable":true,"href":"https:\/\/fiaf.net\/agoradicult\/wp-json\/wp\/v2\/users\/15"}],"replies":[{"embeddable":true,"href":"https:\/\/fiaf.net\/agoradicult\/wp-json\/wp\/v2\/comments?post=2546"}],"version-history":[{"count":0,"href":"https:\/\/fiaf.net\/agoradicult\/wp-json\/wp\/v2\/posts\/2546\/revisions"}],"wp:featuredmedia":[{"embeddable":true,"href":"https:\/\/fiaf.net\/agoradicult\/wp-json\/wp\/v2\/media\/2560"}],"wp:attachment":[{"href":"https:\/\/fiaf.net\/agoradicult\/wp-json\/wp\/v2\/media?parent=2546"}],"wp:term":[{"taxonomy":"category","embeddable":true,"href":"https:\/\/fiaf.net\/agoradicult\/wp-json\/wp\/v2\/categories?post=2546"},{"taxonomy":"post_tag","embeddable":true,"href":"https:\/\/fiaf.net\/agoradicult\/wp-json\/wp\/v2\/tags?post=2546"}],"curies":[{"name":"wp","href":"https:\/\/api.w.org\/{rel}","templated":true}]}}