{"id":25725,"date":"2020-10-25T20:00:51","date_gmt":"2020-10-25T18:00:51","guid":{"rendered":"https:\/\/fiaf.net\/agoradicult\/?p=25725"},"modified":"2020-10-25T20:00:51","modified_gmt":"2020-10-25T18:00:51","slug":"fotografia-al-tempo-del-coronavirus-a-cura-di-carlo-cavicchio","status":"publish","type":"post","link":"https:\/\/fiaf.net\/agoradicult\/2020\/10\/25\/fotografia-al-tempo-del-coronavirus-a-cura-di-carlo-cavicchio\/","title":{"rendered":"FOTOGRAFIA AL TEMPO DEL CORONAVIRUS \u2013 a cura di Carlo Cavicchio"},"content":{"rendered":"<p>&nbsp;<br \/>\n&nbsp;<br \/>\n&nbsp;<br \/>\n&nbsp;<br \/>\n&nbsp;<br \/>\n&nbsp;<br \/>\n&nbsp;<\/p>\n<h2 style=\"text-align: center\">FOTOGRAFIA AL TEMPO DEL CORONAVIRUS<\/h2>\n<h2 style=\"text-align: center\">\u00a0alcuni esempi<br \/>\na cura di Carlo Cavicchio<\/h2>\n<p>&nbsp;<br \/>\nConfrontandomi con diversi fotoamatori, ma preferirei usare il temine autori, capisco quanto sia difficile portare avanti i propri lavori fotografici in questo momento. Parecchi hanno una sorta di blocco, un rifiuto, probabilmente perch\u00e9 le conseguenze dell\u2019epidemia sono diverse per ognuno di noi.<br \/>\nAltri autori invece si ingegnano e realizzano immagini interessanti, valide, sempre divisi sui due fronti: fotografia artistica o fotografia di reportage.<br \/>\nVi \u00e8 poi il numero infinito di immagini create da chi non \u00e8 un appassionato ma un semplice utilizzatore della fotocamera del proprio smartphone e non rinuncia a seguire alcune dinamiche che trova sui social.<br \/>\nAlcune delle fotografie pi\u00f9 importanti del XXI secolo sono state scattate da non professionisti, con mezzi di scarsa qualit\u00e0, per esempio la prima immagine di Saddam dopo la sua morte, ma potrei citarne molte altre.<br \/>\nQuindi sappiamo bene che anche le immagini di chi non ha letto il libro di Susan Sontag e non ha una sfilza di obiettivi per la sua amata reflex, possono avere un grande valore, talvolta sorprendente.<br \/>\n&nbsp;<br \/>\nCi sono lunghi periodi in cui non fotografo per svariati motivi, anche adesso non riesco a farlo, tanto pi\u00f9 che da sempre la mia ricerca \u00e8 la citt\u00e0 vuota, metafisica. E oggi ne sono nauseato.<br \/>\nIn questi momenti pi\u00f9 o meno lunghi di digiuno fotografico mi rifugio nella lettura di un piccolo libro per me fondamentale: \u201cle fotografie degli altri\u201d che parla del lavoro di Joachim Schmid.<br \/>\nE di conseguenza mi prende la voglia di riempire il mio archivio di immagini che mi interessano, in sostanza le rubo (1).<br \/>\nUn furto che non frutta nulla, non si possono \u201crivendere\u201d ma sono raccolte che mi servono per ragionare a vari livelli, per capire, per confrontarmi. Sono certo che nella vastit\u00e0 del web c\u2019\u00e8 sempre un autore che ha scattato una fotografia come avrei voluto farla io, anzi spesso \u00e8 meglio di come avrei potuto farla. Di certo non \u00e8 in una risoluzione che consente la stampa ma la metto in una cartella ad hoc, la faccio mia, la condivido con amici, ci ragiono e far\u00e0 parte del mio bagaglio iconografico da cui trarre ispirazione.<br \/>\nNon c\u2019\u00e8 nulla di male ad avere dei modelli di riferimento, basta leggere l\u2019autobiografia di Giorgio De Chirico, ritenuto uno degli artisti pi\u00f9 originali del \u2018900, per capire che anche i pi\u00f9 grandi hanno le loro fonti di ispirazione.<br \/>\n&nbsp;<br \/>\nDopo questa lunga premessa mostro una serie di immagini al tempo del coronavirus, di vario tipo: artistiche, di reportage, di archivio e vernacolari ma \u00e8 evidente, ancora una volta, che le categorie troppo definite ci vanno strette.<br \/>\nLa contessa di Castiglione (2), Marcel Duchamp (in Rrose S\u00e9lavy) fino ad arrivare a Cindy Sherman (3) sono le fonti nobili di questo modo di porsi di fronte ad una macchina da presa. Chiss\u00e0 quanti tra queste migliaia di fotografi, che si sono travestiti e immortalati, ne sono pienamente consapevoli.<br \/>\nIl risultato \u00e8 come minimo divertente, forse artistico ma di certo anche testimone di un momento storico che l\u2019umanit\u00e0 ha gi\u00e0 vissuto senza la possibilit\u00e0 di creare immagini con questa facilit\u00e0.<br \/>\n.<br \/>\n<figure id=\"attachment_25726\" aria-describedby=\"caption-attachment-25726\" style=\"width: 580px\" class=\"wp-caption aligncenter\"><img loading=\"lazy\" decoding=\"async\" class=\"size-full wp-image-25726\" src=\"https:\/\/fiaf.net\/agoradicult\/wp-content\/uploads\/sites\/23\/2020\/10\/contessa1.jpg\" alt=\"\" width=\"580\" height=\"730\" srcset=\"https:\/\/fiaf.net\/agoradicult\/wp-content\/uploads\/sites\/23\/2020\/10\/contessa1.jpg 580w, https:\/\/fiaf.net\/agoradicult\/wp-content\/uploads\/sites\/23\/2020\/10\/contessa1-238x300.jpg 238w\" sizes=\"auto, (max-width: 580px) 100vw, 580px\" \/><figcaption id=\"caption-attachment-25726\" class=\"wp-caption-text\">La Contessa di Castiglione fotografata da Pierre-Luois Pierson 1863-66 circa.<\/figcaption><\/figure>\n&nbsp;<br \/>\n<figure id=\"attachment_25727\" aria-describedby=\"caption-attachment-25727\" style=\"width: 580px\" class=\"wp-caption aligncenter\"><img loading=\"lazy\" decoding=\"async\" class=\"size-full wp-image-25727\" src=\"https:\/\/fiaf.net\/agoradicult\/wp-content\/uploads\/sites\/23\/2020\/10\/contessa2.jpg\" alt=\"\" width=\"580\" height=\"741\" srcset=\"https:\/\/fiaf.net\/agoradicult\/wp-content\/uploads\/sites\/23\/2020\/10\/contessa2.jpg 580w, https:\/\/fiaf.net\/agoradicult\/wp-content\/uploads\/sites\/23\/2020\/10\/contessa2-235x300.jpg 235w\" sizes=\"auto, (max-width: 580px) 100vw, 580px\" \/><figcaption id=\"caption-attachment-25727\" class=\"wp-caption-text\">Scherzo di follia (1863-66), Pierre-Luois Pierson<\/figcaption><\/figure>\n&nbsp;<br \/>\n<figure id=\"attachment_25728\" aria-describedby=\"caption-attachment-25728\" style=\"width: 580px\" class=\"wp-caption aligncenter\"><img loading=\"lazy\" decoding=\"async\" class=\"size-full wp-image-25728\" src=\"https:\/\/fiaf.net\/agoradicult\/wp-content\/uploads\/sites\/23\/2020\/10\/marcel-duchamp-2bassa.jpg\" alt=\"\" width=\"580\" height=\"731\" srcset=\"https:\/\/fiaf.net\/agoradicult\/wp-content\/uploads\/sites\/23\/2020\/10\/marcel-duchamp-2bassa.jpg 580w, https:\/\/fiaf.net\/agoradicult\/wp-content\/uploads\/sites\/23\/2020\/10\/marcel-duchamp-2bassa-238x300.jpg 238w\" sizes=\"auto, (max-width: 580px) 100vw, 580px\" \/><figcaption id=\"caption-attachment-25728\" class=\"wp-caption-text\">Marcel Duchamp (in Rrose S\u00e9lavy)<\/figcaption><\/figure>\n&nbsp;<br \/>\n<figure id=\"attachment_25729\" aria-describedby=\"caption-attachment-25729\" style=\"width: 580px\" class=\"wp-caption aligncenter\"><img loading=\"lazy\" decoding=\"async\" class=\"size-full wp-image-25729\" src=\"https:\/\/fiaf.net\/agoradicult\/wp-content\/uploads\/sites\/23\/2020\/10\/Catalogue_Cover._web-bassa.jpg\" alt=\"\" width=\"580\" height=\"759\" srcset=\"https:\/\/fiaf.net\/agoradicult\/wp-content\/uploads\/sites\/23\/2020\/10\/Catalogue_Cover._web-bassa.jpg 580w, https:\/\/fiaf.net\/agoradicult\/wp-content\/uploads\/sites\/23\/2020\/10\/Catalogue_Cover._web-bassa-229x300.jpg 229w\" sizes=\"auto, (max-width: 580px) 100vw, 580px\" \/><figcaption id=\"caption-attachment-25729\" class=\"wp-caption-text\">Cindy Sherman<\/figcaption><\/figure>\n&nbsp;<br \/>\n<figure id=\"attachment_25730\" aria-describedby=\"caption-attachment-25730\" style=\"width: 580px\" class=\"wp-caption aligncenter\"><img loading=\"lazy\" decoding=\"async\" class=\"size-full wp-image-25730\" src=\"https:\/\/fiaf.net\/agoradicult\/wp-content\/uploads\/sites\/23\/2020\/10\/cindy-sherman-2-bassa.jpg\" alt=\"\" width=\"580\" height=\"741\" srcset=\"https:\/\/fiaf.net\/agoradicult\/wp-content\/uploads\/sites\/23\/2020\/10\/cindy-sherman-2-bassa.jpg 580w, https:\/\/fiaf.net\/agoradicult\/wp-content\/uploads\/sites\/23\/2020\/10\/cindy-sherman-2-bassa-235x300.jpg 235w\" sizes=\"auto, (max-width: 580px) 100vw, 580px\" \/><figcaption id=\"caption-attachment-25730\" class=\"wp-caption-text\">Cindy Sherman<\/figcaption><\/figure>\n&nbsp;<br \/>\n<figure id=\"attachment_25731\" aria-describedby=\"caption-attachment-25731\" style=\"width: 580px\" class=\"wp-caption aligncenter\"><img loading=\"lazy\" decoding=\"async\" class=\"size-full wp-image-25731\" src=\"https:\/\/fiaf.net\/agoradicult\/wp-content\/uploads\/sites\/23\/2020\/10\/film-still-35-cindy-sherman.jpg\" alt=\"\" width=\"580\" height=\"858\" srcset=\"https:\/\/fiaf.net\/agoradicult\/wp-content\/uploads\/sites\/23\/2020\/10\/film-still-35-cindy-sherman.jpg 580w, https:\/\/fiaf.net\/agoradicult\/wp-content\/uploads\/sites\/23\/2020\/10\/film-still-35-cindy-sherman-203x300.jpg 203w\" sizes=\"auto, (max-width: 580px) 100vw, 580px\" \/><figcaption id=\"caption-attachment-25731\" class=\"wp-caption-text\">Cindy Sherman<\/figcaption><\/figure>\n&nbsp;<br \/>\n.<br \/>\nUltimo gruppo sono immagini vernacolari, trovate in rete e si intitolano \u201cbuttare la spazzatura con stile in tempo di coronavirus\u201d, divertenti ma non cos\u00ec banali come pu\u00f2 sembrare \u2026<br \/>\n<figure id=\"attachment_25732\" aria-describedby=\"caption-attachment-25732\" style=\"width: 580px\" class=\"wp-caption aligncenter\"><img loading=\"lazy\" decoding=\"async\" class=\"size-full wp-image-25732\" src=\"https:\/\/fiaf.net\/agoradicult\/wp-content\/uploads\/sites\/23\/2020\/10\/immondizia1b.jpg\" alt=\"\" width=\"580\" height=\"725\" srcset=\"https:\/\/fiaf.net\/agoradicult\/wp-content\/uploads\/sites\/23\/2020\/10\/immondizia1b.jpg 580w, https:\/\/fiaf.net\/agoradicult\/wp-content\/uploads\/sites\/23\/2020\/10\/immondizia1b-240x300.jpg 240w\" sizes=\"auto, (max-width: 580px) 100vw, 580px\" \/><figcaption id=\"caption-attachment-25732\" class=\"wp-caption-text\">buttare la spazzatura con stile n.1<\/figcaption><\/figure>\n&nbsp;<br \/>\n<figure id=\"attachment_25733\" aria-describedby=\"caption-attachment-25733\" style=\"width: 580px\" class=\"wp-caption aligncenter\"><img loading=\"lazy\" decoding=\"async\" class=\"size-full wp-image-25733\" src=\"https:\/\/fiaf.net\/agoradicult\/wp-content\/uploads\/sites\/23\/2020\/10\/immondizia2b.jpg\" alt=\"\" width=\"580\" height=\"435\" srcset=\"https:\/\/fiaf.net\/agoradicult\/wp-content\/uploads\/sites\/23\/2020\/10\/immondizia2b.jpg 580w, https:\/\/fiaf.net\/agoradicult\/wp-content\/uploads\/sites\/23\/2020\/10\/immondizia2b-300x225.jpg 300w\" sizes=\"auto, (max-width: 580px) 100vw, 580px\" \/><figcaption id=\"caption-attachment-25733\" class=\"wp-caption-text\">buttare la spazzatura con stile n.2.<\/figcaption><\/figure>\n&nbsp;<br \/>\n<figure id=\"attachment_25734\" aria-describedby=\"caption-attachment-25734\" style=\"width: 580px\" class=\"wp-caption aligncenter\"><img loading=\"lazy\" decoding=\"async\" class=\"size-full wp-image-25734\" src=\"https:\/\/fiaf.net\/agoradicult\/wp-content\/uploads\/sites\/23\/2020\/10\/immondizia3b.jpg\" alt=\"\" width=\"580\" height=\"725\" srcset=\"https:\/\/fiaf.net\/agoradicult\/wp-content\/uploads\/sites\/23\/2020\/10\/immondizia3b.jpg 580w, https:\/\/fiaf.net\/agoradicult\/wp-content\/uploads\/sites\/23\/2020\/10\/immondizia3b-240x300.jpg 240w\" sizes=\"auto, (max-width: 580px) 100vw, 580px\" \/><figcaption id=\"caption-attachment-25734\" class=\"wp-caption-text\">buttare la spazzatura con stile n.3<\/figcaption><\/figure>\n&nbsp;<br \/>\n<figure id=\"attachment_25736\" aria-describedby=\"caption-attachment-25736\" style=\"width: 580px\" class=\"wp-caption aligncenter\"><img loading=\"lazy\" decoding=\"async\" class=\"size-full wp-image-25736\" src=\"https:\/\/fiaf.net\/agoradicult\/wp-content\/uploads\/sites\/23\/2020\/10\/immondizia4b.jpg\" alt=\"\" width=\"580\" height=\"725\" srcset=\"https:\/\/fiaf.net\/agoradicult\/wp-content\/uploads\/sites\/23\/2020\/10\/immondizia4b.jpg 580w, https:\/\/fiaf.net\/agoradicult\/wp-content\/uploads\/sites\/23\/2020\/10\/immondizia4b-240x300.jpg 240w\" sizes=\"auto, (max-width: 580px) 100vw, 580px\" \/><figcaption id=\"caption-attachment-25736\" class=\"wp-caption-text\">buttare la spazzatura con stile n.4<\/figcaption><\/figure>\n&nbsp;<br \/>\n<figure id=\"attachment_25737\" aria-describedby=\"caption-attachment-25737\" style=\"width: 580px\" class=\"wp-caption aligncenter\"><img loading=\"lazy\" decoding=\"async\" class=\"size-full wp-image-25737\" src=\"https:\/\/fiaf.net\/agoradicult\/wp-content\/uploads\/sites\/23\/2020\/10\/immondizia5b.jpg\" alt=\"\" width=\"580\" height=\"725\" srcset=\"https:\/\/fiaf.net\/agoradicult\/wp-content\/uploads\/sites\/23\/2020\/10\/immondizia5b.jpg 580w, https:\/\/fiaf.net\/agoradicult\/wp-content\/uploads\/sites\/23\/2020\/10\/immondizia5b-240x300.jpg 240w\" sizes=\"auto, (max-width: 580px) 100vw, 580px\" \/><figcaption id=\"caption-attachment-25737\" class=\"wp-caption-text\">buttare la spazzatura con stile n.5.<\/figcaption><\/figure>\n&nbsp;<br \/>\n<figure id=\"attachment_25738\" aria-describedby=\"caption-attachment-25738\" style=\"width: 580px\" class=\"wp-caption aligncenter\"><img loading=\"lazy\" decoding=\"async\" class=\"size-full wp-image-25738\" src=\"https:\/\/fiaf.net\/agoradicult\/wp-content\/uploads\/sites\/23\/2020\/10\/immondizia6b.jpg\" alt=\"\" width=\"580\" height=\"781\" srcset=\"https:\/\/fiaf.net\/agoradicult\/wp-content\/uploads\/sites\/23\/2020\/10\/immondizia6b.jpg 580w, https:\/\/fiaf.net\/agoradicult\/wp-content\/uploads\/sites\/23\/2020\/10\/immondizia6b-223x300.jpg 223w\" sizes=\"auto, (max-width: 580px) 100vw, 580px\" \/><figcaption id=\"caption-attachment-25738\" class=\"wp-caption-text\">buttare la spazzatura con stile n.6.<\/figcaption><\/figure>\n.<br \/>\n&nbsp;<br \/>\nIl lavoro di Davide Torbidi, che vive a Codogno, non \u00e8 concettualmente molto diverso da quello precedente, per\u00f2 l\u2019autore \u00e8 un fotografo e si vede.<br \/>\nUsa lo strumento in modo professionale, luci e atmosfera sono molto curate. E di sicuro conosce il lavoro di Cindy Sherman.<br \/>\nFotografia artistica? si forse, ma le sue figlie cosa mostreranno alle loro nipoti tra cinquant\u2019anni?<br \/>\nMostreranno le fotografie di Codogno deserta \u2026 oppure pi\u00f9 volentieri le fotografie che quel matto del nonno ha scattato in quel momento cos\u00ec alienante, trovando inoltre un bel modo per stare tutti insieme?<br \/>\nQuindi anche documento, parola che nell\u2019ambito di un circolo, se detta fuori luogo, pu\u00f2 mettere in discussione amicizie di lunga data.<br \/>\n.<br \/>\n<figure id=\"attachment_25739\" aria-describedby=\"caption-attachment-25739\" style=\"width: 580px\" class=\"wp-caption aligncenter\"><img loading=\"lazy\" decoding=\"async\" class=\"size-full wp-image-25739\" src=\"https:\/\/fiaf.net\/agoradicult\/wp-content\/uploads\/sites\/23\/2020\/10\/davide2.jpg\" alt=\"\" width=\"580\" height=\"387\" srcset=\"https:\/\/fiaf.net\/agoradicult\/wp-content\/uploads\/sites\/23\/2020\/10\/davide2.jpg 580w, https:\/\/fiaf.net\/agoradicult\/wp-content\/uploads\/sites\/23\/2020\/10\/davide2-300x200.jpg 300w\" sizes=\"auto, (max-width: 580px) 100vw, 580px\" \/><figcaption id=\"caption-attachment-25739\" class=\"wp-caption-text\">Codogno 2020 \u2013 n.1<\/figcaption><\/figure>\n&nbsp;<br \/>\n<figure id=\"attachment_25740\" aria-describedby=\"caption-attachment-25740\" style=\"width: 580px\" class=\"wp-caption aligncenter\"><img loading=\"lazy\" decoding=\"async\" class=\"size-full wp-image-25740\" src=\"https:\/\/fiaf.net\/agoradicult\/wp-content\/uploads\/sites\/23\/2020\/10\/davide3.jpg\" alt=\"\" width=\"580\" height=\"387\" srcset=\"https:\/\/fiaf.net\/agoradicult\/wp-content\/uploads\/sites\/23\/2020\/10\/davide3.jpg 580w, https:\/\/fiaf.net\/agoradicult\/wp-content\/uploads\/sites\/23\/2020\/10\/davide3-300x200.jpg 300w\" sizes=\"auto, (max-width: 580px) 100vw, 580px\" \/><figcaption id=\"caption-attachment-25740\" class=\"wp-caption-text\">Codogno 2020 \u2013 n.2<\/figcaption><\/figure>\n&nbsp;<br \/>\n<figure id=\"attachment_25741\" aria-describedby=\"caption-attachment-25741\" style=\"width: 580px\" class=\"wp-caption aligncenter\"><img loading=\"lazy\" decoding=\"async\" class=\"size-full wp-image-25741\" src=\"https:\/\/fiaf.net\/agoradicult\/wp-content\/uploads\/sites\/23\/2020\/10\/davide4.jpg\" alt=\"\" width=\"580\" height=\"387\" srcset=\"https:\/\/fiaf.net\/agoradicult\/wp-content\/uploads\/sites\/23\/2020\/10\/davide4.jpg 580w, https:\/\/fiaf.net\/agoradicult\/wp-content\/uploads\/sites\/23\/2020\/10\/davide4-300x200.jpg 300w\" sizes=\"auto, (max-width: 580px) 100vw, 580px\" \/><figcaption id=\"caption-attachment-25741\" class=\"wp-caption-text\">Codogno 2020 \u2013 n.3<\/figcaption><\/figure>\n&nbsp;<br \/>\n<figure id=\"attachment_25742\" aria-describedby=\"caption-attachment-25742\" style=\"width: 580px\" class=\"wp-caption aligncenter\"><img loading=\"lazy\" decoding=\"async\" class=\"size-full wp-image-25742\" src=\"https:\/\/fiaf.net\/agoradicult\/wp-content\/uploads\/sites\/23\/2020\/10\/davide5.jpg\" alt=\"\" width=\"580\" height=\"387\" srcset=\"https:\/\/fiaf.net\/agoradicult\/wp-content\/uploads\/sites\/23\/2020\/10\/davide5.jpg 580w, https:\/\/fiaf.net\/agoradicult\/wp-content\/uploads\/sites\/23\/2020\/10\/davide5-300x200.jpg 300w\" sizes=\"auto, (max-width: 580px) 100vw, 580px\" \/><figcaption id=\"caption-attachment-25742\" class=\"wp-caption-text\">Codogno 2020 \u2013 n.4<\/figcaption><\/figure>\n.<br \/>\nChe dire allora delle fotografie di Marco Introini, rubate dalla sua pagina facebook, rappresentano una Milano deserta, lui stesso le ha postate quasi ogni giorno dall\u2019inizio della pandemia. Documentano si la citt\u00e0 vuota, ma alla domenica mattina o nei giorni di festa negli anni precedenti al 2020, come quella famosa pasqua del 1978 quando Gabriele Basilico ne approfitt\u00f2 per sviluppare il suo lavoro \u201critratti di Fabbriche\u201d.<br \/>\nQuindi se la fotografia \u00e8 documento va sempre spiegata, magari con una semplice didascalia, altrimenti possiamo commettere grossolani errori.<br \/>\nData e luogo, ci diceva sempre il nostro Sergio Magni ma questa \u00e8 un\u2019altra stroria &#8230; (4)(5)<br \/>\n.<br \/>\n&nbsp;<br \/>\n<figure id=\"attachment_25744\" aria-describedby=\"caption-attachment-25744\" style=\"width: 580px\" class=\"wp-caption aligncenter\"><img loading=\"lazy\" decoding=\"async\" class=\"size-full wp-image-25744\" src=\"https:\/\/fiaf.net\/agoradicult\/wp-content\/uploads\/sites\/23\/2020\/10\/introini2.jpg\" alt=\"\" width=\"580\" height=\"436\" srcset=\"https:\/\/fiaf.net\/agoradicult\/wp-content\/uploads\/sites\/23\/2020\/10\/introini2.jpg 580w, https:\/\/fiaf.net\/agoradicult\/wp-content\/uploads\/sites\/23\/2020\/10\/introini2-300x226.jpg 300w\" sizes=\"auto, (max-width: 580px) 100vw, 580px\" \/><figcaption id=\"caption-attachment-25744\" class=\"wp-caption-text\">In gita per Milano. Piazza. Missori con Giovanni Muzio (1950-1952) e rovine di San Giovanni in Conca (v sec.).\u00a0 dall\u2019archivio_\u00a9Marco Introini_2015.05<\/figcaption><\/figure>\n&nbsp;<br \/>\n<figure id=\"attachment_25746\" aria-describedby=\"caption-attachment-25746\" style=\"width: 580px\" class=\"wp-caption aligncenter\"><img loading=\"lazy\" decoding=\"async\" class=\"size-full wp-image-25746\" src=\"https:\/\/fiaf.net\/agoradicult\/wp-content\/uploads\/sites\/23\/2020\/10\/introini4.jpg\" alt=\"\" width=\"580\" height=\"435\" srcset=\"https:\/\/fiaf.net\/agoradicult\/wp-content\/uploads\/sites\/23\/2020\/10\/introini4.jpg 580w, https:\/\/fiaf.net\/agoradicult\/wp-content\/uploads\/sites\/23\/2020\/10\/introini4-300x225.jpg 300w\" sizes=\"auto, (max-width: 580px) 100vw, 580px\" \/><figcaption id=\"caption-attachment-25746\" class=\"wp-caption-text\">In gita per Milano. Via Verdi dall\u2019archivio_\u00a9Marco Introini_2017.06<\/figcaption><\/figure>\n&nbsp;<br \/>\n<figure id=\"attachment_25745\" aria-describedby=\"caption-attachment-25745\" style=\"width: 580px\" class=\"wp-caption aligncenter\"><img loading=\"lazy\" decoding=\"async\" class=\"size-full wp-image-25745\" src=\"https:\/\/fiaf.net\/agoradicult\/wp-content\/uploads\/sites\/23\/2020\/10\/introini3.jpg\" alt=\"\" width=\"580\" height=\"435\" srcset=\"https:\/\/fiaf.net\/agoradicult\/wp-content\/uploads\/sites\/23\/2020\/10\/introini3.jpg 580w, https:\/\/fiaf.net\/agoradicult\/wp-content\/uploads\/sites\/23\/2020\/10\/introini3-300x225.jpg 300w\" sizes=\"auto, (max-width: 580px) 100vw, 580px\" \/><figcaption id=\"caption-attachment-25745\" class=\"wp-caption-text\">Via Verdi angolo via Monte di Piet\u00e0, dall\u2019archivio_\u00a9Marco Introini_2017.06<\/figcaption><\/figure>\n&nbsp;<br \/>\n<figure id=\"attachment_25743\" aria-describedby=\"caption-attachment-25743\" style=\"width: 580px\" class=\"wp-caption aligncenter\"><img loading=\"lazy\" decoding=\"async\" class=\"size-full wp-image-25743\" src=\"https:\/\/fiaf.net\/agoradicult\/wp-content\/uploads\/sites\/23\/2020\/10\/introini1.jpg\" alt=\"\" width=\"580\" height=\"435\" srcset=\"https:\/\/fiaf.net\/agoradicult\/wp-content\/uploads\/sites\/23\/2020\/10\/introini1.jpg 580w, https:\/\/fiaf.net\/agoradicult\/wp-content\/uploads\/sites\/23\/2020\/10\/introini1-300x225.jpg 300w\" sizes=\"auto, (max-width: 580px) 100vw, 580px\" \/><figcaption id=\"caption-attachment-25743\" class=\"wp-caption-text\">In gita per Milano. Via Mercanti, dall\u2019archivio_\u00a9Marco Introini_2015.02<\/figcaption><\/figure>\n.<br \/>\nIn ultimo, ho scelto quattro immagini come esempio, realizzate da Alberto Scandalitta (il suo lavoro \u00e8 ben pi\u00f9 corposo e compiuto).<br \/>\nSi tratta di un semplice reportage, formalmente ispirato alla fotografia classica nel buon nome del nostro circolo: il CFM.<br \/>\n&nbsp;<br \/>\n<figure id=\"attachment_25750\" aria-describedby=\"caption-attachment-25750\" style=\"width: 580px\" class=\"wp-caption aligncenter\"><img loading=\"lazy\" decoding=\"async\" class=\"size-full wp-image-25750\" src=\"https:\/\/fiaf.net\/agoradicult\/wp-content\/uploads\/sites\/23\/2020\/10\/14b.jpg\" alt=\"\" width=\"580\" height=\"378\" srcset=\"https:\/\/fiaf.net\/agoradicult\/wp-content\/uploads\/sites\/23\/2020\/10\/14b.jpg 580w, https:\/\/fiaf.net\/agoradicult\/wp-content\/uploads\/sites\/23\/2020\/10\/14b-300x196.jpg 300w\" sizes=\"auto, (max-width: 580px) 100vw, 580px\" \/><figcaption id=\"caption-attachment-25750\" class=\"wp-caption-text\">Alberto Scandalitta 1<\/figcaption><\/figure>\n&nbsp;<br \/>\n<figure id=\"attachment_25747\" aria-describedby=\"caption-attachment-25747\" style=\"width: 580px\" class=\"wp-caption aligncenter\"><img loading=\"lazy\" decoding=\"async\" class=\"size-full wp-image-25747\" src=\"https:\/\/fiaf.net\/agoradicult\/wp-content\/uploads\/sites\/23\/2020\/10\/2b.jpg\" alt=\"\" width=\"580\" height=\"384\" srcset=\"https:\/\/fiaf.net\/agoradicult\/wp-content\/uploads\/sites\/23\/2020\/10\/2b.jpg 580w, https:\/\/fiaf.net\/agoradicult\/wp-content\/uploads\/sites\/23\/2020\/10\/2b-300x199.jpg 300w\" sizes=\"auto, (max-width: 580px) 100vw, 580px\" \/><figcaption id=\"caption-attachment-25747\" class=\"wp-caption-text\">Alberto Scandalitta 2<\/figcaption><\/figure>\n&nbsp;<br \/>\n<figure id=\"attachment_25749\" aria-describedby=\"caption-attachment-25749\" style=\"width: 580px\" class=\"wp-caption aligncenter\"><img loading=\"lazy\" decoding=\"async\" class=\"size-full wp-image-25749\" src=\"https:\/\/fiaf.net\/agoradicult\/wp-content\/uploads\/sites\/23\/2020\/10\/10b.jpg\" alt=\"\" width=\"580\" height=\"387\" srcset=\"https:\/\/fiaf.net\/agoradicult\/wp-content\/uploads\/sites\/23\/2020\/10\/10b.jpg 580w, https:\/\/fiaf.net\/agoradicult\/wp-content\/uploads\/sites\/23\/2020\/10\/10b-300x200.jpg 300w\" sizes=\"auto, (max-width: 580px) 100vw, 580px\" \/><figcaption id=\"caption-attachment-25749\" class=\"wp-caption-text\">Alberto Scandalitta 3<\/figcaption><\/figure>\n&nbsp;<br \/>\n<figure id=\"attachment_25748\" aria-describedby=\"caption-attachment-25748\" style=\"width: 580px\" class=\"wp-caption aligncenter\"><img loading=\"lazy\" decoding=\"async\" class=\"size-full wp-image-25748\" src=\"https:\/\/fiaf.net\/agoradicult\/wp-content\/uploads\/sites\/23\/2020\/10\/6b.jpg\" alt=\"\" width=\"580\" height=\"384\" srcset=\"https:\/\/fiaf.net\/agoradicult\/wp-content\/uploads\/sites\/23\/2020\/10\/6b.jpg 580w, https:\/\/fiaf.net\/agoradicult\/wp-content\/uploads\/sites\/23\/2020\/10\/6b-300x199.jpg 300w\" sizes=\"auto, (max-width: 580px) 100vw, 580px\" \/><figcaption id=\"caption-attachment-25748\" class=\"wp-caption-text\">Alberto Scandalitta 4<\/figcaption><\/figure>\n&nbsp;<br \/>\nSemplice si, ma solo per chi lo sa fare! E sa cogliere il momento giusto con rispetto anche della grammatica (ammesso che la fotografia ne abbia una), rispetto per le forme, le inquadrature, le luci, i tagli etc. Abbiamo discusso a lungo, una sera via skipe con un gruppo di noi, se \u00e8 un \u201cbanale\u201d reportage. Inutile dire che per me \u00e8 lavoro molto ben fatto e la sua apparente semplicit\u00e0 ne \u00e8 la vera forza.<br \/>\nRimane una grande curiosit\u00e0: sapere cosa rimarr\u00e0 di tutti questi lavori fra qualche decennio.<br \/>\n&nbsp;<br \/>\nCarlo Cavicchio<br \/>\nTutor Fotografico FIAF<br \/>\n&nbsp;<\/p>\n<ul>\n<li>articolo di Giuseppe Bartoli \u201cappropriation art\u201d: <a href=\"https:\/\/fiaf.net\/agoradicult\/2019\/02\/03\/appropriation-art-di-gabriele-bartoli\/\">https:\/\/fiaf.net\/agoradicult\/2019\/02\/03\/appropriation-art-di-gabriele-bartoli\/<\/a><\/li>\n<li><a href=\"https:\/\/www.vanillamagazine.it\/i-400-ritratti-della-contessa-di-castiglione-la-donna-piu-bella-e-vanitosa-dell-800-1\/\" target=\"_blank\" rel=\"noopener\">https:\/\/www.vanillamagazine.it\/i-400-ritratti-della-contessa-di-castiglione-la-donna-piu-bella-e-vanitosa-dell-800-1\/<\/a><\/li>\n<li><a href=\"https:\/\/fiaf.net\/agoradicult\/2012\/05\/17\/cindy-sherman-di-piera-cavalieri\/\">https:\/\/fiaf.net\/agoradicult\/2012\/05\/17\/cindy-sherman-di-piera-cavalieri\/<\/a><\/li>\n<li>Leggere una fotografia &#8211; <a href=\"https:\/\/fiaf.net\/agoradicult\/2013\/02\/03\/leggere-fotografia-una-ricerca-a-8-voci-sullinterpretazione-dellimmagine-fotografica\/\">https:\/\/fiaf.net\/agoradicult\/2013\/02\/03\/leggere-fotografia-una-ricerca-a-8-voci-sullinterpretazione-dellimmagine-fotografica\/<\/a><\/li>\n<li>Sergio Magni &#8211; <a href=\"https:\/\/fiaf.net\/agoradicult\/2015\/10\/18\/sergio-magni-di-silvano-bicocchi-e-c-f-milanese\/\">https:\/\/fiaf.net\/agoradicult\/2015\/10\/18\/sergio-magni-di-silvano-bicocchi-e-c-f-milanese\/<\/a><\/li>\n<\/ul>\n<p>&nbsp;<\/p>\n\n    <div class=\"xs_social_share_widget xs_share_url after_content \t\tmain_content  wslu-style-1 wslu-share-box-shaped wslu-fill-colored wslu-none wslu-share-horizontal wslu-theme-font-no wslu-main_content\">\n\n\t\t\n        <ul>\n\t\t\t        <\/ul>\n    <\/div> \n","protected":false},"excerpt":{"rendered":"<p>&nbsp; &nbsp; &nbsp; &nbsp; &nbsp; &nbsp; &nbsp; FOTOGRAFIA AL TEMPO DEL CORONAVIRUS \u00a0alcuni esempi a cura di Carlo Cavicchio &nbsp; &hellip;<\/p>\n","protected":false},"author":51,"featured_media":25727,"comment_status":"open","ping_status":"open","sticky":false,"template":"","format":"standard","meta":{"_acf_changed":false,"footnotes":""},"categories":[7,16],"tags":[],"class_list":["post-25725","post","type-post","status-publish","format-standard","has-post-thumbnail","hentry","category-archivio","category-cronache"],"acf":[],"_links":{"self":[{"href":"https:\/\/fiaf.net\/agoradicult\/wp-json\/wp\/v2\/posts\/25725","targetHints":{"allow":["GET"]}}],"collection":[{"href":"https:\/\/fiaf.net\/agoradicult\/wp-json\/wp\/v2\/posts"}],"about":[{"href":"https:\/\/fiaf.net\/agoradicult\/wp-json\/wp\/v2\/types\/post"}],"author":[{"embeddable":true,"href":"https:\/\/fiaf.net\/agoradicult\/wp-json\/wp\/v2\/users\/51"}],"replies":[{"embeddable":true,"href":"https:\/\/fiaf.net\/agoradicult\/wp-json\/wp\/v2\/comments?post=25725"}],"version-history":[{"count":0,"href":"https:\/\/fiaf.net\/agoradicult\/wp-json\/wp\/v2\/posts\/25725\/revisions"}],"wp:featuredmedia":[{"embeddable":true,"href":"https:\/\/fiaf.net\/agoradicult\/wp-json\/wp\/v2\/media\/25727"}],"wp:attachment":[{"href":"https:\/\/fiaf.net\/agoradicult\/wp-json\/wp\/v2\/media?parent=25725"}],"wp:term":[{"taxonomy":"category","embeddable":true,"href":"https:\/\/fiaf.net\/agoradicult\/wp-json\/wp\/v2\/categories?post=25725"},{"taxonomy":"post_tag","embeddable":true,"href":"https:\/\/fiaf.net\/agoradicult\/wp-json\/wp\/v2\/tags?post=25725"}],"curies":[{"name":"wp","href":"https:\/\/api.w.org\/{rel}","templated":true}]}}