{"id":26519,"date":"2021-02-21T11:00:55","date_gmt":"2021-02-21T09:00:55","guid":{"rendered":"https:\/\/fiaf.net\/agoradicult\/?p=26519"},"modified":"2021-02-21T11:00:55","modified_gmt":"2021-02-21T09:00:55","slug":"3-edizione-del-livornophotoday-modalita-online","status":"publish","type":"post","link":"https:\/\/fiaf.net\/agoradicult\/2021\/02\/21\/3-edizione-del-livornophotoday-modalita-online\/","title":{"rendered":"3\u00b0 Edizione del Livorno Photo Day &#8211; Modalit\u00e0 on line"},"content":{"rendered":"<p>&nbsp;<br \/>\n&nbsp;<br \/>\n&nbsp;<br \/>\n&nbsp;<br \/>\n&nbsp;<br \/>\n&nbsp;<br \/>\n&nbsp;<\/p>\n<h2 style=\"text-align: center\">3\u00b0 Edizione del <strong>Livorno Photo Day<\/strong><\/h2>\n<h3 style=\"text-align: center\"><span style=\"color: #ff0000\">Modalit\u00e0 on line<\/span><\/h3>\n<h3 style=\"text-align: center\">Domenica 28\/02\/2021<\/h3>\n<p>&nbsp;<br \/>\n<img loading=\"lazy\" decoding=\"async\" class=\"aligncenter size-full wp-image-26522\" src=\"https:\/\/fiaf.net\/agoradicult\/wp-content\/uploads\/sites\/23\/2021\/02\/05_-LOCANDINA-LIVORNO-2021modificato-e1613856886912.jpg\" alt=\"\" width=\"580\" height=\"770\" \/><br \/>\n&nbsp;<br \/>\nLivornoPhotoDay \u00e8 una manifestazione fotografica nata nel 2019 da un&#8217;idea di Silvano Bicocchi, Direttore del Dipartimento Cultura FIAF,\u00a0Silvia Tampucci, Vicedirettrice delle Gallerie FIAF e coordinatore dei Laboratori tematici DiCult FIAF per le province di Livorno Lucca e Pisa, Alessio Brondi, Tutor fotografico FIAF e collaboratore dei laboratori DiCult FIAF, e Paolo Bini, Animatore Culturale FIAF e collaboratore dei laboratori DiCult FIAF.<br \/>\nA causa della pandemia che ci ha colpiti, abbiamo deciso di svolgerla in modalit\u00e0 online cos\u00ec da dare continuit\u00e0 al lavoro svolto in questi anni, dando vita ad un momento pi\u00f9 ampio di condivisione, aprendo le porte ad incontri fotografici e scambi culturali.<br \/>\nLa nostra intenzione \u00e8 di realizzare una attivit\u00e0 duratura sul territorio facendo s\u00ec che LivornoPhotoDay possa diventare un appuntamento annuale sempre pi\u00f9 ricco di contenuti, confronto e proposte formative ed informative.<br \/>\nNoi ce la mettiamo tutta!<br \/>\n&nbsp;<\/p>\n<h2 style=\"text-align: center\">Il programma<\/h2>\n<p><strong>Domenica 28 febbraio 2021<\/strong>, in <strong><span style=\"color: #ff0000\">modalit\u00e0 online<\/span><\/strong>, si svolger\u00e0 la <strong>3\u00b0 Edizione del LivornoPhotoDay<\/strong>, una manifestazione aperta a tutti gli appassionati di fotografia.<br \/>\nL\u2019evento, organizzato da <strong>Silvia Tampucci<\/strong>, <strong>Alessio Brondi<\/strong> e <strong>Paolo Bini<\/strong>, prevede un alternarsi di eventi ed incontri che ci faranno conoscere meglio alcuni aspetti legati a questa arte visiva.<br \/>\n<strong>La mattina<\/strong><\/p>\n<ul>\n<li>09:45\u00a0 Il <strong>saluto istituzionale <\/strong>con le seguenti personalit\u00e0:\n<ul>\n<li><strong>Carlo Lucarelli<\/strong>, Delegato Regionale FIAF Toscana.<\/li>\n<li><strong>Simone Lenzi<\/strong>, Assessore alla Cultura del Comune di Livorno.<\/li>\n<li><strong>Silvano Bicocchi<\/strong>, Direttore del Dipartimento Cultura FIAF.<\/li>\n<\/ul>\n<\/li>\n<\/ul>\n<p>&nbsp;<\/p>\n<ul>\n<li>10:00 alle 13:00, Lettura di portfolio in modalit\u00e0 <strong>Face to Face<\/strong>, , con i lettori:\n<ul>\n<li><strong>Silvano Bicocchi,<\/strong> BFI, SemFIAF e Direttore del Dipartimento Cultura FIAF.<\/li>\n<li><strong>Enrico Stefanelli, <\/strong>fotografo, giornalista, curatore e docente in workshop\u00a0di fotografia.<\/li>\n<li><strong>Isabella Tholozan<\/strong>, lettore di fotografia FIAF e capo redattore di FotoIT.<\/li>\n<\/ul>\n<\/li>\n<\/ul>\n<p>&nbsp;<br \/>\n<strong>Il pomeriggio<\/strong><\/p>\n<ul>\n<li>15:00, <strong>Massimo Mazzoli, <\/strong>Lettore di fotografia FIAF con un talk dal titolo \u201cEvoluzione del linguaggio fotografico\u201d;<\/li>\n<li>16:30,<strong> Fabio Moscatelli,\u00a0<\/strong>fotografo romano specializzato in reportage di taglio sociale con la presentazione del suo libro<strong> \u2018NOSTOS\u2019; <\/strong><\/li>\n<li>17:30 <strong>Elaborazione tematica \u201cAmbiente Clima Futuro\u201d <\/strong>progetto nazionale con:\n<ul>\n<li><strong>Silvia Mascagni<\/strong>, Resp.le LIPU Riserva naturale regionale Lago di Santa Luce.<\/li>\n<li><strong>Andrea Daina Palermo, <\/strong>fotografo naturalista, con un intervento &#8220;Zone umide: importanza, minacce e conservazione.\u201d,<\/li>\n<li>introduce <strong>Silvano Bicocchi.<\/strong><\/li>\n<\/ul>\n<\/li>\n<\/ul>\n<ul>\n<li>18:30 <strong>Presentazione della mostra virtuale<\/strong> relativa al <strong>PROGETTO \u2018MEMORIE 2020- andr\u00e0 tutto bene\u2019<\/strong>, curato da <strong>Silvia Tampucci<\/strong>, <strong>Alessio Brondi<\/strong> e <strong>Paolo Bini<\/strong>.<\/li>\n<\/ul>\n<p>&nbsp;<\/p>\n<ul>\n<li><strong>Proclamazione della Giuria del Face to Face<\/strong> dei 3 migliori progetti, tra quelli presentati durante la mattina di letture: i 3 lavori saranno esposti alla <strong>4\u00b0 edizione del LivornoPhotoDay<\/strong> .<\/li>\n<\/ul>\n<p>&nbsp;<br \/>\n&nbsp;<br \/>\n<strong>M<\/strong><strong>odulo di iscrizione all&#8217;evento aperto a tutti:<\/strong><br \/>\n<a href=\"https:\/\/www.flem-eventi.it\/iscrizione-livorno-photo-day-2021\/?fbclid=IwAR1s8LdvNIZ7shU_K0lHV7V70TO0qXPO21AyzKXWjFXOQU1t7FBmQuJ6y58\" target=\"_blank\" rel=\"noopener\">https:\/\/www.flem-eventi.it\/iscrizione-livorno-photo-day-2021\/?fbclid=IwAR1s8LdvNIZ7shU_K0lHV7V70TO0qXPO21AyzKXWjFXOQU1t7FBmQuJ6y58<\/a><br \/>\n&nbsp;<br \/>\n<a href=\"https:\/\/fiaf.net\/agoradicult\/wp-content\/uploads\/sites\/23\/2021\/02\/LivornoPhotoDay_Programma.pdf\">LivornoPhotoDay_Programma<\/a><br \/>\n&nbsp;<br \/>\n&nbsp;<\/p>\n<p style=\"text-align: center\"><img loading=\"lazy\" decoding=\"async\" class=\"aligncenter size-full wp-image-26082\" src=\"https:\/\/fiaf.net\/agoradicult\/wp-content\/uploads\/sites\/23\/2020\/11\/logo-70FIAF-02.jpg\" alt=\"\" width=\"176\" height=\"105\" \/><\/p>\n<h2 style=\"text-align: center\">Campagna di tesseramento alla FIAF 2021<\/h2>\n<ul>\n<li>Offerta straordinaria e gratuita di attivit\u00e0 on-line:\u00a0<a href=\"https:\/\/fiaf.net\/agoradicult\/wp-content\/uploads\/sites\/23\/2020\/11\/BROCHURE-A4-CONTENUTI-PER-SOCI-E-CIRCOLI-ONLINE.pdf\">BROCHURE A4-CONTENUTI PER SOCI E CIRCOLI ONLINE<\/a><\/li>\n<li>Vantaggi offerti dal tesseramento :\u00a0<a href=\"https:\/\/fiaf.net\/agoradicult\/wp-content\/uploads\/sites\/23\/2020\/12\/SLIDE-vantaggi-tesseramento-2021-attivit\u00e0-FIAF-OK.pdf\">SLIDE vantaggi tesseramento 2021-attivit\u00e0 FIAF &#8211; OK<\/a><\/li>\n<li>Per procedere al tesseramento:\u00a0<a href=\"https:\/\/iscrizioni.fiaf.net\/\">https:\/\/iscrizioni.fiaf.net\/<\/a><\/li>\n<\/ul>\n\n    <div class=\"xs_social_share_widget xs_share_url after_content \t\tmain_content  wslu-style-1 wslu-share-box-shaped wslu-fill-colored wslu-none wslu-share-horizontal wslu-theme-font-no wslu-main_content\">\n\n\t\t\n        <ul>\n\t\t\t        <\/ul>\n    <\/div> \n","protected":false},"excerpt":{"rendered":"<p>&nbsp; &nbsp; &nbsp; &nbsp; &nbsp; &nbsp; &nbsp; 3\u00b0 Edizione del Livorno Photo Day Modalit\u00e0 on line Domenica 28\/02\/2021 &nbsp; &nbsp; &hellip;<\/p>\n","protected":false},"author":51,"featured_media":26522,"comment_status":"open","ping_status":"open","sticky":false,"template":"","format":"standard","meta":{"_acf_changed":false,"footnotes":""},"categories":[7,11],"tags":[],"class_list":["post-26519","post","type-post","status-publish","format-standard","has-post-thumbnail","hentry","category-archivio","category-comunicazioni-del-dipartimento"],"acf":[],"_links":{"self":[{"href":"https:\/\/fiaf.net\/agoradicult\/wp-json\/wp\/v2\/posts\/26519","targetHints":{"allow":["GET"]}}],"collection":[{"href":"https:\/\/fiaf.net\/agoradicult\/wp-json\/wp\/v2\/posts"}],"about":[{"href":"https:\/\/fiaf.net\/agoradicult\/wp-json\/wp\/v2\/types\/post"}],"author":[{"embeddable":true,"href":"https:\/\/fiaf.net\/agoradicult\/wp-json\/wp\/v2\/users\/51"}],"replies":[{"embeddable":true,"href":"https:\/\/fiaf.net\/agoradicult\/wp-json\/wp\/v2\/comments?post=26519"}],"version-history":[{"count":0,"href":"https:\/\/fiaf.net\/agoradicult\/wp-json\/wp\/v2\/posts\/26519\/revisions"}],"wp:featuredmedia":[{"embeddable":true,"href":"https:\/\/fiaf.net\/agoradicult\/wp-json\/wp\/v2\/media\/26522"}],"wp:attachment":[{"href":"https:\/\/fiaf.net\/agoradicult\/wp-json\/wp\/v2\/media?parent=26519"}],"wp:term":[{"taxonomy":"category","embeddable":true,"href":"https:\/\/fiaf.net\/agoradicult\/wp-json\/wp\/v2\/categories?post=26519"},{"taxonomy":"post_tag","embeddable":true,"href":"https:\/\/fiaf.net\/agoradicult\/wp-json\/wp\/v2\/tags?post=26519"}],"curies":[{"name":"wp","href":"https:\/\/api.w.org\/{rel}","templated":true}]}}