{"id":27331,"date":"2021-09-05T10:43:32","date_gmt":"2021-09-05T08:43:32","guid":{"rendered":"https:\/\/fiaf.net\/agoradicult\/?p=27243"},"modified":"2021-10-25T13:16:05","modified_gmt":"2021-10-25T11:16:05","slug":"4-incarico-alla-direzione-del-di-cult-a-cura-di-silvano-bicocchi","status":"publish","type":"post","link":"https:\/\/fiaf.net\/agoradicult\/2021\/09\/05\/4-incarico-alla-direzione-del-di-cult-a-cura-di-silvano-bicocchi\/","title":{"rendered":"4\u00b0 Incarico alla direzione del Di Cult &#8211; a cura di Silvano Bicocchi"},"content":{"rendered":"<p>.<\/p>\n<p>&nbsp;<\/p>\n<p>.<\/p>\n<p>&nbsp;<\/p>\n<p>.<\/p>\n<p>&nbsp;<\/p>\n<p>&nbsp;<\/p>\n<p>&nbsp;<\/p>\n<figure id=\"attachment_27251\" aria-describedby=\"caption-attachment-27251\" style=\"width: 600px\" class=\"wp-caption aligncenter\"><img loading=\"lazy\" decoding=\"async\" class=\"size-full wp-image-27251\" src=\"https:\/\/fiaf.net\/agoradicult\/wp-content\/uploads\/sites\/23\/2021\/09\/001-Alba-di-Agora\u03003.jpeg\" alt=\"\" width=\"600\" height=\"394\" \/><figcaption id=\"caption-attachment-27251\" class=\"wp-caption-text\">Immagine di apertura del blog Agor\u00e0 Di Cult, foto di Silvano Bicocchi &#8220;Alba a costa Rei, 2010&#8221;<\/figcaption><\/figure>\n<div><\/div>\n<div><\/div>\n<div>.<\/div>\n<div><\/div>\n<h2 style=\"text-align: center\">4\u00b0 Incarico alla direzione del Dipartimento Cultura FIAF<\/h2>\n<p>&nbsp;<\/p>\n<div><\/div>\n<div><\/div>\n<div>In FIAF ogni tre anni scadono le cariche sociali e con l&#8217;Elezioni Congressuali vengono rinnovate. Il terzo incarico avrebbe avuto la scadenza naturale nel 2020 ma a causa Covid tutto \u00e8 stato spostato a Luglio 2021.<\/div>\n<div>Tutto questo meccanismo istituzionale alla fine si manifesta nelle relazioni tra le persone e l\u00ec assume il senso pi\u00f9 vero, toccando le corde della nostra umanit\u00e0.<\/div>\n<div>Ritengo che la nomina del Direttore di un Dipartimento FIAF tocchi sia l&#8217;ambito personale sia quello collettivo, per rispetto a questa doppia dimensione pubblico l&#8217;email e la lettera di nomina al 4\u00b0 Incarico alla Direzione del Di Cult FIAF.<\/div>\n<div>.<\/div>\n<div>\n<div><\/div>\n<div><\/div>\n<div><span style=\"color: #993366\"><em>Carissimo Silvano,<\/em><\/span><\/div>\n<div><\/div>\n<div><span style=\"color: #993366\"><em>\u00e8 con molto piacere che ti invio in allegato la lettera di nomina all\u2019incarico di Direttore del Dipartimento Cultura.<\/em><\/span><\/div>\n<div><span style=\"color: #993366\"><em>Ti ringrazio di cuore per il lavoro che hai svolto fino ad oggi \u00a0e ti auguro che questo nuovo mandato possa essere ricco di soddisfazioni e possa contribuire alla tua crescita personale oltre che alla crescita della nostra Federazione.<\/em><\/span><\/div>\n<div><\/div>\n<div><\/div>\n<div><span style=\"color: #993366\"><em>Un carissimo saluto e Buon Lavoro,<\/em><\/span><\/div>\n<div><span style=\"color: #993366\"><em>Roberto<\/em><\/span><\/div>\n<div><\/div>\n<div><\/div>\n<div><\/div>\n<div>\n<div style=\"text-align: left\"><span style=\"color: #993366\">Roberto Rossi<\/span><br \/>\n<span style=\"color: #993366\">Presidente della FIAF<\/span><\/div>\n<div><\/div>\n<div><span style=\"color: #993366\">FIAF &#8211; Federazione Italiana Associazioni\u00a0Fotografiche<\/span><br \/>\n<span style=\"color: #993366\">Cs. San Martino, 8 &#8211; 10122 Torino &#8211; Italy<\/span><br \/>\n<span style=\"color: #993366\">Tel. +39 0115629479 &#8211; Fax +39\u00a00115175291<a style=\"color: #993366\" href=\"https:\/\/fiaf.net\/\" target=\"_blank\" rel=\"noopener\" data-saferedirecturl=\"https:\/\/www.google.com\/url?q=https:\/\/fiaf.net&amp;source=gmail&amp;ust=1630826687298000&amp;usg=AFQjCNGG5QVqxsfBPCqOmsu1KT5i_8Cg-w\">www.fiaf.net<\/a><\/span><\/div>\n<\/div>\n<\/div>\n<div><\/div>\n<div>.<\/div>\n<div><\/div>\n<div><\/div>\n<div>\n<div>\n<div style=\"text-align: left\">\n<p><img loading=\"lazy\" decoding=\"async\" class=\"aligncenter size-full wp-image-27245\" src=\"https:\/\/fiaf.net\/agoradicult\/wp-content\/uploads\/sites\/23\/2021\/09\/DD-Silvano-Bicocchi-e1630741874833.jpg\" alt=\"\" width=\"580\" height=\"821\" \/><\/p>\n<p>.<\/p>\n<\/div>\n<\/div>\n<\/div>\n<div><\/div>\n<div>Ringrazio il Consiglio Nazionale per aver posto attenzione a ci\u00f2 che \u00e8 diventato il Di Cult FIAF a 10 anni dalla sua istituzione e per la fiducia che mi \u00e8 stata rinnovata.<\/div>\n<div>Il 4\u00b0 incarico nella direzione di un Dipartimento ha un significato diverso rispetto agli altri, perch\u00e9 se nel 1\u00b0 il compito era progettare, nel quarto diventa riflettere sul lavoro compiuto e verificare se la spinta dei valori iniziali ha portato dei risultati adeguati nella realt\u00e0 della Federazione.<\/div>\n<div>Per far questo vi invito a rileggere quello che avevo scritto nel primo post del 2012 di Apertura di questo blog:<\/div>\n<div>.<\/div>\n<div><\/div>\n<div>\n<p><span style=\"color: #000000\"><em>&#8220;Sono consapevole che, dato il tema del\u00a0<strong>Dipartimento Cultura\u00a0<\/strong>della FIAF, diverse\u00a0 avrebbero potute essere le interpretazioni nel realizzarlo, in base alla mentalit\u00e0 del Direttore incaricato.<\/em><\/span><\/p>\n<p><span style=\"color: #000000\"><em>La mia interpretazione \u00e8 stata improntata nel dare struttura a quel che in Federazione ho sempre visto avvenire in modo spontaneo, nello scorrere degli anni dal 1995 ad oggi, cio\u00e8 l\u2019avviamento di nuovi soci ad assumere determinati ruoli nell\u2019ambito delle attivit\u00e0 culturali della FIAF.<\/em><\/span><\/p>\n<p><span style=\"color: #000000\"><em>Per fare ci\u00f2, visti i nuovi modi per comunicare offerti dal WEB, ho ideato un Dipartimento atto a perseguire i seguenti valori:<\/em><\/span><\/p>\n<p><span style=\"color: #000000\"><em>1)La Cultura Fotografica intesa a 360\u00b0 che pone salde basi nell\u2019esercizio della fotografia e che da quel punto di vista approfondisce gli aspetti teorici.<\/em><\/span><\/p>\n<p><span style=\"color: #000000\"><em>2) Attenzione e rispetto verso la Cultura Fotografica vissuta, anche nelle diverse specificit\u00e0 regionali, perch\u00e9 essa ha radici e percorsi storici profondamente legati al territorio.<\/em><\/span><\/p>\n<p><span style=\"color: #000000\"><em>3) Condivisione delle conoscenze provenienti dalle pi\u00f9 diverse estrazioni culturali, per formare delle figure operative nelle attivit\u00e0 di Cultura Fotografica locale e nazionale della FIAF.<\/em><\/span><\/p>\n<p><span style=\"color: #000000\"><em>4) Libero accesso ad ogni socio FIAF, nelle attivit\u00e0 del\u00a0<strong>Dipartimento Cultura<\/strong>, attraverso l\u2019autocandidatura alle figure proposte dal Dipartimento.<\/em><\/span><\/p>\n<p><span style=\"color: #000000\"><em>5) Il<strong>\u00a0Dipartimento Cultura<\/strong>\u00a0vuole essere lo spazio in cui trovano visibilit\u00e0 i numerosi approcci alla Cultura Fotografica presenti in FIAF.<\/em><\/span><br \/>\n<span style=\"color: #000000\"><em>E\u2019 fondamentale comprendere che il contesto nel quale noi esercitiamo la Cultura Fotografica \u00e8 una Federazione di Associazioni fotografiche e non altro, come ad esempio le Istituzioni Culturali pubbliche o private, le quali hanno altri scopi e quindi altre logiche.<\/em><\/span><\/p>\n<p><span style=\"color: #000000\"><em>Pertanto il nostro operare deve sempre essere inteso nell\u2019ambito delle passioni che si coltivano nel tempo libero, nel quale, come in ogni disciplina che si impara gradualmente, \u00e8 fondamentale il concetto di\u00a0<strong>percorso personale<\/strong>, cio\u00e8 assecondare pazientemente la continua maturazione del\u00a0 fotografo per far s\u00ec che le sue capacit\u00e0 siano in progressiva crescita.<\/em><\/span><\/p>\n<p><span style=\"color: #000000\"><em>Questo aspetto non \u00e8 secondario, perch\u00e9 noi cerchiamo di ricrearci nello spirito con la fotografia, dopo le fatiche del lavoro quotidiano.<\/em><\/span><\/p>\n<p><span style=\"color: #000000\"><em>Per questa ragione il nostro atteggiamento deve essere di un\u00a0<strong>sereno impegno<\/strong>\u00a0che genera ambienti umani accoglienti, capaci di essere festosi e insieme efficienti, leggeri e contemporaneamente molto competenti.<\/em><\/span><\/p>\n<p><span style=\"color: #000000\"><em>Sar\u00e0 la passione a chiamarci alla profusione anche di quel impegno che a volte , agli estranei, pu\u00f2 sembrare eccessivo in termini di tempo dedicato e difficolt\u00e0 affrontate.<\/em><\/span><\/p>\n<p><span style=\"color: #000000\"><em>L\u2019appassionato fotografo una volta si chiamava dilettante, poi nel dopo guerra fotoamatore, oggi \u00e8 chiaramente parte del\u00a0<strong>Volontariato culturale<\/strong>.<\/em><\/span><\/p>\n<p><span style=\"color: #000000\"><em>Qualcuno potrebbe rimanere sorpreso da un mutamento cos\u00ec impegnativo compiuto da chi si \u201cdiverte\u201d fotografando. Ma basti pensare che la fotografia \u00e8 diventata in poco pi\u00f9 di 170 anni un irrinunciabile strumento di documentazione ed espressione, cio\u00e8 oggi \u00e8 inteso come un linguaggio per la conoscenza e la cura dell\u2019animo umano, fino ad aspirare all\u2019atto artistico.<\/em><\/span><\/p>\n<p><span style=\"color: #000000\"><em>Giuseppe Cavalli affermava che \u201cl\u2019arte non si insegna\u201d, io sono d\u2019accordo con Lui, aggiungendo per\u00f2 che \u00e8 solo dando la possibilit\u00e0 al fotografo di mettersi alla prova, che egli scoprir\u00e0 il proprio talento.<\/em><\/span><\/p>\n<p><span style=\"color: #000000\"><em>Il\u00a0<strong>Dipartimento Cultura<\/strong>\u00a0far\u00e0 proprio questo: dar\u00e0 al fotografo FIAF le opportunit\u00e0 di mettersi alla prova!&#8221;<\/em><\/span><\/p>\n<p>12\/02\/2012 &#8211; prima pubblicazione di Agor\u00e0 Di Cult:\u00a0<a href=\"https:\/\/fiaf.net\/agoradicult\/2012\/02\/12\/853\/\">https:\/\/fiaf.net\/agoradicult\/2012\/02\/12\/853\/<\/a><\/p>\n<p>&nbsp;<\/p>\n<\/div>\n<p><strong>Conclusioni.<\/strong><\/p>\n<p>Posso dire che questi intenti hanno animato le attivit\u00e0 del Di Cult FIAF e questo non \u00e8 solo merito mio, che posso solo lanciare idee progettuali e dare un contributo a formare lo stile nel condividere la fotografia, ma dei tanti Soci FIAF oggi diventati Figure Operative FIAF, alcuni nominati di Direttori di Dipartimenti FIAF, che hanno concretamente dato sostanza ai contenuti del Di Cult FIAF.<\/p>\n<p>Il 4\u00b0 mandato sar\u00e0 me il conclusivo del mio percorso come Direttore, e sar\u00e0 orientato nello sperimentare una Direzione condivisa con quelle persone che in questi anni hanno affiancato il loro percorso culturale al mio, ma sar\u00f2 anche aperto ad accogliere nuovi amici che hanno iniziato pi\u00f9 recentemente il loro percorso.<\/p>\n<h3>Grazie a Tutti per aver dato concretezza a un&#8217;idea, \u00e8 stato un percorso che ha segnato profondamente la mia vita.<\/h3>\n<p>Silvano Bicocchi<br \/>\nDirettore del <strong>Dipartimento Cultura FIAF<\/strong><\/p>\n<p>&nbsp;<\/p>\n<p>&nbsp;<\/p>\n\n    <div class=\"xs_social_share_widget xs_share_url after_content \t\tmain_content  wslu-style-1 wslu-share-box-shaped wslu-fill-colored wslu-none wslu-share-horizontal wslu-theme-font-no wslu-main_content\">\n\n\t\t\n        <ul>\n\t\t\t        <\/ul>\n    <\/div> \n","protected":false},"excerpt":{"rendered":"<p>. &nbsp; . &nbsp; . &nbsp; &nbsp; &nbsp; . 4\u00b0 Incarico alla direzione del Dipartimento Cultura FIAF &nbsp; In FIAF &hellip;<\/p>\n","protected":false},"author":3,"featured_media":27486,"comment_status":"open","ping_status":"open","sticky":false,"template":"","format":"standard","meta":{"_acf_changed":false,"footnotes":""},"categories":[11],"tags":[],"class_list":["post-27331","post","type-post","status-publish","format-standard","has-post-thumbnail","hentry","category-comunicazioni-del-dipartimento"],"acf":[],"_links":{"self":[{"href":"https:\/\/fiaf.net\/agoradicult\/wp-json\/wp\/v2\/posts\/27331","targetHints":{"allow":["GET"]}}],"collection":[{"href":"https:\/\/fiaf.net\/agoradicult\/wp-json\/wp\/v2\/posts"}],"about":[{"href":"https:\/\/fiaf.net\/agoradicult\/wp-json\/wp\/v2\/types\/post"}],"author":[{"embeddable":true,"href":"https:\/\/fiaf.net\/agoradicult\/wp-json\/wp\/v2\/users\/3"}],"replies":[{"embeddable":true,"href":"https:\/\/fiaf.net\/agoradicult\/wp-json\/wp\/v2\/comments?post=27331"}],"version-history":[{"count":1,"href":"https:\/\/fiaf.net\/agoradicult\/wp-json\/wp\/v2\/posts\/27331\/revisions"}],"predecessor-version":[{"id":27560,"href":"https:\/\/fiaf.net\/agoradicult\/wp-json\/wp\/v2\/posts\/27331\/revisions\/27560"}],"wp:featuredmedia":[{"embeddable":true,"href":"https:\/\/fiaf.net\/agoradicult\/wp-json\/wp\/v2\/media\/27486"}],"wp:attachment":[{"href":"https:\/\/fiaf.net\/agoradicult\/wp-json\/wp\/v2\/media?parent=27331"}],"wp:term":[{"taxonomy":"category","embeddable":true,"href":"https:\/\/fiaf.net\/agoradicult\/wp-json\/wp\/v2\/categories?post=27331"},{"taxonomy":"post_tag","embeddable":true,"href":"https:\/\/fiaf.net\/agoradicult\/wp-json\/wp\/v2\/tags?post=27331"}],"curies":[{"name":"wp","href":"https:\/\/api.w.org\/{rel}","templated":true}]}}