{"id":27334,"date":"2021-09-26T20:00:41","date_gmt":"2021-09-26T18:00:41","guid":{"rendered":"https:\/\/fiaf.net\/agoradicult\/?p=27330"},"modified":"2021-10-25T13:13:57","modified_gmt":"2021-10-25T11:13:57","slug":"sara-gioannini-talent-scout","status":"publish","type":"post","link":"https:\/\/fiaf.net\/agoradicult\/2021\/09\/26\/sara-gioannini-talent-scout\/","title":{"rendered":"SARA GIOANNINI &#8211; Talent Scout"},"content":{"rendered":"<p>&nbsp;<\/p>\n<p>&nbsp;<\/p>\n<p>&nbsp;<\/p>\n<p>&nbsp;<\/p>\n<p>&nbsp;<\/p>\n<p>&nbsp;<\/p>\n<h2 style=\"text-align: center\"><strong>TALENT SCOUT<\/strong><\/h2>\n<p>&nbsp;<\/p>\n<p>Agor\u00e0 Di Cult sar\u00e0 il percorso di visibilit\u00e0 dei 5 Autori della Sezione Senior e 3 Autori della Sezione Giovani \u201cSegnalati\u201d dalla Commissione selezionatrice del Progetto FIAF \u201cTalent Scout\u201d 2021.<\/p>\n<p>Le finalit\u00e0 di questo Progetto sono quelle di dare ai Presidenti di Circolo Affiliato FIAF l\u2019occasione di far conoscere il lavoro di quei soci che, pur distinguendosi per capacit\u00e0 e passione, non hanno mai provato a confrontarsi con la platea nazionale della fotografia italiana. Ogni Presidente ha avuto la possibilit\u00e0 di proporre un socio della categoria GIOVANI (di et\u00e0 inferiore a 30 anni) e un socio della categoria SENIOR (di et\u00e0 superiore a 30 anni).<\/p>\n<p>&nbsp;<\/p>\n<h3>SARA GIOANNINI, Socio\u00a0 (Giovani)\u00a0 del Gruppo Fotografico LA MOLE &#8211; BFI (TO)<\/h3>\n<p>Autore segnalato al progetto Talent Scout della FIAF.<\/p>\n<p>&nbsp;<\/p>\n<p style=\"text-align: center\"><img loading=\"lazy\" decoding=\"async\" class=\"aligncenter size-full wp-image-27331\" src=\"https:\/\/fiaf.net\/agoradicult\/wp-content\/uploads\/sites\/23\/2021\/09\/Logo_Talent_Scout_1c05.jpg\" alt=\"\" width=\"580\" height=\"357\" \/><\/p>\n<p>&nbsp;<\/p>\n<p>&nbsp;<\/p>\n<div class=\"page\" title=\"Page 1\">\n<div class=\"section\">\n<div class=\"layoutArea\">\n<div class=\"column\">\n<p>Mi chiamo Sara Gioannini, ho 24 anni e abito a Scalenghe, un paesino nella campagna Torinese. Ho frequentato studi informatici e specializzazioni in interiore design.<\/p>\n<p>4 anni fa ho scoperto la fotografia e ho iniziato a coltivare seriamente questa passione frequentando corsi e workshop:<br \/>\n&#8211; corso base tenuto da Federico Balmas<br \/>\n&#8211; corso intermedio tenuto da Claudio Molinaro<\/p>\n<p>&#8211; corso di composizione fotografica tenuto da Giorgio Cerutti<br \/>\n&#8211; corso di Lightroom tenuto dal presidente e vicepresidente del circolo La Mole di Torino , Riccardo Rebora e Marcello Samuele<br \/>\n&#8211; corso di Photoshop tenuto da Franco Borrelli<br \/>\n&#8211; workshop naturalistico tenuto da Marco Carulli Nikon School<\/p>\n<p>Dopo essermi iscritta al circolo La Mole sono venuta a conoscenza di moltissimi concorsi fotografici e cosi\u0300 ho iniziato a partecipare ad alcuni di essi ottenendo anche qualche premio e nomina:<br \/>\n&#8211; opera segnalata tema &#8220;bianco e nero&#8221; concorso Circolo Unicredit banca di Roma, Trofeo 2018<br \/>\n&#8211; primo premio concorso Scatta la Maschera 2018 (legato all\u2019evento La Maschera di Ferro di Pinerolo)<br \/>\n&#8211; opera segnalata al 1\u00b0 concorso fotografico &#8220;UIF-GIOVANI&#8221; 2019<br \/>\n&#8211; opera segnalata tema &#8220;colore&#8221; concorso Circolo Unicredit banca di Roma, Trofeo 2019<br \/>\n&#8211; primo premio concorso ContrasTo &#8211; La citta\u0300 che cambia 2020<\/p>\n<p>Ho partecipato anche ad alcune collaborazioni con associazioni e non:<br \/>\n&#8211; sono una delle due fotografe ufficiali per la compagnia teatrale IdeaTeatro del teatro Giulia di Barolo di Torino<br \/>\n&#8211; ho partecipato al progetto STOP al Bullismo promosso dall\u2019associazione Connetti@moci il cui testimonial era Fabio de Nunzio (Striscia la Notizia)<br \/>\n&#8211; partecipo come fotografa a diversi eventi dell\u2019associazione Il Rosa e Il Grigio, che si occupa di Welfare e pari opportunita\u0300<br \/>\n&#8211; collaboro con parrucchieri locali creando set fotografici nei quali gestiscono trucco e parrucco<br \/>\n&#8211; collaboro con negozi di abbigliamento locali per promozione commerciale delle nuove collezioni<br \/>\n&#8211; mi occupo di servizi fotografici di famiglia e baby.<\/p>\n<\/div>\n<\/div>\n<\/div>\n<\/div>\n<h2><\/h2>\n<h2><strong>Le Opere<\/strong><\/h2>\n<p><strong>\u00a0<\/strong><strong>Foto singole.<\/strong><\/p>\n<div class=\"page\" title=\"Page 1\">\n<div class=\"section\">\n<div class=\"layoutArea\">\n<div class=\"column\">\n<p>In questa raccolta fotografica ho deciso di presentarvi i tre temi ai quali mi sento piu\u0300 vicina.<\/p>\n<p>Il primo tema e\u0300 <strong>IL MONDO ANIMALE<\/strong>.<br \/>\nVivendo in campagna, sono cresciuta tra gli animali cosi\u0300 che sono diventati soggetti delle mie foto. Da quando ho scoperto la macrofotografia, mi cimento anche nella ricerca di piccoli animali che si celano nella natura intorno a noi.<\/p>\n<\/div>\n<\/div>\n<\/div>\n<\/div>\n<p>&nbsp;<\/p>\n<div id='gallery-1' class='gallery galleryid-27334 gallery-columns-2 gallery-size-medium'><figure class='gallery-item'>\n\t\t\t<div class='gallery-icon landscape'>\n\t\t\t\t<a href='https:\/\/fiaf.net\/agoradicult\/sara-gioannini-1\/'><img loading=\"lazy\" decoding=\"async\" width=\"300\" height=\"200\" src=\"https:\/\/fiaf.net\/agoradicult\/wp-content\/uploads\/sites\/23\/2021\/09\/Sara-Gioannini-1-300x200.jpg\" class=\"attachment-medium size-medium\" alt=\"\" srcset=\"https:\/\/fiaf.net\/agoradicult\/wp-content\/uploads\/sites\/23\/2021\/09\/Sara-Gioannini-1-300x200.jpg 300w, https:\/\/fiaf.net\/agoradicult\/wp-content\/uploads\/sites\/23\/2021\/09\/Sara-Gioannini-1.jpg 580w\" sizes=\"auto, (max-width: 300px) 100vw, 300px\" \/><\/a>\n\t\t\t<\/div><\/figure><figure class='gallery-item'>\n\t\t\t<div class='gallery-icon landscape'>\n\t\t\t\t<a href='https:\/\/fiaf.net\/agoradicult\/sara-gioannini-2\/'><img loading=\"lazy\" decoding=\"async\" width=\"300\" height=\"200\" src=\"https:\/\/fiaf.net\/agoradicult\/wp-content\/uploads\/sites\/23\/2021\/09\/Sara-Gioannini-2-300x200.jpg\" class=\"attachment-medium size-medium\" alt=\"\" srcset=\"https:\/\/fiaf.net\/agoradicult\/wp-content\/uploads\/sites\/23\/2021\/09\/Sara-Gioannini-2-300x200.jpg 300w, https:\/\/fiaf.net\/agoradicult\/wp-content\/uploads\/sites\/23\/2021\/09\/Sara-Gioannini-2.jpg 580w\" sizes=\"auto, (max-width: 300px) 100vw, 300px\" \/><\/a>\n\t\t\t<\/div><\/figure><figure class='gallery-item'>\n\t\t\t<div class='gallery-icon landscape'>\n\t\t\t\t<a href='https:\/\/fiaf.net\/agoradicult\/sara-gioannini-3\/'><img loading=\"lazy\" decoding=\"async\" width=\"300\" height=\"200\" src=\"https:\/\/fiaf.net\/agoradicult\/wp-content\/uploads\/sites\/23\/2021\/09\/Sara-Gioannini-3-300x200.jpg\" class=\"attachment-medium size-medium\" alt=\"\" srcset=\"https:\/\/fiaf.net\/agoradicult\/wp-content\/uploads\/sites\/23\/2021\/09\/Sara-Gioannini-3-300x200.jpg 300w, https:\/\/fiaf.net\/agoradicult\/wp-content\/uploads\/sites\/23\/2021\/09\/Sara-Gioannini-3.jpg 580w\" sizes=\"auto, (max-width: 300px) 100vw, 300px\" \/><\/a>\n\t\t\t<\/div><\/figure><figure class='gallery-item'>\n\t\t\t<div class='gallery-icon landscape'>\n\t\t\t\t<a href='https:\/\/fiaf.net\/agoradicult\/sara-gioannini-4\/'><img loading=\"lazy\" decoding=\"async\" width=\"300\" height=\"200\" src=\"https:\/\/fiaf.net\/agoradicult\/wp-content\/uploads\/sites\/23\/2021\/09\/Sara-Gioannini-4-300x200.jpg\" class=\"attachment-medium size-medium\" alt=\"\" srcset=\"https:\/\/fiaf.net\/agoradicult\/wp-content\/uploads\/sites\/23\/2021\/09\/Sara-Gioannini-4-300x200.jpg 300w, https:\/\/fiaf.net\/agoradicult\/wp-content\/uploads\/sites\/23\/2021\/09\/Sara-Gioannini-4.jpg 580w\" sizes=\"auto, (max-width: 300px) 100vw, 300px\" \/><\/a>\n\t\t\t<\/div><\/figure><figure class='gallery-item'>\n\t\t\t<div class='gallery-icon landscape'>\n\t\t\t\t<a href='https:\/\/fiaf.net\/agoradicult\/sara-gioannini-5\/'><img loading=\"lazy\" decoding=\"async\" width=\"300\" height=\"200\" src=\"https:\/\/fiaf.net\/agoradicult\/wp-content\/uploads\/sites\/23\/2021\/09\/Sara-Gioannini-5-300x200.jpg\" class=\"attachment-medium size-medium\" alt=\"\" srcset=\"https:\/\/fiaf.net\/agoradicult\/wp-content\/uploads\/sites\/23\/2021\/09\/Sara-Gioannini-5-300x200.jpg 300w, https:\/\/fiaf.net\/agoradicult\/wp-content\/uploads\/sites\/23\/2021\/09\/Sara-Gioannini-5.jpg 580w\" sizes=\"auto, (max-width: 300px) 100vw, 300px\" \/><\/a>\n\t\t\t<\/div><\/figure>\n\t\t<\/div>\n\n<div class=\"page\" title=\"Page 1\">\n<div class=\"section\">\n<div class=\"layoutArea\">\n<div class=\"column\">\n<p>&nbsp;<\/p>\n<p>&nbsp;<\/p>\n<p>Il secondo tema e\u0300 <strong>Il VIAGGIO.<\/strong><br \/>\nViaggiare e\u0300 una delle mie passioni piu\u0300 grandi, percio\u0300 quando sono in giro cerco di fotografare cio\u0300 che mi colpisce, con l&#8217;intento di creare un ricordo di quel momento.<\/p>\n<p>&nbsp;<\/p>\n<div id='gallery-2' class='gallery galleryid-27334 gallery-columns-2 gallery-size-medium'><figure class='gallery-item'>\n\t\t\t<div class='gallery-icon landscape'>\n\t\t\t\t<a href='https:\/\/fiaf.net\/agoradicult\/sara-gioannini-6\/'><img loading=\"lazy\" decoding=\"async\" width=\"300\" height=\"200\" src=\"https:\/\/fiaf.net\/agoradicult\/wp-content\/uploads\/sites\/23\/2021\/09\/Sara-Gioannini-6-300x200.jpg\" class=\"attachment-medium size-medium\" alt=\"\" srcset=\"https:\/\/fiaf.net\/agoradicult\/wp-content\/uploads\/sites\/23\/2021\/09\/Sara-Gioannini-6-300x200.jpg 300w, https:\/\/fiaf.net\/agoradicult\/wp-content\/uploads\/sites\/23\/2021\/09\/Sara-Gioannini-6.jpg 580w\" sizes=\"auto, (max-width: 300px) 100vw, 300px\" \/><\/a>\n\t\t\t<\/div><\/figure><figure class='gallery-item'>\n\t\t\t<div class='gallery-icon landscape'>\n\t\t\t\t<a href='https:\/\/fiaf.net\/agoradicult\/sara-gioannini-7\/'><img loading=\"lazy\" decoding=\"async\" width=\"300\" height=\"200\" src=\"https:\/\/fiaf.net\/agoradicult\/wp-content\/uploads\/sites\/23\/2021\/09\/Sara-Gioannini-7-300x200.jpg\" class=\"attachment-medium size-medium\" alt=\"\" srcset=\"https:\/\/fiaf.net\/agoradicult\/wp-content\/uploads\/sites\/23\/2021\/09\/Sara-Gioannini-7-300x200.jpg 300w, https:\/\/fiaf.net\/agoradicult\/wp-content\/uploads\/sites\/23\/2021\/09\/Sara-Gioannini-7.jpg 580w\" sizes=\"auto, (max-width: 300px) 100vw, 300px\" \/><\/a>\n\t\t\t<\/div><\/figure><figure class='gallery-item'>\n\t\t\t<div class='gallery-icon landscape'>\n\t\t\t\t<a href='https:\/\/fiaf.net\/agoradicult\/sara-gioannini-8\/'><img loading=\"lazy\" decoding=\"async\" width=\"300\" height=\"200\" src=\"https:\/\/fiaf.net\/agoradicult\/wp-content\/uploads\/sites\/23\/2021\/09\/Sara-Gioannini-8-300x200.jpg\" class=\"attachment-medium size-medium\" alt=\"\" srcset=\"https:\/\/fiaf.net\/agoradicult\/wp-content\/uploads\/sites\/23\/2021\/09\/Sara-Gioannini-8-300x200.jpg 300w, https:\/\/fiaf.net\/agoradicult\/wp-content\/uploads\/sites\/23\/2021\/09\/Sara-Gioannini-8.jpg 580w\" sizes=\"auto, (max-width: 300px) 100vw, 300px\" \/><\/a>\n\t\t\t<\/div><\/figure><figure class='gallery-item'>\n\t\t\t<div class='gallery-icon landscape'>\n\t\t\t\t<a href='https:\/\/fiaf.net\/agoradicult\/sara-gioannini-9\/'><img loading=\"lazy\" decoding=\"async\" width=\"300\" height=\"200\" src=\"https:\/\/fiaf.net\/agoradicult\/wp-content\/uploads\/sites\/23\/2021\/09\/Sara-Gioannini-9-300x200.jpg\" class=\"attachment-medium size-medium\" alt=\"\" srcset=\"https:\/\/fiaf.net\/agoradicult\/wp-content\/uploads\/sites\/23\/2021\/09\/Sara-Gioannini-9-300x200.jpg 300w, https:\/\/fiaf.net\/agoradicult\/wp-content\/uploads\/sites\/23\/2021\/09\/Sara-Gioannini-9.jpg 580w\" sizes=\"auto, (max-width: 300px) 100vw, 300px\" \/><\/a>\n\t\t\t<\/div><\/figure><figure class='gallery-item'>\n\t\t\t<div class='gallery-icon landscape'>\n\t\t\t\t<a href='https:\/\/fiaf.net\/agoradicult\/sara-gioannini-10\/'><img loading=\"lazy\" decoding=\"async\" width=\"300\" height=\"200\" src=\"https:\/\/fiaf.net\/agoradicult\/wp-content\/uploads\/sites\/23\/2021\/09\/Sara-Gioannini-10-300x200.jpg\" class=\"attachment-medium size-medium\" alt=\"\" srcset=\"https:\/\/fiaf.net\/agoradicult\/wp-content\/uploads\/sites\/23\/2021\/09\/Sara-Gioannini-10-300x200.jpg 300w, https:\/\/fiaf.net\/agoradicult\/wp-content\/uploads\/sites\/23\/2021\/09\/Sara-Gioannini-10.jpg 580w\" sizes=\"auto, (max-width: 300px) 100vw, 300px\" \/><\/a>\n\t\t\t<\/div><\/figure>\n\t\t<\/div>\n\n<p>&nbsp;<\/p>\n<p>&nbsp;<\/p>\n<p>Il terzo tema e\u0300 <strong>Il GLAMOUR<\/strong>.<br \/>\nUn tema scoperto attraverso collaborazioni che ho instaurato negli ultimi anni e che mi diverte molto. Mi cimento in foto scattate per le strade delle citta\u0300 ma anche in studio con trucco e parrucco.<\/p>\n<p>&nbsp;<\/p>\n<\/div>\n<\/div>\n<\/div>\n<\/div>\n<div id='gallery-3' class='gallery galleryid-27334 gallery-columns-2 gallery-size-medium'><figure class='gallery-item'>\n\t\t\t<div class='gallery-icon landscape'>\n\t\t\t\t<a href='https:\/\/fiaf.net\/agoradicult\/sara-gioannini-11\/'><img loading=\"lazy\" decoding=\"async\" width=\"300\" height=\"200\" src=\"https:\/\/fiaf.net\/agoradicult\/wp-content\/uploads\/sites\/23\/2021\/09\/Sara-Gioannini-11-300x200.jpg\" class=\"attachment-medium size-medium\" alt=\"\" srcset=\"https:\/\/fiaf.net\/agoradicult\/wp-content\/uploads\/sites\/23\/2021\/09\/Sara-Gioannini-11-300x200.jpg 300w, https:\/\/fiaf.net\/agoradicult\/wp-content\/uploads\/sites\/23\/2021\/09\/Sara-Gioannini-11.jpg 580w\" sizes=\"auto, (max-width: 300px) 100vw, 300px\" \/><\/a>\n\t\t\t<\/div><\/figure><figure class='gallery-item'>\n\t\t\t<div class='gallery-icon landscape'>\n\t\t\t\t<a href='https:\/\/fiaf.net\/agoradicult\/sara-gioannini-12\/'><img loading=\"lazy\" decoding=\"async\" width=\"300\" height=\"200\" src=\"https:\/\/fiaf.net\/agoradicult\/wp-content\/uploads\/sites\/23\/2021\/09\/Sara-Gioannini-12-300x200.jpg\" class=\"attachment-medium size-medium\" alt=\"\" srcset=\"https:\/\/fiaf.net\/agoradicult\/wp-content\/uploads\/sites\/23\/2021\/09\/Sara-Gioannini-12-300x200.jpg 300w, https:\/\/fiaf.net\/agoradicult\/wp-content\/uploads\/sites\/23\/2021\/09\/Sara-Gioannini-12.jpg 580w\" sizes=\"auto, (max-width: 300px) 100vw, 300px\" \/><\/a>\n\t\t\t<\/div><\/figure><figure class='gallery-item'>\n\t\t\t<div class='gallery-icon landscape'>\n\t\t\t\t<a href='https:\/\/fiaf.net\/agoradicult\/sara-gioannini-13\/'><img loading=\"lazy\" decoding=\"async\" width=\"300\" height=\"200\" src=\"https:\/\/fiaf.net\/agoradicult\/wp-content\/uploads\/sites\/23\/2021\/09\/Sara-Gioannini-13-300x200.jpg\" class=\"attachment-medium size-medium\" alt=\"\" srcset=\"https:\/\/fiaf.net\/agoradicult\/wp-content\/uploads\/sites\/23\/2021\/09\/Sara-Gioannini-13-300x200.jpg 300w, https:\/\/fiaf.net\/agoradicult\/wp-content\/uploads\/sites\/23\/2021\/09\/Sara-Gioannini-13.jpg 580w\" sizes=\"auto, (max-width: 300px) 100vw, 300px\" \/><\/a>\n\t\t\t<\/div><\/figure><figure class='gallery-item'>\n\t\t\t<div class='gallery-icon portrait'>\n\t\t\t\t<a href='https:\/\/fiaf.net\/agoradicult\/sara-gioannini-14\/'><img loading=\"lazy\" decoding=\"async\" width=\"200\" height=\"300\" src=\"https:\/\/fiaf.net\/agoradicult\/wp-content\/uploads\/sites\/23\/2021\/09\/Sara-Gioannini-14-200x300.jpg\" class=\"attachment-medium size-medium\" alt=\"\" srcset=\"https:\/\/fiaf.net\/agoradicult\/wp-content\/uploads\/sites\/23\/2021\/09\/Sara-Gioannini-14-200x300.jpg 200w, https:\/\/fiaf.net\/agoradicult\/wp-content\/uploads\/sites\/23\/2021\/09\/Sara-Gioannini-14.jpg 387w\" sizes=\"auto, (max-width: 200px) 100vw, 200px\" \/><\/a>\n\t\t\t<\/div><\/figure><figure class='gallery-item'>\n\t\t\t<div class='gallery-icon portrait'>\n\t\t\t\t<a href='https:\/\/fiaf.net\/agoradicult\/sara-gioannini-15\/'><img loading=\"lazy\" decoding=\"async\" width=\"200\" height=\"300\" src=\"https:\/\/fiaf.net\/agoradicult\/wp-content\/uploads\/sites\/23\/2021\/09\/Sara-Gioannini-15-200x300.jpg\" class=\"attachment-medium size-medium\" alt=\"\" srcset=\"https:\/\/fiaf.net\/agoradicult\/wp-content\/uploads\/sites\/23\/2021\/09\/Sara-Gioannini-15-200x300.jpg 200w, https:\/\/fiaf.net\/agoradicult\/wp-content\/uploads\/sites\/23\/2021\/09\/Sara-Gioannini-15.jpg 387w\" sizes=\"auto, (max-width: 200px) 100vw, 200px\" \/><\/a>\n\t\t\t<\/div><\/figure>\n\t\t<\/div>\n\n\n    <div class=\"xs_social_share_widget xs_share_url after_content \t\tmain_content  wslu-style-1 wslu-share-box-shaped wslu-fill-colored wslu-none wslu-share-horizontal wslu-theme-font-no wslu-main_content\">\n\n\t\t\n        <ul>\n\t\t\t        <\/ul>\n    <\/div> \n","protected":false},"excerpt":{"rendered":"<p>&nbsp; &nbsp; &nbsp; &nbsp; &nbsp; &nbsp; TALENT SCOUT &nbsp; Agor\u00e0 Di Cult sar\u00e0 il percorso di visibilit\u00e0 dei 5 Autori &hellip;<\/p>\n","protected":false},"author":3,"featured_media":27535,"comment_status":"open","ping_status":"open","sticky":false,"template":"","format":"standard","meta":{"_acf_changed":false,"footnotes":""},"categories":[13],"tags":[],"class_list":["post-27334","post","type-post","status-publish","format-standard","has-post-thumbnail","hentry","category-conosciamo-la-fiaf"],"acf":[],"_links":{"self":[{"href":"https:\/\/fiaf.net\/agoradicult\/wp-json\/wp\/v2\/posts\/27334","targetHints":{"allow":["GET"]}}],"collection":[{"href":"https:\/\/fiaf.net\/agoradicult\/wp-json\/wp\/v2\/posts"}],"about":[{"href":"https:\/\/fiaf.net\/agoradicult\/wp-json\/wp\/v2\/types\/post"}],"author":[{"embeddable":true,"href":"https:\/\/fiaf.net\/agoradicult\/wp-json\/wp\/v2\/users\/3"}],"replies":[{"embeddable":true,"href":"https:\/\/fiaf.net\/agoradicult\/wp-json\/wp\/v2\/comments?post=27334"}],"version-history":[{"count":1,"href":"https:\/\/fiaf.net\/agoradicult\/wp-json\/wp\/v2\/posts\/27334\/revisions"}],"predecessor-version":[{"id":27557,"href":"https:\/\/fiaf.net\/agoradicult\/wp-json\/wp\/v2\/posts\/27334\/revisions\/27557"}],"wp:featuredmedia":[{"embeddable":true,"href":"https:\/\/fiaf.net\/agoradicult\/wp-json\/wp\/v2\/media\/27535"}],"wp:attachment":[{"href":"https:\/\/fiaf.net\/agoradicult\/wp-json\/wp\/v2\/media?parent=27334"}],"wp:term":[{"taxonomy":"category","embeddable":true,"href":"https:\/\/fiaf.net\/agoradicult\/wp-json\/wp\/v2\/categories?post=27334"},{"taxonomy":"post_tag","embeddable":true,"href":"https:\/\/fiaf.net\/agoradicult\/wp-json\/wp\/v2\/tags?post=27334"}],"curies":[{"name":"wp","href":"https:\/\/api.w.org\/{rel}","templated":true}]}}