{"id":28033,"date":"2021-12-12T17:00:39","date_gmt":"2021-12-12T16:00:39","guid":{"rendered":"https:\/\/fiaf.net\/agoradicult\/?p=28033"},"modified":"2021-12-12T17:30:01","modified_gmt":"2021-12-12T16:30:01","slug":"alessandro-rocco-battista","status":"publish","type":"post","link":"https:\/\/fiaf.net\/agoradicult\/2021\/12\/12\/alessandro-rocco-battista\/","title":{"rendered":"Alessandro Rocco Battista"},"content":{"rendered":"<h2 style=\"text-align: center\"><strong>Alessandro Rocco Battista \u2013 Talent Scout<\/strong><\/h2>\n<p><strong>\u00a0<\/strong><\/p>\n<h2 style=\"text-align: center\"><strong>TALENT SCOUT<\/strong><\/h2>\n<p>&nbsp;<\/p>\n<p>Agor\u00e0 Di Cult sar\u00e0 il percorso di visibilit\u00e0 dei 5 Autori della Sezione Senior e 3 Autori della Sezione Giovani \u201cSegnalati\u201d dalla Commissione selezionatrice del Progetto FIAF \u201cTalent Scout\u201d 2021.<\/p>\n<p>Le finalit\u00e0 di questo Progetto sono quelle di dare ai Presidenti di Circolo Affiliato FIAF l\u2019occasione di far conoscere il lavoro di quei soci che, pur distinguendosi per capacit\u00e0 e passione, non hanno mai provato a confrontarsi con la platea nazionale della fotografia italiana. Ogni Presidente ha avuto la possibilit\u00e0 di proporre un socio della categoria GIOVANI (di et\u00e0 inferiore a 30 anni) e un socio della categoria SENIOR (di et\u00e0 superiore a 30 anni).<\/p>\n<p>&nbsp;<\/p>\n<h3 style=\"text-align: center\"><strong>Alessandro Rocco Battista,<br \/>\nSocio (Giovani) del OFFICINE FOTOGRAFICHE SEE, Sperlonga (LT)<\/strong><\/h3>\n<p>Autore segnalato al progetto Talent Scout della FIAF.<\/p>\n<p><img loading=\"lazy\" decoding=\"async\" class=\"size-full wp-image-27535 aligncenter\" src=\"https:\/\/fiaf.net\/agoradicult\/wp-content\/uploads\/sites\/23\/2021\/09\/Logo_Talent_Scout_1c05.jpg\" alt=\"\" width=\"580\" height=\"357\" srcset=\"https:\/\/fiaf.net\/agoradicult\/wp-content\/uploads\/sites\/23\/2021\/09\/Logo_Talent_Scout_1c05.jpg 580w, https:\/\/fiaf.net\/agoradicult\/wp-content\/uploads\/sites\/23\/2021\/09\/Logo_Talent_Scout_1c05-300x185.jpg 300w\" sizes=\"auto, (max-width: 580px) 100vw, 580px\" \/><\/p>\n<p>&nbsp;<\/p>\n<p>Mi chiamo Alessandro Rocco Battista ho 29 anni e vivo a Sperlonga in provincia di Latina.<br \/>\nMi sono avvicinato al mondo della fotografia grazie a mio padre che mi ha\u00a0trasmesso questa passione.<\/p>\n<p>Tre anni fa grazie ad un corso di fotografia organizzato nel mio paese ho conosciuto il circolo fotografico &#8220;Officine Fotografiche See&#8221;.<br \/>\n<span style=\"font-family: -apple-system, BlinkMacSystemFont, 'Segoe UI', Roboto, Oxygen, Oxygen-Sans, Ubuntu, Cantarell, 'Helvetica Neue', 'Open Sans', Arial, sans-serif\">Dopo qualche mese mi sono affiliato a loro.<\/span><\/p>\n<h2><\/h2>\n<h2 style=\"text-align: center\"><strong>Le Opere<\/strong><\/h2>\n<p><strong>\u00a0<\/strong><\/p>\n<h3><strong>Foto singole<\/strong><\/h3>\n<p>Queste foto sono scatti realizzati in diverse occasioni, durante recite a scuola\u00a0dei miei nipoti, viaggi, attivit\u00e0 legate all&#8217;ambiente o semplici passeggiate nel\u00a0mio meraviglioso paese Sperlonga.<\/p>\n<h3 style=\"text-align: center\"><strong>\u00a0<\/strong><strong>Galleria<\/strong><\/h3>\n<p>&nbsp;<\/p>\n<div id='gallery-1' class='gallery galleryid-28033 gallery-columns-3 gallery-size-thumbnail'><figure class='gallery-item'>\n\t\t\t<div class='gallery-icon portrait'>\n\t\t\t\t<a href='https:\/\/fiaf.net\/agoradicult\/wp-content\/uploads\/sites\/23\/2021\/12\/010_ARBattista-Pedalata-sotto-la-pioggia-1.jpg'><img loading=\"lazy\" decoding=\"async\" width=\"150\" height=\"150\" src=\"https:\/\/fiaf.net\/agoradicult\/wp-content\/uploads\/sites\/23\/2021\/12\/010_ARBattista-Pedalata-sotto-la-pioggia-1-150x150.jpg\" class=\"attachment-thumbnail size-thumbnail\" alt=\"\" \/><\/a>\n\t\t\t<\/div><\/figure><figure class='gallery-item'>\n\t\t\t<div class='gallery-icon landscape'>\n\t\t\t\t<a href='https:\/\/fiaf.net\/agoradicult\/wp-content\/uploads\/sites\/23\/2021\/12\/020_ARBattista-Lessenziale-eOoaC\u2560o-visibile-agli-occhi-2.jpg'><img loading=\"lazy\" decoding=\"async\" width=\"150\" height=\"150\" src=\"https:\/\/fiaf.net\/agoradicult\/wp-content\/uploads\/sites\/23\/2021\/12\/020_ARBattista-Lessenziale-eOoaC\u2560o-visibile-agli-occhi-2-150x150.jpg\" class=\"attachment-thumbnail size-thumbnail\" alt=\"\" \/><\/a>\n\t\t\t<\/div><\/figure><figure class='gallery-item'>\n\t\t\t<div class='gallery-icon landscape'>\n\t\t\t\t<a href='https:\/\/fiaf.net\/agoradicult\/wp-content\/uploads\/sites\/23\/2021\/12\/030_ARBattista-Danzare-per-riscrivere-il-mondo-3.jpg'><img loading=\"lazy\" decoding=\"async\" width=\"150\" height=\"150\" src=\"https:\/\/fiaf.net\/agoradicult\/wp-content\/uploads\/sites\/23\/2021\/12\/030_ARBattista-Danzare-per-riscrivere-il-mondo-3-150x150.jpg\" class=\"attachment-thumbnail size-thumbnail\" alt=\"\" \/><\/a>\n\t\t\t<\/div><\/figure><figure class='gallery-item'>\n\t\t\t<div class='gallery-icon landscape'>\n\t\t\t\t<a href='https:\/\/fiaf.net\/agoradicult\/wp-content\/uploads\/sites\/23\/2021\/12\/040_ARBattista-Barchetta-alla-deriva-4.jpg'><img loading=\"lazy\" decoding=\"async\" width=\"150\" height=\"150\" src=\"https:\/\/fiaf.net\/agoradicult\/wp-content\/uploads\/sites\/23\/2021\/12\/040_ARBattista-Barchetta-alla-deriva-4-150x150.jpg\" class=\"attachment-thumbnail size-thumbnail\" alt=\"\" \/><\/a>\n\t\t\t<\/div><\/figure><figure class='gallery-item'>\n\t\t\t<div class='gallery-icon landscape'>\n\t\t\t\t<a href='https:\/\/fiaf.net\/agoradicult\/wp-content\/uploads\/sites\/23\/2021\/12\/050_ARBattista-Un-mare-di-plastica-5.jpg'><img loading=\"lazy\" decoding=\"async\" width=\"150\" height=\"150\" src=\"https:\/\/fiaf.net\/agoradicult\/wp-content\/uploads\/sites\/23\/2021\/12\/050_ARBattista-Un-mare-di-plastica-5-150x150.jpg\" class=\"attachment-thumbnail size-thumbnail\" alt=\"\" \/><\/a>\n\t\t\t<\/div><\/figure><figure class='gallery-item'>\n\t\t\t<div class='gallery-icon landscape'>\n\t\t\t\t<a href='https:\/\/fiaf.net\/agoradicult\/wp-content\/uploads\/sites\/23\/2021\/12\/060_ARBattista-The-guardian-6.jpg'><img loading=\"lazy\" decoding=\"async\" width=\"150\" height=\"150\" src=\"https:\/\/fiaf.net\/agoradicult\/wp-content\/uploads\/sites\/23\/2021\/12\/060_ARBattista-The-guardian-6-150x150.jpg\" class=\"attachment-thumbnail size-thumbnail\" alt=\"\" \/><\/a>\n\t\t\t<\/div><\/figure><figure class='gallery-item'>\n\t\t\t<div class='gallery-icon landscape'>\n\t\t\t\t<a href='https:\/\/fiaf.net\/agoradicult\/wp-content\/uploads\/sites\/23\/2021\/12\/070_ARBattista-La-finestra-panoramica-7.jpg'><img loading=\"lazy\" decoding=\"async\" width=\"150\" height=\"150\" src=\"https:\/\/fiaf.net\/agoradicult\/wp-content\/uploads\/sites\/23\/2021\/12\/070_ARBattista-La-finestra-panoramica-7-150x150.jpg\" class=\"attachment-thumbnail size-thumbnail\" alt=\"\" \/><\/a>\n\t\t\t<\/div><\/figure><figure class='gallery-item'>\n\t\t\t<div class='gallery-icon landscape'>\n\t\t\t\t<a href='https:\/\/fiaf.net\/agoradicult\/wp-content\/uploads\/sites\/23\/2021\/12\/080_ARBattista-Isole-allorizzonte-8.jpg'><img loading=\"lazy\" decoding=\"async\" width=\"150\" height=\"150\" src=\"https:\/\/fiaf.net\/agoradicult\/wp-content\/uploads\/sites\/23\/2021\/12\/080_ARBattista-Isole-allorizzonte-8-150x150.jpg\" class=\"attachment-thumbnail size-thumbnail\" alt=\"\" \/><\/a>\n\t\t\t<\/div><\/figure><figure class='gallery-item'>\n\t\t\t<div class='gallery-icon landscape'>\n\t\t\t\t<a href='https:\/\/fiaf.net\/agoradicult\/wp-content\/uploads\/sites\/23\/2021\/12\/090_ARBattista-Solitario-sulla-Magliana-9.jpg'><img loading=\"lazy\" decoding=\"async\" width=\"150\" height=\"150\" src=\"https:\/\/fiaf.net\/agoradicult\/wp-content\/uploads\/sites\/23\/2021\/12\/090_ARBattista-Solitario-sulla-Magliana-9-150x150.jpg\" class=\"attachment-thumbnail size-thumbnail\" alt=\"\" \/><\/a>\n\t\t\t<\/div><\/figure><figure class='gallery-item'>\n\t\t\t<div class='gallery-icon portrait'>\n\t\t\t\t<a href='https:\/\/fiaf.net\/agoradicult\/wp-content\/uploads\/sites\/23\/2021\/12\/100_ARBattista-Sopra-e-sotto-10.jpg'><img loading=\"lazy\" decoding=\"async\" width=\"150\" height=\"150\" src=\"https:\/\/fiaf.net\/agoradicult\/wp-content\/uploads\/sites\/23\/2021\/12\/100_ARBattista-Sopra-e-sotto-10-150x150.jpg\" class=\"attachment-thumbnail size-thumbnail\" alt=\"\" \/><\/a>\n\t\t\t<\/div><\/figure>\n\t\t<\/div>\n\n\n    <div class=\"xs_social_share_widget xs_share_url after_content \t\tmain_content  wslu-style-1 wslu-share-box-shaped wslu-fill-colored wslu-none wslu-share-horizontal wslu-theme-font-no wslu-main_content\">\n\n\t\t\n        <ul>\n\t\t\t        <\/ul>\n    <\/div> \n","protected":false},"excerpt":{"rendered":"<p>Alessandro Rocco Battista \u2013 Talent Scout \u00a0 TALENT SCOUT &nbsp; Agor\u00e0 Di Cult sar\u00e0 il percorso di visibilit\u00e0 dei 5 &hellip;<\/p>\n","protected":false},"author":51,"featured_media":28036,"comment_status":"open","ping_status":"open","sticky":false,"template":"","format":"standard","meta":{"_acf_changed":false,"footnotes":""},"categories":[7,13],"tags":[],"class_list":["post-28033","post","type-post","status-publish","format-standard","has-post-thumbnail","hentry","category-archivio","category-conosciamo-la-fiaf"],"acf":[],"_links":{"self":[{"href":"https:\/\/fiaf.net\/agoradicult\/wp-json\/wp\/v2\/posts\/28033","targetHints":{"allow":["GET"]}}],"collection":[{"href":"https:\/\/fiaf.net\/agoradicult\/wp-json\/wp\/v2\/posts"}],"about":[{"href":"https:\/\/fiaf.net\/agoradicult\/wp-json\/wp\/v2\/types\/post"}],"author":[{"embeddable":true,"href":"https:\/\/fiaf.net\/agoradicult\/wp-json\/wp\/v2\/users\/51"}],"replies":[{"embeddable":true,"href":"https:\/\/fiaf.net\/agoradicult\/wp-json\/wp\/v2\/comments?post=28033"}],"version-history":[{"count":4,"href":"https:\/\/fiaf.net\/agoradicult\/wp-json\/wp\/v2\/posts\/28033\/revisions"}],"predecessor-version":[{"id":28047,"href":"https:\/\/fiaf.net\/agoradicult\/wp-json\/wp\/v2\/posts\/28033\/revisions\/28047"}],"wp:featuredmedia":[{"embeddable":true,"href":"https:\/\/fiaf.net\/agoradicult\/wp-json\/wp\/v2\/media\/28036"}],"wp:attachment":[{"href":"https:\/\/fiaf.net\/agoradicult\/wp-json\/wp\/v2\/media?parent=28033"}],"wp:term":[{"taxonomy":"category","embeddable":true,"href":"https:\/\/fiaf.net\/agoradicult\/wp-json\/wp\/v2\/categories?post=28033"},{"taxonomy":"post_tag","embeddable":true,"href":"https:\/\/fiaf.net\/agoradicult\/wp-json\/wp\/v2\/tags?post=28033"}],"curies":[{"name":"wp","href":"https:\/\/api.w.org\/{rel}","templated":true}]}}