{"id":28845,"date":"2022-03-27T09:00:32","date_gmt":"2022-03-27T07:00:32","guid":{"rendered":"https:\/\/fiaf.net\/agoradicult\/?p=28845"},"modified":"2022-03-27T21:34:10","modified_gmt":"2022-03-27T19:34:10","slug":"letture-di-fotografia-a-cura-di-siena-foto-club","status":"publish","type":"post","link":"https:\/\/fiaf.net\/agoradicult\/2022\/03\/27\/letture-di-fotografia-a-cura-di-siena-foto-club\/","title":{"rendered":"Letture di Fotografia &#8211; a cura di Siena Foto CLUB"},"content":{"rendered":"<p>&nbsp;<\/p>\n<p>&nbsp;<\/p>\n<p><img loading=\"lazy\" decoding=\"async\" class=\"alignnone wp-image-28847 aligncenter\" src=\"https:\/\/fiaf.net\/agoradicult\/wp-content\/uploads\/sites\/23\/2022\/03\/images-e1648201219649.jpeg\" alt=\"\" width=\"580\" height=\"220\" \/><\/p>\n<p>&nbsp;<\/p>\n<p style=\"text-align: center\"><img loading=\"lazy\" decoding=\"async\" class=\"alignnone size-full wp-image-28849\" src=\"https:\/\/fiaf.net\/agoradicult\/wp-content\/uploads\/sites\/23\/2022\/03\/piazza-del-campo-a-siena-in-toscana-1024x768-1-e1648201167440.jpeg\" alt=\"\" width=\"580\" height=\"435\" \/><\/p>\n<div class=\"kvgmc6g5 cxmmr5t8 oygrvhab hcukyx3x c1et5uql ii04i59q\">\n<h2><\/h2>\n<h2 style=\"text-align: center\">Letture di Fotografia<\/h2>\n<h3 style=\"text-align: center\">a Siena il 03\/04\/2022<\/h3>\n<\/div>\n<div dir=\"auto\"><\/div>\n<div dir=\"auto\"><\/div>\n<div dir=\"auto\">Per noi appassionati fotografi, \u00e8 un momento molto importante quando Circolo Fotografico inizia un&#8217;attivit\u00e0 presso una citt\u00e0 con il proposito di proporla annualmente, perch\u00e9 potrebbe essere l&#8217;inizio di un percorso collettivo che, con il concorso di tutti, potrebbe riservarci in futuro momenti bellissimi e arricchenti.<\/div>\n<div dir=\"auto\"><\/div>\n<div class=\"kvgmc6g5 cxmmr5t8 oygrvhab hcukyx3x c1et5uql ii04i59q\">\n<div dir=\"auto\">A Siena il 3 aprile ci sar\u00e0 una giornata di &#8220;Letture di fotografia&#8221; promossa dal <strong>Siena Foto Club<\/strong>, \u00e8 la prima edizione di un&#8217;attivit\u00e0 culturalmente molto importante come la Lettura della fotografia che \u00e8 stata una delle attivit\u00e0 centrali del Dipartimento Cultura FIAF, dando vita a Festival che dal nulla sono oggi tra i pi\u00f9 frequentati d&#8217;Italia.<\/div>\n<div dir=\"auto\"><\/div>\n<div dir=\"auto\">I protagonisti di questa prima edizione, sviluppata in una giornata, nasce dalla la sinergia del Dipartimento Didattica FIAF e il Dipartimento Cultura FIAF mettendo all&#8217;opera in prima persona i rispettivi Direttori: Claudia Ioan e Silvano Bicocchi.<\/div>\n<div dir=\"auto\">Una sinergia, auspicata dalla Dirigenza FIAF, recentemente avviata che sta producendo ottimi risultati in termini di iniziative dai contenuti innovativi e gratificate da buona partecipazione.<\/div>\n<div dir=\"auto\"><\/div>\n<div dir=\"auto\">La citt\u00e0 \u00e8 una cornice di eccellenza italiana, siamo vicinissimi a Piazza del Campo, per una bella domenica condivisa tra fotografi e i loro lavori. Le letture si avviano verso al &#8220;sold out&#8221; ma controllate se c&#8217;\u00e8 ancora qualche possibilit\u00e0 al link: <a href=\"https:\/\/forms.gle\/xguV8uQGkkfKbBn26\" target=\"_blank\" rel=\"noopener\">https:\/\/forms.gle\/xguV8uQGkkfKbBn26<\/a><\/div>\n<div dir=\"auto\"><\/div>\n<\/div>\n<div class=\"cxmmr5t8 oygrvhab hcukyx3x c1et5uql o9v6fnle ii04i59q\">Silvano Bicocchi<\/div>\n<div>Direttore del <strong>Dipartimento Cultura FIAF<\/strong><\/div>\n<p>&nbsp;<\/p>\n<p style=\"text-align: center\"><img loading=\"lazy\" decoding=\"async\" class=\"alignnone size-full wp-image-28848\" src=\"https:\/\/fiaf.net\/agoradicult\/wp-content\/uploads\/sites\/23\/2022\/03\/locandina-Letture-di-Fotografia_Siena-e1648201192642.jpeg\" alt=\"\" width=\"580\" height=\"725\" \/><\/p>\n<p>&nbsp;<\/p>\n<p>&nbsp;<\/p>\n<p style=\"text-align: center\"><img loading=\"lazy\" decoding=\"async\" class=\"alignnone size-full wp-image-28846\" src=\"https:\/\/fiaf.net\/agoradicult\/wp-content\/uploads\/sites\/23\/2022\/03\/ed075f08c0366f2191d58f3186f69c3f-e1648201236708.jpeg\" alt=\"\" width=\"580\" height=\"465\" \/><\/p>\n<p>&nbsp;<\/p>\n<p><strong>Per informazioni potete contattare contattare il Sig. Pennatini Carlo al 349 1781345<\/strong><\/p>\n\n    <div class=\"xs_social_share_widget xs_share_url after_content \t\tmain_content  wslu-style-1 wslu-share-box-shaped wslu-fill-colored wslu-none wslu-share-horizontal wslu-theme-font-no wslu-main_content\">\n\n\t\t\n        <ul>\n\t\t\t        <\/ul>\n    <\/div> \n","protected":false},"excerpt":{"rendered":"<p>&nbsp; &nbsp; &nbsp; Letture di Fotografia a Siena il 03\/04\/2022 Per noi appassionati fotografi, \u00e8 un momento molto importante quando &hellip;<\/p>\n","protected":false},"author":80,"featured_media":28849,"comment_status":"open","ping_status":"open","sticky":false,"template":"","format":"standard","meta":{"_acf_changed":false,"footnotes":""},"categories":[11],"tags":[],"class_list":["post-28845","post","type-post","status-publish","format-standard","has-post-thumbnail","hentry","category-comunicazioni-del-dipartimento"],"acf":[],"_links":{"self":[{"href":"https:\/\/fiaf.net\/agoradicult\/wp-json\/wp\/v2\/posts\/28845","targetHints":{"allow":["GET"]}}],"collection":[{"href":"https:\/\/fiaf.net\/agoradicult\/wp-json\/wp\/v2\/posts"}],"about":[{"href":"https:\/\/fiaf.net\/agoradicult\/wp-json\/wp\/v2\/types\/post"}],"author":[{"embeddable":true,"href":"https:\/\/fiaf.net\/agoradicult\/wp-json\/wp\/v2\/users\/80"}],"replies":[{"embeddable":true,"href":"https:\/\/fiaf.net\/agoradicult\/wp-json\/wp\/v2\/comments?post=28845"}],"version-history":[{"count":4,"href":"https:\/\/fiaf.net\/agoradicult\/wp-json\/wp\/v2\/posts\/28845\/revisions"}],"predecessor-version":[{"id":28853,"href":"https:\/\/fiaf.net\/agoradicult\/wp-json\/wp\/v2\/posts\/28845\/revisions\/28853"}],"wp:featuredmedia":[{"embeddable":true,"href":"https:\/\/fiaf.net\/agoradicult\/wp-json\/wp\/v2\/media\/28849"}],"wp:attachment":[{"href":"https:\/\/fiaf.net\/agoradicult\/wp-json\/wp\/v2\/media?parent=28845"}],"wp:term":[{"taxonomy":"category","embeddable":true,"href":"https:\/\/fiaf.net\/agoradicult\/wp-json\/wp\/v2\/categories?post=28845"},{"taxonomy":"post_tag","embeddable":true,"href":"https:\/\/fiaf.net\/agoradicult\/wp-json\/wp\/v2\/tags?post=28845"}],"curies":[{"name":"wp","href":"https:\/\/api.w.org\/{rel}","templated":true}]}}